{"id":10540,"date":"2023-10-28T20:49:12","date_gmt":"2023-10-28T23:49:12","guid":{"rendered":"https:\/\/brasilnoticias.org\/site\/?p=10540"},"modified":"2023-10-28T20:49:12","modified_gmt":"2023-10-28T23:49:12","slug":"marido-de-cantora-gospel-morta-em-dias-davila-confessa-crime-e-e-preso","status":"publish","type":"post","link":"https:\/\/brasilnoticias.org\/site\/marido-de-cantora-gospel-morta-em-dias-davila-confessa-crime-e-e-preso\/","title":{"rendered":"Marido de cantora gospel morta em Dias d\u2019\u00c1vila confessa crime e \u00e9 preso"},"content":{"rendered":"<p>O corpo da cantora foi encontrado na localidade de \u2018Leandrinho\u2019, em Dias d\u2019\u00c1vila, na Regi\u00e3o Metropolitana de Salvador, na tarde de sexta-feira (27\/10)<\/p>\n<p>Ederlan Mariano, marido da cantora gospel Sara Mariano, de 35 anos, morta em Dias d\u2019\u00c1vila na \u00faltima ter\u00e7a-feira (25\/10), foi preso na noite desta sexta (27). Segundo informa\u00e7\u00f5es da Pol\u00edcia Civil, ele, que era o principal suspeito, confessou o crime.<\/p>\n<p>Ainda de acordo com a pol\u00edcia, Ederlan j\u00e1 passou por exames de les\u00f5es corporais e est\u00e1 \u00e0 disposi\u00e7\u00e3o do Poder Judici\u00e1rio.<\/p>\n<p>O corpo da cantora foi encontrado na localidade de \u2018Leandrinho\u2019, em Dias d\u2019\u00c1vila, na Regi\u00e3o Metropolitana de Salvador, na tarde de sexta-feira (27). A irm\u00e3 dela, Soraya Correia, postou uma mensagem em seu perfil no Instagram se despedindo da irm\u00e3: \u201cPor que, meu Deus? T\u00e3o linda! Amava tanto a filha\u201d.<\/p>\n<p>A informa\u00e7\u00e3o de que um corpo, ainda n\u00e3o oficialmente identificado, havia sido localizado no munic\u00edpio, foi confirmada pela Pol\u00edcia Militar da Bahia. Agentes da 36\u00aa Companhia Independente (CIPM) foram acionados e isolaram a \u00e1rea at\u00e9 a chegada do Departamento de Pol\u00edcia T\u00e9cnica (DPT) da Pol\u00edcia Civil.<\/p>\n<p>De acordo com informa\u00e7\u00f5es extraoficiais, o corpo estava parcialmente carbonizado. Mais cedo, Aratu On conversou com a irm\u00e3 de Sara, que afirmou que a pastora passava por problemas no relacionamento com o seu marido, o empres\u00e1rio Ederlan Mariano.<\/p>\n<p>\u201cEla vinha reclamando que o relacionamento estava conturbado. Ele bebendo muito, \u00e0s vezes ficava um louco dentro de casa. Tinha ci\u00fames dela. O conv\u00edvio deles n\u00e3o estava bom. Ela tentava levar o relacionamento, tentando melhorar\u201d.<\/p>\n<p>Soraya Correia explicou ao Aratu On que ela e sua m\u00e3e nunca foram muito pr\u00f3ximas do cunhado, mas que, nas \u00faltimas duas semanas, ele tomou iniciativas no sentido de se aproximar de ambas, fato que, nas palavras dela, gerou certa \u201cestranheza\u201d.<\/p>\n<p>MARIDO<\/p>\n<p>A equipe de reportagem entrou em contato com Ederlan. Em conversa por telefone, na manh\u00e3 desta sexta, antes da localiza\u00e7\u00e3o do corpo, o empres\u00e1rio afirmou que \u201cn\u00e3o tinha mais nada a dizer sobre o assunto\u201d e que todas as informa\u00e7\u00f5es j\u00e1 haviam sido passadas para o delegado respons\u00e1vel pelo caso.<\/p>\n<p>Al\u00e9m disso, ele explicou que \u201cautoriza\u201d a imprensa a divulgar fotos e informa\u00e7\u00f5es que ajudem a encontrar Sara, o que seria \u201co \u00fanico interesse\u201d dele e de sua fam\u00edlia, mas que n\u00e3o iria entrar no que chamou de \u201cjogo midi\u00e1tico\u201d.<\/p>\n<p>Na quarta-feira (25\/10), Ederlan havia afirmado que a mulher tinha ido a um \u201cevento para mulheres\u201d em Dias d\u2019\u00c1vila na ter\u00e7a-feira (24), quando ela desapareceu. O homem n\u00e3o especificou qual seria esse compromisso.<\/p>\n<p>Tamb\u00e9m nas redes sociais, o pastor Andr\u00e9 Santos, da Igreja Batista Minist\u00e9rio da Palavra, em Dias d\u2019\u00c1vila, afirmou, nesta sexta, que Sara cantava com frequ\u00eancia no local, mas que, no dia em que a cantora desapareceu, n\u00e3o havia eventos programados. Andr\u00e9 disse ainda que, na cidade, Sara s\u00f3 se apresentava na igreja que ele lidera.<\/p>\n<p>Foto: Redes Sociais<br \/>\nAratu On<\/p>\n","protected":false},"excerpt":{"rendered":"<p>O corpo da cantora foi encontrado na localidade de \u2018Leandrinho\u2019, em Dias d\u2019\u00c1vila, na Regi\u00e3o Metropolitana de Salvador, na tarde<\/p>\n","protected":false},"author":4,"featured_media":10541,"comment_status":"open","ping_status":"open","sticky":false,"template":"","format":"standard","meta":{"colormag_page_container_layout":"default_layout","colormag_page_sidebar_layout":"default_layout","_FSMCFIC_featured_image_caption":"","_FSMCFIC_featured_image_nocaption":"","_FSMCFIC_featured_image_hide":"","footnotes":""},"categories":[2,1],"tags":[],"class_list":["post-10540","post","type-post","status-publish","format-standard","has-post-thumbnail","hentry","category-noticias","category-ultimas"],"yoast_head":"<!-- This site is optimized with the Yoast SEO plugin v27.1.1 - https:\/\/yoast.com\/product\/yoast-seo-wordpress\/ -->\n<title>Marido de cantora gospel morta em Dias d\u2019\u00c1vila confessa crime e \u00e9 preso - Brasil not\u00edcias<\/title>\n<meta name=\"robots\" content=\"index, follow, max-snippet:-1, max-image-preview:large, max-video-preview:-1\" \/>\n<link rel=\"canonical\" href=\"https:\/\/brasilnoticias.org\/site\/marido-de-cantora-gospel-morta-em-dias-davila-confessa-crime-e-e-preso\/\" \/>\n<meta property=\"og:locale\" content=\"pt_PT\" \/>\n<meta property=\"og:type\" content=\"article\" \/>\n<meta property=\"og:title\" content=\"Marido de cantora gospel morta em Dias d\u2019\u00c1vila confessa crime e \u00e9 preso - Brasil not\u00edcias\" \/>\n<meta property=\"og:description\" content=\"O corpo da cantora foi encontrado na localidade de \u2018Leandrinho\u2019, em Dias d\u2019\u00c1vila, na Regi\u00e3o Metropolitana de Salvador, na tarde\" \/>\n<meta property=\"og:url\" content=\"https:\/\/brasilnoticias.org\/site\/marido-de-cantora-gospel-morta-em-dias-davila-confessa-crime-e-e-preso\/\" \/>\n<meta property=\"og:site_name\" content=\"Brasil not\u00edcias\" \/>\n<meta property=\"article:published_time\" content=\"2023-10-28T23:49:12+00:00\" \/>\n<meta property=\"og:image\" content=\"https:\/\/brasilnoticias.org\/site\/wp-content\/uploads\/2023\/10\/sara-mariano-1-1.jpg\" \/>\n\t<meta property=\"og:image:width\" content=\"740\" \/>\n\t<meta property=\"og:image:height\" content=\"470\" \/>\n\t<meta property=\"og:image:type\" content=\"image\/jpeg\" \/>\n<meta name=\"author\" content=\"Reda\u00e7\u00e3o\" \/>\n<meta name=\"twitter:card\" content=\"summary_large_image\" \/>\n<meta name=\"twitter:label1\" content=\"Escrito por\" \/>\n\t<meta name=\"twitter:data1\" content=\"Reda\u00e7\u00e3o\" \/>\n<script type=\"application\/ld+json\" class=\"yoast-schema-graph\">{\"@context\":\"https:\/\/schema.org\",\"@graph\":[{\"@type\":\"Article\",\"@id\":\"https:\/\/brasilnoticias.org\/site\/marido-de-cantora-gospel-morta-em-dias-davila-confessa-crime-e-e-preso\/#article\",\"isPartOf\":{\"@id\":\"https:\/\/brasilnoticias.org\/site\/marido-de-cantora-gospel-morta-em-dias-davila-confessa-crime-e-e-preso\/\"},\"author\":{\"name\":\"Reda\u00e7\u00e3o\",\"@id\":\"https:\/\/brasilnoticias.org\/site\/#\/schema\/person\/03bbbfe6c7634ad18c26444ea39049fa\"},\"headline\":\"Marido de cantora gospel morta em Dias d\u2019\u00c1vila confessa crime e \u00e9 preso\",\"datePublished\":\"2023-10-28T23:49:12+00:00\",\"mainEntityOfPage\":{\"@id\":\"https:\/\/brasilnoticias.org\/site\/marido-de-cantora-gospel-morta-em-dias-davila-confessa-crime-e-e-preso\/\"},\"wordCount\":527,\"commentCount\":0,\"publisher\":{\"@id\":\"https:\/\/brasilnoticias.org\/site\/#organization\"},\"image\":{\"@id\":\"https:\/\/brasilnoticias.org\/site\/marido-de-cantora-gospel-morta-em-dias-davila-confessa-crime-e-e-preso\/#primaryimage\"},\"thumbnailUrl\":\"https:\/\/brasilnoticias.org\/site\/wp-content\/uploads\/2023\/10\/sara-mariano-1-1.jpg\",\"articleSection\":[\"Not\u00edcias\",\"\u00daltimas\"],\"inLanguage\":\"pt-PT\",\"potentialAction\":[{\"@type\":\"CommentAction\",\"name\":\"Comment\",\"target\":[\"https:\/\/brasilnoticias.org\/site\/marido-de-cantora-gospel-morta-em-dias-davila-confessa-crime-e-e-preso\/#respond\"]}]},{\"@type\":\"WebPage\",\"@id\":\"https:\/\/brasilnoticias.org\/site\/marido-de-cantora-gospel-morta-em-dias-davila-confessa-crime-e-e-preso\/\",\"url\":\"https:\/\/brasilnoticias.org\/site\/marido-de-cantora-gospel-morta-em-dias-davila-confessa-crime-e-e-preso\/\",\"name\":\"Marido de cantora gospel morta em Dias d\u2019\u00c1vila confessa crime e \u00e9 preso - Brasil not\u00edcias\",\"isPartOf\":{\"@id\":\"https:\/\/brasilnoticias.org\/site\/#website\"},\"primaryImageOfPage\":{\"@id\":\"https:\/\/brasilnoticias.org\/site\/marido-de-cantora-gospel-morta-em-dias-davila-confessa-crime-e-e-preso\/#primaryimage\"},\"image\":{\"@id\":\"https:\/\/brasilnoticias.org\/site\/marido-de-cantora-gospel-morta-em-dias-davila-confessa-crime-e-e-preso\/#primaryimage\"},\"thumbnailUrl\":\"https:\/\/brasilnoticias.org\/site\/wp-content\/uploads\/2023\/10\/sara-mariano-1-1.jpg\",\"datePublished\":\"2023-10-28T23:49:12+00:00\",\"breadcrumb\":{\"@id\":\"https:\/\/brasilnoticias.org\/site\/marido-de-cantora-gospel-morta-em-dias-davila-confessa-crime-e-e-preso\/#breadcrumb\"},\"inLanguage\":\"pt-PT\",\"potentialAction\":[{\"@type\":\"ReadAction\",\"target\":[\"https:\/\/brasilnoticias.org\/site\/marido-de-cantora-gospel-morta-em-dias-davila-confessa-crime-e-e-preso\/\"]}]},{\"@type\":\"ImageObject\",\"inLanguage\":\"pt-PT\",\"@id\":\"https:\/\/brasilnoticias.org\/site\/marido-de-cantora-gospel-morta-em-dias-davila-confessa-crime-e-e-preso\/#primaryimage\",\"url\":\"https:\/\/brasilnoticias.org\/site\/wp-content\/uploads\/2023\/10\/sara-mariano-1-1.jpg\",\"contentUrl\":\"https:\/\/brasilnoticias.org\/site\/wp-content\/uploads\/2023\/10\/sara-mariano-1-1.jpg\",\"width\":740,\"height\":470},{\"@type\":\"BreadcrumbList\",\"@id\":\"https:\/\/brasilnoticias.org\/site\/marido-de-cantora-gospel-morta-em-dias-davila-confessa-crime-e-e-preso\/#breadcrumb\",\"itemListElement\":[{\"@type\":\"ListItem\",\"position\":1,\"name\":\"In\u00edcio\",\"item\":\"https:\/\/brasilnoticias.org\/site\/\"},{\"@type\":\"ListItem\",\"position\":2,\"name\":\"Marido de cantora gospel morta em Dias d\u2019\u00c1vila confessa crime e \u00e9 preso\"}]},{\"@type\":\"WebSite\",\"@id\":\"https:\/\/brasilnoticias.org\/site\/#website\",\"url\":\"https:\/\/brasilnoticias.org\/site\/\",\"name\":\"Brasil not\u00edcias\",\"description\":\"Brasil not\u00edcias\",\"publisher\":{\"@id\":\"https:\/\/brasilnoticias.org\/site\/#organization\"},\"potentialAction\":[{\"@type\":\"SearchAction\",\"target\":{\"@type\":\"EntryPoint\",\"urlTemplate\":\"https:\/\/brasilnoticias.org\/site\/?s={search_term_string}\"},\"query-input\":{\"@type\":\"PropertyValueSpecification\",\"valueRequired\":true,\"valueName\":\"search_term_string\"}}],\"inLanguage\":\"pt-PT\"},{\"@type\":\"Organization\",\"@id\":\"https:\/\/brasilnoticias.org\/site\/#organization\",\"name\":\"Brasil not\u00edcias\",\"url\":\"https:\/\/brasilnoticias.org\/site\/\",\"logo\":{\"@type\":\"ImageObject\",\"inLanguage\":\"pt-PT\",\"@id\":\"https:\/\/brasilnoticias.org\/site\/#\/schema\/logo\/image\/\",\"url\":\"https:\/\/brasilnoticias.org\/site\/wp-content\/uploads\/2022\/05\/cropped-brasilnoticias-mini.jpg\",\"contentUrl\":\"https:\/\/brasilnoticias.org\/site\/wp-content\/uploads\/2022\/05\/cropped-brasilnoticias-mini.jpg\",\"width\":314,\"height\":86,\"caption\":\"Brasil not\u00edcias\"},\"image\":{\"@id\":\"https:\/\/brasilnoticias.org\/site\/#\/schema\/logo\/image\/\"}},{\"@type\":\"Person\",\"@id\":\"https:\/\/brasilnoticias.org\/site\/#\/schema\/person\/03bbbfe6c7634ad18c26444ea39049fa\",\"name\":\"Reda\u00e7\u00e3o\",\"image\":{\"@type\":\"ImageObject\",\"inLanguage\":\"pt-PT\",\"@id\":\"https:\/\/brasilnoticias.org\/site\/#\/schema\/person\/image\/\",\"url\":\"https:\/\/secure.gravatar.com\/avatar\/9ecaf7327a696cb23ad926fedded5f1f04d7049de9e445375d55b48c001a6e42?s=96&d=mm&r=g\",\"contentUrl\":\"https:\/\/secure.gravatar.com\/avatar\/9ecaf7327a696cb23ad926fedded5f1f04d7049de9e445375d55b48c001a6e42?s=96&d=mm&r=g\",\"caption\":\"Reda\u00e7\u00e3o\"},\"url\":\"https:\/\/brasilnoticias.org\/site\/author\/henrique\/\"}]}<\/script>\n<!-- \/ Yoast SEO plugin. -->","yoast_head_json":{"title":"Marido de cantora gospel morta em Dias d\u2019\u00c1vila confessa crime e \u00e9 preso - Brasil not\u00edcias","robots":{"index":"index","follow":"follow","max-snippet":"max-snippet:-1","max-image-preview":"max-image-preview:large","max-video-preview":"max-video-preview:-1"},"canonical":"https:\/\/brasilnoticias.org\/site\/marido-de-cantora-gospel-morta-em-dias-davila-confessa-crime-e-e-preso\/","og_locale":"pt_PT","og_type":"article","og_title":"Marido de cantora gospel morta em Dias d\u2019\u00c1vila confessa crime e \u00e9 preso - Brasil not\u00edcias","og_description":"O corpo da cantora foi encontrado na localidade de \u2018Leandrinho\u2019, em Dias d\u2019\u00c1vila, na Regi\u00e3o Metropolitana de Salvador, na tarde","og_url":"https:\/\/brasilnoticias.org\/site\/marido-de-cantora-gospel-morta-em-dias-davila-confessa-crime-e-e-preso\/","og_site_name":"Brasil not\u00edcias","article_published_time":"2023-10-28T23:49:12+00:00","og_image":[{"width":740,"height":470,"url":"https:\/\/brasilnoticias.org\/site\/wp-content\/uploads\/2023\/10\/sara-mariano-1-1.jpg","type":"image\/jpeg"}],"author":"Reda\u00e7\u00e3o","twitter_card":"summary_large_image","twitter_misc":{"Escrito por":"Reda\u00e7\u00e3o"},"schema":{"@context":"https:\/\/schema.org","@graph":[{"@type":"Article","@id":"https:\/\/brasilnoticias.org\/site\/marido-de-cantora-gospel-morta-em-dias-davila-confessa-crime-e-e-preso\/#article","isPartOf":{"@id":"https:\/\/brasilnoticias.org\/site\/marido-de-cantora-gospel-morta-em-dias-davila-confessa-crime-e-e-preso\/"},"author":{"name":"Reda\u00e7\u00e3o","@id":"https:\/\/brasilnoticias.org\/site\/#\/schema\/person\/03bbbfe6c7634ad18c26444ea39049fa"},"headline":"Marido de cantora gospel morta em Dias d\u2019\u00c1vila confessa crime e \u00e9 preso","datePublished":"2023-10-28T23:49:12+00:00","mainEntityOfPage":{"@id":"https:\/\/brasilnoticias.org\/site\/marido-de-cantora-gospel-morta-em-dias-davila-confessa-crime-e-e-preso\/"},"wordCount":527,"commentCount":0,"publisher":{"@id":"https:\/\/brasilnoticias.org\/site\/#organization"},"image":{"@id":"https:\/\/brasilnoticias.org\/site\/marido-de-cantora-gospel-morta-em-dias-davila-confessa-crime-e-e-preso\/#primaryimage"},"thumbnailUrl":"https:\/\/brasilnoticias.org\/site\/wp-content\/uploads\/2023\/10\/sara-mariano-1-1.jpg","articleSection":["Not\u00edcias","\u00daltimas"],"inLanguage":"pt-PT","potentialAction":[{"@type":"CommentAction","name":"Comment","target":["https:\/\/brasilnoticias.org\/site\/marido-de-cantora-gospel-morta-em-dias-davila-confessa-crime-e-e-preso\/#respond"]}]},{"@type":"WebPage","@id":"https:\/\/brasilnoticias.org\/site\/marido-de-cantora-gospel-morta-em-dias-davila-confessa-crime-e-e-preso\/","url":"https:\/\/brasilnoticias.org\/site\/marido-de-cantora-gospel-morta-em-dias-davila-confessa-crime-e-e-preso\/","name":"Marido de cantora gospel morta em Dias d\u2019\u00c1vila confessa crime e \u00e9 preso - Brasil not\u00edcias","isPartOf":{"@id":"https:\/\/brasilnoticias.org\/site\/#website"},"primaryImageOfPage":{"@id":"https:\/\/brasilnoticias.org\/site\/marido-de-cantora-gospel-morta-em-dias-davila-confessa-crime-e-e-preso\/#primaryimage"},"image":{"@id":"https:\/\/brasilnoticias.org\/site\/marido-de-cantora-gospel-morta-em-dias-davila-confessa-crime-e-e-preso\/#primaryimage"},"thumbnailUrl":"https:\/\/brasilnoticias.org\/site\/wp-content\/uploads\/2023\/10\/sara-mariano-1-1.jpg","datePublished":"2023-10-28T23:49:12+00:00","breadcrumb":{"@id":"https:\/\/brasilnoticias.org\/site\/marido-de-cantora-gospel-morta-em-dias-davila-confessa-crime-e-e-preso\/#breadcrumb"},"inLanguage":"pt-PT","potentialAction":[{"@type":"ReadAction","target":["https:\/\/brasilnoticias.org\/site\/marido-de-cantora-gospel-morta-em-dias-davila-confessa-crime-e-e-preso\/"]}]},{"@type":"ImageObject","inLanguage":"pt-PT","@id":"https:\/\/brasilnoticias.org\/site\/marido-de-cantora-gospel-morta-em-dias-davila-confessa-crime-e-e-preso\/#primaryimage","url":"https:\/\/brasilnoticias.org\/site\/wp-content\/uploads\/2023\/10\/sara-mariano-1-1.jpg","contentUrl":"https:\/\/brasilnoticias.org\/site\/wp-content\/uploads\/2023\/10\/sara-mariano-1-1.jpg","width":740,"height":470},{"@type":"BreadcrumbList","@id":"https:\/\/brasilnoticias.org\/site\/marido-de-cantora-gospel-morta-em-dias-davila-confessa-crime-e-e-preso\/#breadcrumb","itemListElement":[{"@type":"ListItem","position":1,"name":"In\u00edcio","item":"https:\/\/brasilnoticias.org\/site\/"},{"@type":"ListItem","position":2,"name":"Marido de cantora gospel morta em Dias d\u2019\u00c1vila confessa crime e \u00e9 preso"}]},{"@type":"WebSite","@id":"https:\/\/brasilnoticias.org\/site\/#website","url":"https:\/\/brasilnoticias.org\/site\/","name":"Brasil not\u00edcias","description":"Brasil not\u00edcias","publisher":{"@id":"https:\/\/brasilnoticias.org\/site\/#organization"},"potentialAction":[{"@type":"SearchAction","target":{"@type":"EntryPoint","urlTemplate":"https:\/\/brasilnoticias.org\/site\/?s={search_term_string}"},"query-input":{"@type":"PropertyValueSpecification","valueRequired":true,"valueName":"search_term_string"}}],"inLanguage":"pt-PT"},{"@type":"Organization","@id":"https:\/\/brasilnoticias.org\/site\/#organization","name":"Brasil not\u00edcias","url":"https:\/\/brasilnoticias.org\/site\/","logo":{"@type":"ImageObject","inLanguage":"pt-PT","@id":"https:\/\/brasilnoticias.org\/site\/#\/schema\/logo\/image\/","url":"https:\/\/brasilnoticias.org\/site\/wp-content\/uploads\/2022\/05\/cropped-brasilnoticias-mini.jpg","contentUrl":"https:\/\/brasilnoticias.org\/site\/wp-content\/uploads\/2022\/05\/cropped-brasilnoticias-mini.jpg","width":314,"height":86,"caption":"Brasil not\u00edcias"},"image":{"@id":"https:\/\/brasilnoticias.org\/site\/#\/schema\/logo\/image\/"}},{"@type":"Person","@id":"https:\/\/brasilnoticias.org\/site\/#\/schema\/person\/03bbbfe6c7634ad18c26444ea39049fa","name":"Reda\u00e7\u00e3o","image":{"@type":"ImageObject","inLanguage":"pt-PT","@id":"https:\/\/brasilnoticias.org\/site\/#\/schema\/person\/image\/","url":"https:\/\/secure.gravatar.com\/avatar\/9ecaf7327a696cb23ad926fedded5f1f04d7049de9e445375d55b48c001a6e42?s=96&d=mm&r=g","contentUrl":"https:\/\/secure.gravatar.com\/avatar\/9ecaf7327a696cb23ad926fedded5f1f04d7049de9e445375d55b48c001a6e42?s=96&d=mm&r=g","caption":"Reda\u00e7\u00e3o"},"url":"https:\/\/brasilnoticias.org\/site\/author\/henrique\/"}]}},"_links":{"self":[{"href":"https:\/\/brasilnoticias.org\/site\/wp-json\/wp\/v2\/posts\/10540","targetHints":{"allow":["GET"]}}],"collection":[{"href":"https:\/\/brasilnoticias.org\/site\/wp-json\/wp\/v2\/posts"}],"about":[{"href":"https:\/\/brasilnoticias.org\/site\/wp-json\/wp\/v2\/types\/post"}],"author":[{"embeddable":true,"href":"https:\/\/brasilnoticias.org\/site\/wp-json\/wp\/v2\/users\/4"}],"replies":[{"embeddable":true,"href":"https:\/\/brasilnoticias.org\/site\/wp-json\/wp\/v2\/comments?post=10540"}],"version-history":[{"count":1,"href":"https:\/\/brasilnoticias.org\/site\/wp-json\/wp\/v2\/posts\/10540\/revisions"}],"predecessor-version":[{"id":10542,"href":"https:\/\/brasilnoticias.org\/site\/wp-json\/wp\/v2\/posts\/10540\/revisions\/10542"}],"wp:featuredmedia":[{"embeddable":true,"href":"https:\/\/brasilnoticias.org\/site\/wp-json\/wp\/v2\/media\/10541"}],"wp:attachment":[{"href":"https:\/\/brasilnoticias.org\/site\/wp-json\/wp\/v2\/media?parent=10540"}],"wp:term":[{"taxonomy":"category","embeddable":true,"href":"https:\/\/brasilnoticias.org\/site\/wp-json\/wp\/v2\/categories?post=10540"},{"taxonomy":"post_tag","embeddable":true,"href":"https:\/\/brasilnoticias.org\/site\/wp-json\/wp\/v2\/tags?post=10540"}],"curies":[{"name":"wp","href":"https:\/\/api.w.org\/{rel}","templated":true}]}}