{"id":10558,"date":"2023-10-29T08:00:20","date_gmt":"2023-10-29T11:00:20","guid":{"rendered":"https:\/\/brasilnoticias.org\/site\/?p=10558"},"modified":"2023-10-28T21:26:27","modified_gmt":"2023-10-29T00:26:27","slug":"representacao-do-brasil-retoma-contato-com-brasileiros-que-estao-em-gaza","status":"publish","type":"post","link":"https:\/\/brasilnoticias.org\/site\/representacao-do-brasil-retoma-contato-com-brasileiros-que-estao-em-gaza\/","title":{"rendered":"Representa\u00e7\u00e3o do Brasil retoma contato com brasileiros que est\u00e3o em Gaza"},"content":{"rendered":"<p>N\u00e3o h\u00e1 relatos de pessoas feridas em decorr\u00eancia dos bombardeios<\/p>\n<p>O Escrit\u00f3rio de Representa\u00e7\u00e3o do Brasil em Ramala, na Cisjord\u00e2nia, disse neste s\u00e1bado (28) que retomou o contato com os brasileiros que est\u00e3o nas cidades de Rafah e Khan Yunis, ao sul da Faixa de Gaza. O grupo, formado por 34 pessoas, das quais 24 brasileiros, sete palestinos em processo de imigra\u00e7\u00e3o e tr\u00eas palestinos familiares, aguarda sinal verde do governo eg\u00edpcio para ser resgatado e retornar ao Brasil.<\/p>\n<p>Segundo a Ag\u00eancia Brasil, na sexta-feira (27), por volta das 20h (14h hor\u00e1rio de Bras\u00edlia), a representa\u00e7\u00e3o brasileira em Ramala perdeu o contato com os brasileiros devido \u00e0 queda nos servi\u00e7os de comunica\u00e7\u00e3o por celular e internet em Gaza. Segundo comunica\u00e7\u00e3o enviada pelo escrit\u00f3rio, a comunica\u00e7\u00e3o foi restabelecida e n\u00e3o h\u00e1 relatos de pessoas feridas em decorr\u00eancia dos bombardeios que acontecem na regi\u00e3o.<\/p>\n<p>Em Rafah, o grupo \u00e9 formado 18 pessoas, das quais nove s\u00e3o crian\u00e7as. Em Khan Younes, est\u00e3o nove crian\u00e7as, cinco mulheres e dois homens.<br \/>\nNa sexta-feira, a Assembleia Geral da Organiza\u00e7\u00e3o das Na\u00e7\u00f5es Unidas (ONU) aprovou, com 120 votos favor\u00e1veis, a proposta de resolu\u00e7\u00e3o sobre o conflito no Oriente M\u00e9dio apresentada pela Jord\u00e2nia, e que foi assinada por 39 pa\u00edses com assento no colegiado. A proposta pede uma \u201ctr\u00e9gua humanit\u00e1ria imediata, duradoura e sustentada, que conduza ao cessar das hostilidades\u201d.<\/p>\n<p>Em nota, a Secretaria de Comunica\u00e7\u00e3o da Presid\u00eancia informou que &#8220;no Egito, o avi\u00e3o presidencial brasileiro segue posicionado no Cairo para, assim que houver acordo entre as autoridades envolvidas no conflito, repatriar os brasileiros t\u00e3o logo cruzem a fronteira entre Gaza e o Egito&#8221;.<\/p>\n<p>Foto: Fotos M\u00eddias Sociais<br \/>\nPor: Metro1<\/p>\n","protected":false},"excerpt":{"rendered":"<p>N\u00e3o h\u00e1 relatos de pessoas feridas em decorr\u00eancia dos bombardeios O Escrit\u00f3rio de Representa\u00e7\u00e3o do Brasil em Ramala, na Cisjord\u00e2nia,<\/p>\n","protected":false},"author":4,"featured_media":10559,"comment_status":"open","ping_status":"open","sticky":false,"template":"","format":"standard","meta":{"colormag_page_container_layout":"default_layout","colormag_page_sidebar_layout":"default_layout","_FSMCFIC_featured_image_caption":"","_FSMCFIC_featured_image_nocaption":"","_FSMCFIC_featured_image_hide":"","footnotes":""},"categories":[6,1],"tags":[],"class_list":["post-10558","post","type-post","status-publish","format-standard","has-post-thumbnail","hentry","category-mundo","category-ultimas"],"yoast_head":"<!-- This site is optimized with the Yoast SEO plugin v27.1.1 - https:\/\/yoast.com\/product\/yoast-seo-wordpress\/ -->\n<title>Representa\u00e7\u00e3o do Brasil retoma contato com brasileiros que est\u00e3o em Gaza - Brasil not\u00edcias<\/title>\n<meta name=\"robots\" content=\"index, follow, max-snippet:-1, max-image-preview:large, max-video-preview:-1\" \/>\n<link rel=\"canonical\" href=\"https:\/\/brasilnoticias.org\/site\/representacao-do-brasil-retoma-contato-com-brasileiros-que-estao-em-gaza\/\" \/>\n<meta property=\"og:locale\" content=\"pt_PT\" \/>\n<meta property=\"og:type\" content=\"article\" \/>\n<meta property=\"og:title\" content=\"Representa\u00e7\u00e3o do Brasil retoma contato com brasileiros que est\u00e3o em Gaza - Brasil not\u00edcias\" \/>\n<meta property=\"og:description\" content=\"N\u00e3o h\u00e1 relatos de pessoas feridas em decorr\u00eancia dos bombardeios O Escrit\u00f3rio de Representa\u00e7\u00e3o do Brasil em Ramala, na Cisjord\u00e2nia,\" \/>\n<meta property=\"og:url\" content=\"https:\/\/brasilnoticias.org\/site\/representacao-do-brasil-retoma-contato-com-brasileiros-que-estao-em-gaza\/\" \/>\n<meta property=\"og:site_name\" content=\"Brasil not\u00edcias\" \/>\n<meta property=\"article:published_time\" content=\"2023-10-29T11:00:20+00:00\" \/>\n<meta property=\"og:image\" content=\"https:\/\/brasilnoticias.org\/site\/wp-content\/uploads\/2023\/10\/142541representacao-do-brasil-retoma-contato-com-brasileiros-que-estao-em-gaza-3.jpg\" \/>\n\t<meta property=\"og:image:width\" content=\"1600\" \/>\n\t<meta property=\"og:image:height\" content=\"752\" \/>\n\t<meta property=\"og:image:type\" content=\"image\/jpeg\" \/>\n<meta name=\"author\" content=\"Reda\u00e7\u00e3o\" \/>\n<meta name=\"twitter:card\" content=\"summary_large_image\" \/>\n<meta name=\"twitter:label1\" content=\"Escrito por\" \/>\n\t<meta name=\"twitter:data1\" content=\"Reda\u00e7\u00e3o\" \/>\n<script type=\"application\/ld+json\" class=\"yoast-schema-graph\">{\"@context\":\"https:\/\/schema.org\",\"@graph\":[{\"@type\":\"Article\",\"@id\":\"https:\/\/brasilnoticias.org\/site\/representacao-do-brasil-retoma-contato-com-brasileiros-que-estao-em-gaza\/#article\",\"isPartOf\":{\"@id\":\"https:\/\/brasilnoticias.org\/site\/representacao-do-brasil-retoma-contato-com-brasileiros-que-estao-em-gaza\/\"},\"author\":{\"name\":\"Reda\u00e7\u00e3o\",\"@id\":\"https:\/\/brasilnoticias.org\/site\/#\/schema\/person\/03bbbfe6c7634ad18c26444ea39049fa\"},\"headline\":\"Representa\u00e7\u00e3o do Brasil retoma contato com brasileiros que est\u00e3o em Gaza\",\"datePublished\":\"2023-10-29T11:00:20+00:00\",\"mainEntityOfPage\":{\"@id\":\"https:\/\/brasilnoticias.org\/site\/representacao-do-brasil-retoma-contato-com-brasileiros-que-estao-em-gaza\/\"},\"wordCount\":316,\"commentCount\":0,\"publisher\":{\"@id\":\"https:\/\/brasilnoticias.org\/site\/#organization\"},\"image\":{\"@id\":\"https:\/\/brasilnoticias.org\/site\/representacao-do-brasil-retoma-contato-com-brasileiros-que-estao-em-gaza\/#primaryimage\"},\"thumbnailUrl\":\"https:\/\/brasilnoticias.org\/site\/wp-content\/uploads\/2023\/10\/142541representacao-do-brasil-retoma-contato-com-brasileiros-que-estao-em-gaza-3.jpg\",\"articleSection\":[\"Mundo\",\"\u00daltimas\"],\"inLanguage\":\"pt-PT\",\"potentialAction\":[{\"@type\":\"CommentAction\",\"name\":\"Comment\",\"target\":[\"https:\/\/brasilnoticias.org\/site\/representacao-do-brasil-retoma-contato-com-brasileiros-que-estao-em-gaza\/#respond\"]}]},{\"@type\":\"WebPage\",\"@id\":\"https:\/\/brasilnoticias.org\/site\/representacao-do-brasil-retoma-contato-com-brasileiros-que-estao-em-gaza\/\",\"url\":\"https:\/\/brasilnoticias.org\/site\/representacao-do-brasil-retoma-contato-com-brasileiros-que-estao-em-gaza\/\",\"name\":\"Representa\u00e7\u00e3o do Brasil retoma contato com brasileiros que est\u00e3o em Gaza - Brasil not\u00edcias\",\"isPartOf\":{\"@id\":\"https:\/\/brasilnoticias.org\/site\/#website\"},\"primaryImageOfPage\":{\"@id\":\"https:\/\/brasilnoticias.org\/site\/representacao-do-brasil-retoma-contato-com-brasileiros-que-estao-em-gaza\/#primaryimage\"},\"image\":{\"@id\":\"https:\/\/brasilnoticias.org\/site\/representacao-do-brasil-retoma-contato-com-brasileiros-que-estao-em-gaza\/#primaryimage\"},\"thumbnailUrl\":\"https:\/\/brasilnoticias.org\/site\/wp-content\/uploads\/2023\/10\/142541representacao-do-brasil-retoma-contato-com-brasileiros-que-estao-em-gaza-3.jpg\",\"datePublished\":\"2023-10-29T11:00:20+00:00\",\"breadcrumb\":{\"@id\":\"https:\/\/brasilnoticias.org\/site\/representacao-do-brasil-retoma-contato-com-brasileiros-que-estao-em-gaza\/#breadcrumb\"},\"inLanguage\":\"pt-PT\",\"potentialAction\":[{\"@type\":\"ReadAction\",\"target\":[\"https:\/\/brasilnoticias.org\/site\/representacao-do-brasil-retoma-contato-com-brasileiros-que-estao-em-gaza\/\"]}]},{\"@type\":\"ImageObject\",\"inLanguage\":\"pt-PT\",\"@id\":\"https:\/\/brasilnoticias.org\/site\/representacao-do-brasil-retoma-contato-com-brasileiros-que-estao-em-gaza\/#primaryimage\",\"url\":\"https:\/\/brasilnoticias.org\/site\/wp-content\/uploads\/2023\/10\/142541representacao-do-brasil-retoma-contato-com-brasileiros-que-estao-em-gaza-3.jpg\",\"contentUrl\":\"https:\/\/brasilnoticias.org\/site\/wp-content\/uploads\/2023\/10\/142541representacao-do-brasil-retoma-contato-com-brasileiros-que-estao-em-gaza-3.jpg\",\"width\":1600,\"height\":752},{\"@type\":\"BreadcrumbList\",\"@id\":\"https:\/\/brasilnoticias.org\/site\/representacao-do-brasil-retoma-contato-com-brasileiros-que-estao-em-gaza\/#breadcrumb\",\"itemListElement\":[{\"@type\":\"ListItem\",\"position\":1,\"name\":\"In\u00edcio\",\"item\":\"https:\/\/brasilnoticias.org\/site\/\"},{\"@type\":\"ListItem\",\"position\":2,\"name\":\"Representa\u00e7\u00e3o do Brasil retoma contato com brasileiros que est\u00e3o em Gaza\"}]},{\"@type\":\"WebSite\",\"@id\":\"https:\/\/brasilnoticias.org\/site\/#website\",\"url\":\"https:\/\/brasilnoticias.org\/site\/\",\"name\":\"Brasil not\u00edcias\",\"description\":\"Brasil not\u00edcias\",\"publisher\":{\"@id\":\"https:\/\/brasilnoticias.org\/site\/#organization\"},\"potentialAction\":[{\"@type\":\"SearchAction\",\"target\":{\"@type\":\"EntryPoint\",\"urlTemplate\":\"https:\/\/brasilnoticias.org\/site\/?s={search_term_string}\"},\"query-input\":{\"@type\":\"PropertyValueSpecification\",\"valueRequired\":true,\"valueName\":\"search_term_string\"}}],\"inLanguage\":\"pt-PT\"},{\"@type\":\"Organization\",\"@id\":\"https:\/\/brasilnoticias.org\/site\/#organization\",\"name\":\"Brasil not\u00edcias\",\"url\":\"https:\/\/brasilnoticias.org\/site\/\",\"logo\":{\"@type\":\"ImageObject\",\"inLanguage\":\"pt-PT\",\"@id\":\"https:\/\/brasilnoticias.org\/site\/#\/schema\/logo\/image\/\",\"url\":\"https:\/\/brasilnoticias.org\/site\/wp-content\/uploads\/2022\/05\/cropped-brasilnoticias-mini.jpg\",\"contentUrl\":\"https:\/\/brasilnoticias.org\/site\/wp-content\/uploads\/2022\/05\/cropped-brasilnoticias-mini.jpg\",\"width\":314,\"height\":86,\"caption\":\"Brasil not\u00edcias\"},\"image\":{\"@id\":\"https:\/\/brasilnoticias.org\/site\/#\/schema\/logo\/image\/\"}},{\"@type\":\"Person\",\"@id\":\"https:\/\/brasilnoticias.org\/site\/#\/schema\/person\/03bbbfe6c7634ad18c26444ea39049fa\",\"name\":\"Reda\u00e7\u00e3o\",\"image\":{\"@type\":\"ImageObject\",\"inLanguage\":\"pt-PT\",\"@id\":\"https:\/\/brasilnoticias.org\/site\/#\/schema\/person\/image\/\",\"url\":\"https:\/\/secure.gravatar.com\/avatar\/9ecaf7327a696cb23ad926fedded5f1f04d7049de9e445375d55b48c001a6e42?s=96&d=mm&r=g\",\"contentUrl\":\"https:\/\/secure.gravatar.com\/avatar\/9ecaf7327a696cb23ad926fedded5f1f04d7049de9e445375d55b48c001a6e42?s=96&d=mm&r=g\",\"caption\":\"Reda\u00e7\u00e3o\"},\"url\":\"https:\/\/brasilnoticias.org\/site\/author\/henrique\/\"}]}<\/script>\n<!-- \/ Yoast SEO plugin. -->","yoast_head_json":{"title":"Representa\u00e7\u00e3o do Brasil retoma contato com brasileiros que est\u00e3o em Gaza - Brasil not\u00edcias","robots":{"index":"index","follow":"follow","max-snippet":"max-snippet:-1","max-image-preview":"max-image-preview:large","max-video-preview":"max-video-preview:-1"},"canonical":"https:\/\/brasilnoticias.org\/site\/representacao-do-brasil-retoma-contato-com-brasileiros-que-estao-em-gaza\/","og_locale":"pt_PT","og_type":"article","og_title":"Representa\u00e7\u00e3o do Brasil retoma contato com brasileiros que est\u00e3o em Gaza - Brasil not\u00edcias","og_description":"N\u00e3o h\u00e1 relatos de pessoas feridas em decorr\u00eancia dos bombardeios O Escrit\u00f3rio de Representa\u00e7\u00e3o do Brasil em Ramala, na Cisjord\u00e2nia,","og_url":"https:\/\/brasilnoticias.org\/site\/representacao-do-brasil-retoma-contato-com-brasileiros-que-estao-em-gaza\/","og_site_name":"Brasil not\u00edcias","article_published_time":"2023-10-29T11:00:20+00:00","og_image":[{"width":1600,"height":752,"url":"https:\/\/brasilnoticias.org\/site\/wp-content\/uploads\/2023\/10\/142541representacao-do-brasil-retoma-contato-com-brasileiros-que-estao-em-gaza-3.jpg","type":"image\/jpeg"}],"author":"Reda\u00e7\u00e3o","twitter_card":"summary_large_image","twitter_misc":{"Escrito por":"Reda\u00e7\u00e3o"},"schema":{"@context":"https:\/\/schema.org","@graph":[{"@type":"Article","@id":"https:\/\/brasilnoticias.org\/site\/representacao-do-brasil-retoma-contato-com-brasileiros-que-estao-em-gaza\/#article","isPartOf":{"@id":"https:\/\/brasilnoticias.org\/site\/representacao-do-brasil-retoma-contato-com-brasileiros-que-estao-em-gaza\/"},"author":{"name":"Reda\u00e7\u00e3o","@id":"https:\/\/brasilnoticias.org\/site\/#\/schema\/person\/03bbbfe6c7634ad18c26444ea39049fa"},"headline":"Representa\u00e7\u00e3o do Brasil retoma contato com brasileiros que est\u00e3o em Gaza","datePublished":"2023-10-29T11:00:20+00:00","mainEntityOfPage":{"@id":"https:\/\/brasilnoticias.org\/site\/representacao-do-brasil-retoma-contato-com-brasileiros-que-estao-em-gaza\/"},"wordCount":316,"commentCount":0,"publisher":{"@id":"https:\/\/brasilnoticias.org\/site\/#organization"},"image":{"@id":"https:\/\/brasilnoticias.org\/site\/representacao-do-brasil-retoma-contato-com-brasileiros-que-estao-em-gaza\/#primaryimage"},"thumbnailUrl":"https:\/\/brasilnoticias.org\/site\/wp-content\/uploads\/2023\/10\/142541representacao-do-brasil-retoma-contato-com-brasileiros-que-estao-em-gaza-3.jpg","articleSection":["Mundo","\u00daltimas"],"inLanguage":"pt-PT","potentialAction":[{"@type":"CommentAction","name":"Comment","target":["https:\/\/brasilnoticias.org\/site\/representacao-do-brasil-retoma-contato-com-brasileiros-que-estao-em-gaza\/#respond"]}]},{"@type":"WebPage","@id":"https:\/\/brasilnoticias.org\/site\/representacao-do-brasil-retoma-contato-com-brasileiros-que-estao-em-gaza\/","url":"https:\/\/brasilnoticias.org\/site\/representacao-do-brasil-retoma-contato-com-brasileiros-que-estao-em-gaza\/","name":"Representa\u00e7\u00e3o do Brasil retoma contato com brasileiros que est\u00e3o em Gaza - Brasil not\u00edcias","isPartOf":{"@id":"https:\/\/brasilnoticias.org\/site\/#website"},"primaryImageOfPage":{"@id":"https:\/\/brasilnoticias.org\/site\/representacao-do-brasil-retoma-contato-com-brasileiros-que-estao-em-gaza\/#primaryimage"},"image":{"@id":"https:\/\/brasilnoticias.org\/site\/representacao-do-brasil-retoma-contato-com-brasileiros-que-estao-em-gaza\/#primaryimage"},"thumbnailUrl":"https:\/\/brasilnoticias.org\/site\/wp-content\/uploads\/2023\/10\/142541representacao-do-brasil-retoma-contato-com-brasileiros-que-estao-em-gaza-3.jpg","datePublished":"2023-10-29T11:00:20+00:00","breadcrumb":{"@id":"https:\/\/brasilnoticias.org\/site\/representacao-do-brasil-retoma-contato-com-brasileiros-que-estao-em-gaza\/#breadcrumb"},"inLanguage":"pt-PT","potentialAction":[{"@type":"ReadAction","target":["https:\/\/brasilnoticias.org\/site\/representacao-do-brasil-retoma-contato-com-brasileiros-que-estao-em-gaza\/"]}]},{"@type":"ImageObject","inLanguage":"pt-PT","@id":"https:\/\/brasilnoticias.org\/site\/representacao-do-brasil-retoma-contato-com-brasileiros-que-estao-em-gaza\/#primaryimage","url":"https:\/\/brasilnoticias.org\/site\/wp-content\/uploads\/2023\/10\/142541representacao-do-brasil-retoma-contato-com-brasileiros-que-estao-em-gaza-3.jpg","contentUrl":"https:\/\/brasilnoticias.org\/site\/wp-content\/uploads\/2023\/10\/142541representacao-do-brasil-retoma-contato-com-brasileiros-que-estao-em-gaza-3.jpg","width":1600,"height":752},{"@type":"BreadcrumbList","@id":"https:\/\/brasilnoticias.org\/site\/representacao-do-brasil-retoma-contato-com-brasileiros-que-estao-em-gaza\/#breadcrumb","itemListElement":[{"@type":"ListItem","position":1,"name":"In\u00edcio","item":"https:\/\/brasilnoticias.org\/site\/"},{"@type":"ListItem","position":2,"name":"Representa\u00e7\u00e3o do Brasil retoma contato com brasileiros que est\u00e3o em Gaza"}]},{"@type":"WebSite","@id":"https:\/\/brasilnoticias.org\/site\/#website","url":"https:\/\/brasilnoticias.org\/site\/","name":"Brasil not\u00edcias","description":"Brasil not\u00edcias","publisher":{"@id":"https:\/\/brasilnoticias.org\/site\/#organization"},"potentialAction":[{"@type":"SearchAction","target":{"@type":"EntryPoint","urlTemplate":"https:\/\/brasilnoticias.org\/site\/?s={search_term_string}"},"query-input":{"@type":"PropertyValueSpecification","valueRequired":true,"valueName":"search_term_string"}}],"inLanguage":"pt-PT"},{"@type":"Organization","@id":"https:\/\/brasilnoticias.org\/site\/#organization","name":"Brasil not\u00edcias","url":"https:\/\/brasilnoticias.org\/site\/","logo":{"@type":"ImageObject","inLanguage":"pt-PT","@id":"https:\/\/brasilnoticias.org\/site\/#\/schema\/logo\/image\/","url":"https:\/\/brasilnoticias.org\/site\/wp-content\/uploads\/2022\/05\/cropped-brasilnoticias-mini.jpg","contentUrl":"https:\/\/brasilnoticias.org\/site\/wp-content\/uploads\/2022\/05\/cropped-brasilnoticias-mini.jpg","width":314,"height":86,"caption":"Brasil not\u00edcias"},"image":{"@id":"https:\/\/brasilnoticias.org\/site\/#\/schema\/logo\/image\/"}},{"@type":"Person","@id":"https:\/\/brasilnoticias.org\/site\/#\/schema\/person\/03bbbfe6c7634ad18c26444ea39049fa","name":"Reda\u00e7\u00e3o","image":{"@type":"ImageObject","inLanguage":"pt-PT","@id":"https:\/\/brasilnoticias.org\/site\/#\/schema\/person\/image\/","url":"https:\/\/secure.gravatar.com\/avatar\/9ecaf7327a696cb23ad926fedded5f1f04d7049de9e445375d55b48c001a6e42?s=96&d=mm&r=g","contentUrl":"https:\/\/secure.gravatar.com\/avatar\/9ecaf7327a696cb23ad926fedded5f1f04d7049de9e445375d55b48c001a6e42?s=96&d=mm&r=g","caption":"Reda\u00e7\u00e3o"},"url":"https:\/\/brasilnoticias.org\/site\/author\/henrique\/"}]}},"_links":{"self":[{"href":"https:\/\/brasilnoticias.org\/site\/wp-json\/wp\/v2\/posts\/10558","targetHints":{"allow":["GET"]}}],"collection":[{"href":"https:\/\/brasilnoticias.org\/site\/wp-json\/wp\/v2\/posts"}],"about":[{"href":"https:\/\/brasilnoticias.org\/site\/wp-json\/wp\/v2\/types\/post"}],"author":[{"embeddable":true,"href":"https:\/\/brasilnoticias.org\/site\/wp-json\/wp\/v2\/users\/4"}],"replies":[{"embeddable":true,"href":"https:\/\/brasilnoticias.org\/site\/wp-json\/wp\/v2\/comments?post=10558"}],"version-history":[{"count":1,"href":"https:\/\/brasilnoticias.org\/site\/wp-json\/wp\/v2\/posts\/10558\/revisions"}],"predecessor-version":[{"id":10560,"href":"https:\/\/brasilnoticias.org\/site\/wp-json\/wp\/v2\/posts\/10558\/revisions\/10560"}],"wp:featuredmedia":[{"embeddable":true,"href":"https:\/\/brasilnoticias.org\/site\/wp-json\/wp\/v2\/media\/10559"}],"wp:attachment":[{"href":"https:\/\/brasilnoticias.org\/site\/wp-json\/wp\/v2\/media?parent=10558"}],"wp:term":[{"taxonomy":"category","embeddable":true,"href":"https:\/\/brasilnoticias.org\/site\/wp-json\/wp\/v2\/categories?post=10558"},{"taxonomy":"post_tag","embeddable":true,"href":"https:\/\/brasilnoticias.org\/site\/wp-json\/wp\/v2\/tags?post=10558"}],"curies":[{"name":"wp","href":"https:\/\/api.w.org\/{rel}","templated":true}]}}