{"id":10567,"date":"2023-10-29T17:09:35","date_gmt":"2023-10-29T20:09:35","guid":{"rendered":"https:\/\/brasilnoticias.org\/site\/?p=10567"},"modified":"2023-10-29T17:09:35","modified_gmt":"2023-10-29T20:09:35","slug":"hamas-propoe-troca-de-refens-por-todos-os-palestinos-presos-por-israel","status":"publish","type":"post","link":"https:\/\/brasilnoticias.org\/site\/hamas-propoe-troca-de-refens-por-todos-os-palestinos-presos-por-israel\/","title":{"rendered":"Hamas prop\u00f5e troca de ref\u00e9ns por todos os palestinos presos por Israel"},"content":{"rendered":"<p>Grupo sequestrou mais de 200 pessoas e as mant\u00e9m prisioneiras; mais de 7 mil pessoas morreram desde do ataque em 7\/10<\/p>\n<p>O l\u00edder do Hamas na Faixa de Gaza, Yahya Sinouar, disse no s\u00e1bado, 28\/10, que estava pronto para concluir \u201cimediatamente\u201d uma troca dos ref\u00e9ns que o movimento palestino det\u00e9m por \u201ctodos os prisioneiros palestinos\u201d detidos por Israel.<\/p>\n<p>\u201cEstamos prontos para concluir imediatamente uma troca para libertar todos os prisioneiros nas pris\u00f5es do inimigo sionista em troca de todos os ref\u00e9ns nas m\u00e3os da resist\u00eancia\u201d, declarou Sinouar num comunicado divulgado pelo movimento Hamas.<\/p>\n<p>No ataque que deu in\u00edcio \u00e0 guerra contra Israel, o grupo palestino sequestrou cerca de 200 pessoas, al\u00e9m de ter matado 1,4 mil. Desde ent\u00e3o, Israel tem realizados ataques cada vez mais intensos \u00e0 Faixa de Gaza, regi\u00e3o da Palestina controlada pelo Hamas. Mais de 7 mil civis palestinos j\u00e1 morreram com a guerra.<\/p>\n<p>O primeiro-ministro de Israel, Benjamin Netanyahu, disse \u00e0 imprensa hoje que os esfor\u00e7os para garantir a liberta\u00e7\u00e3o de dos ref\u00e9ns continuar\u00e3o mesmo durante a ofensiva terrestre contra o Hamas em Gaza.<\/p>\n<p>Questionado se os contatos para libertar os ref\u00e9ns continuariam mesmo durante a ofensiva terrestre, Netanyahu respondeu: \u201csim\u201d.<\/p>\n<p>Sobre a proposta de troca de ref\u00e9ns por prisioneiros palestinos, ele disse que foi discutida no gabinete de guerra israelense, mas se recusou a entrar em detalhes, dizendo que revelar seria contraproducente.<\/p>\n<p>Foto: Comemora\u00e7\u00e3o dos 25 anos do Hamas em 2012<br \/>\nFonte: Ag\u00eancia Brasil<\/p>\n","protected":false},"excerpt":{"rendered":"<p>Grupo sequestrou mais de 200 pessoas e as mant\u00e9m prisioneiras; mais de 7 mil pessoas morreram desde do ataque em<\/p>\n","protected":false},"author":4,"featured_media":10568,"comment_status":"open","ping_status":"open","sticky":false,"template":"","format":"standard","meta":{"colormag_page_container_layout":"default_layout","colormag_page_sidebar_layout":"default_layout","_FSMCFIC_featured_image_caption":"","_FSMCFIC_featured_image_nocaption":"","_FSMCFIC_featured_image_hide":"","footnotes":""},"categories":[6,1],"tags":[],"class_list":["post-10567","post","type-post","status-publish","format-standard","has-post-thumbnail","hentry","category-mundo","category-ultimas"],"yoast_head":"<!-- This site is optimized with the Yoast SEO plugin v27.1.1 - https:\/\/yoast.com\/product\/yoast-seo-wordpress\/ -->\n<title>Hamas prop\u00f5e troca de ref\u00e9ns por todos os palestinos presos por Israel - Brasil not\u00edcias<\/title>\n<meta name=\"robots\" content=\"index, follow, max-snippet:-1, max-image-preview:large, max-video-preview:-1\" \/>\n<link rel=\"canonical\" href=\"https:\/\/brasilnoticias.org\/site\/hamas-propoe-troca-de-refens-por-todos-os-palestinos-presos-por-israel\/\" \/>\n<meta property=\"og:locale\" content=\"pt_PT\" \/>\n<meta property=\"og:type\" content=\"article\" \/>\n<meta property=\"og:title\" content=\"Hamas prop\u00f5e troca de ref\u00e9ns por todos os palestinos presos por Israel - Brasil not\u00edcias\" \/>\n<meta property=\"og:description\" content=\"Grupo sequestrou mais de 200 pessoas e as mant\u00e9m prisioneiras; mais de 7 mil pessoas morreram desde do ataque em\" \/>\n<meta property=\"og:url\" content=\"https:\/\/brasilnoticias.org\/site\/hamas-propoe-troca-de-refens-por-todos-os-palestinos-presos-por-israel\/\" \/>\n<meta property=\"og:site_name\" content=\"Brasil not\u00edcias\" \/>\n<meta property=\"article:published_time\" content=\"2023-10-29T20:09:35+00:00\" \/>\n<meta property=\"og:image\" content=\"https:\/\/brasilnoticias.org\/site\/wp-content\/uploads\/2023\/10\/Hamas-01-750x375-1.jpeg\" \/>\n\t<meta property=\"og:image:width\" content=\"750\" \/>\n\t<meta property=\"og:image:height\" content=\"375\" \/>\n\t<meta property=\"og:image:type\" content=\"image\/jpeg\" \/>\n<meta name=\"author\" content=\"Reda\u00e7\u00e3o\" \/>\n<meta name=\"twitter:card\" content=\"summary_large_image\" \/>\n<meta name=\"twitter:label1\" content=\"Escrito por\" \/>\n\t<meta name=\"twitter:data1\" content=\"Reda\u00e7\u00e3o\" \/>\n<script type=\"application\/ld+json\" class=\"yoast-schema-graph\">{\"@context\":\"https:\/\/schema.org\",\"@graph\":[{\"@type\":\"Article\",\"@id\":\"https:\/\/brasilnoticias.org\/site\/hamas-propoe-troca-de-refens-por-todos-os-palestinos-presos-por-israel\/#article\",\"isPartOf\":{\"@id\":\"https:\/\/brasilnoticias.org\/site\/hamas-propoe-troca-de-refens-por-todos-os-palestinos-presos-por-israel\/\"},\"author\":{\"name\":\"Reda\u00e7\u00e3o\",\"@id\":\"https:\/\/brasilnoticias.org\/site\/#\/schema\/person\/03bbbfe6c7634ad18c26444ea39049fa\"},\"headline\":\"Hamas prop\u00f5e troca de ref\u00e9ns por todos os palestinos presos por Israel\",\"datePublished\":\"2023-10-29T20:09:35+00:00\",\"mainEntityOfPage\":{\"@id\":\"https:\/\/brasilnoticias.org\/site\/hamas-propoe-troca-de-refens-por-todos-os-palestinos-presos-por-israel\/\"},\"wordCount\":262,\"commentCount\":0,\"publisher\":{\"@id\":\"https:\/\/brasilnoticias.org\/site\/#organization\"},\"image\":{\"@id\":\"https:\/\/brasilnoticias.org\/site\/hamas-propoe-troca-de-refens-por-todos-os-palestinos-presos-por-israel\/#primaryimage\"},\"thumbnailUrl\":\"https:\/\/brasilnoticias.org\/site\/wp-content\/uploads\/2023\/10\/Hamas-01-750x375-1.jpeg\",\"articleSection\":[\"Mundo\",\"\u00daltimas\"],\"inLanguage\":\"pt-PT\",\"potentialAction\":[{\"@type\":\"CommentAction\",\"name\":\"Comment\",\"target\":[\"https:\/\/brasilnoticias.org\/site\/hamas-propoe-troca-de-refens-por-todos-os-palestinos-presos-por-israel\/#respond\"]}]},{\"@type\":\"WebPage\",\"@id\":\"https:\/\/brasilnoticias.org\/site\/hamas-propoe-troca-de-refens-por-todos-os-palestinos-presos-por-israel\/\",\"url\":\"https:\/\/brasilnoticias.org\/site\/hamas-propoe-troca-de-refens-por-todos-os-palestinos-presos-por-israel\/\",\"name\":\"Hamas prop\u00f5e troca de ref\u00e9ns por todos os palestinos presos por Israel - Brasil not\u00edcias\",\"isPartOf\":{\"@id\":\"https:\/\/brasilnoticias.org\/site\/#website\"},\"primaryImageOfPage\":{\"@id\":\"https:\/\/brasilnoticias.org\/site\/hamas-propoe-troca-de-refens-por-todos-os-palestinos-presos-por-israel\/#primaryimage\"},\"image\":{\"@id\":\"https:\/\/brasilnoticias.org\/site\/hamas-propoe-troca-de-refens-por-todos-os-palestinos-presos-por-israel\/#primaryimage\"},\"thumbnailUrl\":\"https:\/\/brasilnoticias.org\/site\/wp-content\/uploads\/2023\/10\/Hamas-01-750x375-1.jpeg\",\"datePublished\":\"2023-10-29T20:09:35+00:00\",\"breadcrumb\":{\"@id\":\"https:\/\/brasilnoticias.org\/site\/hamas-propoe-troca-de-refens-por-todos-os-palestinos-presos-por-israel\/#breadcrumb\"},\"inLanguage\":\"pt-PT\",\"potentialAction\":[{\"@type\":\"ReadAction\",\"target\":[\"https:\/\/brasilnoticias.org\/site\/hamas-propoe-troca-de-refens-por-todos-os-palestinos-presos-por-israel\/\"]}]},{\"@type\":\"ImageObject\",\"inLanguage\":\"pt-PT\",\"@id\":\"https:\/\/brasilnoticias.org\/site\/hamas-propoe-troca-de-refens-por-todos-os-palestinos-presos-por-israel\/#primaryimage\",\"url\":\"https:\/\/brasilnoticias.org\/site\/wp-content\/uploads\/2023\/10\/Hamas-01-750x375-1.jpeg\",\"contentUrl\":\"https:\/\/brasilnoticias.org\/site\/wp-content\/uploads\/2023\/10\/Hamas-01-750x375-1.jpeg\",\"width\":750,\"height\":375},{\"@type\":\"BreadcrumbList\",\"@id\":\"https:\/\/brasilnoticias.org\/site\/hamas-propoe-troca-de-refens-por-todos-os-palestinos-presos-por-israel\/#breadcrumb\",\"itemListElement\":[{\"@type\":\"ListItem\",\"position\":1,\"name\":\"In\u00edcio\",\"item\":\"https:\/\/brasilnoticias.org\/site\/\"},{\"@type\":\"ListItem\",\"position\":2,\"name\":\"Hamas prop\u00f5e troca de ref\u00e9ns por todos os palestinos presos por Israel\"}]},{\"@type\":\"WebSite\",\"@id\":\"https:\/\/brasilnoticias.org\/site\/#website\",\"url\":\"https:\/\/brasilnoticias.org\/site\/\",\"name\":\"Brasil not\u00edcias\",\"description\":\"Brasil not\u00edcias\",\"publisher\":{\"@id\":\"https:\/\/brasilnoticias.org\/site\/#organization\"},\"potentialAction\":[{\"@type\":\"SearchAction\",\"target\":{\"@type\":\"EntryPoint\",\"urlTemplate\":\"https:\/\/brasilnoticias.org\/site\/?s={search_term_string}\"},\"query-input\":{\"@type\":\"PropertyValueSpecification\",\"valueRequired\":true,\"valueName\":\"search_term_string\"}}],\"inLanguage\":\"pt-PT\"},{\"@type\":\"Organization\",\"@id\":\"https:\/\/brasilnoticias.org\/site\/#organization\",\"name\":\"Brasil not\u00edcias\",\"url\":\"https:\/\/brasilnoticias.org\/site\/\",\"logo\":{\"@type\":\"ImageObject\",\"inLanguage\":\"pt-PT\",\"@id\":\"https:\/\/brasilnoticias.org\/site\/#\/schema\/logo\/image\/\",\"url\":\"https:\/\/brasilnoticias.org\/site\/wp-content\/uploads\/2022\/05\/cropped-brasilnoticias-mini.jpg\",\"contentUrl\":\"https:\/\/brasilnoticias.org\/site\/wp-content\/uploads\/2022\/05\/cropped-brasilnoticias-mini.jpg\",\"width\":314,\"height\":86,\"caption\":\"Brasil not\u00edcias\"},\"image\":{\"@id\":\"https:\/\/brasilnoticias.org\/site\/#\/schema\/logo\/image\/\"}},{\"@type\":\"Person\",\"@id\":\"https:\/\/brasilnoticias.org\/site\/#\/schema\/person\/03bbbfe6c7634ad18c26444ea39049fa\",\"name\":\"Reda\u00e7\u00e3o\",\"image\":{\"@type\":\"ImageObject\",\"inLanguage\":\"pt-PT\",\"@id\":\"https:\/\/brasilnoticias.org\/site\/#\/schema\/person\/image\/\",\"url\":\"https:\/\/secure.gravatar.com\/avatar\/9ecaf7327a696cb23ad926fedded5f1f04d7049de9e445375d55b48c001a6e42?s=96&d=mm&r=g\",\"contentUrl\":\"https:\/\/secure.gravatar.com\/avatar\/9ecaf7327a696cb23ad926fedded5f1f04d7049de9e445375d55b48c001a6e42?s=96&d=mm&r=g\",\"caption\":\"Reda\u00e7\u00e3o\"},\"url\":\"https:\/\/brasilnoticias.org\/site\/author\/henrique\/\"}]}<\/script>\n<!-- \/ Yoast SEO plugin. -->","yoast_head_json":{"title":"Hamas prop\u00f5e troca de ref\u00e9ns por todos os palestinos presos por Israel - Brasil not\u00edcias","robots":{"index":"index","follow":"follow","max-snippet":"max-snippet:-1","max-image-preview":"max-image-preview:large","max-video-preview":"max-video-preview:-1"},"canonical":"https:\/\/brasilnoticias.org\/site\/hamas-propoe-troca-de-refens-por-todos-os-palestinos-presos-por-israel\/","og_locale":"pt_PT","og_type":"article","og_title":"Hamas prop\u00f5e troca de ref\u00e9ns por todos os palestinos presos por Israel - Brasil not\u00edcias","og_description":"Grupo sequestrou mais de 200 pessoas e as mant\u00e9m prisioneiras; mais de 7 mil pessoas morreram desde do ataque em","og_url":"https:\/\/brasilnoticias.org\/site\/hamas-propoe-troca-de-refens-por-todos-os-palestinos-presos-por-israel\/","og_site_name":"Brasil not\u00edcias","article_published_time":"2023-10-29T20:09:35+00:00","og_image":[{"width":750,"height":375,"url":"https:\/\/brasilnoticias.org\/site\/wp-content\/uploads\/2023\/10\/Hamas-01-750x375-1.jpeg","type":"image\/jpeg"}],"author":"Reda\u00e7\u00e3o","twitter_card":"summary_large_image","twitter_misc":{"Escrito por":"Reda\u00e7\u00e3o"},"schema":{"@context":"https:\/\/schema.org","@graph":[{"@type":"Article","@id":"https:\/\/brasilnoticias.org\/site\/hamas-propoe-troca-de-refens-por-todos-os-palestinos-presos-por-israel\/#article","isPartOf":{"@id":"https:\/\/brasilnoticias.org\/site\/hamas-propoe-troca-de-refens-por-todos-os-palestinos-presos-por-israel\/"},"author":{"name":"Reda\u00e7\u00e3o","@id":"https:\/\/brasilnoticias.org\/site\/#\/schema\/person\/03bbbfe6c7634ad18c26444ea39049fa"},"headline":"Hamas prop\u00f5e troca de ref\u00e9ns por todos os palestinos presos por Israel","datePublished":"2023-10-29T20:09:35+00:00","mainEntityOfPage":{"@id":"https:\/\/brasilnoticias.org\/site\/hamas-propoe-troca-de-refens-por-todos-os-palestinos-presos-por-israel\/"},"wordCount":262,"commentCount":0,"publisher":{"@id":"https:\/\/brasilnoticias.org\/site\/#organization"},"image":{"@id":"https:\/\/brasilnoticias.org\/site\/hamas-propoe-troca-de-refens-por-todos-os-palestinos-presos-por-israel\/#primaryimage"},"thumbnailUrl":"https:\/\/brasilnoticias.org\/site\/wp-content\/uploads\/2023\/10\/Hamas-01-750x375-1.jpeg","articleSection":["Mundo","\u00daltimas"],"inLanguage":"pt-PT","potentialAction":[{"@type":"CommentAction","name":"Comment","target":["https:\/\/brasilnoticias.org\/site\/hamas-propoe-troca-de-refens-por-todos-os-palestinos-presos-por-israel\/#respond"]}]},{"@type":"WebPage","@id":"https:\/\/brasilnoticias.org\/site\/hamas-propoe-troca-de-refens-por-todos-os-palestinos-presos-por-israel\/","url":"https:\/\/brasilnoticias.org\/site\/hamas-propoe-troca-de-refens-por-todos-os-palestinos-presos-por-israel\/","name":"Hamas prop\u00f5e troca de ref\u00e9ns por todos os palestinos presos por Israel - Brasil not\u00edcias","isPartOf":{"@id":"https:\/\/brasilnoticias.org\/site\/#website"},"primaryImageOfPage":{"@id":"https:\/\/brasilnoticias.org\/site\/hamas-propoe-troca-de-refens-por-todos-os-palestinos-presos-por-israel\/#primaryimage"},"image":{"@id":"https:\/\/brasilnoticias.org\/site\/hamas-propoe-troca-de-refens-por-todos-os-palestinos-presos-por-israel\/#primaryimage"},"thumbnailUrl":"https:\/\/brasilnoticias.org\/site\/wp-content\/uploads\/2023\/10\/Hamas-01-750x375-1.jpeg","datePublished":"2023-10-29T20:09:35+00:00","breadcrumb":{"@id":"https:\/\/brasilnoticias.org\/site\/hamas-propoe-troca-de-refens-por-todos-os-palestinos-presos-por-israel\/#breadcrumb"},"inLanguage":"pt-PT","potentialAction":[{"@type":"ReadAction","target":["https:\/\/brasilnoticias.org\/site\/hamas-propoe-troca-de-refens-por-todos-os-palestinos-presos-por-israel\/"]}]},{"@type":"ImageObject","inLanguage":"pt-PT","@id":"https:\/\/brasilnoticias.org\/site\/hamas-propoe-troca-de-refens-por-todos-os-palestinos-presos-por-israel\/#primaryimage","url":"https:\/\/brasilnoticias.org\/site\/wp-content\/uploads\/2023\/10\/Hamas-01-750x375-1.jpeg","contentUrl":"https:\/\/brasilnoticias.org\/site\/wp-content\/uploads\/2023\/10\/Hamas-01-750x375-1.jpeg","width":750,"height":375},{"@type":"BreadcrumbList","@id":"https:\/\/brasilnoticias.org\/site\/hamas-propoe-troca-de-refens-por-todos-os-palestinos-presos-por-israel\/#breadcrumb","itemListElement":[{"@type":"ListItem","position":1,"name":"In\u00edcio","item":"https:\/\/brasilnoticias.org\/site\/"},{"@type":"ListItem","position":2,"name":"Hamas prop\u00f5e troca de ref\u00e9ns por todos os palestinos presos por Israel"}]},{"@type":"WebSite","@id":"https:\/\/brasilnoticias.org\/site\/#website","url":"https:\/\/brasilnoticias.org\/site\/","name":"Brasil not\u00edcias","description":"Brasil not\u00edcias","publisher":{"@id":"https:\/\/brasilnoticias.org\/site\/#organization"},"potentialAction":[{"@type":"SearchAction","target":{"@type":"EntryPoint","urlTemplate":"https:\/\/brasilnoticias.org\/site\/?s={search_term_string}"},"query-input":{"@type":"PropertyValueSpecification","valueRequired":true,"valueName":"search_term_string"}}],"inLanguage":"pt-PT"},{"@type":"Organization","@id":"https:\/\/brasilnoticias.org\/site\/#organization","name":"Brasil not\u00edcias","url":"https:\/\/brasilnoticias.org\/site\/","logo":{"@type":"ImageObject","inLanguage":"pt-PT","@id":"https:\/\/brasilnoticias.org\/site\/#\/schema\/logo\/image\/","url":"https:\/\/brasilnoticias.org\/site\/wp-content\/uploads\/2022\/05\/cropped-brasilnoticias-mini.jpg","contentUrl":"https:\/\/brasilnoticias.org\/site\/wp-content\/uploads\/2022\/05\/cropped-brasilnoticias-mini.jpg","width":314,"height":86,"caption":"Brasil not\u00edcias"},"image":{"@id":"https:\/\/brasilnoticias.org\/site\/#\/schema\/logo\/image\/"}},{"@type":"Person","@id":"https:\/\/brasilnoticias.org\/site\/#\/schema\/person\/03bbbfe6c7634ad18c26444ea39049fa","name":"Reda\u00e7\u00e3o","image":{"@type":"ImageObject","inLanguage":"pt-PT","@id":"https:\/\/brasilnoticias.org\/site\/#\/schema\/person\/image\/","url":"https:\/\/secure.gravatar.com\/avatar\/9ecaf7327a696cb23ad926fedded5f1f04d7049de9e445375d55b48c001a6e42?s=96&d=mm&r=g","contentUrl":"https:\/\/secure.gravatar.com\/avatar\/9ecaf7327a696cb23ad926fedded5f1f04d7049de9e445375d55b48c001a6e42?s=96&d=mm&r=g","caption":"Reda\u00e7\u00e3o"},"url":"https:\/\/brasilnoticias.org\/site\/author\/henrique\/"}]}},"_links":{"self":[{"href":"https:\/\/brasilnoticias.org\/site\/wp-json\/wp\/v2\/posts\/10567","targetHints":{"allow":["GET"]}}],"collection":[{"href":"https:\/\/brasilnoticias.org\/site\/wp-json\/wp\/v2\/posts"}],"about":[{"href":"https:\/\/brasilnoticias.org\/site\/wp-json\/wp\/v2\/types\/post"}],"author":[{"embeddable":true,"href":"https:\/\/brasilnoticias.org\/site\/wp-json\/wp\/v2\/users\/4"}],"replies":[{"embeddable":true,"href":"https:\/\/brasilnoticias.org\/site\/wp-json\/wp\/v2\/comments?post=10567"}],"version-history":[{"count":1,"href":"https:\/\/brasilnoticias.org\/site\/wp-json\/wp\/v2\/posts\/10567\/revisions"}],"predecessor-version":[{"id":10569,"href":"https:\/\/brasilnoticias.org\/site\/wp-json\/wp\/v2\/posts\/10567\/revisions\/10569"}],"wp:featuredmedia":[{"embeddable":true,"href":"https:\/\/brasilnoticias.org\/site\/wp-json\/wp\/v2\/media\/10568"}],"wp:attachment":[{"href":"https:\/\/brasilnoticias.org\/site\/wp-json\/wp\/v2\/media?parent=10567"}],"wp:term":[{"taxonomy":"category","embeddable":true,"href":"https:\/\/brasilnoticias.org\/site\/wp-json\/wp\/v2\/categories?post=10567"},{"taxonomy":"post_tag","embeddable":true,"href":"https:\/\/brasilnoticias.org\/site\/wp-json\/wp\/v2\/tags?post=10567"}],"curies":[{"name":"wp","href":"https:\/\/api.w.org\/{rel}","templated":true}]}}