{"id":10581,"date":"2023-10-30T18:46:52","date_gmt":"2023-10-30T21:46:52","guid":{"rendered":"https:\/\/brasilnoticias.org\/site\/?p=10581"},"modified":"2023-10-30T18:46:52","modified_gmt":"2023-10-30T21:46:52","slug":"simm-oferece-122-vagas-de-emprego-e-estagio-nesta-terca-feira-31","status":"publish","type":"post","link":"https:\/\/brasilnoticias.org\/site\/simm-oferece-122-vagas-de-emprego-e-estagio-nesta-terca-feira-31\/","title":{"rendered":"Simm oferece 122 vagas de emprego e est\u00e1gio nesta ter\u00e7a-feira (31)"},"content":{"rendered":"<p>Entre as vagas est\u00e3o dispon\u00edveis servi\u00e7os para Pintor de obras, Padeiro, Vendedor interno e entre outros<\/p>\n<p>Para quem est\u00e1 procurando uma oportunidade de emprego, esse \u00e9 o momento ideal. O Servi\u00e7o Municipal de Intermedia\u00e7\u00e3o de M\u00e3o de Obra (Simm) vai oferecer nesta ter\u00e7a-feira (31\/10) 122 novas vagas de emprego e de est\u00e1gio, em Salvador. Os atendimentos est\u00e3o sendo agendados no site oficial, a partir das 17h30, de forma h\u00edbrida, tanto pelo WhatsApp quanto de forma presencial.<\/p>\n<p>Confira as vagas dispon\u00edveis para esta ter\u00e7a-feira (31\/10):<\/p>\n<p>VAGAS:<\/p>\n<p>Vendedor interno (vaga exclusiva para o Programa Simm Mulher)<br \/>\n\u2013 Requisitos: ensino m\u00e9dio completo, seis meses de experi\u00eancia, ter conhecimento em inform\u00e1tica.<br \/>\n\u2013 Sal\u00e1rio: a combinar + benef\u00edcios<br \/>\n\u2013 Vagas: 1<\/p>\n<p>Auxiliar administrativo (vaga exclusiva para o Programa Simm Mulher e Jovem Aprendiz)<br \/>\n\u2013 Requisitos: ensino m\u00e9dio completo, sem experi\u00eancia, ter conhecimento em inform\u00e1tica (Excel). Conforme a Lei do \u2013 Aprendizado, a faixa et\u00e1ria 18 a 21 anos.<br \/>\n\u2013 Bolsa: R$ 620 + transporte<br \/>\n\u2013 Vagas: 1<\/p>\n<p>Montador de m\u00f3veis<br \/>\n\u2013 Requisitos: ensino m\u00e9dio completo, seis meses de experi\u00eancia.<br \/>\n\u2013 Sal\u00e1rio: a combinar + benef\u00edcios<br \/>\n\u2013 Vagas: 1<\/p>\n<p>Pintor de obras<br \/>\n\u2013 Requisitos: ensino m\u00e9dio completo, seis meses de experi\u00eancia.<br \/>\n\u2013 Sal\u00e1rio: a combinar + benef\u00edcios<br \/>\n\u2013 Vagas: 1<\/p>\n<p>Operador de caixa (vaga exclusiva para o Programa Simm Mulher)<br \/>\n\u2013 Requisitos: ensino m\u00e9dio completo, tr\u00eas meses de experi\u00eancia.<br \/>\n\u2013 Sal\u00e1rio: R$ 1.511 + benef\u00edcios<br \/>\n\u2013 Vagas: 2<\/p>\n<p>Repositor de mercadorias<br \/>\n\u2013 Requisitos: ensino m\u00e9dio completo, tr\u00eas meses de experi\u00eancia.<br \/>\n\u2013 Sal\u00e1rio: R$ 1.511 + benef\u00edcios<br \/>\n\u2013 Vagas: 1<\/p>\n<p>Auxiliar de mec\u00e2nico de m\u00e1quinas pesadas<br \/>\n\u2013 Requisitos: ensino m\u00e9dio completo, seis meses de experi\u00eancia, requisitos imprescind\u00edveis: CNH A e B, ter experi\u00eancia com manuten\u00e7\u00e3o de m\u00e1quinas de constru\u00e7\u00e3o pesadas.<br \/>\n\u2013 Sal\u00e1rio: a combinar + benef\u00edcios<br \/>\n\u2013 Vagas: 1<\/p>\n<p>Auxiliar de manuten\u00e7\u00e3o de refrigera\u00e7\u00e3o<br \/>\n\u2013 Requisitos: ensino m\u00e9dio completo, seis meses de experi\u00eancia, ter f\u00e1cil acesso a Paralela.<br \/>\n\u2013 Sal\u00e1rio: R$ 1.320 + benef\u00edcios<br \/>\n\u2013 Vagas: 1<\/p>\n<p>Motorista de caminh\u00e3o<br \/>\n\u2013 Requisitos: Ensino fundamental completo, seis meses de experi\u00eancia, ter CNH D.<br \/>\n\u2013 Sal\u00e1rio: R$ 1.928,76 + benef\u00edcios<br \/>\n\u2013 Vagas: 1<\/p>\n<p>Padeiro<br \/>\n\u2013 Requisitos: ensino fundamental incompleto, seis meses de experi\u00eancia.<br \/>\n\u2013 Sal\u00e1rio: a combinar + benef\u00edcios<br \/>\n\u2013 Vagas: 1<\/p>\n<p>Atendente comercial<br \/>\n\u2013 Requisitos: ensino m\u00e9dio completo, seis meses de experi\u00eancia, requisitos imprescind\u00edveis: ter disponibilidade para fechamento de loja.<br \/>\n\u2013 Sal\u00e1rio: a combinar + benef\u00edcios<br \/>\n\u2013 Vagas: 4<\/p>\n<p>Auxiliar de cozinha<br \/>\n\u2013 Requisitos: ensino m\u00e9dio completo, seis meses de experi\u00eancia, ter disponibilidade para trabalhar no fechamento de loja.<br \/>\n\u2013 Sal\u00e1rio: a combinar + benef\u00edcios<br \/>\n\u2013 Vagas: 3<\/p>\n<p>Operador de monitoramento<br \/>\n\u2013 Requisitos: ensino m\u00e9dio completo, seis meses de experi\u00eancia recente (2019 a 2023), requisitos imprescind\u00edveis: ter curso na \u00e1rea e disponibilidade para fechamento de loja.<br \/>\n\u2013 Sal\u00e1rio: a combinar + benef\u00edcios<br \/>\n\u2013 Vagas: 2<\/p>\n<p>Auxiliar de tr\u00e1fego<br \/>\n\u2013 Requisitos: ensino m\u00e9dio completo, seis meses de experi\u00eancia, requisitos imprescind\u00edveis: ter CNH A e D, ter perfil de lideran\u00e7a e experi\u00eancia no ramo de transporte, ter conhecimento com pacote office.<br \/>\n\u2013 Sal\u00e1rio: a combinar + benef\u00edcios<br \/>\n\u2013 Vagas: 1<\/p>\n<p>Fiscal de preven\u00e7\u00e3o e perdas<br \/>\n\u2013 Requisitos: ensino m\u00e9dio completo, seis meses de experi\u00eancia, ter disponibilidade para trabalhar no fechamento de loja, vaga zoneada para moradores da Suburbana.<br \/>\n\u2013 Sal\u00e1rio: R$ 1.841,21 + benef\u00edcios<br \/>\n\u2013 Vagas: 2<\/p>\n<p>Gar\u00e7om<br \/>\n\u2013 Requisitos: ensino m\u00e9dio completo, seis meses de experi\u00eancia, requisito imprescind\u00edvel: disponibilidade para trabalhar tarde\/noite.<br \/>\n\u2013 Sal\u00e1rio: a combinar + benef\u00edcios<br \/>\n\u2013 Vagas: 30<\/p>\n<p>Cozinheiro de restaurante<br \/>\n\u2013 Requisitos: ensino m\u00e9dio completo, seis meses de experi\u00eancia, requisito imprescind\u00edvel: disponibilidade para trabalhar tarde\/noite.<br \/>\n\u2013 Sal\u00e1rio: a combinar + benef\u00edcios<br \/>\n\u2013 Vagas: 4<\/p>\n<p>Cumim<br \/>\n\u2013 Requisitos: ensino m\u00e9dio completo, seis meses de experi\u00eancia, requisito imprescind\u00edvel: disponibilidade para trabalhar tarde\/noite.<br \/>\n\u2013 Sal\u00e1rio: R$ 1.777,50 + benef\u00edcios<br \/>\n\u2013 Vagas: 5<\/p>\n<p>Assistente de RH<br \/>\n\u2013 Requisitos: ensino superior completo em RH ou \u00e1reas afins, seis meses de experi\u00eancia, requisitos imprescind\u00edveis: ter conhecimento de pacote office e experi\u00eancia na \u00e1rea.<br \/>\n\u2013 Sal\u00e1rio: a combinar + benef\u00edcios<br \/>\n\u2013 Vagas: 1<\/p>\n<p>Assistente financeiro<br \/>\n\u2013 Requisitos: ensino superior completo em gest\u00e3o financeira ou \u00e1reas afins, seis meses de experi\u00eancia, requisitos imprescind\u00edveis: ter conhecimento de pacote office e experi\u00eancia na \u00e1rea.<br \/>\n\u2013 Sal\u00e1rio: a combinar + benef\u00edcios<br \/>\n\u2013 Vagas: 1<\/p>\n<p>Ma\u00eetre de bar<br \/>\n\u2013 Requisitos: ensino m\u00e9dio completo, seis meses de experi\u00eancia, requisito imprescind\u00edvel: disponibilidade para trabalhar tarde\/noite.<br \/>\n\u2013 Sal\u00e1rio: R$ 1.777,50 + benef\u00edcios<br \/>\n\u2013 Vagas: 2<\/p>\n<p>Cumim<br \/>\n\u2013 Requisitos: ensino m\u00e9dio completo, 6 meses de experi\u00eancia, requisito imprescind\u00edvel: disponibilidade para trabalhar tarde\/noite.<br \/>\n\u2013 Sal\u00e1rio: R$ 1.777,50 + benef\u00edcios<br \/>\n\u2013 Vagas: 2<\/p>\n<p>L\u00edder de cozinha<br \/>\n\u2013 Requisitos: ensino m\u00e9dio completo, seis meses de experi\u00eancia, requisito imprescind\u00edvel: disponibilidade para trabalhar tarde\/noite.<br \/>\n\u2013 Sal\u00e1rio: R$ 1.777,50 + benef\u00edcios<br \/>\n\u2013 Vagas: 2<\/p>\n<p>Auxiliar de bar<br \/>\n\u2013 Requisitos: ensino m\u00e9dio completo, seis meses de experi\u00eancia, requisito imprescind\u00edvel: disponibilidade para trabalhar tarde\/noite.<br \/>\n\u2013 Sal\u00e1rio: R$ 1.777,50 + benef\u00edcios<br \/>\n\u2013 Vagas: 3<\/p>\n<p>Gar\u00e7om<br \/>\n\u2013 Requisitos: ensino m\u00e9dio completo, seis meses de experi\u00eancia, requisito imprescind\u00edvel: disponibilidade para trabalhar tarde\/noite.<br \/>\n\u2013 Sal\u00e1rio: R$ 1.777,50 + benef\u00edcios<br \/>\n\u2013 Vagas: 10<\/p>\n<p>Auxiliar de cozinha<br \/>\n\u2013 Requisitos: ensino m\u00e9dio completo, seis meses de experi\u00eancia, requisito imprescind\u00edvel: disponibilidade para trabalhar tarde\/noite.<br \/>\n\u2013 Sal\u00e1rio: R$ 1.777,50 + benef\u00edcios<br \/>\n\u2013 Vagas: 4<\/p>\n<p>Balconista<br \/>\n\u2013 Requisitos: ensino m\u00e9dio completo, seis meses de experi\u00eancia, requisitos imprescind\u00edveis: disponibilidade para trabalhar tarde\/noite, vaga zoneada para bairros da Suburbana.<br \/>\n\u2013 Sal\u00e1rio: R$ 1.777,50 + benef\u00edcios<br \/>\n\u2013 Vagas: 1<\/p>\n<p>Confeiteiro<br \/>\n\u2013 Requisitos: ensino m\u00e9dio completo, seis meses de experi\u00eancia, imprescind\u00edvel: experi\u00eancia com preparo de doces, tortas e salgados, disponibilidade para trabalhar tarde\/noite e vaga zoneada para bairros da Suburbana.<br \/>\n\u2013 Sal\u00e1rio: R$ 1.777,50 + benef\u00edcios<br \/>\n\u2013 Vagas: 1<\/p>\n<p>Padeiro<br \/>\n\u2013 Requisitos: ensino m\u00e9dio completo, seis meses de experi\u00eancia, requisitos imprescind\u00edveis: ter perfil de lideran\u00e7a, disponibilidade para trabalhar tarde\/noite e vaga zoneada para bairros da Suburbana.<br \/>\n\u2013 Sal\u00e1rio: R$ 1.777,50 + benef\u00edcios<br \/>\n\u2013 Vagas: 1<\/p>\n<p>Fiscal de caixa<br \/>\n\u2013 Requisitos: ensino m\u00e9dio completo, seis meses de experi\u00eancia, requisitos imprescind\u00edveis: ter perfil de lideran\u00e7a, disponibilidade para trabalhar tarde\/noite e vaga zoneada para bairros da Suburbana.<br \/>\n\u2013 Sal\u00e1rio: a combinar + benef\u00edcios<br \/>\n\u2013 Vagas: 1<\/p>\n<p>Auxiliar de produ\u00e7\u00e3o em padaria<br \/>\n\u2013 Requisitos: ensino m\u00e9dio completo, seis meses de experi\u00eancia, imprescind\u00edvel: experi\u00eancia com preparo de doces, tortas e salgados, disponibilidade para trabalhar tarde\/noite e vaga zoneada para bairros da Suburbana.<br \/>\n\u2013 Sal\u00e1rio: a combinar + benef\u00edcios<br \/>\n\u2013 Vagas: 1<\/p>\n<p>Operador de escavadeira<br \/>\n\u2013 Requisitos: ensino m\u00e9dio completo, seis meses de experi\u00eancia, requisitos imprescind\u00edveis: Ter experi\u00eancia no manuseio de m\u00e1quina escavadeira.<br \/>\n\u2013 Sal\u00e1rio: a combinar + benef\u00edcios<br \/>\n\u2013 Vagas: 1<\/p>\n<p>Operador de p\u00e1 carregadeira<br \/>\n\u2013 Requisitos: ensino m\u00e9dio completo, seis meses de experi\u00eancia, requisitos imprescind\u00edveis: Ter experi\u00eancia no manuseio de m\u00e1quina p\u00e1 carregadeira.<br \/>\n\u2013 Sal\u00e1rio: a combinar + benef\u00edcios<br \/>\n\u2013 Vagas: 1<\/p>\n<p>Apoio de caixa (vaga exclusiva para pessoas com defici\u00eancia)<br \/>\n\u2013 Requisitos: ensino m\u00e9dio completo, sem experi\u00eancia, ter conhecimento em inform\u00e1tica.<br \/>\n\u2013 Sal\u00e1rio: a combinar + benef\u00edcios<br \/>\n\u2013 Vagas: 7<\/p>\n<p>Auxiliar de limpeza (vaga exclusiva para pessoas com defici\u00eancia)<br \/>\n-Requisitos: ensino m\u00e9dio completo, sem experi\u00eancia.<br \/>\n\u2013 Sal\u00e1rio: a combinar + benef\u00edcios<br \/>\n\u2013 Vagas: 7<\/p>\n<p>Operador de loja (vaga exclusiva para pessoas com defici\u00eancia)<br \/>\n\u2013 Requisitos: ensino m\u00e9dio completo, sem experi\u00eancia, ter conhecimento em inform\u00e1tica.<br \/>\n\u2013 Sal\u00e1rio: a combinar + benef\u00edcios<br \/>\n\u2013 Vagas: 7<\/p>\n<p>Auxiliar de limpeza pesada (vaga exclusiva para pessoas com defici\u00eancia)<br \/>\n\u2013 Requisitos: ensino m\u00e9dio completo, seis meses de experi\u00eancia.<br \/>\n\u2013 Sal\u00e1rio: a combinar + benef\u00edcios<br \/>\n\u2013 Vagas: 1<\/p>\n<p>Copeiro de restaurante (vaga exclusiva para pessoas com defici\u00eancia e do Programa Simm Mulher)<br \/>\n\u2013 Requisitos: ensino m\u00e9dio completo, seis meses de experi\u00eancia.<br \/>\n\u2013 Sal\u00e1rio: a combinar + benef\u00edcios<br \/>\n\u2013 Vagas: 1<\/p>\n<p>Empacotador (vaga exclusiva para pessoas com defici\u00eancia)<br \/>\n\u2013 Requisitos: ensino m\u00e9dio completo, sem experi\u00eancia, ter disponibilidade para trabalhar no fechamento de loja.<br \/>\n\u2013 Sal\u00e1rio: a combinar + benef\u00edcios<br \/>\n\u2013 Vagas: 5<\/p>\n<p>Foto: Divulga\u00e7\u00e3o<br \/>\nAratu On<\/p>\n","protected":false},"excerpt":{"rendered":"<p>Entre as vagas est\u00e3o dispon\u00edveis servi\u00e7os para Pintor de obras, Padeiro, Vendedor interno e entre outros Para quem est\u00e1 procurando<\/p>\n","protected":false},"author":4,"featured_media":10582,"comment_status":"open","ping_status":"open","sticky":false,"template":"","format":"standard","meta":{"colormag_page_container_layout":"default_layout","colormag_page_sidebar_layout":"default_layout","_FSMCFIC_featured_image_caption":"","_FSMCFIC_featured_image_nocaption":"","_FSMCFIC_featured_image_hide":"","footnotes":""},"categories":[2,1],"tags":[],"class_list":["post-10581","post","type-post","status-publish","format-standard","has-post-thumbnail","hentry","category-noticias","category-ultimas"],"yoast_head":"<!-- This site is optimized with the Yoast SEO plugin v27.1.1 - https:\/\/yoast.com\/product\/yoast-seo-wordpress\/ -->\n<title>Simm oferece 122 vagas de emprego e est\u00e1gio nesta ter\u00e7a-feira (31) - Brasil not\u00edcias<\/title>\n<meta name=\"robots\" content=\"index, follow, max-snippet:-1, max-image-preview:large, max-video-preview:-1\" \/>\n<link rel=\"canonical\" href=\"https:\/\/brasilnoticias.org\/site\/simm-oferece-122-vagas-de-emprego-e-estagio-nesta-terca-feira-31\/\" \/>\n<meta property=\"og:locale\" content=\"pt_PT\" \/>\n<meta property=\"og:type\" content=\"article\" \/>\n<meta property=\"og:title\" content=\"Simm oferece 122 vagas de emprego e est\u00e1gio nesta ter\u00e7a-feira (31) - Brasil not\u00edcias\" \/>\n<meta property=\"og:description\" content=\"Entre as vagas est\u00e3o dispon\u00edveis servi\u00e7os para Pintor de obras, Padeiro, Vendedor interno e entre outros Para quem est\u00e1 procurando\" \/>\n<meta property=\"og:url\" content=\"https:\/\/brasilnoticias.org\/site\/simm-oferece-122-vagas-de-emprego-e-estagio-nesta-terca-feira-31\/\" \/>\n<meta property=\"og:site_name\" content=\"Brasil not\u00edcias\" \/>\n<meta property=\"article:published_time\" content=\"2023-10-30T21:46:52+00:00\" \/>\n<meta property=\"og:image\" content=\"https:\/\/brasilnoticias.org\/site\/wp-content\/uploads\/2023\/10\/pintor.jpg\" \/>\n\t<meta property=\"og:image:width\" content=\"740\" \/>\n\t<meta property=\"og:image:height\" content=\"470\" \/>\n\t<meta property=\"og:image:type\" content=\"image\/jpeg\" \/>\n<meta name=\"author\" content=\"Reda\u00e7\u00e3o\" \/>\n<meta name=\"twitter:card\" content=\"summary_large_image\" \/>\n<meta name=\"twitter:label1\" content=\"Escrito por\" \/>\n\t<meta name=\"twitter:data1\" content=\"Reda\u00e7\u00e3o\" \/>\n<script type=\"application\/ld+json\" class=\"yoast-schema-graph\">{\"@context\":\"https:\/\/schema.org\",\"@graph\":[{\"@type\":\"Article\",\"@id\":\"https:\/\/brasilnoticias.org\/site\/simm-oferece-122-vagas-de-emprego-e-estagio-nesta-terca-feira-31\/#article\",\"isPartOf\":{\"@id\":\"https:\/\/brasilnoticias.org\/site\/simm-oferece-122-vagas-de-emprego-e-estagio-nesta-terca-feira-31\/\"},\"author\":{\"name\":\"Reda\u00e7\u00e3o\",\"@id\":\"https:\/\/brasilnoticias.org\/site\/#\/schema\/person\/03bbbfe6c7634ad18c26444ea39049fa\"},\"headline\":\"Simm oferece 122 vagas de emprego e est\u00e1gio nesta ter\u00e7a-feira (31)\",\"datePublished\":\"2023-10-30T21:46:52+00:00\",\"mainEntityOfPage\":{\"@id\":\"https:\/\/brasilnoticias.org\/site\/simm-oferece-122-vagas-de-emprego-e-estagio-nesta-terca-feira-31\/\"},\"wordCount\":1306,\"commentCount\":0,\"publisher\":{\"@id\":\"https:\/\/brasilnoticias.org\/site\/#organization\"},\"image\":{\"@id\":\"https:\/\/brasilnoticias.org\/site\/simm-oferece-122-vagas-de-emprego-e-estagio-nesta-terca-feira-31\/#primaryimage\"},\"thumbnailUrl\":\"https:\/\/brasilnoticias.org\/site\/wp-content\/uploads\/2023\/10\/pintor.jpg\",\"articleSection\":[\"Not\u00edcias\",\"\u00daltimas\"],\"inLanguage\":\"pt-PT\",\"potentialAction\":[{\"@type\":\"CommentAction\",\"name\":\"Comment\",\"target\":[\"https:\/\/brasilnoticias.org\/site\/simm-oferece-122-vagas-de-emprego-e-estagio-nesta-terca-feira-31\/#respond\"]}]},{\"@type\":\"WebPage\",\"@id\":\"https:\/\/brasilnoticias.org\/site\/simm-oferece-122-vagas-de-emprego-e-estagio-nesta-terca-feira-31\/\",\"url\":\"https:\/\/brasilnoticias.org\/site\/simm-oferece-122-vagas-de-emprego-e-estagio-nesta-terca-feira-31\/\",\"name\":\"Simm oferece 122 vagas de emprego e est\u00e1gio nesta ter\u00e7a-feira (31) - Brasil not\u00edcias\",\"isPartOf\":{\"@id\":\"https:\/\/brasilnoticias.org\/site\/#website\"},\"primaryImageOfPage\":{\"@id\":\"https:\/\/brasilnoticias.org\/site\/simm-oferece-122-vagas-de-emprego-e-estagio-nesta-terca-feira-31\/#primaryimage\"},\"image\":{\"@id\":\"https:\/\/brasilnoticias.org\/site\/simm-oferece-122-vagas-de-emprego-e-estagio-nesta-terca-feira-31\/#primaryimage\"},\"thumbnailUrl\":\"https:\/\/brasilnoticias.org\/site\/wp-content\/uploads\/2023\/10\/pintor.jpg\",\"datePublished\":\"2023-10-30T21:46:52+00:00\",\"breadcrumb\":{\"@id\":\"https:\/\/brasilnoticias.org\/site\/simm-oferece-122-vagas-de-emprego-e-estagio-nesta-terca-feira-31\/#breadcrumb\"},\"inLanguage\":\"pt-PT\",\"potentialAction\":[{\"@type\":\"ReadAction\",\"target\":[\"https:\/\/brasilnoticias.org\/site\/simm-oferece-122-vagas-de-emprego-e-estagio-nesta-terca-feira-31\/\"]}]},{\"@type\":\"ImageObject\",\"inLanguage\":\"pt-PT\",\"@id\":\"https:\/\/brasilnoticias.org\/site\/simm-oferece-122-vagas-de-emprego-e-estagio-nesta-terca-feira-31\/#primaryimage\",\"url\":\"https:\/\/brasilnoticias.org\/site\/wp-content\/uploads\/2023\/10\/pintor.jpg\",\"contentUrl\":\"https:\/\/brasilnoticias.org\/site\/wp-content\/uploads\/2023\/10\/pintor.jpg\",\"width\":740,\"height\":470},{\"@type\":\"BreadcrumbList\",\"@id\":\"https:\/\/brasilnoticias.org\/site\/simm-oferece-122-vagas-de-emprego-e-estagio-nesta-terca-feira-31\/#breadcrumb\",\"itemListElement\":[{\"@type\":\"ListItem\",\"position\":1,\"name\":\"In\u00edcio\",\"item\":\"https:\/\/brasilnoticias.org\/site\/\"},{\"@type\":\"ListItem\",\"position\":2,\"name\":\"Simm oferece 122 vagas de emprego e est\u00e1gio nesta ter\u00e7a-feira (31)\"}]},{\"@type\":\"WebSite\",\"@id\":\"https:\/\/brasilnoticias.org\/site\/#website\",\"url\":\"https:\/\/brasilnoticias.org\/site\/\",\"name\":\"Brasil not\u00edcias\",\"description\":\"Brasil not\u00edcias\",\"publisher\":{\"@id\":\"https:\/\/brasilnoticias.org\/site\/#organization\"},\"potentialAction\":[{\"@type\":\"SearchAction\",\"target\":{\"@type\":\"EntryPoint\",\"urlTemplate\":\"https:\/\/brasilnoticias.org\/site\/?s={search_term_string}\"},\"query-input\":{\"@type\":\"PropertyValueSpecification\",\"valueRequired\":true,\"valueName\":\"search_term_string\"}}],\"inLanguage\":\"pt-PT\"},{\"@type\":\"Organization\",\"@id\":\"https:\/\/brasilnoticias.org\/site\/#organization\",\"name\":\"Brasil not\u00edcias\",\"url\":\"https:\/\/brasilnoticias.org\/site\/\",\"logo\":{\"@type\":\"ImageObject\",\"inLanguage\":\"pt-PT\",\"@id\":\"https:\/\/brasilnoticias.org\/site\/#\/schema\/logo\/image\/\",\"url\":\"https:\/\/brasilnoticias.org\/site\/wp-content\/uploads\/2022\/05\/cropped-brasilnoticias-mini.jpg\",\"contentUrl\":\"https:\/\/brasilnoticias.org\/site\/wp-content\/uploads\/2022\/05\/cropped-brasilnoticias-mini.jpg\",\"width\":314,\"height\":86,\"caption\":\"Brasil not\u00edcias\"},\"image\":{\"@id\":\"https:\/\/brasilnoticias.org\/site\/#\/schema\/logo\/image\/\"}},{\"@type\":\"Person\",\"@id\":\"https:\/\/brasilnoticias.org\/site\/#\/schema\/person\/03bbbfe6c7634ad18c26444ea39049fa\",\"name\":\"Reda\u00e7\u00e3o\",\"image\":{\"@type\":\"ImageObject\",\"inLanguage\":\"pt-PT\",\"@id\":\"https:\/\/brasilnoticias.org\/site\/#\/schema\/person\/image\/\",\"url\":\"https:\/\/secure.gravatar.com\/avatar\/9ecaf7327a696cb23ad926fedded5f1f04d7049de9e445375d55b48c001a6e42?s=96&d=mm&r=g\",\"contentUrl\":\"https:\/\/secure.gravatar.com\/avatar\/9ecaf7327a696cb23ad926fedded5f1f04d7049de9e445375d55b48c001a6e42?s=96&d=mm&r=g\",\"caption\":\"Reda\u00e7\u00e3o\"},\"url\":\"https:\/\/brasilnoticias.org\/site\/author\/henrique\/\"}]}<\/script>\n<!-- \/ Yoast SEO plugin. -->","yoast_head_json":{"title":"Simm oferece 122 vagas de emprego e est\u00e1gio nesta ter\u00e7a-feira (31) - Brasil not\u00edcias","robots":{"index":"index","follow":"follow","max-snippet":"max-snippet:-1","max-image-preview":"max-image-preview:large","max-video-preview":"max-video-preview:-1"},"canonical":"https:\/\/brasilnoticias.org\/site\/simm-oferece-122-vagas-de-emprego-e-estagio-nesta-terca-feira-31\/","og_locale":"pt_PT","og_type":"article","og_title":"Simm oferece 122 vagas de emprego e est\u00e1gio nesta ter\u00e7a-feira (31) - Brasil not\u00edcias","og_description":"Entre as vagas est\u00e3o dispon\u00edveis servi\u00e7os para Pintor de obras, Padeiro, Vendedor interno e entre outros Para quem est\u00e1 procurando","og_url":"https:\/\/brasilnoticias.org\/site\/simm-oferece-122-vagas-de-emprego-e-estagio-nesta-terca-feira-31\/","og_site_name":"Brasil not\u00edcias","article_published_time":"2023-10-30T21:46:52+00:00","og_image":[{"width":740,"height":470,"url":"https:\/\/brasilnoticias.org\/site\/wp-content\/uploads\/2023\/10\/pintor.jpg","type":"image\/jpeg"}],"author":"Reda\u00e7\u00e3o","twitter_card":"summary_large_image","twitter_misc":{"Escrito por":"Reda\u00e7\u00e3o"},"schema":{"@context":"https:\/\/schema.org","@graph":[{"@type":"Article","@id":"https:\/\/brasilnoticias.org\/site\/simm-oferece-122-vagas-de-emprego-e-estagio-nesta-terca-feira-31\/#article","isPartOf":{"@id":"https:\/\/brasilnoticias.org\/site\/simm-oferece-122-vagas-de-emprego-e-estagio-nesta-terca-feira-31\/"},"author":{"name":"Reda\u00e7\u00e3o","@id":"https:\/\/brasilnoticias.org\/site\/#\/schema\/person\/03bbbfe6c7634ad18c26444ea39049fa"},"headline":"Simm oferece 122 vagas de emprego e est\u00e1gio nesta ter\u00e7a-feira (31)","datePublished":"2023-10-30T21:46:52+00:00","mainEntityOfPage":{"@id":"https:\/\/brasilnoticias.org\/site\/simm-oferece-122-vagas-de-emprego-e-estagio-nesta-terca-feira-31\/"},"wordCount":1306,"commentCount":0,"publisher":{"@id":"https:\/\/brasilnoticias.org\/site\/#organization"},"image":{"@id":"https:\/\/brasilnoticias.org\/site\/simm-oferece-122-vagas-de-emprego-e-estagio-nesta-terca-feira-31\/#primaryimage"},"thumbnailUrl":"https:\/\/brasilnoticias.org\/site\/wp-content\/uploads\/2023\/10\/pintor.jpg","articleSection":["Not\u00edcias","\u00daltimas"],"inLanguage":"pt-PT","potentialAction":[{"@type":"CommentAction","name":"Comment","target":["https:\/\/brasilnoticias.org\/site\/simm-oferece-122-vagas-de-emprego-e-estagio-nesta-terca-feira-31\/#respond"]}]},{"@type":"WebPage","@id":"https:\/\/brasilnoticias.org\/site\/simm-oferece-122-vagas-de-emprego-e-estagio-nesta-terca-feira-31\/","url":"https:\/\/brasilnoticias.org\/site\/simm-oferece-122-vagas-de-emprego-e-estagio-nesta-terca-feira-31\/","name":"Simm oferece 122 vagas de emprego e est\u00e1gio nesta ter\u00e7a-feira (31) - Brasil not\u00edcias","isPartOf":{"@id":"https:\/\/brasilnoticias.org\/site\/#website"},"primaryImageOfPage":{"@id":"https:\/\/brasilnoticias.org\/site\/simm-oferece-122-vagas-de-emprego-e-estagio-nesta-terca-feira-31\/#primaryimage"},"image":{"@id":"https:\/\/brasilnoticias.org\/site\/simm-oferece-122-vagas-de-emprego-e-estagio-nesta-terca-feira-31\/#primaryimage"},"thumbnailUrl":"https:\/\/brasilnoticias.org\/site\/wp-content\/uploads\/2023\/10\/pintor.jpg","datePublished":"2023-10-30T21:46:52+00:00","breadcrumb":{"@id":"https:\/\/brasilnoticias.org\/site\/simm-oferece-122-vagas-de-emprego-e-estagio-nesta-terca-feira-31\/#breadcrumb"},"inLanguage":"pt-PT","potentialAction":[{"@type":"ReadAction","target":["https:\/\/brasilnoticias.org\/site\/simm-oferece-122-vagas-de-emprego-e-estagio-nesta-terca-feira-31\/"]}]},{"@type":"ImageObject","inLanguage":"pt-PT","@id":"https:\/\/brasilnoticias.org\/site\/simm-oferece-122-vagas-de-emprego-e-estagio-nesta-terca-feira-31\/#primaryimage","url":"https:\/\/brasilnoticias.org\/site\/wp-content\/uploads\/2023\/10\/pintor.jpg","contentUrl":"https:\/\/brasilnoticias.org\/site\/wp-content\/uploads\/2023\/10\/pintor.jpg","width":740,"height":470},{"@type":"BreadcrumbList","@id":"https:\/\/brasilnoticias.org\/site\/simm-oferece-122-vagas-de-emprego-e-estagio-nesta-terca-feira-31\/#breadcrumb","itemListElement":[{"@type":"ListItem","position":1,"name":"In\u00edcio","item":"https:\/\/brasilnoticias.org\/site\/"},{"@type":"ListItem","position":2,"name":"Simm oferece 122 vagas de emprego e est\u00e1gio nesta ter\u00e7a-feira (31)"}]},{"@type":"WebSite","@id":"https:\/\/brasilnoticias.org\/site\/#website","url":"https:\/\/brasilnoticias.org\/site\/","name":"Brasil not\u00edcias","description":"Brasil not\u00edcias","publisher":{"@id":"https:\/\/brasilnoticias.org\/site\/#organization"},"potentialAction":[{"@type":"SearchAction","target":{"@type":"EntryPoint","urlTemplate":"https:\/\/brasilnoticias.org\/site\/?s={search_term_string}"},"query-input":{"@type":"PropertyValueSpecification","valueRequired":true,"valueName":"search_term_string"}}],"inLanguage":"pt-PT"},{"@type":"Organization","@id":"https:\/\/brasilnoticias.org\/site\/#organization","name":"Brasil not\u00edcias","url":"https:\/\/brasilnoticias.org\/site\/","logo":{"@type":"ImageObject","inLanguage":"pt-PT","@id":"https:\/\/brasilnoticias.org\/site\/#\/schema\/logo\/image\/","url":"https:\/\/brasilnoticias.org\/site\/wp-content\/uploads\/2022\/05\/cropped-brasilnoticias-mini.jpg","contentUrl":"https:\/\/brasilnoticias.org\/site\/wp-content\/uploads\/2022\/05\/cropped-brasilnoticias-mini.jpg","width":314,"height":86,"caption":"Brasil not\u00edcias"},"image":{"@id":"https:\/\/brasilnoticias.org\/site\/#\/schema\/logo\/image\/"}},{"@type":"Person","@id":"https:\/\/brasilnoticias.org\/site\/#\/schema\/person\/03bbbfe6c7634ad18c26444ea39049fa","name":"Reda\u00e7\u00e3o","image":{"@type":"ImageObject","inLanguage":"pt-PT","@id":"https:\/\/brasilnoticias.org\/site\/#\/schema\/person\/image\/","url":"https:\/\/secure.gravatar.com\/avatar\/9ecaf7327a696cb23ad926fedded5f1f04d7049de9e445375d55b48c001a6e42?s=96&d=mm&r=g","contentUrl":"https:\/\/secure.gravatar.com\/avatar\/9ecaf7327a696cb23ad926fedded5f1f04d7049de9e445375d55b48c001a6e42?s=96&d=mm&r=g","caption":"Reda\u00e7\u00e3o"},"url":"https:\/\/brasilnoticias.org\/site\/author\/henrique\/"}]}},"_links":{"self":[{"href":"https:\/\/brasilnoticias.org\/site\/wp-json\/wp\/v2\/posts\/10581","targetHints":{"allow":["GET"]}}],"collection":[{"href":"https:\/\/brasilnoticias.org\/site\/wp-json\/wp\/v2\/posts"}],"about":[{"href":"https:\/\/brasilnoticias.org\/site\/wp-json\/wp\/v2\/types\/post"}],"author":[{"embeddable":true,"href":"https:\/\/brasilnoticias.org\/site\/wp-json\/wp\/v2\/users\/4"}],"replies":[{"embeddable":true,"href":"https:\/\/brasilnoticias.org\/site\/wp-json\/wp\/v2\/comments?post=10581"}],"version-history":[{"count":1,"href":"https:\/\/brasilnoticias.org\/site\/wp-json\/wp\/v2\/posts\/10581\/revisions"}],"predecessor-version":[{"id":10583,"href":"https:\/\/brasilnoticias.org\/site\/wp-json\/wp\/v2\/posts\/10581\/revisions\/10583"}],"wp:featuredmedia":[{"embeddable":true,"href":"https:\/\/brasilnoticias.org\/site\/wp-json\/wp\/v2\/media\/10582"}],"wp:attachment":[{"href":"https:\/\/brasilnoticias.org\/site\/wp-json\/wp\/v2\/media?parent=10581"}],"wp:term":[{"taxonomy":"category","embeddable":true,"href":"https:\/\/brasilnoticias.org\/site\/wp-json\/wp\/v2\/categories?post=10581"},{"taxonomy":"post_tag","embeddable":true,"href":"https:\/\/brasilnoticias.org\/site\/wp-json\/wp\/v2\/tags?post=10581"}],"curies":[{"name":"wp","href":"https:\/\/api.w.org\/{rel}","templated":true}]}}