{"id":10587,"date":"2023-10-31T07:01:39","date_gmt":"2023-10-31T10:01:39","guid":{"rendered":"https:\/\/brasilnoticias.org\/site\/?p=10587"},"modified":"2023-10-30T19:04:44","modified_gmt":"2023-10-30T22:04:44","slug":"apesar-de-lula-ter-duvidado-do-deficit-fiscal-zero-haddad-diz-que-sua-meta-esta-estabelecida","status":"publish","type":"post","link":"https:\/\/brasilnoticias.org\/site\/apesar-de-lula-ter-duvidado-do-deficit-fiscal-zero-haddad-diz-que-sua-meta-esta-estabelecida\/","title":{"rendered":"Apesar de Lula ter duvidado do d\u00e9ficit fiscal zero, Haddad diz que sua meta est\u00e1 \u2018estabelecida\u2019"},"content":{"rendered":"<p>O ministro da Fazenda evitou falar em nome do governo, mas se comprometeu a tentar todas as medidas para aumentar arrecada\u00e7\u00e3o<\/p>\n<p>O ministro da Fazenda, Fernando Haddad, se esquivou, nesta segunda-feira (30), de responder sobre a manuten\u00e7\u00e3o da meta de equil\u00edbrio das contas p\u00fablicas at\u00e9 2024 por parte do governo. Apesar disso, mesmo ap\u00f3s o presidente Luiz In\u00e1cio Lula da Silva (PT) duvidar, na \u00faltima sexta-feira (27), da capacidade do Brasil de zerar o d\u00e9ficit como tinha sido anunciado, o chefe da economia disse que sua meta est\u00e1 \u2018estabelecida\u2019.<\/p>\n<p>\u201cO que levei para o presidente foram os cen\u00e1rios poss\u00edveis, se tiver de antecipar medidas para 2024, eu encaminho. O meu papel \u00e9 buscar o equil\u00edbrio fiscal, farei isso enquanto estiver no cargo, n\u00e3o \u00e9 por press\u00e3o do mercado financeiro, acredito que Brasil depois de dez anos precisa voltar a olhar para contas p\u00fablicas. A minha meta est\u00e1 estabelecida: vou buscar o equil\u00edbrio fiscal de todas as formas justas e necess\u00e1rias para que n\u00f3s tenhamos um pa\u00eds melhor\u201d, afirmou.<\/p>\n<p>Haddad ainda defendeu o presidente e disse que o governo est\u00e1 comprometido em apresentar todas as medidas para aumentar a arrecada\u00e7\u00e3o. \u201cDa parte do presidente n\u00e3o h\u00e1 nenhum descompromisso. Pelo contr\u00e1rio. Se ele n\u00e3o estivesse preocupado com a situa\u00e7\u00e3o fiscal, ele n\u00e3o estaria pedindo apoio da \u00e1rea econ\u00f4mica para orienta\u00e7\u00e3o das lideran\u00e7as do Congresso. Isso (corre\u00e7\u00e3o da base fiscal) \u00e9 algo que precisa ser feito pelos tr\u00eas poderes\u201d, acrescentou.<\/p>\n<p>Foto: Valter Campanato\/Ag\u00eancia Brasil<br \/>\nPor: Metro1<\/p>\n","protected":false},"excerpt":{"rendered":"<p>O ministro da Fazenda evitou falar em nome do governo, mas se comprometeu a tentar todas as medidas para aumentar<\/p>\n","protected":false},"author":4,"featured_media":10588,"comment_status":"open","ping_status":"open","sticky":false,"template":"","format":"standard","meta":{"colormag_page_container_layout":"default_layout","colormag_page_sidebar_layout":"default_layout","_FSMCFIC_featured_image_caption":"","_FSMCFIC_featured_image_nocaption":"","_FSMCFIC_featured_image_hide":"","footnotes":""},"categories":[5,1],"tags":[],"class_list":["post-10587","post","type-post","status-publish","format-standard","has-post-thumbnail","hentry","category-politica","category-ultimas"],"yoast_head":"<!-- This site is optimized with the Yoast SEO plugin v27.1.1 - https:\/\/yoast.com\/product\/yoast-seo-wordpress\/ -->\n<title>Apesar de Lula ter duvidado do d\u00e9ficit fiscal zero, Haddad diz que sua meta est\u00e1 \u2018estabelecida\u2019 - Brasil not\u00edcias<\/title>\n<meta name=\"robots\" content=\"index, follow, max-snippet:-1, max-image-preview:large, max-video-preview:-1\" \/>\n<link rel=\"canonical\" href=\"https:\/\/brasilnoticias.org\/site\/apesar-de-lula-ter-duvidado-do-deficit-fiscal-zero-haddad-diz-que-sua-meta-esta-estabelecida\/\" \/>\n<meta property=\"og:locale\" content=\"pt_PT\" \/>\n<meta property=\"og:type\" content=\"article\" \/>\n<meta property=\"og:title\" content=\"Apesar de Lula ter duvidado do d\u00e9ficit fiscal zero, Haddad diz que sua meta est\u00e1 \u2018estabelecida\u2019 - Brasil not\u00edcias\" \/>\n<meta property=\"og:description\" content=\"O ministro da Fazenda evitou falar em nome do governo, mas se comprometeu a tentar todas as medidas para aumentar\" \/>\n<meta property=\"og:url\" content=\"https:\/\/brasilnoticias.org\/site\/apesar-de-lula-ter-duvidado-do-deficit-fiscal-zero-haddad-diz-que-sua-meta-esta-estabelecida\/\" \/>\n<meta property=\"og:site_name\" content=\"Brasil not\u00edcias\" \/>\n<meta property=\"article:published_time\" content=\"2023-10-31T10:01:39+00:00\" \/>\n<meta property=\"og:image\" content=\"https:\/\/brasilnoticias.org\/site\/wp-content\/uploads\/2023\/10\/142593apesar-de-lula-ter-duvidado-do-deficit-fiscal-zero-haddad-diz-que-sua-meta-esta-estabelecida-3.jpg\" \/>\n\t<meta property=\"og:image:width\" content=\"1600\" \/>\n\t<meta property=\"og:image:height\" content=\"752\" \/>\n\t<meta property=\"og:image:type\" content=\"image\/jpeg\" \/>\n<meta name=\"author\" content=\"Reda\u00e7\u00e3o\" \/>\n<meta name=\"twitter:card\" content=\"summary_large_image\" \/>\n<meta name=\"twitter:label1\" content=\"Escrito por\" \/>\n\t<meta name=\"twitter:data1\" content=\"Reda\u00e7\u00e3o\" \/>\n<script type=\"application\/ld+json\" class=\"yoast-schema-graph\">{\"@context\":\"https:\/\/schema.org\",\"@graph\":[{\"@type\":\"Article\",\"@id\":\"https:\/\/brasilnoticias.org\/site\/apesar-de-lula-ter-duvidado-do-deficit-fiscal-zero-haddad-diz-que-sua-meta-esta-estabelecida\/#article\",\"isPartOf\":{\"@id\":\"https:\/\/brasilnoticias.org\/site\/apesar-de-lula-ter-duvidado-do-deficit-fiscal-zero-haddad-diz-que-sua-meta-esta-estabelecida\/\"},\"author\":{\"name\":\"Reda\u00e7\u00e3o\",\"@id\":\"https:\/\/brasilnoticias.org\/site\/#\/schema\/person\/03bbbfe6c7634ad18c26444ea39049fa\"},\"headline\":\"Apesar de Lula ter duvidado do d\u00e9ficit fiscal zero, Haddad diz que sua meta est\u00e1 \u2018estabelecida\u2019\",\"datePublished\":\"2023-10-31T10:01:39+00:00\",\"mainEntityOfPage\":{\"@id\":\"https:\/\/brasilnoticias.org\/site\/apesar-de-lula-ter-duvidado-do-deficit-fiscal-zero-haddad-diz-que-sua-meta-esta-estabelecida\/\"},\"wordCount\":283,\"commentCount\":0,\"publisher\":{\"@id\":\"https:\/\/brasilnoticias.org\/site\/#organization\"},\"image\":{\"@id\":\"https:\/\/brasilnoticias.org\/site\/apesar-de-lula-ter-duvidado-do-deficit-fiscal-zero-haddad-diz-que-sua-meta-esta-estabelecida\/#primaryimage\"},\"thumbnailUrl\":\"https:\/\/brasilnoticias.org\/site\/wp-content\/uploads\/2023\/10\/142593apesar-de-lula-ter-duvidado-do-deficit-fiscal-zero-haddad-diz-que-sua-meta-esta-estabelecida-3.jpg\",\"articleSection\":[\"Pol\u00edtica\",\"\u00daltimas\"],\"inLanguage\":\"pt-PT\",\"potentialAction\":[{\"@type\":\"CommentAction\",\"name\":\"Comment\",\"target\":[\"https:\/\/brasilnoticias.org\/site\/apesar-de-lula-ter-duvidado-do-deficit-fiscal-zero-haddad-diz-que-sua-meta-esta-estabelecida\/#respond\"]}]},{\"@type\":\"WebPage\",\"@id\":\"https:\/\/brasilnoticias.org\/site\/apesar-de-lula-ter-duvidado-do-deficit-fiscal-zero-haddad-diz-que-sua-meta-esta-estabelecida\/\",\"url\":\"https:\/\/brasilnoticias.org\/site\/apesar-de-lula-ter-duvidado-do-deficit-fiscal-zero-haddad-diz-que-sua-meta-esta-estabelecida\/\",\"name\":\"Apesar de Lula ter duvidado do d\u00e9ficit fiscal zero, Haddad diz que sua meta est\u00e1 \u2018estabelecida\u2019 - Brasil not\u00edcias\",\"isPartOf\":{\"@id\":\"https:\/\/brasilnoticias.org\/site\/#website\"},\"primaryImageOfPage\":{\"@id\":\"https:\/\/brasilnoticias.org\/site\/apesar-de-lula-ter-duvidado-do-deficit-fiscal-zero-haddad-diz-que-sua-meta-esta-estabelecida\/#primaryimage\"},\"image\":{\"@id\":\"https:\/\/brasilnoticias.org\/site\/apesar-de-lula-ter-duvidado-do-deficit-fiscal-zero-haddad-diz-que-sua-meta-esta-estabelecida\/#primaryimage\"},\"thumbnailUrl\":\"https:\/\/brasilnoticias.org\/site\/wp-content\/uploads\/2023\/10\/142593apesar-de-lula-ter-duvidado-do-deficit-fiscal-zero-haddad-diz-que-sua-meta-esta-estabelecida-3.jpg\",\"datePublished\":\"2023-10-31T10:01:39+00:00\",\"breadcrumb\":{\"@id\":\"https:\/\/brasilnoticias.org\/site\/apesar-de-lula-ter-duvidado-do-deficit-fiscal-zero-haddad-diz-que-sua-meta-esta-estabelecida\/#breadcrumb\"},\"inLanguage\":\"pt-PT\",\"potentialAction\":[{\"@type\":\"ReadAction\",\"target\":[\"https:\/\/brasilnoticias.org\/site\/apesar-de-lula-ter-duvidado-do-deficit-fiscal-zero-haddad-diz-que-sua-meta-esta-estabelecida\/\"]}]},{\"@type\":\"ImageObject\",\"inLanguage\":\"pt-PT\",\"@id\":\"https:\/\/brasilnoticias.org\/site\/apesar-de-lula-ter-duvidado-do-deficit-fiscal-zero-haddad-diz-que-sua-meta-esta-estabelecida\/#primaryimage\",\"url\":\"https:\/\/brasilnoticias.org\/site\/wp-content\/uploads\/2023\/10\/142593apesar-de-lula-ter-duvidado-do-deficit-fiscal-zero-haddad-diz-que-sua-meta-esta-estabelecida-3.jpg\",\"contentUrl\":\"https:\/\/brasilnoticias.org\/site\/wp-content\/uploads\/2023\/10\/142593apesar-de-lula-ter-duvidado-do-deficit-fiscal-zero-haddad-diz-que-sua-meta-esta-estabelecida-3.jpg\",\"width\":1600,\"height\":752},{\"@type\":\"BreadcrumbList\",\"@id\":\"https:\/\/brasilnoticias.org\/site\/apesar-de-lula-ter-duvidado-do-deficit-fiscal-zero-haddad-diz-que-sua-meta-esta-estabelecida\/#breadcrumb\",\"itemListElement\":[{\"@type\":\"ListItem\",\"position\":1,\"name\":\"In\u00edcio\",\"item\":\"https:\/\/brasilnoticias.org\/site\/\"},{\"@type\":\"ListItem\",\"position\":2,\"name\":\"Apesar de Lula ter duvidado do d\u00e9ficit fiscal zero, Haddad diz que sua meta est\u00e1 \u2018estabelecida\u2019\"}]},{\"@type\":\"WebSite\",\"@id\":\"https:\/\/brasilnoticias.org\/site\/#website\",\"url\":\"https:\/\/brasilnoticias.org\/site\/\",\"name\":\"Brasil not\u00edcias\",\"description\":\"Brasil not\u00edcias\",\"publisher\":{\"@id\":\"https:\/\/brasilnoticias.org\/site\/#organization\"},\"potentialAction\":[{\"@type\":\"SearchAction\",\"target\":{\"@type\":\"EntryPoint\",\"urlTemplate\":\"https:\/\/brasilnoticias.org\/site\/?s={search_term_string}\"},\"query-input\":{\"@type\":\"PropertyValueSpecification\",\"valueRequired\":true,\"valueName\":\"search_term_string\"}}],\"inLanguage\":\"pt-PT\"},{\"@type\":\"Organization\",\"@id\":\"https:\/\/brasilnoticias.org\/site\/#organization\",\"name\":\"Brasil not\u00edcias\",\"url\":\"https:\/\/brasilnoticias.org\/site\/\",\"logo\":{\"@type\":\"ImageObject\",\"inLanguage\":\"pt-PT\",\"@id\":\"https:\/\/brasilnoticias.org\/site\/#\/schema\/logo\/image\/\",\"url\":\"https:\/\/brasilnoticias.org\/site\/wp-content\/uploads\/2022\/05\/cropped-brasilnoticias-mini.jpg\",\"contentUrl\":\"https:\/\/brasilnoticias.org\/site\/wp-content\/uploads\/2022\/05\/cropped-brasilnoticias-mini.jpg\",\"width\":314,\"height\":86,\"caption\":\"Brasil not\u00edcias\"},\"image\":{\"@id\":\"https:\/\/brasilnoticias.org\/site\/#\/schema\/logo\/image\/\"}},{\"@type\":\"Person\",\"@id\":\"https:\/\/brasilnoticias.org\/site\/#\/schema\/person\/03bbbfe6c7634ad18c26444ea39049fa\",\"name\":\"Reda\u00e7\u00e3o\",\"image\":{\"@type\":\"ImageObject\",\"inLanguage\":\"pt-PT\",\"@id\":\"https:\/\/brasilnoticias.org\/site\/#\/schema\/person\/image\/\",\"url\":\"https:\/\/secure.gravatar.com\/avatar\/9ecaf7327a696cb23ad926fedded5f1f04d7049de9e445375d55b48c001a6e42?s=96&d=mm&r=g\",\"contentUrl\":\"https:\/\/secure.gravatar.com\/avatar\/9ecaf7327a696cb23ad926fedded5f1f04d7049de9e445375d55b48c001a6e42?s=96&d=mm&r=g\",\"caption\":\"Reda\u00e7\u00e3o\"},\"url\":\"https:\/\/brasilnoticias.org\/site\/author\/henrique\/\"}]}<\/script>\n<!-- \/ Yoast SEO plugin. -->","yoast_head_json":{"title":"Apesar de Lula ter duvidado do d\u00e9ficit fiscal zero, Haddad diz que sua meta est\u00e1 \u2018estabelecida\u2019 - Brasil not\u00edcias","robots":{"index":"index","follow":"follow","max-snippet":"max-snippet:-1","max-image-preview":"max-image-preview:large","max-video-preview":"max-video-preview:-1"},"canonical":"https:\/\/brasilnoticias.org\/site\/apesar-de-lula-ter-duvidado-do-deficit-fiscal-zero-haddad-diz-que-sua-meta-esta-estabelecida\/","og_locale":"pt_PT","og_type":"article","og_title":"Apesar de Lula ter duvidado do d\u00e9ficit fiscal zero, Haddad diz que sua meta est\u00e1 \u2018estabelecida\u2019 - Brasil not\u00edcias","og_description":"O ministro da Fazenda evitou falar em nome do governo, mas se comprometeu a tentar todas as medidas para aumentar","og_url":"https:\/\/brasilnoticias.org\/site\/apesar-de-lula-ter-duvidado-do-deficit-fiscal-zero-haddad-diz-que-sua-meta-esta-estabelecida\/","og_site_name":"Brasil not\u00edcias","article_published_time":"2023-10-31T10:01:39+00:00","og_image":[{"width":1600,"height":752,"url":"https:\/\/brasilnoticias.org\/site\/wp-content\/uploads\/2023\/10\/142593apesar-de-lula-ter-duvidado-do-deficit-fiscal-zero-haddad-diz-que-sua-meta-esta-estabelecida-3.jpg","type":"image\/jpeg"}],"author":"Reda\u00e7\u00e3o","twitter_card":"summary_large_image","twitter_misc":{"Escrito por":"Reda\u00e7\u00e3o"},"schema":{"@context":"https:\/\/schema.org","@graph":[{"@type":"Article","@id":"https:\/\/brasilnoticias.org\/site\/apesar-de-lula-ter-duvidado-do-deficit-fiscal-zero-haddad-diz-que-sua-meta-esta-estabelecida\/#article","isPartOf":{"@id":"https:\/\/brasilnoticias.org\/site\/apesar-de-lula-ter-duvidado-do-deficit-fiscal-zero-haddad-diz-que-sua-meta-esta-estabelecida\/"},"author":{"name":"Reda\u00e7\u00e3o","@id":"https:\/\/brasilnoticias.org\/site\/#\/schema\/person\/03bbbfe6c7634ad18c26444ea39049fa"},"headline":"Apesar de Lula ter duvidado do d\u00e9ficit fiscal zero, Haddad diz que sua meta est\u00e1 \u2018estabelecida\u2019","datePublished":"2023-10-31T10:01:39+00:00","mainEntityOfPage":{"@id":"https:\/\/brasilnoticias.org\/site\/apesar-de-lula-ter-duvidado-do-deficit-fiscal-zero-haddad-diz-que-sua-meta-esta-estabelecida\/"},"wordCount":283,"commentCount":0,"publisher":{"@id":"https:\/\/brasilnoticias.org\/site\/#organization"},"image":{"@id":"https:\/\/brasilnoticias.org\/site\/apesar-de-lula-ter-duvidado-do-deficit-fiscal-zero-haddad-diz-que-sua-meta-esta-estabelecida\/#primaryimage"},"thumbnailUrl":"https:\/\/brasilnoticias.org\/site\/wp-content\/uploads\/2023\/10\/142593apesar-de-lula-ter-duvidado-do-deficit-fiscal-zero-haddad-diz-que-sua-meta-esta-estabelecida-3.jpg","articleSection":["Pol\u00edtica","\u00daltimas"],"inLanguage":"pt-PT","potentialAction":[{"@type":"CommentAction","name":"Comment","target":["https:\/\/brasilnoticias.org\/site\/apesar-de-lula-ter-duvidado-do-deficit-fiscal-zero-haddad-diz-que-sua-meta-esta-estabelecida\/#respond"]}]},{"@type":"WebPage","@id":"https:\/\/brasilnoticias.org\/site\/apesar-de-lula-ter-duvidado-do-deficit-fiscal-zero-haddad-diz-que-sua-meta-esta-estabelecida\/","url":"https:\/\/brasilnoticias.org\/site\/apesar-de-lula-ter-duvidado-do-deficit-fiscal-zero-haddad-diz-que-sua-meta-esta-estabelecida\/","name":"Apesar de Lula ter duvidado do d\u00e9ficit fiscal zero, Haddad diz que sua meta est\u00e1 \u2018estabelecida\u2019 - Brasil not\u00edcias","isPartOf":{"@id":"https:\/\/brasilnoticias.org\/site\/#website"},"primaryImageOfPage":{"@id":"https:\/\/brasilnoticias.org\/site\/apesar-de-lula-ter-duvidado-do-deficit-fiscal-zero-haddad-diz-que-sua-meta-esta-estabelecida\/#primaryimage"},"image":{"@id":"https:\/\/brasilnoticias.org\/site\/apesar-de-lula-ter-duvidado-do-deficit-fiscal-zero-haddad-diz-que-sua-meta-esta-estabelecida\/#primaryimage"},"thumbnailUrl":"https:\/\/brasilnoticias.org\/site\/wp-content\/uploads\/2023\/10\/142593apesar-de-lula-ter-duvidado-do-deficit-fiscal-zero-haddad-diz-que-sua-meta-esta-estabelecida-3.jpg","datePublished":"2023-10-31T10:01:39+00:00","breadcrumb":{"@id":"https:\/\/brasilnoticias.org\/site\/apesar-de-lula-ter-duvidado-do-deficit-fiscal-zero-haddad-diz-que-sua-meta-esta-estabelecida\/#breadcrumb"},"inLanguage":"pt-PT","potentialAction":[{"@type":"ReadAction","target":["https:\/\/brasilnoticias.org\/site\/apesar-de-lula-ter-duvidado-do-deficit-fiscal-zero-haddad-diz-que-sua-meta-esta-estabelecida\/"]}]},{"@type":"ImageObject","inLanguage":"pt-PT","@id":"https:\/\/brasilnoticias.org\/site\/apesar-de-lula-ter-duvidado-do-deficit-fiscal-zero-haddad-diz-que-sua-meta-esta-estabelecida\/#primaryimage","url":"https:\/\/brasilnoticias.org\/site\/wp-content\/uploads\/2023\/10\/142593apesar-de-lula-ter-duvidado-do-deficit-fiscal-zero-haddad-diz-que-sua-meta-esta-estabelecida-3.jpg","contentUrl":"https:\/\/brasilnoticias.org\/site\/wp-content\/uploads\/2023\/10\/142593apesar-de-lula-ter-duvidado-do-deficit-fiscal-zero-haddad-diz-que-sua-meta-esta-estabelecida-3.jpg","width":1600,"height":752},{"@type":"BreadcrumbList","@id":"https:\/\/brasilnoticias.org\/site\/apesar-de-lula-ter-duvidado-do-deficit-fiscal-zero-haddad-diz-que-sua-meta-esta-estabelecida\/#breadcrumb","itemListElement":[{"@type":"ListItem","position":1,"name":"In\u00edcio","item":"https:\/\/brasilnoticias.org\/site\/"},{"@type":"ListItem","position":2,"name":"Apesar de Lula ter duvidado do d\u00e9ficit fiscal zero, Haddad diz que sua meta est\u00e1 \u2018estabelecida\u2019"}]},{"@type":"WebSite","@id":"https:\/\/brasilnoticias.org\/site\/#website","url":"https:\/\/brasilnoticias.org\/site\/","name":"Brasil not\u00edcias","description":"Brasil not\u00edcias","publisher":{"@id":"https:\/\/brasilnoticias.org\/site\/#organization"},"potentialAction":[{"@type":"SearchAction","target":{"@type":"EntryPoint","urlTemplate":"https:\/\/brasilnoticias.org\/site\/?s={search_term_string}"},"query-input":{"@type":"PropertyValueSpecification","valueRequired":true,"valueName":"search_term_string"}}],"inLanguage":"pt-PT"},{"@type":"Organization","@id":"https:\/\/brasilnoticias.org\/site\/#organization","name":"Brasil not\u00edcias","url":"https:\/\/brasilnoticias.org\/site\/","logo":{"@type":"ImageObject","inLanguage":"pt-PT","@id":"https:\/\/brasilnoticias.org\/site\/#\/schema\/logo\/image\/","url":"https:\/\/brasilnoticias.org\/site\/wp-content\/uploads\/2022\/05\/cropped-brasilnoticias-mini.jpg","contentUrl":"https:\/\/brasilnoticias.org\/site\/wp-content\/uploads\/2022\/05\/cropped-brasilnoticias-mini.jpg","width":314,"height":86,"caption":"Brasil not\u00edcias"},"image":{"@id":"https:\/\/brasilnoticias.org\/site\/#\/schema\/logo\/image\/"}},{"@type":"Person","@id":"https:\/\/brasilnoticias.org\/site\/#\/schema\/person\/03bbbfe6c7634ad18c26444ea39049fa","name":"Reda\u00e7\u00e3o","image":{"@type":"ImageObject","inLanguage":"pt-PT","@id":"https:\/\/brasilnoticias.org\/site\/#\/schema\/person\/image\/","url":"https:\/\/secure.gravatar.com\/avatar\/9ecaf7327a696cb23ad926fedded5f1f04d7049de9e445375d55b48c001a6e42?s=96&d=mm&r=g","contentUrl":"https:\/\/secure.gravatar.com\/avatar\/9ecaf7327a696cb23ad926fedded5f1f04d7049de9e445375d55b48c001a6e42?s=96&d=mm&r=g","caption":"Reda\u00e7\u00e3o"},"url":"https:\/\/brasilnoticias.org\/site\/author\/henrique\/"}]}},"_links":{"self":[{"href":"https:\/\/brasilnoticias.org\/site\/wp-json\/wp\/v2\/posts\/10587","targetHints":{"allow":["GET"]}}],"collection":[{"href":"https:\/\/brasilnoticias.org\/site\/wp-json\/wp\/v2\/posts"}],"about":[{"href":"https:\/\/brasilnoticias.org\/site\/wp-json\/wp\/v2\/types\/post"}],"author":[{"embeddable":true,"href":"https:\/\/brasilnoticias.org\/site\/wp-json\/wp\/v2\/users\/4"}],"replies":[{"embeddable":true,"href":"https:\/\/brasilnoticias.org\/site\/wp-json\/wp\/v2\/comments?post=10587"}],"version-history":[{"count":1,"href":"https:\/\/brasilnoticias.org\/site\/wp-json\/wp\/v2\/posts\/10587\/revisions"}],"predecessor-version":[{"id":10589,"href":"https:\/\/brasilnoticias.org\/site\/wp-json\/wp\/v2\/posts\/10587\/revisions\/10589"}],"wp:featuredmedia":[{"embeddable":true,"href":"https:\/\/brasilnoticias.org\/site\/wp-json\/wp\/v2\/media\/10588"}],"wp:attachment":[{"href":"https:\/\/brasilnoticias.org\/site\/wp-json\/wp\/v2\/media?parent=10587"}],"wp:term":[{"taxonomy":"category","embeddable":true,"href":"https:\/\/brasilnoticias.org\/site\/wp-json\/wp\/v2\/categories?post=10587"},{"taxonomy":"post_tag","embeddable":true,"href":"https:\/\/brasilnoticias.org\/site\/wp-json\/wp\/v2\/tags?post=10587"}],"curies":[{"name":"wp","href":"https:\/\/api.w.org\/{rel}","templated":true}]}}