{"id":1059,"date":"2022-08-01T09:46:35","date_gmt":"2022-08-01T12:46:35","guid":{"rendered":"https:\/\/brasilnoticias.org\/site\/?p=1059"},"modified":"2022-08-01T09:46:35","modified_gmt":"2022-08-01T12:46:35","slug":"novas-regras-trabalhistas-e-teletrabalho-estao-em-risco-entenda","status":"publish","type":"post","link":"https:\/\/brasilnoticias.org\/site\/novas-regras-trabalhistas-e-teletrabalho-estao-em-risco-entenda\/","title":{"rendered":"NOVAS REGRAS TRABALHISTAS E TELETRABALHO EST\u00c3O EM RISCO; ENTENDA"},"content":{"rendered":"<p>Esvaziado pelo per\u00edodo eleitoral e com mat\u00e9rias prestes a perder a validade, o Congresso Nacional volta oficialmente nesta segunda-feira (1\u00ba), ap\u00f3s o recesso parlamentar. Deputados e senadores t\u00eam at\u00e9 o dia 7 de agosto para\u00a0<a href=\"https:\/\/www.bnews.com.br\/noticias\/coronavirus\/286446-pesquisa-indica-que-pandemia-pode-transformar-redacoes.html\" target=\"_blank\" rel=\"noopener\">aprovar tr\u00eas medidas provis\u00f3rias (MPs)<\/a>, caso contr\u00e1rio, elas perder\u00e3o a validade.<\/p>\n<p>Na lista est\u00e3o as MPs que regulamentam o teletrabalho (MP 1108\/2022), admitem n<a href=\"https:\/\/www.bnews.com.br\/tags\/trabalho-remoto\" target=\"_blank\" rel=\"noopener\">ovas regras trabalhistas durante calamidade p\u00fablica<\/a>\u00a0(MP 1109\/2022) e ampliam linhas de financiamento do Programa de Simplifica\u00e7\u00e3o do Microcr\u00e9dito Digital (MP 1110\/2022).<\/p>\n<p>Na C\u00e2mara dos Deputados, o l\u00edder do governo, deputado Ricardo Barros (Republicanos-PR), adiantou que at\u00e9 sexta-feira (5) haver\u00e1 um \u201cesfor\u00e7o concentrado\u201d, acordado com o presidente da Casa, Arthur Lira (PP-AL). No per\u00edodo, a ideia \u00e9 votar tamb\u00e9m propostas com prazo de vencimento at\u00e9 outubro.<\/p>\n<p>Um segundo esfor\u00e7o concentrado est\u00e1 previsto para a \u00faltima semana de agosto at\u00e9 1\u00ba de setembro. No per\u00edodo, al\u00e9m de outras MPs o presidente da C\u00e2mara dever\u00e1 pautar mat\u00e9rias de consenso entre os deputados.<\/p>\n<p>Al\u00e9m das MPs prestes a caducar, h\u00e1 outras na fila. At\u00e9 o fechamento desta reportagem, eram 22 MPs na lista. Todas devem ser analisadas pela\u00a0<a href=\"https:\/\/www.bnews.com.br\/tags\/camara-dos-deputados\" target=\"_blank\" rel=\"noopener\">C\u00e2mara dos Deputados<\/a>\u00a0e, se aprovadas, pelo Senado.<\/p>\n<p>Entre as medidas provis\u00f3rias pendentes est\u00e1 a que trata da abertura de cr\u00e9dito extraordin\u00e1rio de R$ 27,09 bilh\u00f5es no Or\u00e7amento deste ano para pagar benef\u00edcios ampliados na proposta de emenda \u00e0 constitui\u00e7\u00e3o (PEC) que prev\u00ea a cria\u00e7\u00e3o de um estado de emerg\u00eancia para ampliar o pagamento de benef\u00edcios sociais.<\/p>\n<p>Como exemplo, o aumento do valor do\u00a0<a href=\"https:\/\/www.bnews.com.br\/tags\/auxilio-brasil\" target=\"_blank\" rel=\"noopener\">Aux\u00edlio Brasil\u00a0<\/a>de R$ 400 para R$ 600, o reajuste do vale-g\u00e1s e o\u00a0<a href=\"https:\/\/www.bnews.com.br\/noticias\/economia-e-mercado\/mp-libera-r-109-bi-para-auxilios-caminhoneiros-e-taxistas.html\" target=\"_blank\" rel=\"noopener\">voucher de R$ 1 mil para caminhoneiros<\/a>. Esses benef\u00edcios ter\u00e3o validade at\u00e9 31 de dezembro deste ano.<\/p>\n<p>Com for\u00e7a de lei, assim que editadas pelo presidente da Rep\u00fablica e publicadas no Di\u00e1rio Oficial da Uni\u00e3o, as MPs precisam ser aprovadas pelos parlamentares para se tornarem definitivas. A vig\u00eancia inicial de uma MP \u00e9 de 60 dias. O prazo \u00e9 prorrogado automaticamente por igual per\u00edodo, caso o texto n\u00e3o tenha a vota\u00e7\u00e3o conclu\u00edda no Congresso.<\/p>\n<p><strong>Vetos<\/strong><br \/>\nNa volta do recesso, deputados e senadores tamb\u00e9m ter\u00e3o de analisar, em sess\u00e3o conjunta, o veto do presidente Bolsonaro \u00e0 norma que revogou a Lei de Seguran\u00e7a Nacional e definiu crimes contra o Estado Democr\u00e1tico de Direito (VET 46\/2021).<\/p>\n<p>Os trechos mais pol\u00eamicos tratam da divulga\u00e7\u00e3o de fake news e da repress\u00e3o de movimentos pac\u00edficos. A vota\u00e7\u00e3o, prevista para julho, foi adiada por acordo entre as lideran\u00e7as partid\u00e1rias.<\/p>\n<p><strong>Reforma Tribut\u00e1ria<\/strong><br \/>\nEleita como prioridade do Senado pelo presidente Rodrigo Pacheco (PSD \u2013 MG) e pelo presidente da Comiss\u00e3o de Constitui\u00e7\u00e3o e Justi\u00e7a (CCJ), senador Davi Alcolumbre (Uni\u00e3o-AP), a reforma tribut\u00e1ria (PEC110\/19) n\u00e3o avan\u00e7ou, no primeiro semestre, por falta de consenso e deve ficar para 2023.<\/p>\n<p>\u201cTemos o compromisso de avan\u00e7ar nas propostas que j\u00e1 est\u00e3o em discuss\u00e3o, como \u00e9 o caso especial da PEC 110. Esse pleito \u00e9 do setor produtivo, dos contribuintes, dos entes subnacionais. Sabemos da complexidade do tema, mas entendemos que o crescimento de nosso pa\u00eds depende disso, sendo uma prioridade do Congresso Nacional para 2022\u201d, disse Pacheco na abertura do ano legislativo, ainda em fevereiro.<\/p>\n<p>Em debate h\u00e1 duas d\u00e9cadas, h\u00e1 tamb\u00e9m uma proposta sobre o tema em tramita\u00e7\u00e3o na C\u00e2mara, a PEC 45\/2019. Em comum, as propostas de deputados e senadores t\u00eam a extin\u00e7\u00e3o de diversos tributos que incidem sobre bens e servi\u00e7os.<\/p>\n<p>Eles seriam substitu\u00eddos por um s\u00f3 imposto, sobre o valor agregado (IVA). A unifica\u00e7\u00e3o de impostos tem algumas vantagens: simplicidade na cobran\u00e7a; diminui\u00e7\u00e3o da incid\u00eancia sobre o consumo; e uniformidade em todo o pa\u00eds.<\/p>\n<p>&nbsp;<\/p>\n<p>&nbsp;<\/p>\n<p>&nbsp;<\/p>\n<p>Bnews<\/p>\n","protected":false},"excerpt":{"rendered":"<p>Esvaziado pelo per\u00edodo eleitoral e com mat\u00e9rias prestes a perder a validade, o Congresso Nacional volta oficialmente nesta segunda-feira (1\u00ba),<\/p>\n","protected":false},"author":2,"featured_media":1060,"comment_status":"open","ping_status":"open","sticky":false,"template":"","format":"standard","meta":{"colormag_page_container_layout":"default_layout","colormag_page_sidebar_layout":"default_layout","_FSMCFIC_featured_image_caption":"","_FSMCFIC_featured_image_nocaption":"","_FSMCFIC_featured_image_hide":"","footnotes":""},"categories":[7,1],"tags":[],"class_list":["post-1059","post","type-post","status-publish","format-standard","has-post-thumbnail","hentry","category-justica","category-ultimas"],"yoast_head":"<!-- This site is optimized with the Yoast SEO plugin v27.1.1 - https:\/\/yoast.com\/product\/yoast-seo-wordpress\/ -->\n<title>NOVAS REGRAS TRABALHISTAS E TELETRABALHO EST\u00c3O EM RISCO; ENTENDA - Brasil not\u00edcias<\/title>\n<meta name=\"robots\" content=\"index, follow, max-snippet:-1, max-image-preview:large, max-video-preview:-1\" \/>\n<link rel=\"canonical\" href=\"https:\/\/brasilnoticias.org\/site\/novas-regras-trabalhistas-e-teletrabalho-estao-em-risco-entenda\/\" \/>\n<meta property=\"og:locale\" content=\"pt_PT\" \/>\n<meta property=\"og:type\" content=\"article\" \/>\n<meta property=\"og:title\" content=\"NOVAS REGRAS TRABALHISTAS E TELETRABALHO EST\u00c3O EM RISCO; ENTENDA - Brasil not\u00edcias\" \/>\n<meta property=\"og:description\" content=\"Esvaziado pelo per\u00edodo eleitoral e com mat\u00e9rias prestes a perder a validade, o Congresso Nacional volta oficialmente nesta segunda-feira (1\u00ba),\" \/>\n<meta property=\"og:url\" content=\"https:\/\/brasilnoticias.org\/site\/novas-regras-trabalhistas-e-teletrabalho-estao-em-risco-entenda\/\" \/>\n<meta property=\"og:site_name\" content=\"Brasil not\u00edcias\" \/>\n<meta property=\"article:published_time\" content=\"2022-08-01T12:46:35+00:00\" \/>\n<meta property=\"og:image\" content=\"https:\/\/brasilnoticias.org\/site\/wp-content\/uploads\/2022\/08\/novas_regras_trabalhistas_e_teletrabalho_estao_em_risco_widelg-1.jpg\" \/>\n\t<meta property=\"og:image:width\" content=\"800\" \/>\n\t<meta property=\"og:image:height\" content=\"450\" \/>\n\t<meta property=\"og:image:type\" content=\"image\/jpeg\" \/>\n<meta name=\"author\" content=\"Reda\u00e7\u00e3o\" \/>\n<meta name=\"twitter:card\" content=\"summary_large_image\" \/>\n<meta name=\"twitter:label1\" content=\"Escrito por\" \/>\n\t<meta name=\"twitter:data1\" content=\"Reda\u00e7\u00e3o\" \/>\n\t<meta name=\"twitter:label2\" content=\"Tempo estimado de leitura\" \/>\n\t<meta name=\"twitter:data2\" content=\"3 minutos\" \/>\n<script type=\"application\/ld+json\" class=\"yoast-schema-graph\">{\"@context\":\"https:\/\/schema.org\",\"@graph\":[{\"@type\":\"Article\",\"@id\":\"https:\/\/brasilnoticias.org\/site\/novas-regras-trabalhistas-e-teletrabalho-estao-em-risco-entenda\/#article\",\"isPartOf\":{\"@id\":\"https:\/\/brasilnoticias.org\/site\/novas-regras-trabalhistas-e-teletrabalho-estao-em-risco-entenda\/\"},\"author\":{\"name\":\"Reda\u00e7\u00e3o\",\"@id\":\"https:\/\/brasilnoticias.org\/site\/#\/schema\/person\/f609fa847b5314f1c8b983342f34c798\"},\"headline\":\"NOVAS REGRAS TRABALHISTAS E TELETRABALHO EST\u00c3O EM RISCO; ENTENDA\",\"datePublished\":\"2022-08-01T12:46:35+00:00\",\"mainEntityOfPage\":{\"@id\":\"https:\/\/brasilnoticias.org\/site\/novas-regras-trabalhistas-e-teletrabalho-estao-em-risco-entenda\/\"},\"wordCount\":658,\"commentCount\":0,\"publisher\":{\"@id\":\"https:\/\/brasilnoticias.org\/site\/#organization\"},\"image\":{\"@id\":\"https:\/\/brasilnoticias.org\/site\/novas-regras-trabalhistas-e-teletrabalho-estao-em-risco-entenda\/#primaryimage\"},\"thumbnailUrl\":\"https:\/\/brasilnoticias.org\/site\/wp-content\/uploads\/2022\/08\/novas_regras_trabalhistas_e_teletrabalho_estao_em_risco_widelg-1.jpg\",\"articleSection\":[\"Justi\u00e7a\",\"\u00daltimas\"],\"inLanguage\":\"pt-PT\",\"potentialAction\":[{\"@type\":\"CommentAction\",\"name\":\"Comment\",\"target\":[\"https:\/\/brasilnoticias.org\/site\/novas-regras-trabalhistas-e-teletrabalho-estao-em-risco-entenda\/#respond\"]}]},{\"@type\":\"WebPage\",\"@id\":\"https:\/\/brasilnoticias.org\/site\/novas-regras-trabalhistas-e-teletrabalho-estao-em-risco-entenda\/\",\"url\":\"https:\/\/brasilnoticias.org\/site\/novas-regras-trabalhistas-e-teletrabalho-estao-em-risco-entenda\/\",\"name\":\"NOVAS REGRAS TRABALHISTAS E TELETRABALHO EST\u00c3O EM RISCO; ENTENDA - Brasil not\u00edcias\",\"isPartOf\":{\"@id\":\"https:\/\/brasilnoticias.org\/site\/#website\"},\"primaryImageOfPage\":{\"@id\":\"https:\/\/brasilnoticias.org\/site\/novas-regras-trabalhistas-e-teletrabalho-estao-em-risco-entenda\/#primaryimage\"},\"image\":{\"@id\":\"https:\/\/brasilnoticias.org\/site\/novas-regras-trabalhistas-e-teletrabalho-estao-em-risco-entenda\/#primaryimage\"},\"thumbnailUrl\":\"https:\/\/brasilnoticias.org\/site\/wp-content\/uploads\/2022\/08\/novas_regras_trabalhistas_e_teletrabalho_estao_em_risco_widelg-1.jpg\",\"datePublished\":\"2022-08-01T12:46:35+00:00\",\"breadcrumb\":{\"@id\":\"https:\/\/brasilnoticias.org\/site\/novas-regras-trabalhistas-e-teletrabalho-estao-em-risco-entenda\/#breadcrumb\"},\"inLanguage\":\"pt-PT\",\"potentialAction\":[{\"@type\":\"ReadAction\",\"target\":[\"https:\/\/brasilnoticias.org\/site\/novas-regras-trabalhistas-e-teletrabalho-estao-em-risco-entenda\/\"]}]},{\"@type\":\"ImageObject\",\"inLanguage\":\"pt-PT\",\"@id\":\"https:\/\/brasilnoticias.org\/site\/novas-regras-trabalhistas-e-teletrabalho-estao-em-risco-entenda\/#primaryimage\",\"url\":\"https:\/\/brasilnoticias.org\/site\/wp-content\/uploads\/2022\/08\/novas_regras_trabalhistas_e_teletrabalho_estao_em_risco_widelg-1.jpg\",\"contentUrl\":\"https:\/\/brasilnoticias.org\/site\/wp-content\/uploads\/2022\/08\/novas_regras_trabalhistas_e_teletrabalho_estao_em_risco_widelg-1.jpg\",\"width\":800,\"height\":450},{\"@type\":\"BreadcrumbList\",\"@id\":\"https:\/\/brasilnoticias.org\/site\/novas-regras-trabalhistas-e-teletrabalho-estao-em-risco-entenda\/#breadcrumb\",\"itemListElement\":[{\"@type\":\"ListItem\",\"position\":1,\"name\":\"In\u00edcio\",\"item\":\"https:\/\/brasilnoticias.org\/site\/\"},{\"@type\":\"ListItem\",\"position\":2,\"name\":\"NOVAS REGRAS TRABALHISTAS E TELETRABALHO EST\u00c3O EM RISCO; ENTENDA\"}]},{\"@type\":\"WebSite\",\"@id\":\"https:\/\/brasilnoticias.org\/site\/#website\",\"url\":\"https:\/\/brasilnoticias.org\/site\/\",\"name\":\"Brasil not\u00edcias\",\"description\":\"Brasil not\u00edcias\",\"publisher\":{\"@id\":\"https:\/\/brasilnoticias.org\/site\/#organization\"},\"potentialAction\":[{\"@type\":\"SearchAction\",\"target\":{\"@type\":\"EntryPoint\",\"urlTemplate\":\"https:\/\/brasilnoticias.org\/site\/?s={search_term_string}\"},\"query-input\":{\"@type\":\"PropertyValueSpecification\",\"valueRequired\":true,\"valueName\":\"search_term_string\"}}],\"inLanguage\":\"pt-PT\"},{\"@type\":\"Organization\",\"@id\":\"https:\/\/brasilnoticias.org\/site\/#organization\",\"name\":\"Brasil not\u00edcias\",\"url\":\"https:\/\/brasilnoticias.org\/site\/\",\"logo\":{\"@type\":\"ImageObject\",\"inLanguage\":\"pt-PT\",\"@id\":\"https:\/\/brasilnoticias.org\/site\/#\/schema\/logo\/image\/\",\"url\":\"https:\/\/brasilnoticias.org\/site\/wp-content\/uploads\/2022\/05\/cropped-brasilnoticias-mini.jpg\",\"contentUrl\":\"https:\/\/brasilnoticias.org\/site\/wp-content\/uploads\/2022\/05\/cropped-brasilnoticias-mini.jpg\",\"width\":314,\"height\":86,\"caption\":\"Brasil not\u00edcias\"},\"image\":{\"@id\":\"https:\/\/brasilnoticias.org\/site\/#\/schema\/logo\/image\/\"}},{\"@type\":\"Person\",\"@id\":\"https:\/\/brasilnoticias.org\/site\/#\/schema\/person\/f609fa847b5314f1c8b983342f34c798\",\"name\":\"Reda\u00e7\u00e3o\",\"image\":{\"@type\":\"ImageObject\",\"inLanguage\":\"pt-PT\",\"@id\":\"https:\/\/brasilnoticias.org\/site\/#\/schema\/person\/image\/\",\"url\":\"https:\/\/secure.gravatar.com\/avatar\/447284c06c1ad8b46465a36de9cd0d8326b73387a22799b8b1ffb1fbcff2ed0c?s=96&d=mm&r=g\",\"contentUrl\":\"https:\/\/secure.gravatar.com\/avatar\/447284c06c1ad8b46465a36de9cd0d8326b73387a22799b8b1ffb1fbcff2ed0c?s=96&d=mm&r=g\",\"caption\":\"Reda\u00e7\u00e3o\"},\"url\":\"https:\/\/brasilnoticias.org\/site\/author\/redacao\/\"}]}<\/script>\n<!-- \/ Yoast SEO plugin. -->","yoast_head_json":{"title":"NOVAS REGRAS TRABALHISTAS E TELETRABALHO EST\u00c3O EM RISCO; ENTENDA - Brasil not\u00edcias","robots":{"index":"index","follow":"follow","max-snippet":"max-snippet:-1","max-image-preview":"max-image-preview:large","max-video-preview":"max-video-preview:-1"},"canonical":"https:\/\/brasilnoticias.org\/site\/novas-regras-trabalhistas-e-teletrabalho-estao-em-risco-entenda\/","og_locale":"pt_PT","og_type":"article","og_title":"NOVAS REGRAS TRABALHISTAS E TELETRABALHO EST\u00c3O EM RISCO; ENTENDA - Brasil not\u00edcias","og_description":"Esvaziado pelo per\u00edodo eleitoral e com mat\u00e9rias prestes a perder a validade, o Congresso Nacional volta oficialmente nesta segunda-feira (1\u00ba),","og_url":"https:\/\/brasilnoticias.org\/site\/novas-regras-trabalhistas-e-teletrabalho-estao-em-risco-entenda\/","og_site_name":"Brasil not\u00edcias","article_published_time":"2022-08-01T12:46:35+00:00","og_image":[{"width":800,"height":450,"url":"https:\/\/brasilnoticias.org\/site\/wp-content\/uploads\/2022\/08\/novas_regras_trabalhistas_e_teletrabalho_estao_em_risco_widelg-1.jpg","type":"image\/jpeg"}],"author":"Reda\u00e7\u00e3o","twitter_card":"summary_large_image","twitter_misc":{"Escrito por":"Reda\u00e7\u00e3o","Tempo estimado de leitura":"3 minutos"},"schema":{"@context":"https:\/\/schema.org","@graph":[{"@type":"Article","@id":"https:\/\/brasilnoticias.org\/site\/novas-regras-trabalhistas-e-teletrabalho-estao-em-risco-entenda\/#article","isPartOf":{"@id":"https:\/\/brasilnoticias.org\/site\/novas-regras-trabalhistas-e-teletrabalho-estao-em-risco-entenda\/"},"author":{"name":"Reda\u00e7\u00e3o","@id":"https:\/\/brasilnoticias.org\/site\/#\/schema\/person\/f609fa847b5314f1c8b983342f34c798"},"headline":"NOVAS REGRAS TRABALHISTAS E TELETRABALHO EST\u00c3O EM RISCO; ENTENDA","datePublished":"2022-08-01T12:46:35+00:00","mainEntityOfPage":{"@id":"https:\/\/brasilnoticias.org\/site\/novas-regras-trabalhistas-e-teletrabalho-estao-em-risco-entenda\/"},"wordCount":658,"commentCount":0,"publisher":{"@id":"https:\/\/brasilnoticias.org\/site\/#organization"},"image":{"@id":"https:\/\/brasilnoticias.org\/site\/novas-regras-trabalhistas-e-teletrabalho-estao-em-risco-entenda\/#primaryimage"},"thumbnailUrl":"https:\/\/brasilnoticias.org\/site\/wp-content\/uploads\/2022\/08\/novas_regras_trabalhistas_e_teletrabalho_estao_em_risco_widelg-1.jpg","articleSection":["Justi\u00e7a","\u00daltimas"],"inLanguage":"pt-PT","potentialAction":[{"@type":"CommentAction","name":"Comment","target":["https:\/\/brasilnoticias.org\/site\/novas-regras-trabalhistas-e-teletrabalho-estao-em-risco-entenda\/#respond"]}]},{"@type":"WebPage","@id":"https:\/\/brasilnoticias.org\/site\/novas-regras-trabalhistas-e-teletrabalho-estao-em-risco-entenda\/","url":"https:\/\/brasilnoticias.org\/site\/novas-regras-trabalhistas-e-teletrabalho-estao-em-risco-entenda\/","name":"NOVAS REGRAS TRABALHISTAS E TELETRABALHO EST\u00c3O EM RISCO; ENTENDA - Brasil not\u00edcias","isPartOf":{"@id":"https:\/\/brasilnoticias.org\/site\/#website"},"primaryImageOfPage":{"@id":"https:\/\/brasilnoticias.org\/site\/novas-regras-trabalhistas-e-teletrabalho-estao-em-risco-entenda\/#primaryimage"},"image":{"@id":"https:\/\/brasilnoticias.org\/site\/novas-regras-trabalhistas-e-teletrabalho-estao-em-risco-entenda\/#primaryimage"},"thumbnailUrl":"https:\/\/brasilnoticias.org\/site\/wp-content\/uploads\/2022\/08\/novas_regras_trabalhistas_e_teletrabalho_estao_em_risco_widelg-1.jpg","datePublished":"2022-08-01T12:46:35+00:00","breadcrumb":{"@id":"https:\/\/brasilnoticias.org\/site\/novas-regras-trabalhistas-e-teletrabalho-estao-em-risco-entenda\/#breadcrumb"},"inLanguage":"pt-PT","potentialAction":[{"@type":"ReadAction","target":["https:\/\/brasilnoticias.org\/site\/novas-regras-trabalhistas-e-teletrabalho-estao-em-risco-entenda\/"]}]},{"@type":"ImageObject","inLanguage":"pt-PT","@id":"https:\/\/brasilnoticias.org\/site\/novas-regras-trabalhistas-e-teletrabalho-estao-em-risco-entenda\/#primaryimage","url":"https:\/\/brasilnoticias.org\/site\/wp-content\/uploads\/2022\/08\/novas_regras_trabalhistas_e_teletrabalho_estao_em_risco_widelg-1.jpg","contentUrl":"https:\/\/brasilnoticias.org\/site\/wp-content\/uploads\/2022\/08\/novas_regras_trabalhistas_e_teletrabalho_estao_em_risco_widelg-1.jpg","width":800,"height":450},{"@type":"BreadcrumbList","@id":"https:\/\/brasilnoticias.org\/site\/novas-regras-trabalhistas-e-teletrabalho-estao-em-risco-entenda\/#breadcrumb","itemListElement":[{"@type":"ListItem","position":1,"name":"In\u00edcio","item":"https:\/\/brasilnoticias.org\/site\/"},{"@type":"ListItem","position":2,"name":"NOVAS REGRAS TRABALHISTAS E TELETRABALHO EST\u00c3O EM RISCO; ENTENDA"}]},{"@type":"WebSite","@id":"https:\/\/brasilnoticias.org\/site\/#website","url":"https:\/\/brasilnoticias.org\/site\/","name":"Brasil not\u00edcias","description":"Brasil not\u00edcias","publisher":{"@id":"https:\/\/brasilnoticias.org\/site\/#organization"},"potentialAction":[{"@type":"SearchAction","target":{"@type":"EntryPoint","urlTemplate":"https:\/\/brasilnoticias.org\/site\/?s={search_term_string}"},"query-input":{"@type":"PropertyValueSpecification","valueRequired":true,"valueName":"search_term_string"}}],"inLanguage":"pt-PT"},{"@type":"Organization","@id":"https:\/\/brasilnoticias.org\/site\/#organization","name":"Brasil not\u00edcias","url":"https:\/\/brasilnoticias.org\/site\/","logo":{"@type":"ImageObject","inLanguage":"pt-PT","@id":"https:\/\/brasilnoticias.org\/site\/#\/schema\/logo\/image\/","url":"https:\/\/brasilnoticias.org\/site\/wp-content\/uploads\/2022\/05\/cropped-brasilnoticias-mini.jpg","contentUrl":"https:\/\/brasilnoticias.org\/site\/wp-content\/uploads\/2022\/05\/cropped-brasilnoticias-mini.jpg","width":314,"height":86,"caption":"Brasil not\u00edcias"},"image":{"@id":"https:\/\/brasilnoticias.org\/site\/#\/schema\/logo\/image\/"}},{"@type":"Person","@id":"https:\/\/brasilnoticias.org\/site\/#\/schema\/person\/f609fa847b5314f1c8b983342f34c798","name":"Reda\u00e7\u00e3o","image":{"@type":"ImageObject","inLanguage":"pt-PT","@id":"https:\/\/brasilnoticias.org\/site\/#\/schema\/person\/image\/","url":"https:\/\/secure.gravatar.com\/avatar\/447284c06c1ad8b46465a36de9cd0d8326b73387a22799b8b1ffb1fbcff2ed0c?s=96&d=mm&r=g","contentUrl":"https:\/\/secure.gravatar.com\/avatar\/447284c06c1ad8b46465a36de9cd0d8326b73387a22799b8b1ffb1fbcff2ed0c?s=96&d=mm&r=g","caption":"Reda\u00e7\u00e3o"},"url":"https:\/\/brasilnoticias.org\/site\/author\/redacao\/"}]}},"_links":{"self":[{"href":"https:\/\/brasilnoticias.org\/site\/wp-json\/wp\/v2\/posts\/1059","targetHints":{"allow":["GET"]}}],"collection":[{"href":"https:\/\/brasilnoticias.org\/site\/wp-json\/wp\/v2\/posts"}],"about":[{"href":"https:\/\/brasilnoticias.org\/site\/wp-json\/wp\/v2\/types\/post"}],"author":[{"embeddable":true,"href":"https:\/\/brasilnoticias.org\/site\/wp-json\/wp\/v2\/users\/2"}],"replies":[{"embeddable":true,"href":"https:\/\/brasilnoticias.org\/site\/wp-json\/wp\/v2\/comments?post=1059"}],"version-history":[{"count":1,"href":"https:\/\/brasilnoticias.org\/site\/wp-json\/wp\/v2\/posts\/1059\/revisions"}],"predecessor-version":[{"id":1061,"href":"https:\/\/brasilnoticias.org\/site\/wp-json\/wp\/v2\/posts\/1059\/revisions\/1061"}],"wp:featuredmedia":[{"embeddable":true,"href":"https:\/\/brasilnoticias.org\/site\/wp-json\/wp\/v2\/media\/1060"}],"wp:attachment":[{"href":"https:\/\/brasilnoticias.org\/site\/wp-json\/wp\/v2\/media?parent=1059"}],"wp:term":[{"taxonomy":"category","embeddable":true,"href":"https:\/\/brasilnoticias.org\/site\/wp-json\/wp\/v2\/categories?post=1059"},{"taxonomy":"post_tag","embeddable":true,"href":"https:\/\/brasilnoticias.org\/site\/wp-json\/wp\/v2\/tags?post=1059"}],"curies":[{"name":"wp","href":"https:\/\/api.w.org\/{rel}","templated":true}]}}