{"id":10606,"date":"2023-11-01T00:08:32","date_gmt":"2023-11-01T03:08:32","guid":{"rendered":"https:\/\/brasilnoticias.org\/site\/?p=10606"},"modified":"2023-11-01T00:08:32","modified_gmt":"2023-11-01T03:08:32","slug":"brasil-tem-janela-de-oportunidades-para-reindustrializacao-verde-diz-presidente-do-bndes","status":"publish","type":"post","link":"https:\/\/brasilnoticias.org\/site\/brasil-tem-janela-de-oportunidades-para-reindustrializacao-verde-diz-presidente-do-bndes\/","title":{"rendered":"Brasil tem janela de oportunidades para reindustrializa\u00e7\u00e3o verde, diz presidente do BNDES"},"content":{"rendered":"<p>Estrat\u00e9gias visando transi\u00e7\u00e3o energ\u00e9tica utilizadas pela Europa e Estados Unidos s\u00e3o exemplo para o Brasil<\/p>\n<p>O presidente do Banco Nacional de Desenvolvimento Econ\u00f4mico e Social (BNDES), Aloizio Mercadante, defendeu que o Brasil siga o exemplo de EUA e Europa para reindustrializar sua economia de forma sustent\u00e1vel. Para isso, o pa\u00eds precisa de investimentos p\u00fablicos em setores como energia renov\u00e1vel e tecnologia.<\/p>\n<p>Mercadante fez a afirma\u00e7\u00e3o durante a Comiss\u00e3o de Meio Ambiente do Senado, nesta ter\u00e7a-feira (31). Ele ressaltou a avalia\u00e7\u00e3o feita por diferentes autoridades brasileiras de que o pa\u00eds vive uma &#8220;janela hist\u00f3rica de oportunidades&#8221; que s\u00e3o das mudan\u00e7as e da reorganiza\u00e7\u00e3o da economia global.<\/p>\n<p>\u201cH\u00e1 500 bancos p\u00fablicos no mundo. Eles t\u00eam patrim\u00f4nio de US$ 18,7 trilh\u00f5es e respondem por 10% dos investimentos. Os norte-americanos est\u00e3o botando US$ 383 bilh\u00f5es na transi\u00e7\u00e3o [energ\u00e9tica]. Isso \u00e9 subs\u00eddio do Estado americano. \u00c9 pol\u00edtica de compra do Estado; \u00e9 protecionismo. H\u00e1 inclusive mais US$ 280 bilh\u00f5es [em investimentos] para microprocessadores, visando atrair as plantas industriais\u201d, disse Mercadante.<\/p>\n<p>O presidente do BNDES explicou que est\u00e1 em curso \u201cuma redistribui\u00e7\u00e3o da cadeia global de valor\u201d, e nesse sentido, os EUA est\u00e3o \u201ccuidando do pr\u00f3prio quintal\u201d ao se reindustrializarem. \u201cOs Estados Unidos acordaram. J\u00e1 na Europa, s\u00e3o 806 bilh\u00f5es de euros sendo colocados na economia\u201d, complementou.<\/p>\n<p>O presidente do BNDES, Aloizio Mercadante, defende que o Brasil siga o exemplo de EUA e Europa para reindustrializar sua economia de forma sustent\u00e1vel. Para isso, o pa\u00eds precisa de investimentos p\u00fablicos em setores como energia renov\u00e1vel e tecnologia.<\/p>\n<p>Mercadante critica a agenda neoliberal, que prega o Estado m\u00ednimo, e afirma que o Brasil precisa de um papel ativo do governo para aproveitar a &#8220;janela de oportunidade&#8221; que se abre com a transi\u00e7\u00e3o energ\u00e9tica. Ele tamb\u00e9m destaca que o pa\u00eds \u00e9 uma refer\u00eancia de estabilidade e paz, o que pode atrair investimentos estrangeiros.<\/p>\n<p>Foto: Fabio Rodrigues Pozzebom\/Ag\u00eancia Brasil<br \/>\nPor: Metro1<\/p>\n","protected":false},"excerpt":{"rendered":"<p>Estrat\u00e9gias visando transi\u00e7\u00e3o energ\u00e9tica utilizadas pela Europa e Estados Unidos s\u00e3o exemplo para o Brasil O presidente do Banco Nacional<\/p>\n","protected":false},"author":4,"featured_media":10607,"comment_status":"open","ping_status":"open","sticky":false,"template":"","format":"standard","meta":{"colormag_page_container_layout":"default_layout","colormag_page_sidebar_layout":"default_layout","_FSMCFIC_featured_image_caption":"","_FSMCFIC_featured_image_nocaption":"","_FSMCFIC_featured_image_hide":"","footnotes":""},"categories":[5,1],"tags":[],"class_list":["post-10606","post","type-post","status-publish","format-standard","has-post-thumbnail","hentry","category-politica","category-ultimas"],"yoast_head":"<!-- This site is optimized with the Yoast SEO plugin v27.1.1 - https:\/\/yoast.com\/product\/yoast-seo-wordpress\/ -->\n<title>Brasil tem janela de oportunidades para reindustrializa\u00e7\u00e3o verde, diz presidente do BNDES - Brasil not\u00edcias<\/title>\n<meta name=\"robots\" content=\"index, follow, max-snippet:-1, max-image-preview:large, max-video-preview:-1\" \/>\n<link rel=\"canonical\" href=\"https:\/\/brasilnoticias.org\/site\/brasil-tem-janela-de-oportunidades-para-reindustrializacao-verde-diz-presidente-do-bndes\/\" \/>\n<meta property=\"og:locale\" content=\"pt_PT\" \/>\n<meta property=\"og:type\" content=\"article\" \/>\n<meta property=\"og:title\" content=\"Brasil tem janela de oportunidades para reindustrializa\u00e7\u00e3o verde, diz presidente do BNDES - Brasil not\u00edcias\" \/>\n<meta property=\"og:description\" content=\"Estrat\u00e9gias visando transi\u00e7\u00e3o energ\u00e9tica utilizadas pela Europa e Estados Unidos s\u00e3o exemplo para o Brasil O presidente do Banco Nacional\" \/>\n<meta property=\"og:url\" content=\"https:\/\/brasilnoticias.org\/site\/brasil-tem-janela-de-oportunidades-para-reindustrializacao-verde-diz-presidente-do-bndes\/\" \/>\n<meta property=\"og:site_name\" content=\"Brasil not\u00edcias\" \/>\n<meta property=\"article:published_time\" content=\"2023-11-01T03:08:32+00:00\" \/>\n<meta property=\"og:image\" content=\"https:\/\/brasilnoticias.org\/site\/wp-content\/uploads\/2023\/11\/142643brasil-tem-janela-de-oportunidades-para-reindustrializacao-verde-diz-presidente-do-bndes-3.jpg\" \/>\n\t<meta property=\"og:image:width\" content=\"1600\" \/>\n\t<meta property=\"og:image:height\" content=\"752\" \/>\n\t<meta property=\"og:image:type\" content=\"image\/jpeg\" \/>\n<meta name=\"author\" content=\"Reda\u00e7\u00e3o\" \/>\n<meta name=\"twitter:card\" content=\"summary_large_image\" \/>\n<meta name=\"twitter:label1\" content=\"Escrito por\" \/>\n\t<meta name=\"twitter:data1\" content=\"Reda\u00e7\u00e3o\" \/>\n<script type=\"application\/ld+json\" class=\"yoast-schema-graph\">{\"@context\":\"https:\/\/schema.org\",\"@graph\":[{\"@type\":\"Article\",\"@id\":\"https:\/\/brasilnoticias.org\/site\/brasil-tem-janela-de-oportunidades-para-reindustrializacao-verde-diz-presidente-do-bndes\/#article\",\"isPartOf\":{\"@id\":\"https:\/\/brasilnoticias.org\/site\/brasil-tem-janela-de-oportunidades-para-reindustrializacao-verde-diz-presidente-do-bndes\/\"},\"author\":{\"name\":\"Reda\u00e7\u00e3o\",\"@id\":\"https:\/\/brasilnoticias.org\/site\/#\/schema\/person\/03bbbfe6c7634ad18c26444ea39049fa\"},\"headline\":\"Brasil tem janela de oportunidades para reindustrializa\u00e7\u00e3o verde, diz presidente do BNDES\",\"datePublished\":\"2023-11-01T03:08:32+00:00\",\"mainEntityOfPage\":{\"@id\":\"https:\/\/brasilnoticias.org\/site\/brasil-tem-janela-de-oportunidades-para-reindustrializacao-verde-diz-presidente-do-bndes\/\"},\"wordCount\":359,\"commentCount\":0,\"publisher\":{\"@id\":\"https:\/\/brasilnoticias.org\/site\/#organization\"},\"image\":{\"@id\":\"https:\/\/brasilnoticias.org\/site\/brasil-tem-janela-de-oportunidades-para-reindustrializacao-verde-diz-presidente-do-bndes\/#primaryimage\"},\"thumbnailUrl\":\"https:\/\/brasilnoticias.org\/site\/wp-content\/uploads\/2023\/11\/142643brasil-tem-janela-de-oportunidades-para-reindustrializacao-verde-diz-presidente-do-bndes-3.jpg\",\"articleSection\":[\"Pol\u00edtica\",\"\u00daltimas\"],\"inLanguage\":\"pt-PT\",\"potentialAction\":[{\"@type\":\"CommentAction\",\"name\":\"Comment\",\"target\":[\"https:\/\/brasilnoticias.org\/site\/brasil-tem-janela-de-oportunidades-para-reindustrializacao-verde-diz-presidente-do-bndes\/#respond\"]}]},{\"@type\":\"WebPage\",\"@id\":\"https:\/\/brasilnoticias.org\/site\/brasil-tem-janela-de-oportunidades-para-reindustrializacao-verde-diz-presidente-do-bndes\/\",\"url\":\"https:\/\/brasilnoticias.org\/site\/brasil-tem-janela-de-oportunidades-para-reindustrializacao-verde-diz-presidente-do-bndes\/\",\"name\":\"Brasil tem janela de oportunidades para reindustrializa\u00e7\u00e3o verde, diz presidente do BNDES - Brasil not\u00edcias\",\"isPartOf\":{\"@id\":\"https:\/\/brasilnoticias.org\/site\/#website\"},\"primaryImageOfPage\":{\"@id\":\"https:\/\/brasilnoticias.org\/site\/brasil-tem-janela-de-oportunidades-para-reindustrializacao-verde-diz-presidente-do-bndes\/#primaryimage\"},\"image\":{\"@id\":\"https:\/\/brasilnoticias.org\/site\/brasil-tem-janela-de-oportunidades-para-reindustrializacao-verde-diz-presidente-do-bndes\/#primaryimage\"},\"thumbnailUrl\":\"https:\/\/brasilnoticias.org\/site\/wp-content\/uploads\/2023\/11\/142643brasil-tem-janela-de-oportunidades-para-reindustrializacao-verde-diz-presidente-do-bndes-3.jpg\",\"datePublished\":\"2023-11-01T03:08:32+00:00\",\"breadcrumb\":{\"@id\":\"https:\/\/brasilnoticias.org\/site\/brasil-tem-janela-de-oportunidades-para-reindustrializacao-verde-diz-presidente-do-bndes\/#breadcrumb\"},\"inLanguage\":\"pt-PT\",\"potentialAction\":[{\"@type\":\"ReadAction\",\"target\":[\"https:\/\/brasilnoticias.org\/site\/brasil-tem-janela-de-oportunidades-para-reindustrializacao-verde-diz-presidente-do-bndes\/\"]}]},{\"@type\":\"ImageObject\",\"inLanguage\":\"pt-PT\",\"@id\":\"https:\/\/brasilnoticias.org\/site\/brasil-tem-janela-de-oportunidades-para-reindustrializacao-verde-diz-presidente-do-bndes\/#primaryimage\",\"url\":\"https:\/\/brasilnoticias.org\/site\/wp-content\/uploads\/2023\/11\/142643brasil-tem-janela-de-oportunidades-para-reindustrializacao-verde-diz-presidente-do-bndes-3.jpg\",\"contentUrl\":\"https:\/\/brasilnoticias.org\/site\/wp-content\/uploads\/2023\/11\/142643brasil-tem-janela-de-oportunidades-para-reindustrializacao-verde-diz-presidente-do-bndes-3.jpg\",\"width\":1600,\"height\":752},{\"@type\":\"BreadcrumbList\",\"@id\":\"https:\/\/brasilnoticias.org\/site\/brasil-tem-janela-de-oportunidades-para-reindustrializacao-verde-diz-presidente-do-bndes\/#breadcrumb\",\"itemListElement\":[{\"@type\":\"ListItem\",\"position\":1,\"name\":\"In\u00edcio\",\"item\":\"https:\/\/brasilnoticias.org\/site\/\"},{\"@type\":\"ListItem\",\"position\":2,\"name\":\"Brasil tem janela de oportunidades para reindustrializa\u00e7\u00e3o verde, diz presidente do BNDES\"}]},{\"@type\":\"WebSite\",\"@id\":\"https:\/\/brasilnoticias.org\/site\/#website\",\"url\":\"https:\/\/brasilnoticias.org\/site\/\",\"name\":\"Brasil not\u00edcias\",\"description\":\"Brasil not\u00edcias\",\"publisher\":{\"@id\":\"https:\/\/brasilnoticias.org\/site\/#organization\"},\"potentialAction\":[{\"@type\":\"SearchAction\",\"target\":{\"@type\":\"EntryPoint\",\"urlTemplate\":\"https:\/\/brasilnoticias.org\/site\/?s={search_term_string}\"},\"query-input\":{\"@type\":\"PropertyValueSpecification\",\"valueRequired\":true,\"valueName\":\"search_term_string\"}}],\"inLanguage\":\"pt-PT\"},{\"@type\":\"Organization\",\"@id\":\"https:\/\/brasilnoticias.org\/site\/#organization\",\"name\":\"Brasil not\u00edcias\",\"url\":\"https:\/\/brasilnoticias.org\/site\/\",\"logo\":{\"@type\":\"ImageObject\",\"inLanguage\":\"pt-PT\",\"@id\":\"https:\/\/brasilnoticias.org\/site\/#\/schema\/logo\/image\/\",\"url\":\"https:\/\/brasilnoticias.org\/site\/wp-content\/uploads\/2022\/05\/cropped-brasilnoticias-mini.jpg\",\"contentUrl\":\"https:\/\/brasilnoticias.org\/site\/wp-content\/uploads\/2022\/05\/cropped-brasilnoticias-mini.jpg\",\"width\":314,\"height\":86,\"caption\":\"Brasil not\u00edcias\"},\"image\":{\"@id\":\"https:\/\/brasilnoticias.org\/site\/#\/schema\/logo\/image\/\"}},{\"@type\":\"Person\",\"@id\":\"https:\/\/brasilnoticias.org\/site\/#\/schema\/person\/03bbbfe6c7634ad18c26444ea39049fa\",\"name\":\"Reda\u00e7\u00e3o\",\"image\":{\"@type\":\"ImageObject\",\"inLanguage\":\"pt-PT\",\"@id\":\"https:\/\/brasilnoticias.org\/site\/#\/schema\/person\/image\/\",\"url\":\"https:\/\/secure.gravatar.com\/avatar\/9ecaf7327a696cb23ad926fedded5f1f04d7049de9e445375d55b48c001a6e42?s=96&d=mm&r=g\",\"contentUrl\":\"https:\/\/secure.gravatar.com\/avatar\/9ecaf7327a696cb23ad926fedded5f1f04d7049de9e445375d55b48c001a6e42?s=96&d=mm&r=g\",\"caption\":\"Reda\u00e7\u00e3o\"},\"url\":\"https:\/\/brasilnoticias.org\/site\/author\/henrique\/\"}]}<\/script>\n<!-- \/ Yoast SEO plugin. -->","yoast_head_json":{"title":"Brasil tem janela de oportunidades para reindustrializa\u00e7\u00e3o verde, diz presidente do BNDES - Brasil not\u00edcias","robots":{"index":"index","follow":"follow","max-snippet":"max-snippet:-1","max-image-preview":"max-image-preview:large","max-video-preview":"max-video-preview:-1"},"canonical":"https:\/\/brasilnoticias.org\/site\/brasil-tem-janela-de-oportunidades-para-reindustrializacao-verde-diz-presidente-do-bndes\/","og_locale":"pt_PT","og_type":"article","og_title":"Brasil tem janela de oportunidades para reindustrializa\u00e7\u00e3o verde, diz presidente do BNDES - Brasil not\u00edcias","og_description":"Estrat\u00e9gias visando transi\u00e7\u00e3o energ\u00e9tica utilizadas pela Europa e Estados Unidos s\u00e3o exemplo para o Brasil O presidente do Banco Nacional","og_url":"https:\/\/brasilnoticias.org\/site\/brasil-tem-janela-de-oportunidades-para-reindustrializacao-verde-diz-presidente-do-bndes\/","og_site_name":"Brasil not\u00edcias","article_published_time":"2023-11-01T03:08:32+00:00","og_image":[{"width":1600,"height":752,"url":"https:\/\/brasilnoticias.org\/site\/wp-content\/uploads\/2023\/11\/142643brasil-tem-janela-de-oportunidades-para-reindustrializacao-verde-diz-presidente-do-bndes-3.jpg","type":"image\/jpeg"}],"author":"Reda\u00e7\u00e3o","twitter_card":"summary_large_image","twitter_misc":{"Escrito por":"Reda\u00e7\u00e3o"},"schema":{"@context":"https:\/\/schema.org","@graph":[{"@type":"Article","@id":"https:\/\/brasilnoticias.org\/site\/brasil-tem-janela-de-oportunidades-para-reindustrializacao-verde-diz-presidente-do-bndes\/#article","isPartOf":{"@id":"https:\/\/brasilnoticias.org\/site\/brasil-tem-janela-de-oportunidades-para-reindustrializacao-verde-diz-presidente-do-bndes\/"},"author":{"name":"Reda\u00e7\u00e3o","@id":"https:\/\/brasilnoticias.org\/site\/#\/schema\/person\/03bbbfe6c7634ad18c26444ea39049fa"},"headline":"Brasil tem janela de oportunidades para reindustrializa\u00e7\u00e3o verde, diz presidente do BNDES","datePublished":"2023-11-01T03:08:32+00:00","mainEntityOfPage":{"@id":"https:\/\/brasilnoticias.org\/site\/brasil-tem-janela-de-oportunidades-para-reindustrializacao-verde-diz-presidente-do-bndes\/"},"wordCount":359,"commentCount":0,"publisher":{"@id":"https:\/\/brasilnoticias.org\/site\/#organization"},"image":{"@id":"https:\/\/brasilnoticias.org\/site\/brasil-tem-janela-de-oportunidades-para-reindustrializacao-verde-diz-presidente-do-bndes\/#primaryimage"},"thumbnailUrl":"https:\/\/brasilnoticias.org\/site\/wp-content\/uploads\/2023\/11\/142643brasil-tem-janela-de-oportunidades-para-reindustrializacao-verde-diz-presidente-do-bndes-3.jpg","articleSection":["Pol\u00edtica","\u00daltimas"],"inLanguage":"pt-PT","potentialAction":[{"@type":"CommentAction","name":"Comment","target":["https:\/\/brasilnoticias.org\/site\/brasil-tem-janela-de-oportunidades-para-reindustrializacao-verde-diz-presidente-do-bndes\/#respond"]}]},{"@type":"WebPage","@id":"https:\/\/brasilnoticias.org\/site\/brasil-tem-janela-de-oportunidades-para-reindustrializacao-verde-diz-presidente-do-bndes\/","url":"https:\/\/brasilnoticias.org\/site\/brasil-tem-janela-de-oportunidades-para-reindustrializacao-verde-diz-presidente-do-bndes\/","name":"Brasil tem janela de oportunidades para reindustrializa\u00e7\u00e3o verde, diz presidente do BNDES - Brasil not\u00edcias","isPartOf":{"@id":"https:\/\/brasilnoticias.org\/site\/#website"},"primaryImageOfPage":{"@id":"https:\/\/brasilnoticias.org\/site\/brasil-tem-janela-de-oportunidades-para-reindustrializacao-verde-diz-presidente-do-bndes\/#primaryimage"},"image":{"@id":"https:\/\/brasilnoticias.org\/site\/brasil-tem-janela-de-oportunidades-para-reindustrializacao-verde-diz-presidente-do-bndes\/#primaryimage"},"thumbnailUrl":"https:\/\/brasilnoticias.org\/site\/wp-content\/uploads\/2023\/11\/142643brasil-tem-janela-de-oportunidades-para-reindustrializacao-verde-diz-presidente-do-bndes-3.jpg","datePublished":"2023-11-01T03:08:32+00:00","breadcrumb":{"@id":"https:\/\/brasilnoticias.org\/site\/brasil-tem-janela-de-oportunidades-para-reindustrializacao-verde-diz-presidente-do-bndes\/#breadcrumb"},"inLanguage":"pt-PT","potentialAction":[{"@type":"ReadAction","target":["https:\/\/brasilnoticias.org\/site\/brasil-tem-janela-de-oportunidades-para-reindustrializacao-verde-diz-presidente-do-bndes\/"]}]},{"@type":"ImageObject","inLanguage":"pt-PT","@id":"https:\/\/brasilnoticias.org\/site\/brasil-tem-janela-de-oportunidades-para-reindustrializacao-verde-diz-presidente-do-bndes\/#primaryimage","url":"https:\/\/brasilnoticias.org\/site\/wp-content\/uploads\/2023\/11\/142643brasil-tem-janela-de-oportunidades-para-reindustrializacao-verde-diz-presidente-do-bndes-3.jpg","contentUrl":"https:\/\/brasilnoticias.org\/site\/wp-content\/uploads\/2023\/11\/142643brasil-tem-janela-de-oportunidades-para-reindustrializacao-verde-diz-presidente-do-bndes-3.jpg","width":1600,"height":752},{"@type":"BreadcrumbList","@id":"https:\/\/brasilnoticias.org\/site\/brasil-tem-janela-de-oportunidades-para-reindustrializacao-verde-diz-presidente-do-bndes\/#breadcrumb","itemListElement":[{"@type":"ListItem","position":1,"name":"In\u00edcio","item":"https:\/\/brasilnoticias.org\/site\/"},{"@type":"ListItem","position":2,"name":"Brasil tem janela de oportunidades para reindustrializa\u00e7\u00e3o verde, diz presidente do BNDES"}]},{"@type":"WebSite","@id":"https:\/\/brasilnoticias.org\/site\/#website","url":"https:\/\/brasilnoticias.org\/site\/","name":"Brasil not\u00edcias","description":"Brasil not\u00edcias","publisher":{"@id":"https:\/\/brasilnoticias.org\/site\/#organization"},"potentialAction":[{"@type":"SearchAction","target":{"@type":"EntryPoint","urlTemplate":"https:\/\/brasilnoticias.org\/site\/?s={search_term_string}"},"query-input":{"@type":"PropertyValueSpecification","valueRequired":true,"valueName":"search_term_string"}}],"inLanguage":"pt-PT"},{"@type":"Organization","@id":"https:\/\/brasilnoticias.org\/site\/#organization","name":"Brasil not\u00edcias","url":"https:\/\/brasilnoticias.org\/site\/","logo":{"@type":"ImageObject","inLanguage":"pt-PT","@id":"https:\/\/brasilnoticias.org\/site\/#\/schema\/logo\/image\/","url":"https:\/\/brasilnoticias.org\/site\/wp-content\/uploads\/2022\/05\/cropped-brasilnoticias-mini.jpg","contentUrl":"https:\/\/brasilnoticias.org\/site\/wp-content\/uploads\/2022\/05\/cropped-brasilnoticias-mini.jpg","width":314,"height":86,"caption":"Brasil not\u00edcias"},"image":{"@id":"https:\/\/brasilnoticias.org\/site\/#\/schema\/logo\/image\/"}},{"@type":"Person","@id":"https:\/\/brasilnoticias.org\/site\/#\/schema\/person\/03bbbfe6c7634ad18c26444ea39049fa","name":"Reda\u00e7\u00e3o","image":{"@type":"ImageObject","inLanguage":"pt-PT","@id":"https:\/\/brasilnoticias.org\/site\/#\/schema\/person\/image\/","url":"https:\/\/secure.gravatar.com\/avatar\/9ecaf7327a696cb23ad926fedded5f1f04d7049de9e445375d55b48c001a6e42?s=96&d=mm&r=g","contentUrl":"https:\/\/secure.gravatar.com\/avatar\/9ecaf7327a696cb23ad926fedded5f1f04d7049de9e445375d55b48c001a6e42?s=96&d=mm&r=g","caption":"Reda\u00e7\u00e3o"},"url":"https:\/\/brasilnoticias.org\/site\/author\/henrique\/"}]}},"_links":{"self":[{"href":"https:\/\/brasilnoticias.org\/site\/wp-json\/wp\/v2\/posts\/10606","targetHints":{"allow":["GET"]}}],"collection":[{"href":"https:\/\/brasilnoticias.org\/site\/wp-json\/wp\/v2\/posts"}],"about":[{"href":"https:\/\/brasilnoticias.org\/site\/wp-json\/wp\/v2\/types\/post"}],"author":[{"embeddable":true,"href":"https:\/\/brasilnoticias.org\/site\/wp-json\/wp\/v2\/users\/4"}],"replies":[{"embeddable":true,"href":"https:\/\/brasilnoticias.org\/site\/wp-json\/wp\/v2\/comments?post=10606"}],"version-history":[{"count":1,"href":"https:\/\/brasilnoticias.org\/site\/wp-json\/wp\/v2\/posts\/10606\/revisions"}],"predecessor-version":[{"id":10608,"href":"https:\/\/brasilnoticias.org\/site\/wp-json\/wp\/v2\/posts\/10606\/revisions\/10608"}],"wp:featuredmedia":[{"embeddable":true,"href":"https:\/\/brasilnoticias.org\/site\/wp-json\/wp\/v2\/media\/10607"}],"wp:attachment":[{"href":"https:\/\/brasilnoticias.org\/site\/wp-json\/wp\/v2\/media?parent=10606"}],"wp:term":[{"taxonomy":"category","embeddable":true,"href":"https:\/\/brasilnoticias.org\/site\/wp-json\/wp\/v2\/categories?post=10606"},{"taxonomy":"post_tag","embeddable":true,"href":"https:\/\/brasilnoticias.org\/site\/wp-json\/wp\/v2\/tags?post=10606"}],"curies":[{"name":"wp","href":"https:\/\/api.w.org\/{rel}","templated":true}]}}