{"id":10612,"date":"2023-11-01T08:24:49","date_gmt":"2023-11-01T11:24:49","guid":{"rendered":"https:\/\/brasilnoticias.org\/site\/?p=10612"},"modified":"2023-11-01T08:24:49","modified_gmt":"2023-11-01T11:24:49","slug":"pf-prende-miliciano-confundido-com-medico-baiano-executado-no-rio-de-janeiro","status":"publish","type":"post","link":"https:\/\/brasilnoticias.org\/site\/pf-prende-miliciano-confundido-com-medico-baiano-executado-no-rio-de-janeiro\/","title":{"rendered":"PF prende miliciano confundido com m\u00e9dico baiano executado no Rio de Janeiro"},"content":{"rendered":"<p>O crime ocorreu na madrugada do dia 5 de outubro, em um quiosque na Avenida L\u00facio Costa, na Barra da Tijuca.<\/p>\n<p>A Pol\u00edcia Federal (PF) prendeu, nesta ter\u00e7a-feira (31\/10) Taillon Barbosa e seu pai Dalmir Barbosa. Investiga\u00e7\u00f5es apontam que eles comandam a mil\u00edcia que atua em Rio das Pedras, na zona oeste do Rio de Janeiro.<\/p>\n<p>As pris\u00f5es ocorrem menos de um m\u00eas ap\u00f3s tr\u00eas m\u00e9dicos serem executados por traficantes na Barra da Tijuca. A principal linha de investiga\u00e7\u00e3o do crime sugere que os assassinos confundiram uma das v\u00edtimas, Perseu Ribeiro Almeida, com Taillon Barbosa. No epis\u00f3dio, tamb\u00e9m morreram Marcos de Andrade Corsato e Diego Ralf Bomfim, irm\u00e3o da deputada federal S\u00e2mia Bomfim (PSOL-SP).<\/p>\n<p>O crime ocorreu na madrugada do dia 5 de outubro, em um quiosque na Avenida L\u00facio Costa, na Barra da Tijuca. Os tr\u00eas m\u00e9dicos atuavam fora do estado do Rio de Janeiro e estavam na cidade para participar de um congresso internacional de cirurgia ortop\u00e9dica. O quiosque onde eles foram assassinados fica pr\u00f3ximo ao hotel onde era realizado o evento.<\/p>\n<p>O momento do ataque foi registrado por c\u00e2meras de seguran\u00e7a. As imagens mostram quatro homens armados descendo de um carro e efetuando os disparos. Horas ap\u00f3s o crime, quatro corpos foram encontrados mortos dentro de dois ve\u00edculos estacionados em diferentes localidades da zona oeste. Existe a suspeita de que os assassinos tenham sido mortos pelo pr\u00f3prio tr\u00e1fico, ap\u00f3s terem executado os m\u00e9dicos por engano. Por determina\u00e7\u00e3o do Minist\u00e9rio da Justi\u00e7a e Seguran\u00e7a P\u00fablica, a PF atua na investiga\u00e7\u00e3o do caso.<\/p>\n<p>Taillon e seu pai foram presos na Barra da Tijuca, onde tamb\u00e9m foram cumpridos dois mandados de busca e apreens\u00e3o nas suas resid\u00eancias. \u201cL\u00edder de mil\u00edcia. Foi condenado a 8 anos e 4 meses. Com 2 anos e 3 meses j\u00e1 estava em casa. O m\u00e9dico foi confundido com ele. Parab\u00e9ns \u00e0 Pol\u00edcia Federal. Investiga\u00e7\u00e3o conduzida com intelig\u00eancia e planejamento, nenhum tiro, nenhum efeito colateral\u201d, escreveu em suas redes sociais o secret\u00e1rio-executivo do Minist\u00e9rio da Justi\u00e7a e Seguran\u00e7a P\u00fablica, Ricardo Cappelli.<\/p>\n<p>A a\u00e7\u00e3o foi realizada em conjunto com o Grupo de Atua\u00e7\u00e3o Especial no Combate ao Crime Organizado (Gaeco), do Minist\u00e9rio P\u00fablico do Rio de Janeiro (MPRJ). \u201cUm dos alvos foi preso na Avenida Abelardo Bueno, no momento em que sa\u00eda de um pr\u00e9dio comercial acompanhado de tr\u00eas homens armados que faziam a sua seguran\u00e7a: dois policiais militares da ativa e um militar do Ex\u00e9rcito, da reserva. Os tr\u00eas foram presos em flagrante\u201d, informou a PF em nota.<\/p>\n<p>CONDENA\u00c7\u00c3O<\/p>\n<p>Taillon havia sido preso em dezembro de 2020 e acabou condenado em junho de 2022 em processo movido pelo MPRJ. Na den\u00fancia, ele foi apontado como respons\u00e1vel pela explora\u00e7\u00e3o ilegal do transporte alternativo com vans e motot\u00e1xi e de servi\u00e7os b\u00e1sicos como oferta de \u00e1gua, g\u00e1s e televis\u00e3o a cabo. Outros crimes tamb\u00e9m foram listados: cobran\u00e7a de \u201ctaxas de seguran\u00e7a\u201d de comerciantes e moradores, promo\u00e7\u00e3o de invas\u00e3o e grilagem de terras e constru\u00e7\u00e3o imobili\u00e1ria clandestina.<\/p>\n<p>Apesar da condena\u00e7\u00e3o a oito anos e quatro meses de pris\u00e3o, em mar\u00e7o desse ano um juiz autorizou a pris\u00e3o domiciliar. No m\u00eas passado, houve permiss\u00e3o para que ele pudesse sair de casa durante o dia.<\/p>\n<p>O pai de Taillon, Dalmir, tamb\u00e9m j\u00e1 esteve preso anteriormente. Ex-policial militar, ele foi expulso da corpora\u00e7\u00e3o ap\u00f3s seu nome figurar no relat\u00f3rio final da Comiss\u00e3o Parlamentar de Inqu\u00e9rito (CPI) instaurada em 2008 pela Assembleia Legislativa do Rio de Janeiro (Alerj) para investigar as mil\u00edcias.<\/p>\n<p>*Com informa\u00e7\u00f5es da Ag\u00eancia Brasil<\/p>\n<p>Foto: reprodu\u00e7\u00e3o<br \/>\nAratu On<\/p>\n","protected":false},"excerpt":{"rendered":"<p>O crime ocorreu na madrugada do dia 5 de outubro, em um quiosque na Avenida L\u00facio Costa, na Barra da<\/p>\n","protected":false},"author":4,"featured_media":10613,"comment_status":"open","ping_status":"open","sticky":false,"template":"","format":"standard","meta":{"colormag_page_container_layout":"default_layout","colormag_page_sidebar_layout":"default_layout","_FSMCFIC_featured_image_caption":"","_FSMCFIC_featured_image_nocaption":"","_FSMCFIC_featured_image_hide":"","footnotes":""},"categories":[2,1],"tags":[],"class_list":["post-10612","post","type-post","status-publish","format-standard","has-post-thumbnail","hentry","category-noticias","category-ultimas"],"yoast_head":"<!-- This site is optimized with the Yoast SEO plugin v27.1.1 - https:\/\/yoast.com\/product\/yoast-seo-wordpress\/ -->\n<title>PF prende miliciano confundido com m\u00e9dico baiano executado no Rio de Janeiro - Brasil not\u00edcias<\/title>\n<meta name=\"robots\" content=\"index, follow, max-snippet:-1, max-image-preview:large, max-video-preview:-1\" \/>\n<link rel=\"canonical\" href=\"https:\/\/brasilnoticias.org\/site\/pf-prende-miliciano-confundido-com-medico-baiano-executado-no-rio-de-janeiro\/\" \/>\n<meta property=\"og:locale\" content=\"pt_PT\" \/>\n<meta property=\"og:type\" content=\"article\" \/>\n<meta property=\"og:title\" content=\"PF prende miliciano confundido com m\u00e9dico baiano executado no Rio de Janeiro - Brasil not\u00edcias\" \/>\n<meta property=\"og:description\" content=\"O crime ocorreu na madrugada do dia 5 de outubro, em um quiosque na Avenida L\u00facio Costa, na Barra da\" \/>\n<meta property=\"og:url\" content=\"https:\/\/brasilnoticias.org\/site\/pf-prende-miliciano-confundido-com-medico-baiano-executado-no-rio-de-janeiro\/\" \/>\n<meta property=\"og:site_name\" content=\"Brasil not\u00edcias\" \/>\n<meta property=\"article:published_time\" content=\"2023-11-01T11:24:49+00:00\" \/>\n<meta property=\"og:image\" content=\"https:\/\/brasilnoticias.org\/site\/wp-content\/uploads\/2023\/11\/PERSEU-E-TAILLON-.jpg\" \/>\n\t<meta property=\"og:image:width\" content=\"740\" \/>\n\t<meta property=\"og:image:height\" content=\"470\" \/>\n\t<meta property=\"og:image:type\" content=\"image\/jpeg\" \/>\n<meta name=\"author\" content=\"Reda\u00e7\u00e3o\" \/>\n<meta name=\"twitter:card\" content=\"summary_large_image\" \/>\n<meta name=\"twitter:label1\" content=\"Escrito por\" \/>\n\t<meta name=\"twitter:data1\" content=\"Reda\u00e7\u00e3o\" \/>\n<script type=\"application\/ld+json\" class=\"yoast-schema-graph\">{\"@context\":\"https:\/\/schema.org\",\"@graph\":[{\"@type\":\"Article\",\"@id\":\"https:\/\/brasilnoticias.org\/site\/pf-prende-miliciano-confundido-com-medico-baiano-executado-no-rio-de-janeiro\/#article\",\"isPartOf\":{\"@id\":\"https:\/\/brasilnoticias.org\/site\/pf-prende-miliciano-confundido-com-medico-baiano-executado-no-rio-de-janeiro\/\"},\"author\":{\"name\":\"Reda\u00e7\u00e3o\",\"@id\":\"https:\/\/brasilnoticias.org\/site\/#\/schema\/person\/03bbbfe6c7634ad18c26444ea39049fa\"},\"headline\":\"PF prende miliciano confundido com m\u00e9dico baiano executado no Rio de Janeiro\",\"datePublished\":\"2023-11-01T11:24:49+00:00\",\"mainEntityOfPage\":{\"@id\":\"https:\/\/brasilnoticias.org\/site\/pf-prende-miliciano-confundido-com-medico-baiano-executado-no-rio-de-janeiro\/\"},\"wordCount\":672,\"commentCount\":0,\"publisher\":{\"@id\":\"https:\/\/brasilnoticias.org\/site\/#organization\"},\"image\":{\"@id\":\"https:\/\/brasilnoticias.org\/site\/pf-prende-miliciano-confundido-com-medico-baiano-executado-no-rio-de-janeiro\/#primaryimage\"},\"thumbnailUrl\":\"https:\/\/brasilnoticias.org\/site\/wp-content\/uploads\/2023\/11\/PERSEU-E-TAILLON-.jpg\",\"articleSection\":[\"Not\u00edcias\",\"\u00daltimas\"],\"inLanguage\":\"pt-PT\",\"potentialAction\":[{\"@type\":\"CommentAction\",\"name\":\"Comment\",\"target\":[\"https:\/\/brasilnoticias.org\/site\/pf-prende-miliciano-confundido-com-medico-baiano-executado-no-rio-de-janeiro\/#respond\"]}]},{\"@type\":\"WebPage\",\"@id\":\"https:\/\/brasilnoticias.org\/site\/pf-prende-miliciano-confundido-com-medico-baiano-executado-no-rio-de-janeiro\/\",\"url\":\"https:\/\/brasilnoticias.org\/site\/pf-prende-miliciano-confundido-com-medico-baiano-executado-no-rio-de-janeiro\/\",\"name\":\"PF prende miliciano confundido com m\u00e9dico baiano executado no Rio de Janeiro - Brasil not\u00edcias\",\"isPartOf\":{\"@id\":\"https:\/\/brasilnoticias.org\/site\/#website\"},\"primaryImageOfPage\":{\"@id\":\"https:\/\/brasilnoticias.org\/site\/pf-prende-miliciano-confundido-com-medico-baiano-executado-no-rio-de-janeiro\/#primaryimage\"},\"image\":{\"@id\":\"https:\/\/brasilnoticias.org\/site\/pf-prende-miliciano-confundido-com-medico-baiano-executado-no-rio-de-janeiro\/#primaryimage\"},\"thumbnailUrl\":\"https:\/\/brasilnoticias.org\/site\/wp-content\/uploads\/2023\/11\/PERSEU-E-TAILLON-.jpg\",\"datePublished\":\"2023-11-01T11:24:49+00:00\",\"breadcrumb\":{\"@id\":\"https:\/\/brasilnoticias.org\/site\/pf-prende-miliciano-confundido-com-medico-baiano-executado-no-rio-de-janeiro\/#breadcrumb\"},\"inLanguage\":\"pt-PT\",\"potentialAction\":[{\"@type\":\"ReadAction\",\"target\":[\"https:\/\/brasilnoticias.org\/site\/pf-prende-miliciano-confundido-com-medico-baiano-executado-no-rio-de-janeiro\/\"]}]},{\"@type\":\"ImageObject\",\"inLanguage\":\"pt-PT\",\"@id\":\"https:\/\/brasilnoticias.org\/site\/pf-prende-miliciano-confundido-com-medico-baiano-executado-no-rio-de-janeiro\/#primaryimage\",\"url\":\"https:\/\/brasilnoticias.org\/site\/wp-content\/uploads\/2023\/11\/PERSEU-E-TAILLON-.jpg\",\"contentUrl\":\"https:\/\/brasilnoticias.org\/site\/wp-content\/uploads\/2023\/11\/PERSEU-E-TAILLON-.jpg\",\"width\":740,\"height\":470},{\"@type\":\"BreadcrumbList\",\"@id\":\"https:\/\/brasilnoticias.org\/site\/pf-prende-miliciano-confundido-com-medico-baiano-executado-no-rio-de-janeiro\/#breadcrumb\",\"itemListElement\":[{\"@type\":\"ListItem\",\"position\":1,\"name\":\"In\u00edcio\",\"item\":\"https:\/\/brasilnoticias.org\/site\/\"},{\"@type\":\"ListItem\",\"position\":2,\"name\":\"PF prende miliciano confundido com m\u00e9dico baiano executado no Rio de Janeiro\"}]},{\"@type\":\"WebSite\",\"@id\":\"https:\/\/brasilnoticias.org\/site\/#website\",\"url\":\"https:\/\/brasilnoticias.org\/site\/\",\"name\":\"Brasil not\u00edcias\",\"description\":\"Brasil not\u00edcias\",\"publisher\":{\"@id\":\"https:\/\/brasilnoticias.org\/site\/#organization\"},\"potentialAction\":[{\"@type\":\"SearchAction\",\"target\":{\"@type\":\"EntryPoint\",\"urlTemplate\":\"https:\/\/brasilnoticias.org\/site\/?s={search_term_string}\"},\"query-input\":{\"@type\":\"PropertyValueSpecification\",\"valueRequired\":true,\"valueName\":\"search_term_string\"}}],\"inLanguage\":\"pt-PT\"},{\"@type\":\"Organization\",\"@id\":\"https:\/\/brasilnoticias.org\/site\/#organization\",\"name\":\"Brasil not\u00edcias\",\"url\":\"https:\/\/brasilnoticias.org\/site\/\",\"logo\":{\"@type\":\"ImageObject\",\"inLanguage\":\"pt-PT\",\"@id\":\"https:\/\/brasilnoticias.org\/site\/#\/schema\/logo\/image\/\",\"url\":\"https:\/\/brasilnoticias.org\/site\/wp-content\/uploads\/2022\/05\/cropped-brasilnoticias-mini.jpg\",\"contentUrl\":\"https:\/\/brasilnoticias.org\/site\/wp-content\/uploads\/2022\/05\/cropped-brasilnoticias-mini.jpg\",\"width\":314,\"height\":86,\"caption\":\"Brasil not\u00edcias\"},\"image\":{\"@id\":\"https:\/\/brasilnoticias.org\/site\/#\/schema\/logo\/image\/\"}},{\"@type\":\"Person\",\"@id\":\"https:\/\/brasilnoticias.org\/site\/#\/schema\/person\/03bbbfe6c7634ad18c26444ea39049fa\",\"name\":\"Reda\u00e7\u00e3o\",\"image\":{\"@type\":\"ImageObject\",\"inLanguage\":\"pt-PT\",\"@id\":\"https:\/\/brasilnoticias.org\/site\/#\/schema\/person\/image\/\",\"url\":\"https:\/\/secure.gravatar.com\/avatar\/9ecaf7327a696cb23ad926fedded5f1f04d7049de9e445375d55b48c001a6e42?s=96&d=mm&r=g\",\"contentUrl\":\"https:\/\/secure.gravatar.com\/avatar\/9ecaf7327a696cb23ad926fedded5f1f04d7049de9e445375d55b48c001a6e42?s=96&d=mm&r=g\",\"caption\":\"Reda\u00e7\u00e3o\"},\"url\":\"https:\/\/brasilnoticias.org\/site\/author\/henrique\/\"}]}<\/script>\n<!-- \/ Yoast SEO plugin. -->","yoast_head_json":{"title":"PF prende miliciano confundido com m\u00e9dico baiano executado no Rio de Janeiro - Brasil not\u00edcias","robots":{"index":"index","follow":"follow","max-snippet":"max-snippet:-1","max-image-preview":"max-image-preview:large","max-video-preview":"max-video-preview:-1"},"canonical":"https:\/\/brasilnoticias.org\/site\/pf-prende-miliciano-confundido-com-medico-baiano-executado-no-rio-de-janeiro\/","og_locale":"pt_PT","og_type":"article","og_title":"PF prende miliciano confundido com m\u00e9dico baiano executado no Rio de Janeiro - Brasil not\u00edcias","og_description":"O crime ocorreu na madrugada do dia 5 de outubro, em um quiosque na Avenida L\u00facio Costa, na Barra da","og_url":"https:\/\/brasilnoticias.org\/site\/pf-prende-miliciano-confundido-com-medico-baiano-executado-no-rio-de-janeiro\/","og_site_name":"Brasil not\u00edcias","article_published_time":"2023-11-01T11:24:49+00:00","og_image":[{"width":740,"height":470,"url":"https:\/\/brasilnoticias.org\/site\/wp-content\/uploads\/2023\/11\/PERSEU-E-TAILLON-.jpg","type":"image\/jpeg"}],"author":"Reda\u00e7\u00e3o","twitter_card":"summary_large_image","twitter_misc":{"Escrito por":"Reda\u00e7\u00e3o"},"schema":{"@context":"https:\/\/schema.org","@graph":[{"@type":"Article","@id":"https:\/\/brasilnoticias.org\/site\/pf-prende-miliciano-confundido-com-medico-baiano-executado-no-rio-de-janeiro\/#article","isPartOf":{"@id":"https:\/\/brasilnoticias.org\/site\/pf-prende-miliciano-confundido-com-medico-baiano-executado-no-rio-de-janeiro\/"},"author":{"name":"Reda\u00e7\u00e3o","@id":"https:\/\/brasilnoticias.org\/site\/#\/schema\/person\/03bbbfe6c7634ad18c26444ea39049fa"},"headline":"PF prende miliciano confundido com m\u00e9dico baiano executado no Rio de Janeiro","datePublished":"2023-11-01T11:24:49+00:00","mainEntityOfPage":{"@id":"https:\/\/brasilnoticias.org\/site\/pf-prende-miliciano-confundido-com-medico-baiano-executado-no-rio-de-janeiro\/"},"wordCount":672,"commentCount":0,"publisher":{"@id":"https:\/\/brasilnoticias.org\/site\/#organization"},"image":{"@id":"https:\/\/brasilnoticias.org\/site\/pf-prende-miliciano-confundido-com-medico-baiano-executado-no-rio-de-janeiro\/#primaryimage"},"thumbnailUrl":"https:\/\/brasilnoticias.org\/site\/wp-content\/uploads\/2023\/11\/PERSEU-E-TAILLON-.jpg","articleSection":["Not\u00edcias","\u00daltimas"],"inLanguage":"pt-PT","potentialAction":[{"@type":"CommentAction","name":"Comment","target":["https:\/\/brasilnoticias.org\/site\/pf-prende-miliciano-confundido-com-medico-baiano-executado-no-rio-de-janeiro\/#respond"]}]},{"@type":"WebPage","@id":"https:\/\/brasilnoticias.org\/site\/pf-prende-miliciano-confundido-com-medico-baiano-executado-no-rio-de-janeiro\/","url":"https:\/\/brasilnoticias.org\/site\/pf-prende-miliciano-confundido-com-medico-baiano-executado-no-rio-de-janeiro\/","name":"PF prende miliciano confundido com m\u00e9dico baiano executado no Rio de Janeiro - Brasil not\u00edcias","isPartOf":{"@id":"https:\/\/brasilnoticias.org\/site\/#website"},"primaryImageOfPage":{"@id":"https:\/\/brasilnoticias.org\/site\/pf-prende-miliciano-confundido-com-medico-baiano-executado-no-rio-de-janeiro\/#primaryimage"},"image":{"@id":"https:\/\/brasilnoticias.org\/site\/pf-prende-miliciano-confundido-com-medico-baiano-executado-no-rio-de-janeiro\/#primaryimage"},"thumbnailUrl":"https:\/\/brasilnoticias.org\/site\/wp-content\/uploads\/2023\/11\/PERSEU-E-TAILLON-.jpg","datePublished":"2023-11-01T11:24:49+00:00","breadcrumb":{"@id":"https:\/\/brasilnoticias.org\/site\/pf-prende-miliciano-confundido-com-medico-baiano-executado-no-rio-de-janeiro\/#breadcrumb"},"inLanguage":"pt-PT","potentialAction":[{"@type":"ReadAction","target":["https:\/\/brasilnoticias.org\/site\/pf-prende-miliciano-confundido-com-medico-baiano-executado-no-rio-de-janeiro\/"]}]},{"@type":"ImageObject","inLanguage":"pt-PT","@id":"https:\/\/brasilnoticias.org\/site\/pf-prende-miliciano-confundido-com-medico-baiano-executado-no-rio-de-janeiro\/#primaryimage","url":"https:\/\/brasilnoticias.org\/site\/wp-content\/uploads\/2023\/11\/PERSEU-E-TAILLON-.jpg","contentUrl":"https:\/\/brasilnoticias.org\/site\/wp-content\/uploads\/2023\/11\/PERSEU-E-TAILLON-.jpg","width":740,"height":470},{"@type":"BreadcrumbList","@id":"https:\/\/brasilnoticias.org\/site\/pf-prende-miliciano-confundido-com-medico-baiano-executado-no-rio-de-janeiro\/#breadcrumb","itemListElement":[{"@type":"ListItem","position":1,"name":"In\u00edcio","item":"https:\/\/brasilnoticias.org\/site\/"},{"@type":"ListItem","position":2,"name":"PF prende miliciano confundido com m\u00e9dico baiano executado no Rio de Janeiro"}]},{"@type":"WebSite","@id":"https:\/\/brasilnoticias.org\/site\/#website","url":"https:\/\/brasilnoticias.org\/site\/","name":"Brasil not\u00edcias","description":"Brasil not\u00edcias","publisher":{"@id":"https:\/\/brasilnoticias.org\/site\/#organization"},"potentialAction":[{"@type":"SearchAction","target":{"@type":"EntryPoint","urlTemplate":"https:\/\/brasilnoticias.org\/site\/?s={search_term_string}"},"query-input":{"@type":"PropertyValueSpecification","valueRequired":true,"valueName":"search_term_string"}}],"inLanguage":"pt-PT"},{"@type":"Organization","@id":"https:\/\/brasilnoticias.org\/site\/#organization","name":"Brasil not\u00edcias","url":"https:\/\/brasilnoticias.org\/site\/","logo":{"@type":"ImageObject","inLanguage":"pt-PT","@id":"https:\/\/brasilnoticias.org\/site\/#\/schema\/logo\/image\/","url":"https:\/\/brasilnoticias.org\/site\/wp-content\/uploads\/2022\/05\/cropped-brasilnoticias-mini.jpg","contentUrl":"https:\/\/brasilnoticias.org\/site\/wp-content\/uploads\/2022\/05\/cropped-brasilnoticias-mini.jpg","width":314,"height":86,"caption":"Brasil not\u00edcias"},"image":{"@id":"https:\/\/brasilnoticias.org\/site\/#\/schema\/logo\/image\/"}},{"@type":"Person","@id":"https:\/\/brasilnoticias.org\/site\/#\/schema\/person\/03bbbfe6c7634ad18c26444ea39049fa","name":"Reda\u00e7\u00e3o","image":{"@type":"ImageObject","inLanguage":"pt-PT","@id":"https:\/\/brasilnoticias.org\/site\/#\/schema\/person\/image\/","url":"https:\/\/secure.gravatar.com\/avatar\/9ecaf7327a696cb23ad926fedded5f1f04d7049de9e445375d55b48c001a6e42?s=96&d=mm&r=g","contentUrl":"https:\/\/secure.gravatar.com\/avatar\/9ecaf7327a696cb23ad926fedded5f1f04d7049de9e445375d55b48c001a6e42?s=96&d=mm&r=g","caption":"Reda\u00e7\u00e3o"},"url":"https:\/\/brasilnoticias.org\/site\/author\/henrique\/"}]}},"_links":{"self":[{"href":"https:\/\/brasilnoticias.org\/site\/wp-json\/wp\/v2\/posts\/10612","targetHints":{"allow":["GET"]}}],"collection":[{"href":"https:\/\/brasilnoticias.org\/site\/wp-json\/wp\/v2\/posts"}],"about":[{"href":"https:\/\/brasilnoticias.org\/site\/wp-json\/wp\/v2\/types\/post"}],"author":[{"embeddable":true,"href":"https:\/\/brasilnoticias.org\/site\/wp-json\/wp\/v2\/users\/4"}],"replies":[{"embeddable":true,"href":"https:\/\/brasilnoticias.org\/site\/wp-json\/wp\/v2\/comments?post=10612"}],"version-history":[{"count":1,"href":"https:\/\/brasilnoticias.org\/site\/wp-json\/wp\/v2\/posts\/10612\/revisions"}],"predecessor-version":[{"id":10614,"href":"https:\/\/brasilnoticias.org\/site\/wp-json\/wp\/v2\/posts\/10612\/revisions\/10614"}],"wp:featuredmedia":[{"embeddable":true,"href":"https:\/\/brasilnoticias.org\/site\/wp-json\/wp\/v2\/media\/10613"}],"wp:attachment":[{"href":"https:\/\/brasilnoticias.org\/site\/wp-json\/wp\/v2\/media?parent=10612"}],"wp:term":[{"taxonomy":"category","embeddable":true,"href":"https:\/\/brasilnoticias.org\/site\/wp-json\/wp\/v2\/categories?post=10612"},{"taxonomy":"post_tag","embeddable":true,"href":"https:\/\/brasilnoticias.org\/site\/wp-json\/wp\/v2\/tags?post=10612"}],"curies":[{"name":"wp","href":"https:\/\/api.w.org\/{rel}","templated":true}]}}