{"id":10640,"date":"2023-11-02T21:01:58","date_gmt":"2023-11-03T00:01:58","guid":{"rendered":"https:\/\/brasilnoticias.org\/site\/?p=10640"},"modified":"2023-11-02T21:01:58","modified_gmt":"2023-11-03T00:01:58","slug":"saiba-como-e-feita-a-correcao-das-provas-e-das-redacoes-do-enem","status":"publish","type":"post","link":"https:\/\/brasilnoticias.org\/site\/saiba-como-e-feita-a-correcao-das-provas-e-das-redacoes-do-enem\/","title":{"rendered":"Saiba como \u00e9 feita a corre\u00e7\u00e3o das provas e das reda\u00e7\u00f5es do Enem"},"content":{"rendered":"<p>Para o c\u00e1lculo da nota, o Inep adota a metodologia chamada Teoria da Resposta ao Item (TRI)<\/p>\n<p>Ap\u00f3s a realiza\u00e7\u00e3o do Exame Nacional do Ensino M\u00e9dio (Enem), os candidatos aguardam a corre\u00e7\u00e3o das provas para saber se atingiram a pontua\u00e7\u00e3o necess\u00e1ria para ingressar em uma universidade. Neste ano, o Enem ser\u00e1 aplicado nos dias 5 e 12 de novembro.<\/p>\n<p>As notas das provas podem ser usadas para concorrer a vagas no ensino superior p\u00fablico, pelo Sistema de Sele\u00e7\u00e3o Unificada (Sisu); a bolsas de estudo em institui\u00e7\u00f5es privadas de ensino superior, pelo Programa Universidade para Todos (ProUni); e a financiamentos do Fundo de Financiamento Estudantil (Fies).<\/p>\n<p>Ap\u00f3s a realiza\u00e7\u00e3o das provas, o cons\u00f3rcio aplicador do Enem recebe os malotes, e as equipes separam e digitalizam o cart\u00e3o-resposta e a folha da reda\u00e7\u00e3o de cada candidato. Todo o processo \u00e9 monitorado por c\u00e2meras de seguran\u00e7a em tempo integral.<\/p>\n<p>A corre\u00e7\u00e3o das provas objetivas \u00e9 feita por meio da tecnologia de reconhecimento do cart\u00e3o-resposta. Ser\u00e3o corrigidas somente as respostas efetivamente marcadas no cart\u00e3o, sem emendas ou rasuras, com caneta esferogr\u00e1fica de tinta preta. Isso \u00e9 importante para possibilitar a leitura \u00f3ptica do cart\u00e3o-resposta.<\/p>\n<p>Para o c\u00e1lculo da nota, o Inep adota a metodologia chamada Teoria da Resposta ao Item (TRI), que utiliza um conjunto de modelos matem\u00e1ticos para representar a rela\u00e7\u00e3o entre a probabilidade de o participante responder corretamente a uma quest\u00e3o, seu conhecimento na \u00e1rea em que est\u00e1 sendo avaliado e as caracter\u00edsticas dos itens.<\/p>\n<p>Com esse modelo, a natureza espec\u00edfica de cada quest\u00e3o \u00e9 considerada no c\u00e1lculo, para que se possa diferenciar alunos com a mesma quantidade de acertos. Segundo o Inep, certas quest\u00f5es s\u00e3o acertadas consistentemente apenas por participantes com elevada habilidade, enquanto outras s\u00e3o frequentemente acertadas pela maioria.<\/p>\n<p>Dessa forma, duas pessoas com a mesma quantidade de acertos na prova s\u00e3o avaliadas de forma distinta, dependendo de quais itens est\u00e3o certos e errados, e podem ter notas diferentes.<\/p>\n<p>REDA\u00c7\u00c3O<\/p>\n<p>Os arquivos digitalizados das reda\u00e7\u00f5es s\u00e3o repassados \u00e0s equipes respons\u00e1veis pela corre\u00e7\u00e3o dos textos. Ser\u00e3o corrigidas somente aquelas transcritas para a Folha de Reda\u00e7\u00e3o com caneta esferogr\u00e1fica preta.<\/p>\n<p>A nota da reda\u00e7\u00e3o \u00e9 atribu\u00edda em uma escala que varia entre 0 e 1.000 pontos. Cada reda\u00e7\u00e3o \u00e9 corrigida por dois avaliadores, que atribuem nota entre zero e 200 pontos para cada uma das cinco compet\u00eancias. A nota final \u00e9 a m\u00e9dia aritm\u00e9tica das notas totais atribu\u00eddas.<\/p>\n<p>Em caso de discrep\u00e2ncia, ou seja, quando as notas diferem em mais de 100 pontos ou se a diferen\u00e7a for superior a 80 pontos em qualquer uma das compet\u00eancias, a reda\u00e7\u00e3o \u00e9 avaliada de forma independente por um terceiro avaliador. Nesse caso, a nota final \u00e9 a m\u00e9dia das notas que mais se aproximarem.<\/p>\n<p>Com as notas da reda\u00e7\u00e3o e o resultado das quest\u00f5es objetivas, o Inep processa o resultado, dando origem ao Boletim de Desempenho. Ele \u00e9 disponibilizado em janeiro do ano seguinte na P\u00e1gina do Participante e no aplicativo do Enem.<\/p>\n<p>*Informa\u00e7\u00f5es da Ag\u00eancia Brasil<\/p>\n<p>Foto: Marcello Casal Jr.\/Ag\u00eancia Brasil<br \/>\nAratu On<\/p>\n","protected":false},"excerpt":{"rendered":"<p>Para o c\u00e1lculo da nota, o Inep adota a metodologia chamada Teoria da Resposta ao Item (TRI) Ap\u00f3s a realiza\u00e7\u00e3o<\/p>\n","protected":false},"author":4,"featured_media":10641,"comment_status":"open","ping_status":"open","sticky":false,"template":"","format":"standard","meta":{"colormag_page_container_layout":"default_layout","colormag_page_sidebar_layout":"default_layout","_FSMCFIC_featured_image_caption":"","_FSMCFIC_featured_image_nocaption":"","_FSMCFIC_featured_image_hide":"","footnotes":""},"categories":[2,1],"tags":[],"class_list":["post-10640","post","type-post","status-publish","format-standard","has-post-thumbnail","hentry","category-noticias","category-ultimas"],"yoast_head":"<!-- This site is optimized with the Yoast SEO plugin v27.1.1 - https:\/\/yoast.com\/product\/yoast-seo-wordpress\/ -->\n<title>Saiba como \u00e9 feita a corre\u00e7\u00e3o das provas e das reda\u00e7\u00f5es do Enem - Brasil not\u00edcias<\/title>\n<meta name=\"robots\" content=\"index, follow, max-snippet:-1, max-image-preview:large, max-video-preview:-1\" \/>\n<link rel=\"canonical\" href=\"https:\/\/brasilnoticias.org\/site\/saiba-como-e-feita-a-correcao-das-provas-e-das-redacoes-do-enem\/\" \/>\n<meta property=\"og:locale\" content=\"pt_PT\" \/>\n<meta property=\"og:type\" content=\"article\" \/>\n<meta property=\"og:title\" content=\"Saiba como \u00e9 feita a corre\u00e7\u00e3o das provas e das reda\u00e7\u00f5es do Enem - Brasil not\u00edcias\" \/>\n<meta property=\"og:description\" content=\"Para o c\u00e1lculo da nota, o Inep adota a metodologia chamada Teoria da Resposta ao Item (TRI) Ap\u00f3s a realiza\u00e7\u00e3o\" \/>\n<meta property=\"og:url\" content=\"https:\/\/brasilnoticias.org\/site\/saiba-como-e-feita-a-correcao-das-provas-e-das-redacoes-do-enem\/\" \/>\n<meta property=\"og:site_name\" content=\"Brasil not\u00edcias\" \/>\n<meta property=\"article:published_time\" content=\"2023-11-03T00:01:58+00:00\" \/>\n<meta property=\"og:image\" content=\"https:\/\/brasilnoticias.org\/site\/wp-content\/uploads\/2023\/11\/imagem-destacada-se-ligue-inscricoes-para-o-enem-2022-comecam-nesta-terca-feira-740x470-1.jpg\" \/>\n\t<meta property=\"og:image:width\" content=\"740\" \/>\n\t<meta property=\"og:image:height\" content=\"470\" \/>\n\t<meta property=\"og:image:type\" content=\"image\/jpeg\" \/>\n<meta name=\"author\" content=\"Reda\u00e7\u00e3o\" \/>\n<meta name=\"twitter:card\" content=\"summary_large_image\" \/>\n<meta name=\"twitter:label1\" content=\"Escrito por\" \/>\n\t<meta name=\"twitter:data1\" content=\"Reda\u00e7\u00e3o\" \/>\n<script type=\"application\/ld+json\" class=\"yoast-schema-graph\">{\"@context\":\"https:\/\/schema.org\",\"@graph\":[{\"@type\":\"Article\",\"@id\":\"https:\/\/brasilnoticias.org\/site\/saiba-como-e-feita-a-correcao-das-provas-e-das-redacoes-do-enem\/#article\",\"isPartOf\":{\"@id\":\"https:\/\/brasilnoticias.org\/site\/saiba-como-e-feita-a-correcao-das-provas-e-das-redacoes-do-enem\/\"},\"author\":{\"name\":\"Reda\u00e7\u00e3o\",\"@id\":\"https:\/\/brasilnoticias.org\/site\/#\/schema\/person\/03bbbfe6c7634ad18c26444ea39049fa\"},\"headline\":\"Saiba como \u00e9 feita a corre\u00e7\u00e3o das provas e das reda\u00e7\u00f5es do Enem\",\"datePublished\":\"2023-11-03T00:01:58+00:00\",\"mainEntityOfPage\":{\"@id\":\"https:\/\/brasilnoticias.org\/site\/saiba-como-e-feita-a-correcao-das-provas-e-das-redacoes-do-enem\/\"},\"wordCount\":560,\"commentCount\":0,\"publisher\":{\"@id\":\"https:\/\/brasilnoticias.org\/site\/#organization\"},\"image\":{\"@id\":\"https:\/\/brasilnoticias.org\/site\/saiba-como-e-feita-a-correcao-das-provas-e-das-redacoes-do-enem\/#primaryimage\"},\"thumbnailUrl\":\"https:\/\/brasilnoticias.org\/site\/wp-content\/uploads\/2023\/11\/imagem-destacada-se-ligue-inscricoes-para-o-enem-2022-comecam-nesta-terca-feira-740x470-1.jpg\",\"articleSection\":[\"Not\u00edcias\",\"\u00daltimas\"],\"inLanguage\":\"pt-PT\",\"potentialAction\":[{\"@type\":\"CommentAction\",\"name\":\"Comment\",\"target\":[\"https:\/\/brasilnoticias.org\/site\/saiba-como-e-feita-a-correcao-das-provas-e-das-redacoes-do-enem\/#respond\"]}]},{\"@type\":\"WebPage\",\"@id\":\"https:\/\/brasilnoticias.org\/site\/saiba-como-e-feita-a-correcao-das-provas-e-das-redacoes-do-enem\/\",\"url\":\"https:\/\/brasilnoticias.org\/site\/saiba-como-e-feita-a-correcao-das-provas-e-das-redacoes-do-enem\/\",\"name\":\"Saiba como \u00e9 feita a corre\u00e7\u00e3o das provas e das reda\u00e7\u00f5es do Enem - Brasil not\u00edcias\",\"isPartOf\":{\"@id\":\"https:\/\/brasilnoticias.org\/site\/#website\"},\"primaryImageOfPage\":{\"@id\":\"https:\/\/brasilnoticias.org\/site\/saiba-como-e-feita-a-correcao-das-provas-e-das-redacoes-do-enem\/#primaryimage\"},\"image\":{\"@id\":\"https:\/\/brasilnoticias.org\/site\/saiba-como-e-feita-a-correcao-das-provas-e-das-redacoes-do-enem\/#primaryimage\"},\"thumbnailUrl\":\"https:\/\/brasilnoticias.org\/site\/wp-content\/uploads\/2023\/11\/imagem-destacada-se-ligue-inscricoes-para-o-enem-2022-comecam-nesta-terca-feira-740x470-1.jpg\",\"datePublished\":\"2023-11-03T00:01:58+00:00\",\"breadcrumb\":{\"@id\":\"https:\/\/brasilnoticias.org\/site\/saiba-como-e-feita-a-correcao-das-provas-e-das-redacoes-do-enem\/#breadcrumb\"},\"inLanguage\":\"pt-PT\",\"potentialAction\":[{\"@type\":\"ReadAction\",\"target\":[\"https:\/\/brasilnoticias.org\/site\/saiba-como-e-feita-a-correcao-das-provas-e-das-redacoes-do-enem\/\"]}]},{\"@type\":\"ImageObject\",\"inLanguage\":\"pt-PT\",\"@id\":\"https:\/\/brasilnoticias.org\/site\/saiba-como-e-feita-a-correcao-das-provas-e-das-redacoes-do-enem\/#primaryimage\",\"url\":\"https:\/\/brasilnoticias.org\/site\/wp-content\/uploads\/2023\/11\/imagem-destacada-se-ligue-inscricoes-para-o-enem-2022-comecam-nesta-terca-feira-740x470-1.jpg\",\"contentUrl\":\"https:\/\/brasilnoticias.org\/site\/wp-content\/uploads\/2023\/11\/imagem-destacada-se-ligue-inscricoes-para-o-enem-2022-comecam-nesta-terca-feira-740x470-1.jpg\",\"width\":740,\"height\":470},{\"@type\":\"BreadcrumbList\",\"@id\":\"https:\/\/brasilnoticias.org\/site\/saiba-como-e-feita-a-correcao-das-provas-e-das-redacoes-do-enem\/#breadcrumb\",\"itemListElement\":[{\"@type\":\"ListItem\",\"position\":1,\"name\":\"In\u00edcio\",\"item\":\"https:\/\/brasilnoticias.org\/site\/\"},{\"@type\":\"ListItem\",\"position\":2,\"name\":\"Saiba como \u00e9 feita a corre\u00e7\u00e3o das provas e das reda\u00e7\u00f5es do Enem\"}]},{\"@type\":\"WebSite\",\"@id\":\"https:\/\/brasilnoticias.org\/site\/#website\",\"url\":\"https:\/\/brasilnoticias.org\/site\/\",\"name\":\"Brasil not\u00edcias\",\"description\":\"Brasil not\u00edcias\",\"publisher\":{\"@id\":\"https:\/\/brasilnoticias.org\/site\/#organization\"},\"potentialAction\":[{\"@type\":\"SearchAction\",\"target\":{\"@type\":\"EntryPoint\",\"urlTemplate\":\"https:\/\/brasilnoticias.org\/site\/?s={search_term_string}\"},\"query-input\":{\"@type\":\"PropertyValueSpecification\",\"valueRequired\":true,\"valueName\":\"search_term_string\"}}],\"inLanguage\":\"pt-PT\"},{\"@type\":\"Organization\",\"@id\":\"https:\/\/brasilnoticias.org\/site\/#organization\",\"name\":\"Brasil not\u00edcias\",\"url\":\"https:\/\/brasilnoticias.org\/site\/\",\"logo\":{\"@type\":\"ImageObject\",\"inLanguage\":\"pt-PT\",\"@id\":\"https:\/\/brasilnoticias.org\/site\/#\/schema\/logo\/image\/\",\"url\":\"https:\/\/brasilnoticias.org\/site\/wp-content\/uploads\/2022\/05\/cropped-brasilnoticias-mini.jpg\",\"contentUrl\":\"https:\/\/brasilnoticias.org\/site\/wp-content\/uploads\/2022\/05\/cropped-brasilnoticias-mini.jpg\",\"width\":314,\"height\":86,\"caption\":\"Brasil not\u00edcias\"},\"image\":{\"@id\":\"https:\/\/brasilnoticias.org\/site\/#\/schema\/logo\/image\/\"}},{\"@type\":\"Person\",\"@id\":\"https:\/\/brasilnoticias.org\/site\/#\/schema\/person\/03bbbfe6c7634ad18c26444ea39049fa\",\"name\":\"Reda\u00e7\u00e3o\",\"image\":{\"@type\":\"ImageObject\",\"inLanguage\":\"pt-PT\",\"@id\":\"https:\/\/brasilnoticias.org\/site\/#\/schema\/person\/image\/\",\"url\":\"https:\/\/secure.gravatar.com\/avatar\/9ecaf7327a696cb23ad926fedded5f1f04d7049de9e445375d55b48c001a6e42?s=96&d=mm&r=g\",\"contentUrl\":\"https:\/\/secure.gravatar.com\/avatar\/9ecaf7327a696cb23ad926fedded5f1f04d7049de9e445375d55b48c001a6e42?s=96&d=mm&r=g\",\"caption\":\"Reda\u00e7\u00e3o\"},\"url\":\"https:\/\/brasilnoticias.org\/site\/author\/henrique\/\"}]}<\/script>\n<!-- \/ Yoast SEO plugin. -->","yoast_head_json":{"title":"Saiba como \u00e9 feita a corre\u00e7\u00e3o das provas e das reda\u00e7\u00f5es do Enem - Brasil not\u00edcias","robots":{"index":"index","follow":"follow","max-snippet":"max-snippet:-1","max-image-preview":"max-image-preview:large","max-video-preview":"max-video-preview:-1"},"canonical":"https:\/\/brasilnoticias.org\/site\/saiba-como-e-feita-a-correcao-das-provas-e-das-redacoes-do-enem\/","og_locale":"pt_PT","og_type":"article","og_title":"Saiba como \u00e9 feita a corre\u00e7\u00e3o das provas e das reda\u00e7\u00f5es do Enem - Brasil not\u00edcias","og_description":"Para o c\u00e1lculo da nota, o Inep adota a metodologia chamada Teoria da Resposta ao Item (TRI) Ap\u00f3s a realiza\u00e7\u00e3o","og_url":"https:\/\/brasilnoticias.org\/site\/saiba-como-e-feita-a-correcao-das-provas-e-das-redacoes-do-enem\/","og_site_name":"Brasil not\u00edcias","article_published_time":"2023-11-03T00:01:58+00:00","og_image":[{"width":740,"height":470,"url":"https:\/\/brasilnoticias.org\/site\/wp-content\/uploads\/2023\/11\/imagem-destacada-se-ligue-inscricoes-para-o-enem-2022-comecam-nesta-terca-feira-740x470-1.jpg","type":"image\/jpeg"}],"author":"Reda\u00e7\u00e3o","twitter_card":"summary_large_image","twitter_misc":{"Escrito por":"Reda\u00e7\u00e3o"},"schema":{"@context":"https:\/\/schema.org","@graph":[{"@type":"Article","@id":"https:\/\/brasilnoticias.org\/site\/saiba-como-e-feita-a-correcao-das-provas-e-das-redacoes-do-enem\/#article","isPartOf":{"@id":"https:\/\/brasilnoticias.org\/site\/saiba-como-e-feita-a-correcao-das-provas-e-das-redacoes-do-enem\/"},"author":{"name":"Reda\u00e7\u00e3o","@id":"https:\/\/brasilnoticias.org\/site\/#\/schema\/person\/03bbbfe6c7634ad18c26444ea39049fa"},"headline":"Saiba como \u00e9 feita a corre\u00e7\u00e3o das provas e das reda\u00e7\u00f5es do Enem","datePublished":"2023-11-03T00:01:58+00:00","mainEntityOfPage":{"@id":"https:\/\/brasilnoticias.org\/site\/saiba-como-e-feita-a-correcao-das-provas-e-das-redacoes-do-enem\/"},"wordCount":560,"commentCount":0,"publisher":{"@id":"https:\/\/brasilnoticias.org\/site\/#organization"},"image":{"@id":"https:\/\/brasilnoticias.org\/site\/saiba-como-e-feita-a-correcao-das-provas-e-das-redacoes-do-enem\/#primaryimage"},"thumbnailUrl":"https:\/\/brasilnoticias.org\/site\/wp-content\/uploads\/2023\/11\/imagem-destacada-se-ligue-inscricoes-para-o-enem-2022-comecam-nesta-terca-feira-740x470-1.jpg","articleSection":["Not\u00edcias","\u00daltimas"],"inLanguage":"pt-PT","potentialAction":[{"@type":"CommentAction","name":"Comment","target":["https:\/\/brasilnoticias.org\/site\/saiba-como-e-feita-a-correcao-das-provas-e-das-redacoes-do-enem\/#respond"]}]},{"@type":"WebPage","@id":"https:\/\/brasilnoticias.org\/site\/saiba-como-e-feita-a-correcao-das-provas-e-das-redacoes-do-enem\/","url":"https:\/\/brasilnoticias.org\/site\/saiba-como-e-feita-a-correcao-das-provas-e-das-redacoes-do-enem\/","name":"Saiba como \u00e9 feita a corre\u00e7\u00e3o das provas e das reda\u00e7\u00f5es do Enem - Brasil not\u00edcias","isPartOf":{"@id":"https:\/\/brasilnoticias.org\/site\/#website"},"primaryImageOfPage":{"@id":"https:\/\/brasilnoticias.org\/site\/saiba-como-e-feita-a-correcao-das-provas-e-das-redacoes-do-enem\/#primaryimage"},"image":{"@id":"https:\/\/brasilnoticias.org\/site\/saiba-como-e-feita-a-correcao-das-provas-e-das-redacoes-do-enem\/#primaryimage"},"thumbnailUrl":"https:\/\/brasilnoticias.org\/site\/wp-content\/uploads\/2023\/11\/imagem-destacada-se-ligue-inscricoes-para-o-enem-2022-comecam-nesta-terca-feira-740x470-1.jpg","datePublished":"2023-11-03T00:01:58+00:00","breadcrumb":{"@id":"https:\/\/brasilnoticias.org\/site\/saiba-como-e-feita-a-correcao-das-provas-e-das-redacoes-do-enem\/#breadcrumb"},"inLanguage":"pt-PT","potentialAction":[{"@type":"ReadAction","target":["https:\/\/brasilnoticias.org\/site\/saiba-como-e-feita-a-correcao-das-provas-e-das-redacoes-do-enem\/"]}]},{"@type":"ImageObject","inLanguage":"pt-PT","@id":"https:\/\/brasilnoticias.org\/site\/saiba-como-e-feita-a-correcao-das-provas-e-das-redacoes-do-enem\/#primaryimage","url":"https:\/\/brasilnoticias.org\/site\/wp-content\/uploads\/2023\/11\/imagem-destacada-se-ligue-inscricoes-para-o-enem-2022-comecam-nesta-terca-feira-740x470-1.jpg","contentUrl":"https:\/\/brasilnoticias.org\/site\/wp-content\/uploads\/2023\/11\/imagem-destacada-se-ligue-inscricoes-para-o-enem-2022-comecam-nesta-terca-feira-740x470-1.jpg","width":740,"height":470},{"@type":"BreadcrumbList","@id":"https:\/\/brasilnoticias.org\/site\/saiba-como-e-feita-a-correcao-das-provas-e-das-redacoes-do-enem\/#breadcrumb","itemListElement":[{"@type":"ListItem","position":1,"name":"In\u00edcio","item":"https:\/\/brasilnoticias.org\/site\/"},{"@type":"ListItem","position":2,"name":"Saiba como \u00e9 feita a corre\u00e7\u00e3o das provas e das reda\u00e7\u00f5es do Enem"}]},{"@type":"WebSite","@id":"https:\/\/brasilnoticias.org\/site\/#website","url":"https:\/\/brasilnoticias.org\/site\/","name":"Brasil not\u00edcias","description":"Brasil not\u00edcias","publisher":{"@id":"https:\/\/brasilnoticias.org\/site\/#organization"},"potentialAction":[{"@type":"SearchAction","target":{"@type":"EntryPoint","urlTemplate":"https:\/\/brasilnoticias.org\/site\/?s={search_term_string}"},"query-input":{"@type":"PropertyValueSpecification","valueRequired":true,"valueName":"search_term_string"}}],"inLanguage":"pt-PT"},{"@type":"Organization","@id":"https:\/\/brasilnoticias.org\/site\/#organization","name":"Brasil not\u00edcias","url":"https:\/\/brasilnoticias.org\/site\/","logo":{"@type":"ImageObject","inLanguage":"pt-PT","@id":"https:\/\/brasilnoticias.org\/site\/#\/schema\/logo\/image\/","url":"https:\/\/brasilnoticias.org\/site\/wp-content\/uploads\/2022\/05\/cropped-brasilnoticias-mini.jpg","contentUrl":"https:\/\/brasilnoticias.org\/site\/wp-content\/uploads\/2022\/05\/cropped-brasilnoticias-mini.jpg","width":314,"height":86,"caption":"Brasil not\u00edcias"},"image":{"@id":"https:\/\/brasilnoticias.org\/site\/#\/schema\/logo\/image\/"}},{"@type":"Person","@id":"https:\/\/brasilnoticias.org\/site\/#\/schema\/person\/03bbbfe6c7634ad18c26444ea39049fa","name":"Reda\u00e7\u00e3o","image":{"@type":"ImageObject","inLanguage":"pt-PT","@id":"https:\/\/brasilnoticias.org\/site\/#\/schema\/person\/image\/","url":"https:\/\/secure.gravatar.com\/avatar\/9ecaf7327a696cb23ad926fedded5f1f04d7049de9e445375d55b48c001a6e42?s=96&d=mm&r=g","contentUrl":"https:\/\/secure.gravatar.com\/avatar\/9ecaf7327a696cb23ad926fedded5f1f04d7049de9e445375d55b48c001a6e42?s=96&d=mm&r=g","caption":"Reda\u00e7\u00e3o"},"url":"https:\/\/brasilnoticias.org\/site\/author\/henrique\/"}]}},"_links":{"self":[{"href":"https:\/\/brasilnoticias.org\/site\/wp-json\/wp\/v2\/posts\/10640","targetHints":{"allow":["GET"]}}],"collection":[{"href":"https:\/\/brasilnoticias.org\/site\/wp-json\/wp\/v2\/posts"}],"about":[{"href":"https:\/\/brasilnoticias.org\/site\/wp-json\/wp\/v2\/types\/post"}],"author":[{"embeddable":true,"href":"https:\/\/brasilnoticias.org\/site\/wp-json\/wp\/v2\/users\/4"}],"replies":[{"embeddable":true,"href":"https:\/\/brasilnoticias.org\/site\/wp-json\/wp\/v2\/comments?post=10640"}],"version-history":[{"count":1,"href":"https:\/\/brasilnoticias.org\/site\/wp-json\/wp\/v2\/posts\/10640\/revisions"}],"predecessor-version":[{"id":10642,"href":"https:\/\/brasilnoticias.org\/site\/wp-json\/wp\/v2\/posts\/10640\/revisions\/10642"}],"wp:featuredmedia":[{"embeddable":true,"href":"https:\/\/brasilnoticias.org\/site\/wp-json\/wp\/v2\/media\/10641"}],"wp:attachment":[{"href":"https:\/\/brasilnoticias.org\/site\/wp-json\/wp\/v2\/media?parent=10640"}],"wp:term":[{"taxonomy":"category","embeddable":true,"href":"https:\/\/brasilnoticias.org\/site\/wp-json\/wp\/v2\/categories?post=10640"},{"taxonomy":"post_tag","embeddable":true,"href":"https:\/\/brasilnoticias.org\/site\/wp-json\/wp\/v2\/tags?post=10640"}],"curies":[{"name":"wp","href":"https:\/\/api.w.org\/{rel}","templated":true}]}}