{"id":10644,"date":"2023-11-02T21:04:07","date_gmt":"2023-11-03T00:04:07","guid":{"rendered":"https:\/\/brasilnoticias.org\/site\/?p=10644"},"modified":"2023-11-02T21:04:07","modified_gmt":"2023-11-03T00:04:07","slug":"pela-1a-vez-brasileiros-que-estavam-na-cisjordania-sao-resgatados","status":"publish","type":"post","link":"https:\/\/brasilnoticias.org\/site\/pela-1a-vez-brasileiros-que-estavam-na-cisjordania-sao-resgatados\/","title":{"rendered":"Pela 1\u00aa vez brasileiros que estavam na Cisjord\u00e2nia s\u00e3o resgatados"},"content":{"rendered":"<p>Dos 32 passageiros, 30 s\u00e3o brasileiros e, ainda, h\u00e1 um palestino e uma jordaniana, casados com brasileiros<\/p>\n<p>A aeronave VC-2 (Embraer 190), cedida pela Presid\u00eancia da Rep\u00fablica, que pousou na manh\u00e3 desta quinta-feira (2\/11) na Base A\u00e9rea de Bras\u00edlia, foi a nona que regressou ao Brasil pela Opera\u00e7\u00e3o Voltando em Paz, do governo federal, desde o in\u00edcio das hostilidades no Oriente M\u00e9dio. Mas, foi a pioneira a trazer cidad\u00e3os brasileiros resgatados do territ\u00f3rio palestino da Cisjord\u00e2nia. Os outros oito voos anteriores da For\u00e7a A\u00e9rea Brasileira (FAB), repatriaram brasileiros que estavam em Israel. As informa\u00e7\u00f5es s\u00e3o da Ag\u00eancia Brasil.<\/p>\n<p>Neste \u00faltimo voo da miss\u00e3o brasileira, os passageiros transportados partiram, na quarta-feira (1), de Aman, na Jord\u00e2nia, pa\u00eds vizinho a Israel, ap\u00f3s negocia\u00e7\u00f5es diplom\u00e1ticas realizadas pelo Minist\u00e9rio das Rela\u00e7\u00f5es Exteriores.<\/p>\n<p>Dos 32 passageiros, 30 s\u00e3o brasileiros e, ainda, h\u00e1 um palestino e uma jordaniana, casados com brasileiros. Deste total de transportados, 12 s\u00e3o homens; 9 s\u00e3o mulheres e 11 s\u00e3o crian\u00e7as. Entre os adultos, seis s\u00e3o idosos, dois deles cadeirantes, que receberam ajuda para descer da aeronave. Na chegada, o grupo acenou com bandeiras do Brasil e da Palestina.<\/p>\n<p>Apenas uma passageira permaneceu em Bras\u00edlia. As demais fam\u00edlias repatriadas ter\u00e3o outros destinos finais. Das seis pessoas que desembarcaram na escala feita no Recife (PE), \u00e0s 5h35 da manh\u00e3, tr\u00eas pessoas ficaram na capital pernambucana e tr\u00eas seguiram para Fortaleza, no Cear\u00e1.<\/p>\n<p>A partir da capital federal, oito pessoas viajar\u00e3o para Foz do Igua\u00e7u; cinco ir\u00e3o a S\u00e3o Paulo; quatro, a Florian\u00f3polis; tr\u00eas, Rio de Janeiro; dois, em Curitiba; dois, em Goi\u00e2nia; e um para Porto Alegre.<\/p>\n<p>ASSIST\u00caNCIA M\u00c9DICA<\/p>\n<p>Antes do pouso, o tenente-coronel Garcez, da FAB, informou sobre a situa\u00e7\u00e3o de vulnerabilidade emocional de alguns passageiros vindos da Cisjord\u00e2nia, pelo fato da regi\u00e3o tamb\u00e9m ter sofrido com ataques militares e restri\u00e7\u00f5es. \u201cEnt\u00e3o, \u00e9 uma condi\u00e7\u00e3o at\u00e9 um pouco diferente do pessoal que veio de Tel Aviv [Israel]. E n\u00e3o t\u00e3o cr\u00edtica como a situa\u00e7\u00e3o do pessoal que est\u00e1 em Gaza\u201d, descreve.<\/p>\n<p>Por isso, durante o voo, os passageiros vindos da Jord\u00e2nia, tiveram assist\u00eancia m\u00e9dica e psicol\u00f3gica de profissionais da FAB. A bordo, foram realizadas 13 consultas entre m\u00e9dicas e psicol\u00f3gicas, devido \u00e0 exist\u00eancia de pessoas com comorbidades (doen\u00e7as) pr\u00e9vias, que requeriam cuidados especiais.<\/p>\n<p>Do ponto de vista psicol\u00f3gico, o atendimento junto a alguns passageiros resgatados que necessitavam de assist\u00eancia, foi feito para aliviar a ansiedade, a dar perspectivas que n\u00e3o os lembrassem o conflito da regi\u00e3o. Para desvincular os passageiros do ambiente da guerra, a aeronave ainda promoveu espa\u00e7os l\u00fadicos para as crian\u00e7as desenharem com brinquedos e blocos de montar.<\/p>\n<p>O capit\u00e3o m\u00e9dico da For\u00e7a A\u00e9rea Brasileira, Gustavo Messias Costa, que fez parte da tripula\u00e7\u00e3o descreveu a presta\u00e7\u00e3o da assist\u00eancia com foco no bem-estar e sa\u00fade mental de passageiros e tripulantes. \u201cFoi fundamental tamb\u00e9m a equipe contar com a presen\u00e7a de uma psic\u00f3loga a bordo. Esse trabalho multidisciplinar foi fundamental durante essa miss\u00e3o\u201d.<\/p>\n<p>O capit\u00e3o m\u00e9dico ficou emocionado ao relatar que se sente honrado por cumprir os juramentos feitos quando se tornou m\u00e9dico e quando entrou nas for\u00e7as armadas. \u201c Para mim, n\u00e3o tem pre\u00e7o. N\u00e3o vai ter qualquer coisa material no mundo que me traga essa sensa\u00e7\u00e3o de ver uma crian\u00e7a sorrindo, um idoso chegando e falar que essa terra \u00e9 maravilhosa para ele, que aqui a gente tem paz, que aqui a gente tem condi\u00e7\u00f5es de viver com futuro\u201d, revelou Gustavo Costa.<\/p>\n<p>Foto: Marcelo Camargo\/Ag\u00eancia Brasil<br \/>\nAratu On <\/p>\n","protected":false},"excerpt":{"rendered":"<p>Dos 32 passageiros, 30 s\u00e3o brasileiros e, ainda, h\u00e1 um palestino e uma jordaniana, casados com brasileiros A aeronave VC-2<\/p>\n","protected":false},"author":4,"featured_media":10645,"comment_status":"open","ping_status":"open","sticky":false,"template":"","format":"standard","meta":{"colormag_page_container_layout":"default_layout","colormag_page_sidebar_layout":"default_layout","_FSMCFIC_featured_image_caption":"","_FSMCFIC_featured_image_nocaption":"","_FSMCFIC_featured_image_hide":"","footnotes":""},"categories":[6,1],"tags":[],"class_list":["post-10644","post","type-post","status-publish","format-standard","has-post-thumbnail","hentry","category-mundo","category-ultimas"],"yoast_head":"<!-- This site is optimized with the Yoast SEO plugin v27.1.1 - https:\/\/yoast.com\/product\/yoast-seo-wordpress\/ -->\n<title>Pela 1\u00aa vez brasileiros que estavam na Cisjord\u00e2nia s\u00e3o resgatados - Brasil not\u00edcias<\/title>\n<meta name=\"robots\" content=\"index, follow, max-snippet:-1, max-image-preview:large, max-video-preview:-1\" \/>\n<link rel=\"canonical\" href=\"https:\/\/brasilnoticias.org\/site\/pela-1a-vez-brasileiros-que-estavam-na-cisjordania-sao-resgatados\/\" \/>\n<meta property=\"og:locale\" content=\"pt_PT\" \/>\n<meta property=\"og:type\" content=\"article\" \/>\n<meta property=\"og:title\" content=\"Pela 1\u00aa vez brasileiros que estavam na Cisjord\u00e2nia s\u00e3o resgatados - Brasil not\u00edcias\" \/>\n<meta property=\"og:description\" content=\"Dos 32 passageiros, 30 s\u00e3o brasileiros e, ainda, h\u00e1 um palestino e uma jordaniana, casados com brasileiros A aeronave VC-2\" \/>\n<meta property=\"og:url\" content=\"https:\/\/brasilnoticias.org\/site\/pela-1a-vez-brasileiros-que-estavam-na-cisjordania-sao-resgatados\/\" \/>\n<meta property=\"og:site_name\" content=\"Brasil not\u00edcias\" \/>\n<meta property=\"article:published_time\" content=\"2023-11-03T00:04:07+00:00\" \/>\n<meta property=\"og:image\" content=\"https:\/\/brasilnoticias.org\/site\/wp-content\/uploads\/2023\/11\/repatriados-cisjordania2_mcamgo_abr_02112023-2-740x470-1.webp\" \/>\n\t<meta property=\"og:image:width\" content=\"740\" \/>\n\t<meta property=\"og:image:height\" content=\"470\" \/>\n\t<meta property=\"og:image:type\" content=\"image\/webp\" \/>\n<meta name=\"author\" content=\"Reda\u00e7\u00e3o\" \/>\n<meta name=\"twitter:card\" content=\"summary_large_image\" \/>\n<meta name=\"twitter:label1\" content=\"Escrito por\" \/>\n\t<meta name=\"twitter:data1\" content=\"Reda\u00e7\u00e3o\" \/>\n<script type=\"application\/ld+json\" class=\"yoast-schema-graph\">{\"@context\":\"https:\/\/schema.org\",\"@graph\":[{\"@type\":\"Article\",\"@id\":\"https:\/\/brasilnoticias.org\/site\/pela-1a-vez-brasileiros-que-estavam-na-cisjordania-sao-resgatados\/#article\",\"isPartOf\":{\"@id\":\"https:\/\/brasilnoticias.org\/site\/pela-1a-vez-brasileiros-que-estavam-na-cisjordania-sao-resgatados\/\"},\"author\":{\"name\":\"Reda\u00e7\u00e3o\",\"@id\":\"https:\/\/brasilnoticias.org\/site\/#\/schema\/person\/03bbbfe6c7634ad18c26444ea39049fa\"},\"headline\":\"Pela 1\u00aa vez brasileiros que estavam na Cisjord\u00e2nia s\u00e3o resgatados\",\"datePublished\":\"2023-11-03T00:04:07+00:00\",\"mainEntityOfPage\":{\"@id\":\"https:\/\/brasilnoticias.org\/site\/pela-1a-vez-brasileiros-que-estavam-na-cisjordania-sao-resgatados\/\"},\"wordCount\":659,\"commentCount\":0,\"publisher\":{\"@id\":\"https:\/\/brasilnoticias.org\/site\/#organization\"},\"image\":{\"@id\":\"https:\/\/brasilnoticias.org\/site\/pela-1a-vez-brasileiros-que-estavam-na-cisjordania-sao-resgatados\/#primaryimage\"},\"thumbnailUrl\":\"https:\/\/brasilnoticias.org\/site\/wp-content\/uploads\/2023\/11\/repatriados-cisjordania2_mcamgo_abr_02112023-2-740x470-1.webp\",\"articleSection\":[\"Mundo\",\"\u00daltimas\"],\"inLanguage\":\"pt-PT\",\"potentialAction\":[{\"@type\":\"CommentAction\",\"name\":\"Comment\",\"target\":[\"https:\/\/brasilnoticias.org\/site\/pela-1a-vez-brasileiros-que-estavam-na-cisjordania-sao-resgatados\/#respond\"]}]},{\"@type\":\"WebPage\",\"@id\":\"https:\/\/brasilnoticias.org\/site\/pela-1a-vez-brasileiros-que-estavam-na-cisjordania-sao-resgatados\/\",\"url\":\"https:\/\/brasilnoticias.org\/site\/pela-1a-vez-brasileiros-que-estavam-na-cisjordania-sao-resgatados\/\",\"name\":\"Pela 1\u00aa vez brasileiros que estavam na Cisjord\u00e2nia s\u00e3o resgatados - Brasil not\u00edcias\",\"isPartOf\":{\"@id\":\"https:\/\/brasilnoticias.org\/site\/#website\"},\"primaryImageOfPage\":{\"@id\":\"https:\/\/brasilnoticias.org\/site\/pela-1a-vez-brasileiros-que-estavam-na-cisjordania-sao-resgatados\/#primaryimage\"},\"image\":{\"@id\":\"https:\/\/brasilnoticias.org\/site\/pela-1a-vez-brasileiros-que-estavam-na-cisjordania-sao-resgatados\/#primaryimage\"},\"thumbnailUrl\":\"https:\/\/brasilnoticias.org\/site\/wp-content\/uploads\/2023\/11\/repatriados-cisjordania2_mcamgo_abr_02112023-2-740x470-1.webp\",\"datePublished\":\"2023-11-03T00:04:07+00:00\",\"breadcrumb\":{\"@id\":\"https:\/\/brasilnoticias.org\/site\/pela-1a-vez-brasileiros-que-estavam-na-cisjordania-sao-resgatados\/#breadcrumb\"},\"inLanguage\":\"pt-PT\",\"potentialAction\":[{\"@type\":\"ReadAction\",\"target\":[\"https:\/\/brasilnoticias.org\/site\/pela-1a-vez-brasileiros-que-estavam-na-cisjordania-sao-resgatados\/\"]}]},{\"@type\":\"ImageObject\",\"inLanguage\":\"pt-PT\",\"@id\":\"https:\/\/brasilnoticias.org\/site\/pela-1a-vez-brasileiros-que-estavam-na-cisjordania-sao-resgatados\/#primaryimage\",\"url\":\"https:\/\/brasilnoticias.org\/site\/wp-content\/uploads\/2023\/11\/repatriados-cisjordania2_mcamgo_abr_02112023-2-740x470-1.webp\",\"contentUrl\":\"https:\/\/brasilnoticias.org\/site\/wp-content\/uploads\/2023\/11\/repatriados-cisjordania2_mcamgo_abr_02112023-2-740x470-1.webp\",\"width\":740,\"height\":470},{\"@type\":\"BreadcrumbList\",\"@id\":\"https:\/\/brasilnoticias.org\/site\/pela-1a-vez-brasileiros-que-estavam-na-cisjordania-sao-resgatados\/#breadcrumb\",\"itemListElement\":[{\"@type\":\"ListItem\",\"position\":1,\"name\":\"In\u00edcio\",\"item\":\"https:\/\/brasilnoticias.org\/site\/\"},{\"@type\":\"ListItem\",\"position\":2,\"name\":\"Pela 1\u00aa vez brasileiros que estavam na Cisjord\u00e2nia s\u00e3o resgatados\"}]},{\"@type\":\"WebSite\",\"@id\":\"https:\/\/brasilnoticias.org\/site\/#website\",\"url\":\"https:\/\/brasilnoticias.org\/site\/\",\"name\":\"Brasil not\u00edcias\",\"description\":\"Brasil not\u00edcias\",\"publisher\":{\"@id\":\"https:\/\/brasilnoticias.org\/site\/#organization\"},\"potentialAction\":[{\"@type\":\"SearchAction\",\"target\":{\"@type\":\"EntryPoint\",\"urlTemplate\":\"https:\/\/brasilnoticias.org\/site\/?s={search_term_string}\"},\"query-input\":{\"@type\":\"PropertyValueSpecification\",\"valueRequired\":true,\"valueName\":\"search_term_string\"}}],\"inLanguage\":\"pt-PT\"},{\"@type\":\"Organization\",\"@id\":\"https:\/\/brasilnoticias.org\/site\/#organization\",\"name\":\"Brasil not\u00edcias\",\"url\":\"https:\/\/brasilnoticias.org\/site\/\",\"logo\":{\"@type\":\"ImageObject\",\"inLanguage\":\"pt-PT\",\"@id\":\"https:\/\/brasilnoticias.org\/site\/#\/schema\/logo\/image\/\",\"url\":\"https:\/\/brasilnoticias.org\/site\/wp-content\/uploads\/2022\/05\/cropped-brasilnoticias-mini.jpg\",\"contentUrl\":\"https:\/\/brasilnoticias.org\/site\/wp-content\/uploads\/2022\/05\/cropped-brasilnoticias-mini.jpg\",\"width\":314,\"height\":86,\"caption\":\"Brasil not\u00edcias\"},\"image\":{\"@id\":\"https:\/\/brasilnoticias.org\/site\/#\/schema\/logo\/image\/\"}},{\"@type\":\"Person\",\"@id\":\"https:\/\/brasilnoticias.org\/site\/#\/schema\/person\/03bbbfe6c7634ad18c26444ea39049fa\",\"name\":\"Reda\u00e7\u00e3o\",\"image\":{\"@type\":\"ImageObject\",\"inLanguage\":\"pt-PT\",\"@id\":\"https:\/\/brasilnoticias.org\/site\/#\/schema\/person\/image\/\",\"url\":\"https:\/\/secure.gravatar.com\/avatar\/9ecaf7327a696cb23ad926fedded5f1f04d7049de9e445375d55b48c001a6e42?s=96&d=mm&r=g\",\"contentUrl\":\"https:\/\/secure.gravatar.com\/avatar\/9ecaf7327a696cb23ad926fedded5f1f04d7049de9e445375d55b48c001a6e42?s=96&d=mm&r=g\",\"caption\":\"Reda\u00e7\u00e3o\"},\"url\":\"https:\/\/brasilnoticias.org\/site\/author\/henrique\/\"}]}<\/script>\n<!-- \/ Yoast SEO plugin. -->","yoast_head_json":{"title":"Pela 1\u00aa vez brasileiros que estavam na Cisjord\u00e2nia s\u00e3o resgatados - Brasil not\u00edcias","robots":{"index":"index","follow":"follow","max-snippet":"max-snippet:-1","max-image-preview":"max-image-preview:large","max-video-preview":"max-video-preview:-1"},"canonical":"https:\/\/brasilnoticias.org\/site\/pela-1a-vez-brasileiros-que-estavam-na-cisjordania-sao-resgatados\/","og_locale":"pt_PT","og_type":"article","og_title":"Pela 1\u00aa vez brasileiros que estavam na Cisjord\u00e2nia s\u00e3o resgatados - Brasil not\u00edcias","og_description":"Dos 32 passageiros, 30 s\u00e3o brasileiros e, ainda, h\u00e1 um palestino e uma jordaniana, casados com brasileiros A aeronave VC-2","og_url":"https:\/\/brasilnoticias.org\/site\/pela-1a-vez-brasileiros-que-estavam-na-cisjordania-sao-resgatados\/","og_site_name":"Brasil not\u00edcias","article_published_time":"2023-11-03T00:04:07+00:00","og_image":[{"width":740,"height":470,"url":"https:\/\/brasilnoticias.org\/site\/wp-content\/uploads\/2023\/11\/repatriados-cisjordania2_mcamgo_abr_02112023-2-740x470-1.webp","type":"image\/webp"}],"author":"Reda\u00e7\u00e3o","twitter_card":"summary_large_image","twitter_misc":{"Escrito por":"Reda\u00e7\u00e3o"},"schema":{"@context":"https:\/\/schema.org","@graph":[{"@type":"Article","@id":"https:\/\/brasilnoticias.org\/site\/pela-1a-vez-brasileiros-que-estavam-na-cisjordania-sao-resgatados\/#article","isPartOf":{"@id":"https:\/\/brasilnoticias.org\/site\/pela-1a-vez-brasileiros-que-estavam-na-cisjordania-sao-resgatados\/"},"author":{"name":"Reda\u00e7\u00e3o","@id":"https:\/\/brasilnoticias.org\/site\/#\/schema\/person\/03bbbfe6c7634ad18c26444ea39049fa"},"headline":"Pela 1\u00aa vez brasileiros que estavam na Cisjord\u00e2nia s\u00e3o resgatados","datePublished":"2023-11-03T00:04:07+00:00","mainEntityOfPage":{"@id":"https:\/\/brasilnoticias.org\/site\/pela-1a-vez-brasileiros-que-estavam-na-cisjordania-sao-resgatados\/"},"wordCount":659,"commentCount":0,"publisher":{"@id":"https:\/\/brasilnoticias.org\/site\/#organization"},"image":{"@id":"https:\/\/brasilnoticias.org\/site\/pela-1a-vez-brasileiros-que-estavam-na-cisjordania-sao-resgatados\/#primaryimage"},"thumbnailUrl":"https:\/\/brasilnoticias.org\/site\/wp-content\/uploads\/2023\/11\/repatriados-cisjordania2_mcamgo_abr_02112023-2-740x470-1.webp","articleSection":["Mundo","\u00daltimas"],"inLanguage":"pt-PT","potentialAction":[{"@type":"CommentAction","name":"Comment","target":["https:\/\/brasilnoticias.org\/site\/pela-1a-vez-brasileiros-que-estavam-na-cisjordania-sao-resgatados\/#respond"]}]},{"@type":"WebPage","@id":"https:\/\/brasilnoticias.org\/site\/pela-1a-vez-brasileiros-que-estavam-na-cisjordania-sao-resgatados\/","url":"https:\/\/brasilnoticias.org\/site\/pela-1a-vez-brasileiros-que-estavam-na-cisjordania-sao-resgatados\/","name":"Pela 1\u00aa vez brasileiros que estavam na Cisjord\u00e2nia s\u00e3o resgatados - Brasil not\u00edcias","isPartOf":{"@id":"https:\/\/brasilnoticias.org\/site\/#website"},"primaryImageOfPage":{"@id":"https:\/\/brasilnoticias.org\/site\/pela-1a-vez-brasileiros-que-estavam-na-cisjordania-sao-resgatados\/#primaryimage"},"image":{"@id":"https:\/\/brasilnoticias.org\/site\/pela-1a-vez-brasileiros-que-estavam-na-cisjordania-sao-resgatados\/#primaryimage"},"thumbnailUrl":"https:\/\/brasilnoticias.org\/site\/wp-content\/uploads\/2023\/11\/repatriados-cisjordania2_mcamgo_abr_02112023-2-740x470-1.webp","datePublished":"2023-11-03T00:04:07+00:00","breadcrumb":{"@id":"https:\/\/brasilnoticias.org\/site\/pela-1a-vez-brasileiros-que-estavam-na-cisjordania-sao-resgatados\/#breadcrumb"},"inLanguage":"pt-PT","potentialAction":[{"@type":"ReadAction","target":["https:\/\/brasilnoticias.org\/site\/pela-1a-vez-brasileiros-que-estavam-na-cisjordania-sao-resgatados\/"]}]},{"@type":"ImageObject","inLanguage":"pt-PT","@id":"https:\/\/brasilnoticias.org\/site\/pela-1a-vez-brasileiros-que-estavam-na-cisjordania-sao-resgatados\/#primaryimage","url":"https:\/\/brasilnoticias.org\/site\/wp-content\/uploads\/2023\/11\/repatriados-cisjordania2_mcamgo_abr_02112023-2-740x470-1.webp","contentUrl":"https:\/\/brasilnoticias.org\/site\/wp-content\/uploads\/2023\/11\/repatriados-cisjordania2_mcamgo_abr_02112023-2-740x470-1.webp","width":740,"height":470},{"@type":"BreadcrumbList","@id":"https:\/\/brasilnoticias.org\/site\/pela-1a-vez-brasileiros-que-estavam-na-cisjordania-sao-resgatados\/#breadcrumb","itemListElement":[{"@type":"ListItem","position":1,"name":"In\u00edcio","item":"https:\/\/brasilnoticias.org\/site\/"},{"@type":"ListItem","position":2,"name":"Pela 1\u00aa vez brasileiros que estavam na Cisjord\u00e2nia s\u00e3o resgatados"}]},{"@type":"WebSite","@id":"https:\/\/brasilnoticias.org\/site\/#website","url":"https:\/\/brasilnoticias.org\/site\/","name":"Brasil not\u00edcias","description":"Brasil not\u00edcias","publisher":{"@id":"https:\/\/brasilnoticias.org\/site\/#organization"},"potentialAction":[{"@type":"SearchAction","target":{"@type":"EntryPoint","urlTemplate":"https:\/\/brasilnoticias.org\/site\/?s={search_term_string}"},"query-input":{"@type":"PropertyValueSpecification","valueRequired":true,"valueName":"search_term_string"}}],"inLanguage":"pt-PT"},{"@type":"Organization","@id":"https:\/\/brasilnoticias.org\/site\/#organization","name":"Brasil not\u00edcias","url":"https:\/\/brasilnoticias.org\/site\/","logo":{"@type":"ImageObject","inLanguage":"pt-PT","@id":"https:\/\/brasilnoticias.org\/site\/#\/schema\/logo\/image\/","url":"https:\/\/brasilnoticias.org\/site\/wp-content\/uploads\/2022\/05\/cropped-brasilnoticias-mini.jpg","contentUrl":"https:\/\/brasilnoticias.org\/site\/wp-content\/uploads\/2022\/05\/cropped-brasilnoticias-mini.jpg","width":314,"height":86,"caption":"Brasil not\u00edcias"},"image":{"@id":"https:\/\/brasilnoticias.org\/site\/#\/schema\/logo\/image\/"}},{"@type":"Person","@id":"https:\/\/brasilnoticias.org\/site\/#\/schema\/person\/03bbbfe6c7634ad18c26444ea39049fa","name":"Reda\u00e7\u00e3o","image":{"@type":"ImageObject","inLanguage":"pt-PT","@id":"https:\/\/brasilnoticias.org\/site\/#\/schema\/person\/image\/","url":"https:\/\/secure.gravatar.com\/avatar\/9ecaf7327a696cb23ad926fedded5f1f04d7049de9e445375d55b48c001a6e42?s=96&d=mm&r=g","contentUrl":"https:\/\/secure.gravatar.com\/avatar\/9ecaf7327a696cb23ad926fedded5f1f04d7049de9e445375d55b48c001a6e42?s=96&d=mm&r=g","caption":"Reda\u00e7\u00e3o"},"url":"https:\/\/brasilnoticias.org\/site\/author\/henrique\/"}]}},"_links":{"self":[{"href":"https:\/\/brasilnoticias.org\/site\/wp-json\/wp\/v2\/posts\/10644","targetHints":{"allow":["GET"]}}],"collection":[{"href":"https:\/\/brasilnoticias.org\/site\/wp-json\/wp\/v2\/posts"}],"about":[{"href":"https:\/\/brasilnoticias.org\/site\/wp-json\/wp\/v2\/types\/post"}],"author":[{"embeddable":true,"href":"https:\/\/brasilnoticias.org\/site\/wp-json\/wp\/v2\/users\/4"}],"replies":[{"embeddable":true,"href":"https:\/\/brasilnoticias.org\/site\/wp-json\/wp\/v2\/comments?post=10644"}],"version-history":[{"count":1,"href":"https:\/\/brasilnoticias.org\/site\/wp-json\/wp\/v2\/posts\/10644\/revisions"}],"predecessor-version":[{"id":10646,"href":"https:\/\/brasilnoticias.org\/site\/wp-json\/wp\/v2\/posts\/10644\/revisions\/10646"}],"wp:featuredmedia":[{"embeddable":true,"href":"https:\/\/brasilnoticias.org\/site\/wp-json\/wp\/v2\/media\/10645"}],"wp:attachment":[{"href":"https:\/\/brasilnoticias.org\/site\/wp-json\/wp\/v2\/media?parent=10644"}],"wp:term":[{"taxonomy":"category","embeddable":true,"href":"https:\/\/brasilnoticias.org\/site\/wp-json\/wp\/v2\/categories?post=10644"},{"taxonomy":"post_tag","embeddable":true,"href":"https:\/\/brasilnoticias.org\/site\/wp-json\/wp\/v2\/tags?post=10644"}],"curies":[{"name":"wp","href":"https:\/\/api.w.org\/{rel}","templated":true}]}}