{"id":1065,"date":"2022-08-01T09:50:31","date_gmt":"2022-08-01T12:50:31","guid":{"rendered":"https:\/\/brasilnoticias.org\/site\/?p=1065"},"modified":"2022-08-01T09:50:31","modified_gmt":"2022-08-01T12:50:31","slug":"conheca-os-dois-ministros-indicados-por-bolsonaro-ao-stj","status":"publish","type":"post","link":"https:\/\/brasilnoticias.org\/site\/conheca-os-dois-ministros-indicados-por-bolsonaro-ao-stj\/","title":{"rendered":"CONHE\u00c7A OS DOIS MINISTROS INDICADOS POR BOLSONARO AO STJ"},"content":{"rendered":"<p>O\u00a0<a href=\"https:\/\/www.bnews.com.br\/personalidades\/jair-bolsonaro.html\" target=\"_blank\" rel=\"noopener\">presidente Jair Bolsonaro (PL)<\/a>\u00a0definiu os dois nomes de ministros para vagas no<a href=\"https:\/\/www.bnews.com.br\/tags\/stj\" target=\"_blank\" rel=\"noopener\">\u00a0STJ (Superior Tribunal de Justi\u00e7a)<\/a>.<\/p>\n<p>O despacho com a indica\u00e7\u00e3o de Messod Azulay Neto, atual presidente do TRF-2 (Tribunal Regional Federal da 2\u00aa Regi\u00e3o), e de Paulo S\u00e9rgio Domingues, desembargador do TRF-3 (Tribunal Regional Federal da 3\u00aa Regi\u00e3o).<\/p>\n<p>Messod Azulay Neto \u00e9 o atual presidente do TRF-2. Formado pela Universidade Federal do Rio de Janeiro (UFRJ), chegou ao TRF-2 em 2005.<\/p>\n<p>Paulo S\u00e9rgio Domingues \u00e9 formado pela Universidade de S\u00e3o Paulo (USP) e se tornou desembargador do TRF-3 (Tribunal Regional Federal da 3\u00aa Regi\u00e3o) em 2014. Nos bastidores, aponta-se que Domingues possui apoio do ministro\u00a0<a href=\"https:\/\/www.bnews.com.br\/tags\/stf\" target=\"_blank\" rel=\"noopener\">Dias Toffoli, do STF<\/a>, para obter a vaga do STJ.<\/p>\n<p>A Constitui\u00e7\u00e3o prev\u00ea que os ministros do STJ\u00a0<a href=\"https:\/\/www.bnews.com.br\/noticias\/politica\/advogado-de-jair-bolsonaro-tera-de-indenizar-ex-deputado-por-danos-morais-veja-quem.html\" target=\"_blank\" rel=\"noopener\">tenham origens diferentes<\/a>: um ter\u00e7o deve ser escolhido entre desembargadores federais, um ter\u00e7o entre desembargadores de justi\u00e7a e um ter\u00e7o entre advogados e membros do Minist\u00e9rio P\u00fablico.<\/p>\n<p>O STJ \u00e9 composto por 33 ministros e \u00e9 respons\u00e1vel por uniformizar o entendimento sobre a legisla\u00e7\u00e3o. Os nomes do STJ s\u00e3o escolhidos e nomeados pelo presidente a partir de lista tr\u00edplice formulada pelo pr\u00f3prio tribunal. O indicado passa por sabatina no Senado antes da nomea\u00e7\u00e3o.<\/p>\n<p>&nbsp;<\/p>\n<p>&nbsp;<\/p>\n<p>&nbsp;<\/p>\n<p>Bnews<\/p>\n","protected":false},"excerpt":{"rendered":"<p>O\u00a0presidente Jair Bolsonaro (PL)\u00a0definiu os dois nomes de ministros para vagas no\u00a0STJ (Superior Tribunal de Justi\u00e7a). O despacho com a<\/p>\n","protected":false},"author":2,"featured_media":1066,"comment_status":"open","ping_status":"open","sticky":false,"template":"","format":"standard","meta":{"colormag_page_container_layout":"default_layout","colormag_page_sidebar_layout":"default_layout","_FSMCFIC_featured_image_caption":"","_FSMCFIC_featured_image_nocaption":"","_FSMCFIC_featured_image_hide":"","footnotes":""},"categories":[5,1],"tags":[],"class_list":["post-1065","post","type-post","status-publish","format-standard","has-post-thumbnail","hentry","category-politica","category-ultimas"],"yoast_head":"<!-- This site is optimized with the Yoast SEO plugin v27.1.1 - https:\/\/yoast.com\/product\/yoast-seo-wordpress\/ -->\n<title>CONHE\u00c7A OS DOIS MINISTROS INDICADOS POR BOLSONARO AO STJ - Brasil not\u00edcias<\/title>\n<meta name=\"robots\" content=\"index, follow, max-snippet:-1, max-image-preview:large, max-video-preview:-1\" \/>\n<link rel=\"canonical\" href=\"https:\/\/brasilnoticias.org\/site\/conheca-os-dois-ministros-indicados-por-bolsonaro-ao-stj\/\" \/>\n<meta property=\"og:locale\" content=\"pt_PT\" \/>\n<meta property=\"og:type\" content=\"article\" \/>\n<meta property=\"og:title\" content=\"CONHE\u00c7A OS DOIS MINISTROS INDICADOS POR BOLSONARO AO STJ - Brasil not\u00edcias\" \/>\n<meta property=\"og:description\" content=\"O\u00a0presidente Jair Bolsonaro (PL)\u00a0definiu os dois nomes de ministros para vagas no\u00a0STJ (Superior Tribunal de Justi\u00e7a). O despacho com a\" \/>\n<meta property=\"og:url\" content=\"https:\/\/brasilnoticias.org\/site\/conheca-os-dois-ministros-indicados-por-bolsonaro-ao-stj\/\" \/>\n<meta property=\"og:site_name\" content=\"Brasil not\u00edcias\" \/>\n<meta property=\"article:published_time\" content=\"2022-08-01T12:50:31+00:00\" \/>\n<meta property=\"og:image\" content=\"https:\/\/brasilnoticias.org\/site\/wp-content\/uploads\/2022\/08\/conheca_os_2_ministros_indicados_por_bolsonaro_ao_stj_widelg.jpg\" \/>\n\t<meta property=\"og:image:width\" content=\"800\" \/>\n\t<meta property=\"og:image:height\" content=\"450\" \/>\n\t<meta property=\"og:image:type\" content=\"image\/jpeg\" \/>\n<meta name=\"author\" content=\"Reda\u00e7\u00e3o\" \/>\n<meta name=\"twitter:card\" content=\"summary_large_image\" \/>\n<meta name=\"twitter:label1\" content=\"Escrito por\" \/>\n\t<meta name=\"twitter:data1\" content=\"Reda\u00e7\u00e3o\" \/>\n\t<meta name=\"twitter:label2\" content=\"Tempo estimado de leitura\" \/>\n\t<meta name=\"twitter:data2\" content=\"1 minuto\" \/>\n<script type=\"application\/ld+json\" class=\"yoast-schema-graph\">{\"@context\":\"https:\/\/schema.org\",\"@graph\":[{\"@type\":\"Article\",\"@id\":\"https:\/\/brasilnoticias.org\/site\/conheca-os-dois-ministros-indicados-por-bolsonaro-ao-stj\/#article\",\"isPartOf\":{\"@id\":\"https:\/\/brasilnoticias.org\/site\/conheca-os-dois-ministros-indicados-por-bolsonaro-ao-stj\/\"},\"author\":{\"name\":\"Reda\u00e7\u00e3o\",\"@id\":\"https:\/\/brasilnoticias.org\/site\/#\/schema\/person\/f609fa847b5314f1c8b983342f34c798\"},\"headline\":\"CONHE\u00c7A OS DOIS MINISTROS INDICADOS POR BOLSONARO AO STJ\",\"datePublished\":\"2022-08-01T12:50:31+00:00\",\"mainEntityOfPage\":{\"@id\":\"https:\/\/brasilnoticias.org\/site\/conheca-os-dois-ministros-indicados-por-bolsonaro-ao-stj\/\"},\"wordCount\":225,\"commentCount\":0,\"publisher\":{\"@id\":\"https:\/\/brasilnoticias.org\/site\/#organization\"},\"image\":{\"@id\":\"https:\/\/brasilnoticias.org\/site\/conheca-os-dois-ministros-indicados-por-bolsonaro-ao-stj\/#primaryimage\"},\"thumbnailUrl\":\"https:\/\/brasilnoticias.org\/site\/wp-content\/uploads\/2022\/08\/conheca_os_2_ministros_indicados_por_bolsonaro_ao_stj_widelg.jpg\",\"articleSection\":[\"Pol\u00edtica\",\"\u00daltimas\"],\"inLanguage\":\"pt-PT\",\"potentialAction\":[{\"@type\":\"CommentAction\",\"name\":\"Comment\",\"target\":[\"https:\/\/brasilnoticias.org\/site\/conheca-os-dois-ministros-indicados-por-bolsonaro-ao-stj\/#respond\"]}]},{\"@type\":\"WebPage\",\"@id\":\"https:\/\/brasilnoticias.org\/site\/conheca-os-dois-ministros-indicados-por-bolsonaro-ao-stj\/\",\"url\":\"https:\/\/brasilnoticias.org\/site\/conheca-os-dois-ministros-indicados-por-bolsonaro-ao-stj\/\",\"name\":\"CONHE\u00c7A OS DOIS MINISTROS INDICADOS POR BOLSONARO AO STJ - Brasil not\u00edcias\",\"isPartOf\":{\"@id\":\"https:\/\/brasilnoticias.org\/site\/#website\"},\"primaryImageOfPage\":{\"@id\":\"https:\/\/brasilnoticias.org\/site\/conheca-os-dois-ministros-indicados-por-bolsonaro-ao-stj\/#primaryimage\"},\"image\":{\"@id\":\"https:\/\/brasilnoticias.org\/site\/conheca-os-dois-ministros-indicados-por-bolsonaro-ao-stj\/#primaryimage\"},\"thumbnailUrl\":\"https:\/\/brasilnoticias.org\/site\/wp-content\/uploads\/2022\/08\/conheca_os_2_ministros_indicados_por_bolsonaro_ao_stj_widelg.jpg\",\"datePublished\":\"2022-08-01T12:50:31+00:00\",\"breadcrumb\":{\"@id\":\"https:\/\/brasilnoticias.org\/site\/conheca-os-dois-ministros-indicados-por-bolsonaro-ao-stj\/#breadcrumb\"},\"inLanguage\":\"pt-PT\",\"potentialAction\":[{\"@type\":\"ReadAction\",\"target\":[\"https:\/\/brasilnoticias.org\/site\/conheca-os-dois-ministros-indicados-por-bolsonaro-ao-stj\/\"]}]},{\"@type\":\"ImageObject\",\"inLanguage\":\"pt-PT\",\"@id\":\"https:\/\/brasilnoticias.org\/site\/conheca-os-dois-ministros-indicados-por-bolsonaro-ao-stj\/#primaryimage\",\"url\":\"https:\/\/brasilnoticias.org\/site\/wp-content\/uploads\/2022\/08\/conheca_os_2_ministros_indicados_por_bolsonaro_ao_stj_widelg.jpg\",\"contentUrl\":\"https:\/\/brasilnoticias.org\/site\/wp-content\/uploads\/2022\/08\/conheca_os_2_ministros_indicados_por_bolsonaro_ao_stj_widelg.jpg\",\"width\":800,\"height\":450},{\"@type\":\"BreadcrumbList\",\"@id\":\"https:\/\/brasilnoticias.org\/site\/conheca-os-dois-ministros-indicados-por-bolsonaro-ao-stj\/#breadcrumb\",\"itemListElement\":[{\"@type\":\"ListItem\",\"position\":1,\"name\":\"In\u00edcio\",\"item\":\"https:\/\/brasilnoticias.org\/site\/\"},{\"@type\":\"ListItem\",\"position\":2,\"name\":\"CONHE\u00c7A OS DOIS MINISTROS INDICADOS POR BOLSONARO AO STJ\"}]},{\"@type\":\"WebSite\",\"@id\":\"https:\/\/brasilnoticias.org\/site\/#website\",\"url\":\"https:\/\/brasilnoticias.org\/site\/\",\"name\":\"Brasil not\u00edcias\",\"description\":\"Brasil not\u00edcias\",\"publisher\":{\"@id\":\"https:\/\/brasilnoticias.org\/site\/#organization\"},\"potentialAction\":[{\"@type\":\"SearchAction\",\"target\":{\"@type\":\"EntryPoint\",\"urlTemplate\":\"https:\/\/brasilnoticias.org\/site\/?s={search_term_string}\"},\"query-input\":{\"@type\":\"PropertyValueSpecification\",\"valueRequired\":true,\"valueName\":\"search_term_string\"}}],\"inLanguage\":\"pt-PT\"},{\"@type\":\"Organization\",\"@id\":\"https:\/\/brasilnoticias.org\/site\/#organization\",\"name\":\"Brasil not\u00edcias\",\"url\":\"https:\/\/brasilnoticias.org\/site\/\",\"logo\":{\"@type\":\"ImageObject\",\"inLanguage\":\"pt-PT\",\"@id\":\"https:\/\/brasilnoticias.org\/site\/#\/schema\/logo\/image\/\",\"url\":\"https:\/\/brasilnoticias.org\/site\/wp-content\/uploads\/2022\/05\/cropped-brasilnoticias-mini.jpg\",\"contentUrl\":\"https:\/\/brasilnoticias.org\/site\/wp-content\/uploads\/2022\/05\/cropped-brasilnoticias-mini.jpg\",\"width\":314,\"height\":86,\"caption\":\"Brasil not\u00edcias\"},\"image\":{\"@id\":\"https:\/\/brasilnoticias.org\/site\/#\/schema\/logo\/image\/\"}},{\"@type\":\"Person\",\"@id\":\"https:\/\/brasilnoticias.org\/site\/#\/schema\/person\/f609fa847b5314f1c8b983342f34c798\",\"name\":\"Reda\u00e7\u00e3o\",\"image\":{\"@type\":\"ImageObject\",\"inLanguage\":\"pt-PT\",\"@id\":\"https:\/\/brasilnoticias.org\/site\/#\/schema\/person\/image\/\",\"url\":\"https:\/\/secure.gravatar.com\/avatar\/447284c06c1ad8b46465a36de9cd0d8326b73387a22799b8b1ffb1fbcff2ed0c?s=96&d=mm&r=g\",\"contentUrl\":\"https:\/\/secure.gravatar.com\/avatar\/447284c06c1ad8b46465a36de9cd0d8326b73387a22799b8b1ffb1fbcff2ed0c?s=96&d=mm&r=g\",\"caption\":\"Reda\u00e7\u00e3o\"},\"url\":\"https:\/\/brasilnoticias.org\/site\/author\/redacao\/\"}]}<\/script>\n<!-- \/ Yoast SEO plugin. -->","yoast_head_json":{"title":"CONHE\u00c7A OS DOIS MINISTROS INDICADOS POR BOLSONARO AO STJ - Brasil not\u00edcias","robots":{"index":"index","follow":"follow","max-snippet":"max-snippet:-1","max-image-preview":"max-image-preview:large","max-video-preview":"max-video-preview:-1"},"canonical":"https:\/\/brasilnoticias.org\/site\/conheca-os-dois-ministros-indicados-por-bolsonaro-ao-stj\/","og_locale":"pt_PT","og_type":"article","og_title":"CONHE\u00c7A OS DOIS MINISTROS INDICADOS POR BOLSONARO AO STJ - Brasil not\u00edcias","og_description":"O\u00a0presidente Jair Bolsonaro (PL)\u00a0definiu os dois nomes de ministros para vagas no\u00a0STJ (Superior Tribunal de Justi\u00e7a). O despacho com a","og_url":"https:\/\/brasilnoticias.org\/site\/conheca-os-dois-ministros-indicados-por-bolsonaro-ao-stj\/","og_site_name":"Brasil not\u00edcias","article_published_time":"2022-08-01T12:50:31+00:00","og_image":[{"width":800,"height":450,"url":"https:\/\/brasilnoticias.org\/site\/wp-content\/uploads\/2022\/08\/conheca_os_2_ministros_indicados_por_bolsonaro_ao_stj_widelg.jpg","type":"image\/jpeg"}],"author":"Reda\u00e7\u00e3o","twitter_card":"summary_large_image","twitter_misc":{"Escrito por":"Reda\u00e7\u00e3o","Tempo estimado de leitura":"1 minuto"},"schema":{"@context":"https:\/\/schema.org","@graph":[{"@type":"Article","@id":"https:\/\/brasilnoticias.org\/site\/conheca-os-dois-ministros-indicados-por-bolsonaro-ao-stj\/#article","isPartOf":{"@id":"https:\/\/brasilnoticias.org\/site\/conheca-os-dois-ministros-indicados-por-bolsonaro-ao-stj\/"},"author":{"name":"Reda\u00e7\u00e3o","@id":"https:\/\/brasilnoticias.org\/site\/#\/schema\/person\/f609fa847b5314f1c8b983342f34c798"},"headline":"CONHE\u00c7A OS DOIS MINISTROS INDICADOS POR BOLSONARO AO STJ","datePublished":"2022-08-01T12:50:31+00:00","mainEntityOfPage":{"@id":"https:\/\/brasilnoticias.org\/site\/conheca-os-dois-ministros-indicados-por-bolsonaro-ao-stj\/"},"wordCount":225,"commentCount":0,"publisher":{"@id":"https:\/\/brasilnoticias.org\/site\/#organization"},"image":{"@id":"https:\/\/brasilnoticias.org\/site\/conheca-os-dois-ministros-indicados-por-bolsonaro-ao-stj\/#primaryimage"},"thumbnailUrl":"https:\/\/brasilnoticias.org\/site\/wp-content\/uploads\/2022\/08\/conheca_os_2_ministros_indicados_por_bolsonaro_ao_stj_widelg.jpg","articleSection":["Pol\u00edtica","\u00daltimas"],"inLanguage":"pt-PT","potentialAction":[{"@type":"CommentAction","name":"Comment","target":["https:\/\/brasilnoticias.org\/site\/conheca-os-dois-ministros-indicados-por-bolsonaro-ao-stj\/#respond"]}]},{"@type":"WebPage","@id":"https:\/\/brasilnoticias.org\/site\/conheca-os-dois-ministros-indicados-por-bolsonaro-ao-stj\/","url":"https:\/\/brasilnoticias.org\/site\/conheca-os-dois-ministros-indicados-por-bolsonaro-ao-stj\/","name":"CONHE\u00c7A OS DOIS MINISTROS INDICADOS POR BOLSONARO AO STJ - Brasil not\u00edcias","isPartOf":{"@id":"https:\/\/brasilnoticias.org\/site\/#website"},"primaryImageOfPage":{"@id":"https:\/\/brasilnoticias.org\/site\/conheca-os-dois-ministros-indicados-por-bolsonaro-ao-stj\/#primaryimage"},"image":{"@id":"https:\/\/brasilnoticias.org\/site\/conheca-os-dois-ministros-indicados-por-bolsonaro-ao-stj\/#primaryimage"},"thumbnailUrl":"https:\/\/brasilnoticias.org\/site\/wp-content\/uploads\/2022\/08\/conheca_os_2_ministros_indicados_por_bolsonaro_ao_stj_widelg.jpg","datePublished":"2022-08-01T12:50:31+00:00","breadcrumb":{"@id":"https:\/\/brasilnoticias.org\/site\/conheca-os-dois-ministros-indicados-por-bolsonaro-ao-stj\/#breadcrumb"},"inLanguage":"pt-PT","potentialAction":[{"@type":"ReadAction","target":["https:\/\/brasilnoticias.org\/site\/conheca-os-dois-ministros-indicados-por-bolsonaro-ao-stj\/"]}]},{"@type":"ImageObject","inLanguage":"pt-PT","@id":"https:\/\/brasilnoticias.org\/site\/conheca-os-dois-ministros-indicados-por-bolsonaro-ao-stj\/#primaryimage","url":"https:\/\/brasilnoticias.org\/site\/wp-content\/uploads\/2022\/08\/conheca_os_2_ministros_indicados_por_bolsonaro_ao_stj_widelg.jpg","contentUrl":"https:\/\/brasilnoticias.org\/site\/wp-content\/uploads\/2022\/08\/conheca_os_2_ministros_indicados_por_bolsonaro_ao_stj_widelg.jpg","width":800,"height":450},{"@type":"BreadcrumbList","@id":"https:\/\/brasilnoticias.org\/site\/conheca-os-dois-ministros-indicados-por-bolsonaro-ao-stj\/#breadcrumb","itemListElement":[{"@type":"ListItem","position":1,"name":"In\u00edcio","item":"https:\/\/brasilnoticias.org\/site\/"},{"@type":"ListItem","position":2,"name":"CONHE\u00c7A OS DOIS MINISTROS INDICADOS POR BOLSONARO AO STJ"}]},{"@type":"WebSite","@id":"https:\/\/brasilnoticias.org\/site\/#website","url":"https:\/\/brasilnoticias.org\/site\/","name":"Brasil not\u00edcias","description":"Brasil not\u00edcias","publisher":{"@id":"https:\/\/brasilnoticias.org\/site\/#organization"},"potentialAction":[{"@type":"SearchAction","target":{"@type":"EntryPoint","urlTemplate":"https:\/\/brasilnoticias.org\/site\/?s={search_term_string}"},"query-input":{"@type":"PropertyValueSpecification","valueRequired":true,"valueName":"search_term_string"}}],"inLanguage":"pt-PT"},{"@type":"Organization","@id":"https:\/\/brasilnoticias.org\/site\/#organization","name":"Brasil not\u00edcias","url":"https:\/\/brasilnoticias.org\/site\/","logo":{"@type":"ImageObject","inLanguage":"pt-PT","@id":"https:\/\/brasilnoticias.org\/site\/#\/schema\/logo\/image\/","url":"https:\/\/brasilnoticias.org\/site\/wp-content\/uploads\/2022\/05\/cropped-brasilnoticias-mini.jpg","contentUrl":"https:\/\/brasilnoticias.org\/site\/wp-content\/uploads\/2022\/05\/cropped-brasilnoticias-mini.jpg","width":314,"height":86,"caption":"Brasil not\u00edcias"},"image":{"@id":"https:\/\/brasilnoticias.org\/site\/#\/schema\/logo\/image\/"}},{"@type":"Person","@id":"https:\/\/brasilnoticias.org\/site\/#\/schema\/person\/f609fa847b5314f1c8b983342f34c798","name":"Reda\u00e7\u00e3o","image":{"@type":"ImageObject","inLanguage":"pt-PT","@id":"https:\/\/brasilnoticias.org\/site\/#\/schema\/person\/image\/","url":"https:\/\/secure.gravatar.com\/avatar\/447284c06c1ad8b46465a36de9cd0d8326b73387a22799b8b1ffb1fbcff2ed0c?s=96&d=mm&r=g","contentUrl":"https:\/\/secure.gravatar.com\/avatar\/447284c06c1ad8b46465a36de9cd0d8326b73387a22799b8b1ffb1fbcff2ed0c?s=96&d=mm&r=g","caption":"Reda\u00e7\u00e3o"},"url":"https:\/\/brasilnoticias.org\/site\/author\/redacao\/"}]}},"_links":{"self":[{"href":"https:\/\/brasilnoticias.org\/site\/wp-json\/wp\/v2\/posts\/1065","targetHints":{"allow":["GET"]}}],"collection":[{"href":"https:\/\/brasilnoticias.org\/site\/wp-json\/wp\/v2\/posts"}],"about":[{"href":"https:\/\/brasilnoticias.org\/site\/wp-json\/wp\/v2\/types\/post"}],"author":[{"embeddable":true,"href":"https:\/\/brasilnoticias.org\/site\/wp-json\/wp\/v2\/users\/2"}],"replies":[{"embeddable":true,"href":"https:\/\/brasilnoticias.org\/site\/wp-json\/wp\/v2\/comments?post=1065"}],"version-history":[{"count":1,"href":"https:\/\/brasilnoticias.org\/site\/wp-json\/wp\/v2\/posts\/1065\/revisions"}],"predecessor-version":[{"id":1067,"href":"https:\/\/brasilnoticias.org\/site\/wp-json\/wp\/v2\/posts\/1065\/revisions\/1067"}],"wp:featuredmedia":[{"embeddable":true,"href":"https:\/\/brasilnoticias.org\/site\/wp-json\/wp\/v2\/media\/1066"}],"wp:attachment":[{"href":"https:\/\/brasilnoticias.org\/site\/wp-json\/wp\/v2\/media?parent=1065"}],"wp:term":[{"taxonomy":"category","embeddable":true,"href":"https:\/\/brasilnoticias.org\/site\/wp-json\/wp\/v2\/categories?post=1065"},{"taxonomy":"post_tag","embeddable":true,"href":"https:\/\/brasilnoticias.org\/site\/wp-json\/wp\/v2\/tags?post=1065"}],"curies":[{"name":"wp","href":"https:\/\/api.w.org\/{rel}","templated":true}]}}