{"id":10659,"date":"2023-11-03T09:00:55","date_gmt":"2023-11-03T12:00:55","guid":{"rendered":"https:\/\/brasilnoticias.org\/site\/?p=10659"},"modified":"2023-11-02T21:12:18","modified_gmt":"2023-11-03T00:12:18","slug":"justica-militar-nega-pedido-do-exercito-para-prender-seis-suspeitos-por-furto-de-metralhadoras","status":"publish","type":"post","link":"https:\/\/brasilnoticias.org\/site\/justica-militar-nega-pedido-do-exercito-para-prender-seis-suspeitos-por-furto-de-metralhadoras\/","title":{"rendered":"Justi\u00e7a Militar nega pedido do Ex\u00e9rcito para prender seis suspeitos por furto de metralhadoras"},"content":{"rendered":"<p>A defesa de um dos suspeitos afirma que ele e os demais acusados foram agredidos durante o per\u00edodo de aquartelamento no Arsenal de Guerra<\/p>\n<p>A Justi\u00e7a Militar negou um pedido do Ex\u00e9rcito para prender preventivamente um grupo de seis militares suspeitos de envolvimento no furto de 21 metralhadoras do Arsenal de Guerra em Barueri, na Regi\u00e3o Metropolitana de S\u00e3o Paulo. A informa\u00e7\u00e3o foi divulgada pelo G1, nesta quinta-feira (2).<\/p>\n<p>O Minist\u00e9rio P\u00fablico Militar (MPM) tamb\u00e9m foi contra o pedido de pris\u00e3o. Segundo o \u00f3rg\u00e3o, a decis\u00e3o foi tomada ap\u00f3s concluir que os &#8220;ind\u00edcios&#8221; apresentados contra os militares n\u00e3o eram suficientes. O MP ainda levou em considera\u00e7\u00e3o que os seis militares possuem resid\u00eancia fixa e n\u00e3o t\u00eam antecedentes criminais.<\/p>\n<p>Agress\u00f5es<\/p>\n<p>Um dos seis suspeitos de participa\u00e7\u00e3o do furto denunciou que eles e os demais acusados foram agredidos durante o per\u00edodo de aquartelamento no Arsenal de Guerra. No entanto, a defesa do militar n\u00e3o apresentou provas e nem detalhou quais as agress\u00f5es o cliente sofreu.[<\/p>\n<p>Foto: Ex\u00e9rcito Brasileiro\/Divulga\u00e7\u00e3o<br \/>\nPor: Metro1<\/p>\n","protected":false},"excerpt":{"rendered":"<p>A defesa de um dos suspeitos afirma que ele e os demais acusados foram agredidos durante o per\u00edodo de aquartelamento<\/p>\n","protected":false},"author":4,"featured_media":10660,"comment_status":"open","ping_status":"open","sticky":false,"template":"","format":"standard","meta":{"colormag_page_container_layout":"default_layout","colormag_page_sidebar_layout":"default_layout","_FSMCFIC_featured_image_caption":"","_FSMCFIC_featured_image_nocaption":"","_FSMCFIC_featured_image_hide":"","footnotes":""},"categories":[7,1],"tags":[],"class_list":["post-10659","post","type-post","status-publish","format-standard","has-post-thumbnail","hentry","category-justica","category-ultimas"],"yoast_head":"<!-- This site is optimized with the Yoast SEO plugin v27.1.1 - https:\/\/yoast.com\/product\/yoast-seo-wordpress\/ -->\n<title>Justi\u00e7a Militar nega pedido do Ex\u00e9rcito para prender seis suspeitos por furto de metralhadoras - Brasil not\u00edcias<\/title>\n<meta name=\"robots\" content=\"index, follow, max-snippet:-1, max-image-preview:large, max-video-preview:-1\" \/>\n<link rel=\"canonical\" href=\"https:\/\/brasilnoticias.org\/site\/justica-militar-nega-pedido-do-exercito-para-prender-seis-suspeitos-por-furto-de-metralhadoras\/\" \/>\n<meta property=\"og:locale\" content=\"pt_PT\" \/>\n<meta property=\"og:type\" content=\"article\" \/>\n<meta property=\"og:title\" content=\"Justi\u00e7a Militar nega pedido do Ex\u00e9rcito para prender seis suspeitos por furto de metralhadoras - Brasil not\u00edcias\" \/>\n<meta property=\"og:description\" content=\"A defesa de um dos suspeitos afirma que ele e os demais acusados foram agredidos durante o per\u00edodo de aquartelamento\" \/>\n<meta property=\"og:url\" content=\"https:\/\/brasilnoticias.org\/site\/justica-militar-nega-pedido-do-exercito-para-prender-seis-suspeitos-por-furto-de-metralhadoras\/\" \/>\n<meta property=\"og:site_name\" content=\"Brasil not\u00edcias\" \/>\n<meta property=\"article:published_time\" content=\"2023-11-03T12:00:55+00:00\" \/>\n<meta property=\"og:image\" content=\"https:\/\/brasilnoticias.org\/site\/wp-content\/uploads\/2023\/11\/142706justica-militar-nega-pedido-do-exercito-para-prender-seis-suspeitos-por-furto-de-metralhadoras-3.jpg\" \/>\n\t<meta property=\"og:image:width\" content=\"1600\" \/>\n\t<meta property=\"og:image:height\" content=\"752\" \/>\n\t<meta property=\"og:image:type\" content=\"image\/jpeg\" \/>\n<meta name=\"author\" content=\"Reda\u00e7\u00e3o\" \/>\n<meta name=\"twitter:card\" content=\"summary_large_image\" \/>\n<meta name=\"twitter:label1\" content=\"Escrito por\" \/>\n\t<meta name=\"twitter:data1\" content=\"Reda\u00e7\u00e3o\" \/>\n<script type=\"application\/ld+json\" class=\"yoast-schema-graph\">{\"@context\":\"https:\/\/schema.org\",\"@graph\":[{\"@type\":\"Article\",\"@id\":\"https:\/\/brasilnoticias.org\/site\/justica-militar-nega-pedido-do-exercito-para-prender-seis-suspeitos-por-furto-de-metralhadoras\/#article\",\"isPartOf\":{\"@id\":\"https:\/\/brasilnoticias.org\/site\/justica-militar-nega-pedido-do-exercito-para-prender-seis-suspeitos-por-furto-de-metralhadoras\/\"},\"author\":{\"name\":\"Reda\u00e7\u00e3o\",\"@id\":\"https:\/\/brasilnoticias.org\/site\/#\/schema\/person\/03bbbfe6c7634ad18c26444ea39049fa\"},\"headline\":\"Justi\u00e7a Militar nega pedido do Ex\u00e9rcito para prender seis suspeitos por furto de metralhadoras\",\"datePublished\":\"2023-11-03T12:00:55+00:00\",\"mainEntityOfPage\":{\"@id\":\"https:\/\/brasilnoticias.org\/site\/justica-militar-nega-pedido-do-exercito-para-prender-seis-suspeitos-por-furto-de-metralhadoras\/\"},\"wordCount\":209,\"commentCount\":0,\"publisher\":{\"@id\":\"https:\/\/brasilnoticias.org\/site\/#organization\"},\"image\":{\"@id\":\"https:\/\/brasilnoticias.org\/site\/justica-militar-nega-pedido-do-exercito-para-prender-seis-suspeitos-por-furto-de-metralhadoras\/#primaryimage\"},\"thumbnailUrl\":\"https:\/\/brasilnoticias.org\/site\/wp-content\/uploads\/2023\/11\/142706justica-militar-nega-pedido-do-exercito-para-prender-seis-suspeitos-por-furto-de-metralhadoras-3.jpg\",\"articleSection\":[\"Justi\u00e7a\",\"\u00daltimas\"],\"inLanguage\":\"pt-PT\",\"potentialAction\":[{\"@type\":\"CommentAction\",\"name\":\"Comment\",\"target\":[\"https:\/\/brasilnoticias.org\/site\/justica-militar-nega-pedido-do-exercito-para-prender-seis-suspeitos-por-furto-de-metralhadoras\/#respond\"]}]},{\"@type\":\"WebPage\",\"@id\":\"https:\/\/brasilnoticias.org\/site\/justica-militar-nega-pedido-do-exercito-para-prender-seis-suspeitos-por-furto-de-metralhadoras\/\",\"url\":\"https:\/\/brasilnoticias.org\/site\/justica-militar-nega-pedido-do-exercito-para-prender-seis-suspeitos-por-furto-de-metralhadoras\/\",\"name\":\"Justi\u00e7a Militar nega pedido do Ex\u00e9rcito para prender seis suspeitos por furto de metralhadoras - Brasil not\u00edcias\",\"isPartOf\":{\"@id\":\"https:\/\/brasilnoticias.org\/site\/#website\"},\"primaryImageOfPage\":{\"@id\":\"https:\/\/brasilnoticias.org\/site\/justica-militar-nega-pedido-do-exercito-para-prender-seis-suspeitos-por-furto-de-metralhadoras\/#primaryimage\"},\"image\":{\"@id\":\"https:\/\/brasilnoticias.org\/site\/justica-militar-nega-pedido-do-exercito-para-prender-seis-suspeitos-por-furto-de-metralhadoras\/#primaryimage\"},\"thumbnailUrl\":\"https:\/\/brasilnoticias.org\/site\/wp-content\/uploads\/2023\/11\/142706justica-militar-nega-pedido-do-exercito-para-prender-seis-suspeitos-por-furto-de-metralhadoras-3.jpg\",\"datePublished\":\"2023-11-03T12:00:55+00:00\",\"breadcrumb\":{\"@id\":\"https:\/\/brasilnoticias.org\/site\/justica-militar-nega-pedido-do-exercito-para-prender-seis-suspeitos-por-furto-de-metralhadoras\/#breadcrumb\"},\"inLanguage\":\"pt-PT\",\"potentialAction\":[{\"@type\":\"ReadAction\",\"target\":[\"https:\/\/brasilnoticias.org\/site\/justica-militar-nega-pedido-do-exercito-para-prender-seis-suspeitos-por-furto-de-metralhadoras\/\"]}]},{\"@type\":\"ImageObject\",\"inLanguage\":\"pt-PT\",\"@id\":\"https:\/\/brasilnoticias.org\/site\/justica-militar-nega-pedido-do-exercito-para-prender-seis-suspeitos-por-furto-de-metralhadoras\/#primaryimage\",\"url\":\"https:\/\/brasilnoticias.org\/site\/wp-content\/uploads\/2023\/11\/142706justica-militar-nega-pedido-do-exercito-para-prender-seis-suspeitos-por-furto-de-metralhadoras-3.jpg\",\"contentUrl\":\"https:\/\/brasilnoticias.org\/site\/wp-content\/uploads\/2023\/11\/142706justica-militar-nega-pedido-do-exercito-para-prender-seis-suspeitos-por-furto-de-metralhadoras-3.jpg\",\"width\":1600,\"height\":752},{\"@type\":\"BreadcrumbList\",\"@id\":\"https:\/\/brasilnoticias.org\/site\/justica-militar-nega-pedido-do-exercito-para-prender-seis-suspeitos-por-furto-de-metralhadoras\/#breadcrumb\",\"itemListElement\":[{\"@type\":\"ListItem\",\"position\":1,\"name\":\"In\u00edcio\",\"item\":\"https:\/\/brasilnoticias.org\/site\/\"},{\"@type\":\"ListItem\",\"position\":2,\"name\":\"Justi\u00e7a Militar nega pedido do Ex\u00e9rcito para prender seis suspeitos por furto de metralhadoras\"}]},{\"@type\":\"WebSite\",\"@id\":\"https:\/\/brasilnoticias.org\/site\/#website\",\"url\":\"https:\/\/brasilnoticias.org\/site\/\",\"name\":\"Brasil not\u00edcias\",\"description\":\"Brasil not\u00edcias\",\"publisher\":{\"@id\":\"https:\/\/brasilnoticias.org\/site\/#organization\"},\"potentialAction\":[{\"@type\":\"SearchAction\",\"target\":{\"@type\":\"EntryPoint\",\"urlTemplate\":\"https:\/\/brasilnoticias.org\/site\/?s={search_term_string}\"},\"query-input\":{\"@type\":\"PropertyValueSpecification\",\"valueRequired\":true,\"valueName\":\"search_term_string\"}}],\"inLanguage\":\"pt-PT\"},{\"@type\":\"Organization\",\"@id\":\"https:\/\/brasilnoticias.org\/site\/#organization\",\"name\":\"Brasil not\u00edcias\",\"url\":\"https:\/\/brasilnoticias.org\/site\/\",\"logo\":{\"@type\":\"ImageObject\",\"inLanguage\":\"pt-PT\",\"@id\":\"https:\/\/brasilnoticias.org\/site\/#\/schema\/logo\/image\/\",\"url\":\"https:\/\/brasilnoticias.org\/site\/wp-content\/uploads\/2022\/05\/cropped-brasilnoticias-mini.jpg\",\"contentUrl\":\"https:\/\/brasilnoticias.org\/site\/wp-content\/uploads\/2022\/05\/cropped-brasilnoticias-mini.jpg\",\"width\":314,\"height\":86,\"caption\":\"Brasil not\u00edcias\"},\"image\":{\"@id\":\"https:\/\/brasilnoticias.org\/site\/#\/schema\/logo\/image\/\"}},{\"@type\":\"Person\",\"@id\":\"https:\/\/brasilnoticias.org\/site\/#\/schema\/person\/03bbbfe6c7634ad18c26444ea39049fa\",\"name\":\"Reda\u00e7\u00e3o\",\"image\":{\"@type\":\"ImageObject\",\"inLanguage\":\"pt-PT\",\"@id\":\"https:\/\/brasilnoticias.org\/site\/#\/schema\/person\/image\/\",\"url\":\"https:\/\/secure.gravatar.com\/avatar\/9ecaf7327a696cb23ad926fedded5f1f04d7049de9e445375d55b48c001a6e42?s=96&d=mm&r=g\",\"contentUrl\":\"https:\/\/secure.gravatar.com\/avatar\/9ecaf7327a696cb23ad926fedded5f1f04d7049de9e445375d55b48c001a6e42?s=96&d=mm&r=g\",\"caption\":\"Reda\u00e7\u00e3o\"},\"url\":\"https:\/\/brasilnoticias.org\/site\/author\/henrique\/\"}]}<\/script>\n<!-- \/ Yoast SEO plugin. -->","yoast_head_json":{"title":"Justi\u00e7a Militar nega pedido do Ex\u00e9rcito para prender seis suspeitos por furto de metralhadoras - Brasil not\u00edcias","robots":{"index":"index","follow":"follow","max-snippet":"max-snippet:-1","max-image-preview":"max-image-preview:large","max-video-preview":"max-video-preview:-1"},"canonical":"https:\/\/brasilnoticias.org\/site\/justica-militar-nega-pedido-do-exercito-para-prender-seis-suspeitos-por-furto-de-metralhadoras\/","og_locale":"pt_PT","og_type":"article","og_title":"Justi\u00e7a Militar nega pedido do Ex\u00e9rcito para prender seis suspeitos por furto de metralhadoras - Brasil not\u00edcias","og_description":"A defesa de um dos suspeitos afirma que ele e os demais acusados foram agredidos durante o per\u00edodo de aquartelamento","og_url":"https:\/\/brasilnoticias.org\/site\/justica-militar-nega-pedido-do-exercito-para-prender-seis-suspeitos-por-furto-de-metralhadoras\/","og_site_name":"Brasil not\u00edcias","article_published_time":"2023-11-03T12:00:55+00:00","og_image":[{"width":1600,"height":752,"url":"https:\/\/brasilnoticias.org\/site\/wp-content\/uploads\/2023\/11\/142706justica-militar-nega-pedido-do-exercito-para-prender-seis-suspeitos-por-furto-de-metralhadoras-3.jpg","type":"image\/jpeg"}],"author":"Reda\u00e7\u00e3o","twitter_card":"summary_large_image","twitter_misc":{"Escrito por":"Reda\u00e7\u00e3o"},"schema":{"@context":"https:\/\/schema.org","@graph":[{"@type":"Article","@id":"https:\/\/brasilnoticias.org\/site\/justica-militar-nega-pedido-do-exercito-para-prender-seis-suspeitos-por-furto-de-metralhadoras\/#article","isPartOf":{"@id":"https:\/\/brasilnoticias.org\/site\/justica-militar-nega-pedido-do-exercito-para-prender-seis-suspeitos-por-furto-de-metralhadoras\/"},"author":{"name":"Reda\u00e7\u00e3o","@id":"https:\/\/brasilnoticias.org\/site\/#\/schema\/person\/03bbbfe6c7634ad18c26444ea39049fa"},"headline":"Justi\u00e7a Militar nega pedido do Ex\u00e9rcito para prender seis suspeitos por furto de metralhadoras","datePublished":"2023-11-03T12:00:55+00:00","mainEntityOfPage":{"@id":"https:\/\/brasilnoticias.org\/site\/justica-militar-nega-pedido-do-exercito-para-prender-seis-suspeitos-por-furto-de-metralhadoras\/"},"wordCount":209,"commentCount":0,"publisher":{"@id":"https:\/\/brasilnoticias.org\/site\/#organization"},"image":{"@id":"https:\/\/brasilnoticias.org\/site\/justica-militar-nega-pedido-do-exercito-para-prender-seis-suspeitos-por-furto-de-metralhadoras\/#primaryimage"},"thumbnailUrl":"https:\/\/brasilnoticias.org\/site\/wp-content\/uploads\/2023\/11\/142706justica-militar-nega-pedido-do-exercito-para-prender-seis-suspeitos-por-furto-de-metralhadoras-3.jpg","articleSection":["Justi\u00e7a","\u00daltimas"],"inLanguage":"pt-PT","potentialAction":[{"@type":"CommentAction","name":"Comment","target":["https:\/\/brasilnoticias.org\/site\/justica-militar-nega-pedido-do-exercito-para-prender-seis-suspeitos-por-furto-de-metralhadoras\/#respond"]}]},{"@type":"WebPage","@id":"https:\/\/brasilnoticias.org\/site\/justica-militar-nega-pedido-do-exercito-para-prender-seis-suspeitos-por-furto-de-metralhadoras\/","url":"https:\/\/brasilnoticias.org\/site\/justica-militar-nega-pedido-do-exercito-para-prender-seis-suspeitos-por-furto-de-metralhadoras\/","name":"Justi\u00e7a Militar nega pedido do Ex\u00e9rcito para prender seis suspeitos por furto de metralhadoras - Brasil not\u00edcias","isPartOf":{"@id":"https:\/\/brasilnoticias.org\/site\/#website"},"primaryImageOfPage":{"@id":"https:\/\/brasilnoticias.org\/site\/justica-militar-nega-pedido-do-exercito-para-prender-seis-suspeitos-por-furto-de-metralhadoras\/#primaryimage"},"image":{"@id":"https:\/\/brasilnoticias.org\/site\/justica-militar-nega-pedido-do-exercito-para-prender-seis-suspeitos-por-furto-de-metralhadoras\/#primaryimage"},"thumbnailUrl":"https:\/\/brasilnoticias.org\/site\/wp-content\/uploads\/2023\/11\/142706justica-militar-nega-pedido-do-exercito-para-prender-seis-suspeitos-por-furto-de-metralhadoras-3.jpg","datePublished":"2023-11-03T12:00:55+00:00","breadcrumb":{"@id":"https:\/\/brasilnoticias.org\/site\/justica-militar-nega-pedido-do-exercito-para-prender-seis-suspeitos-por-furto-de-metralhadoras\/#breadcrumb"},"inLanguage":"pt-PT","potentialAction":[{"@type":"ReadAction","target":["https:\/\/brasilnoticias.org\/site\/justica-militar-nega-pedido-do-exercito-para-prender-seis-suspeitos-por-furto-de-metralhadoras\/"]}]},{"@type":"ImageObject","inLanguage":"pt-PT","@id":"https:\/\/brasilnoticias.org\/site\/justica-militar-nega-pedido-do-exercito-para-prender-seis-suspeitos-por-furto-de-metralhadoras\/#primaryimage","url":"https:\/\/brasilnoticias.org\/site\/wp-content\/uploads\/2023\/11\/142706justica-militar-nega-pedido-do-exercito-para-prender-seis-suspeitos-por-furto-de-metralhadoras-3.jpg","contentUrl":"https:\/\/brasilnoticias.org\/site\/wp-content\/uploads\/2023\/11\/142706justica-militar-nega-pedido-do-exercito-para-prender-seis-suspeitos-por-furto-de-metralhadoras-3.jpg","width":1600,"height":752},{"@type":"BreadcrumbList","@id":"https:\/\/brasilnoticias.org\/site\/justica-militar-nega-pedido-do-exercito-para-prender-seis-suspeitos-por-furto-de-metralhadoras\/#breadcrumb","itemListElement":[{"@type":"ListItem","position":1,"name":"In\u00edcio","item":"https:\/\/brasilnoticias.org\/site\/"},{"@type":"ListItem","position":2,"name":"Justi\u00e7a Militar nega pedido do Ex\u00e9rcito para prender seis suspeitos por furto de metralhadoras"}]},{"@type":"WebSite","@id":"https:\/\/brasilnoticias.org\/site\/#website","url":"https:\/\/brasilnoticias.org\/site\/","name":"Brasil not\u00edcias","description":"Brasil not\u00edcias","publisher":{"@id":"https:\/\/brasilnoticias.org\/site\/#organization"},"potentialAction":[{"@type":"SearchAction","target":{"@type":"EntryPoint","urlTemplate":"https:\/\/brasilnoticias.org\/site\/?s={search_term_string}"},"query-input":{"@type":"PropertyValueSpecification","valueRequired":true,"valueName":"search_term_string"}}],"inLanguage":"pt-PT"},{"@type":"Organization","@id":"https:\/\/brasilnoticias.org\/site\/#organization","name":"Brasil not\u00edcias","url":"https:\/\/brasilnoticias.org\/site\/","logo":{"@type":"ImageObject","inLanguage":"pt-PT","@id":"https:\/\/brasilnoticias.org\/site\/#\/schema\/logo\/image\/","url":"https:\/\/brasilnoticias.org\/site\/wp-content\/uploads\/2022\/05\/cropped-brasilnoticias-mini.jpg","contentUrl":"https:\/\/brasilnoticias.org\/site\/wp-content\/uploads\/2022\/05\/cropped-brasilnoticias-mini.jpg","width":314,"height":86,"caption":"Brasil not\u00edcias"},"image":{"@id":"https:\/\/brasilnoticias.org\/site\/#\/schema\/logo\/image\/"}},{"@type":"Person","@id":"https:\/\/brasilnoticias.org\/site\/#\/schema\/person\/03bbbfe6c7634ad18c26444ea39049fa","name":"Reda\u00e7\u00e3o","image":{"@type":"ImageObject","inLanguage":"pt-PT","@id":"https:\/\/brasilnoticias.org\/site\/#\/schema\/person\/image\/","url":"https:\/\/secure.gravatar.com\/avatar\/9ecaf7327a696cb23ad926fedded5f1f04d7049de9e445375d55b48c001a6e42?s=96&d=mm&r=g","contentUrl":"https:\/\/secure.gravatar.com\/avatar\/9ecaf7327a696cb23ad926fedded5f1f04d7049de9e445375d55b48c001a6e42?s=96&d=mm&r=g","caption":"Reda\u00e7\u00e3o"},"url":"https:\/\/brasilnoticias.org\/site\/author\/henrique\/"}]}},"_links":{"self":[{"href":"https:\/\/brasilnoticias.org\/site\/wp-json\/wp\/v2\/posts\/10659","targetHints":{"allow":["GET"]}}],"collection":[{"href":"https:\/\/brasilnoticias.org\/site\/wp-json\/wp\/v2\/posts"}],"about":[{"href":"https:\/\/brasilnoticias.org\/site\/wp-json\/wp\/v2\/types\/post"}],"author":[{"embeddable":true,"href":"https:\/\/brasilnoticias.org\/site\/wp-json\/wp\/v2\/users\/4"}],"replies":[{"embeddable":true,"href":"https:\/\/brasilnoticias.org\/site\/wp-json\/wp\/v2\/comments?post=10659"}],"version-history":[{"count":1,"href":"https:\/\/brasilnoticias.org\/site\/wp-json\/wp\/v2\/posts\/10659\/revisions"}],"predecessor-version":[{"id":10661,"href":"https:\/\/brasilnoticias.org\/site\/wp-json\/wp\/v2\/posts\/10659\/revisions\/10661"}],"wp:featuredmedia":[{"embeddable":true,"href":"https:\/\/brasilnoticias.org\/site\/wp-json\/wp\/v2\/media\/10660"}],"wp:attachment":[{"href":"https:\/\/brasilnoticias.org\/site\/wp-json\/wp\/v2\/media?parent=10659"}],"wp:term":[{"taxonomy":"category","embeddable":true,"href":"https:\/\/brasilnoticias.org\/site\/wp-json\/wp\/v2\/categories?post=10659"},{"taxonomy":"post_tag","embeddable":true,"href":"https:\/\/brasilnoticias.org\/site\/wp-json\/wp\/v2\/tags?post=10659"}],"curies":[{"name":"wp","href":"https:\/\/api.w.org\/{rel}","templated":true}]}}