{"id":10663,"date":"2023-11-03T20:18:06","date_gmt":"2023-11-03T23:18:06","guid":{"rendered":"https:\/\/brasilnoticias.org\/site\/?p=10663"},"modified":"2023-11-03T20:18:06","modified_gmt":"2023-11-03T23:18:06","slug":"casal-e-preso-por-espancar-crianca-de-2-anos-na-cidade-de-alcobaca","status":"publish","type":"post","link":"https:\/\/brasilnoticias.org\/site\/casal-e-preso-por-espancar-crianca-de-2-anos-na-cidade-de-alcobaca\/","title":{"rendered":"Casal \u00e9 preso por espancar crian\u00e7a de 2 anos na cidade de Alcoba\u00e7a"},"content":{"rendered":"<p>A v\u00edtima tinha olhos roxos, queimaduras de cigarro pelo corpo e les\u00f5es no p\u00eanis e bra\u00e7o<\/p>\n<p>Uma mulher e um homem foram presos em flagrante nesta sexta-feira (3\/11), por policiais da Delegacia Territorial (DT) de Alcoba\u00e7a, cidade localizada a 816 km de Salvador. A mulher, que \u00e9 m\u00e3e de um menino de dois anos, e o companheiro dela espancarem a crian\u00e7a, causando diversas les\u00f5es graves no corpo da v\u00edtima.<\/p>\n<p>Segundo informa\u00e7\u00f5es da Secret\u00e1ria de Seguran\u00e7a P\u00fablica (SSP-BA), a crian\u00e7a foi levada para o hospital, mas n\u00e3o h\u00e1 informa\u00e7\u00f5es sobre o estado de sa\u00fade do menino.\u201c Al\u00e9m da viol\u00eancia, o casal abandonou a v\u00edtima e tentou fugir da a\u00e7\u00e3o policial. Informa\u00e7\u00f5es do g1 trazem que a v\u00edtima tinha olhos roxos, queimaduras de cigarro pelo corpo e les\u00f5es no p\u00eanis e bra\u00e7o.<\/p>\n<p>\u201cEles foram autuados por maus tratos e les\u00e3o corporal de natureza grave. A dupla, que havia abandonado a crian\u00e7a, foi encontrada pelos policiais fugindo sentido a cidade de Prado\u201d, explicou o coordenador da 8\u00aa Coordenadoria Regional de Pol\u00edcia do Interior (Coorpin\/Teixeira de Freitas), delegado Mois\u00e9s Damasceno.<\/p>\n<p>Os dois est\u00e3o custodiados na unidade, \u00e0 disposi\u00e7\u00e3o do Poder Judici\u00e1rio. A crian\u00e7a est\u00e1 internada e ficar\u00e1 sob os cuidados do Conselho Tutelar do munic\u00edpio.<\/p>\n<p>Foto: redes sociais<br \/>\nAratu On<\/p>\n","protected":false},"excerpt":{"rendered":"<p>A v\u00edtima tinha olhos roxos, queimaduras de cigarro pelo corpo e les\u00f5es no p\u00eanis e bra\u00e7o Uma mulher e um<\/p>\n","protected":false},"author":4,"featured_media":10664,"comment_status":"open","ping_status":"open","sticky":false,"template":"","format":"standard","meta":{"colormag_page_container_layout":"default_layout","colormag_page_sidebar_layout":"default_layout","_FSMCFIC_featured_image_caption":"","_FSMCFIC_featured_image_nocaption":"","_FSMCFIC_featured_image_hide":"","footnotes":""},"categories":[3,1],"tags":[],"class_list":["post-10663","post","type-post","status-publish","format-standard","has-post-thumbnail","hentry","category-policia","category-ultimas"],"yoast_head":"<!-- This site is optimized with the Yoast SEO plugin v27.1.1 - https:\/\/yoast.com\/product\/yoast-seo-wordpress\/ -->\n<title>Casal \u00e9 preso por espancar crian\u00e7a de 2 anos na cidade de Alcoba\u00e7a - Brasil not\u00edcias<\/title>\n<meta name=\"robots\" content=\"index, follow, max-snippet:-1, max-image-preview:large, max-video-preview:-1\" \/>\n<link rel=\"canonical\" href=\"https:\/\/brasilnoticias.org\/site\/casal-e-preso-por-espancar-crianca-de-2-anos-na-cidade-de-alcobaca\/\" \/>\n<meta property=\"og:locale\" content=\"pt_PT\" \/>\n<meta property=\"og:type\" content=\"article\" \/>\n<meta property=\"og:title\" content=\"Casal \u00e9 preso por espancar crian\u00e7a de 2 anos na cidade de Alcoba\u00e7a - Brasil not\u00edcias\" \/>\n<meta property=\"og:description\" content=\"A v\u00edtima tinha olhos roxos, queimaduras de cigarro pelo corpo e les\u00f5es no p\u00eanis e bra\u00e7o Uma mulher e um\" \/>\n<meta property=\"og:url\" content=\"https:\/\/brasilnoticias.org\/site\/casal-e-preso-por-espancar-crianca-de-2-anos-na-cidade-de-alcobaca\/\" \/>\n<meta property=\"og:site_name\" content=\"Brasil not\u00edcias\" \/>\n<meta property=\"article:published_time\" content=\"2023-11-03T23:18:06+00:00\" \/>\n<meta property=\"og:image\" content=\"https:\/\/brasilnoticias.org\/site\/wp-content\/uploads\/2023\/11\/casal-740x470-1.jpg\" \/>\n\t<meta property=\"og:image:width\" content=\"740\" \/>\n\t<meta property=\"og:image:height\" content=\"470\" \/>\n\t<meta property=\"og:image:type\" content=\"image\/jpeg\" \/>\n<meta name=\"author\" content=\"Reda\u00e7\u00e3o\" \/>\n<meta name=\"twitter:card\" content=\"summary_large_image\" \/>\n<meta name=\"twitter:label1\" content=\"Escrito por\" \/>\n\t<meta name=\"twitter:data1\" content=\"Reda\u00e7\u00e3o\" \/>\n<script type=\"application\/ld+json\" class=\"yoast-schema-graph\">{\"@context\":\"https:\/\/schema.org\",\"@graph\":[{\"@type\":\"Article\",\"@id\":\"https:\/\/brasilnoticias.org\/site\/casal-e-preso-por-espancar-crianca-de-2-anos-na-cidade-de-alcobaca\/#article\",\"isPartOf\":{\"@id\":\"https:\/\/brasilnoticias.org\/site\/casal-e-preso-por-espancar-crianca-de-2-anos-na-cidade-de-alcobaca\/\"},\"author\":{\"name\":\"Reda\u00e7\u00e3o\",\"@id\":\"https:\/\/brasilnoticias.org\/site\/#\/schema\/person\/03bbbfe6c7634ad18c26444ea39049fa\"},\"headline\":\"Casal \u00e9 preso por espancar crian\u00e7a de 2 anos na cidade de Alcoba\u00e7a\",\"datePublished\":\"2023-11-03T23:18:06+00:00\",\"mainEntityOfPage\":{\"@id\":\"https:\/\/brasilnoticias.org\/site\/casal-e-preso-por-espancar-crianca-de-2-anos-na-cidade-de-alcobaca\/\"},\"wordCount\":250,\"commentCount\":0,\"publisher\":{\"@id\":\"https:\/\/brasilnoticias.org\/site\/#organization\"},\"image\":{\"@id\":\"https:\/\/brasilnoticias.org\/site\/casal-e-preso-por-espancar-crianca-de-2-anos-na-cidade-de-alcobaca\/#primaryimage\"},\"thumbnailUrl\":\"https:\/\/brasilnoticias.org\/site\/wp-content\/uploads\/2023\/11\/casal-740x470-1.jpg\",\"articleSection\":[\"Pol\u00edcia\",\"\u00daltimas\"],\"inLanguage\":\"pt-PT\",\"potentialAction\":[{\"@type\":\"CommentAction\",\"name\":\"Comment\",\"target\":[\"https:\/\/brasilnoticias.org\/site\/casal-e-preso-por-espancar-crianca-de-2-anos-na-cidade-de-alcobaca\/#respond\"]}]},{\"@type\":\"WebPage\",\"@id\":\"https:\/\/brasilnoticias.org\/site\/casal-e-preso-por-espancar-crianca-de-2-anos-na-cidade-de-alcobaca\/\",\"url\":\"https:\/\/brasilnoticias.org\/site\/casal-e-preso-por-espancar-crianca-de-2-anos-na-cidade-de-alcobaca\/\",\"name\":\"Casal \u00e9 preso por espancar crian\u00e7a de 2 anos na cidade de Alcoba\u00e7a - Brasil not\u00edcias\",\"isPartOf\":{\"@id\":\"https:\/\/brasilnoticias.org\/site\/#website\"},\"primaryImageOfPage\":{\"@id\":\"https:\/\/brasilnoticias.org\/site\/casal-e-preso-por-espancar-crianca-de-2-anos-na-cidade-de-alcobaca\/#primaryimage\"},\"image\":{\"@id\":\"https:\/\/brasilnoticias.org\/site\/casal-e-preso-por-espancar-crianca-de-2-anos-na-cidade-de-alcobaca\/#primaryimage\"},\"thumbnailUrl\":\"https:\/\/brasilnoticias.org\/site\/wp-content\/uploads\/2023\/11\/casal-740x470-1.jpg\",\"datePublished\":\"2023-11-03T23:18:06+00:00\",\"breadcrumb\":{\"@id\":\"https:\/\/brasilnoticias.org\/site\/casal-e-preso-por-espancar-crianca-de-2-anos-na-cidade-de-alcobaca\/#breadcrumb\"},\"inLanguage\":\"pt-PT\",\"potentialAction\":[{\"@type\":\"ReadAction\",\"target\":[\"https:\/\/brasilnoticias.org\/site\/casal-e-preso-por-espancar-crianca-de-2-anos-na-cidade-de-alcobaca\/\"]}]},{\"@type\":\"ImageObject\",\"inLanguage\":\"pt-PT\",\"@id\":\"https:\/\/brasilnoticias.org\/site\/casal-e-preso-por-espancar-crianca-de-2-anos-na-cidade-de-alcobaca\/#primaryimage\",\"url\":\"https:\/\/brasilnoticias.org\/site\/wp-content\/uploads\/2023\/11\/casal-740x470-1.jpg\",\"contentUrl\":\"https:\/\/brasilnoticias.org\/site\/wp-content\/uploads\/2023\/11\/casal-740x470-1.jpg\",\"width\":740,\"height\":470},{\"@type\":\"BreadcrumbList\",\"@id\":\"https:\/\/brasilnoticias.org\/site\/casal-e-preso-por-espancar-crianca-de-2-anos-na-cidade-de-alcobaca\/#breadcrumb\",\"itemListElement\":[{\"@type\":\"ListItem\",\"position\":1,\"name\":\"In\u00edcio\",\"item\":\"https:\/\/brasilnoticias.org\/site\/\"},{\"@type\":\"ListItem\",\"position\":2,\"name\":\"Casal \u00e9 preso por espancar crian\u00e7a de 2 anos na cidade de Alcoba\u00e7a\"}]},{\"@type\":\"WebSite\",\"@id\":\"https:\/\/brasilnoticias.org\/site\/#website\",\"url\":\"https:\/\/brasilnoticias.org\/site\/\",\"name\":\"Brasil not\u00edcias\",\"description\":\"Brasil not\u00edcias\",\"publisher\":{\"@id\":\"https:\/\/brasilnoticias.org\/site\/#organization\"},\"potentialAction\":[{\"@type\":\"SearchAction\",\"target\":{\"@type\":\"EntryPoint\",\"urlTemplate\":\"https:\/\/brasilnoticias.org\/site\/?s={search_term_string}\"},\"query-input\":{\"@type\":\"PropertyValueSpecification\",\"valueRequired\":true,\"valueName\":\"search_term_string\"}}],\"inLanguage\":\"pt-PT\"},{\"@type\":\"Organization\",\"@id\":\"https:\/\/brasilnoticias.org\/site\/#organization\",\"name\":\"Brasil not\u00edcias\",\"url\":\"https:\/\/brasilnoticias.org\/site\/\",\"logo\":{\"@type\":\"ImageObject\",\"inLanguage\":\"pt-PT\",\"@id\":\"https:\/\/brasilnoticias.org\/site\/#\/schema\/logo\/image\/\",\"url\":\"https:\/\/brasilnoticias.org\/site\/wp-content\/uploads\/2022\/05\/cropped-brasilnoticias-mini.jpg\",\"contentUrl\":\"https:\/\/brasilnoticias.org\/site\/wp-content\/uploads\/2022\/05\/cropped-brasilnoticias-mini.jpg\",\"width\":314,\"height\":86,\"caption\":\"Brasil not\u00edcias\"},\"image\":{\"@id\":\"https:\/\/brasilnoticias.org\/site\/#\/schema\/logo\/image\/\"}},{\"@type\":\"Person\",\"@id\":\"https:\/\/brasilnoticias.org\/site\/#\/schema\/person\/03bbbfe6c7634ad18c26444ea39049fa\",\"name\":\"Reda\u00e7\u00e3o\",\"image\":{\"@type\":\"ImageObject\",\"inLanguage\":\"pt-PT\",\"@id\":\"https:\/\/brasilnoticias.org\/site\/#\/schema\/person\/image\/\",\"url\":\"https:\/\/secure.gravatar.com\/avatar\/9ecaf7327a696cb23ad926fedded5f1f04d7049de9e445375d55b48c001a6e42?s=96&d=mm&r=g\",\"contentUrl\":\"https:\/\/secure.gravatar.com\/avatar\/9ecaf7327a696cb23ad926fedded5f1f04d7049de9e445375d55b48c001a6e42?s=96&d=mm&r=g\",\"caption\":\"Reda\u00e7\u00e3o\"},\"url\":\"https:\/\/brasilnoticias.org\/site\/author\/henrique\/\"}]}<\/script>\n<!-- \/ Yoast SEO plugin. -->","yoast_head_json":{"title":"Casal \u00e9 preso por espancar crian\u00e7a de 2 anos na cidade de Alcoba\u00e7a - Brasil not\u00edcias","robots":{"index":"index","follow":"follow","max-snippet":"max-snippet:-1","max-image-preview":"max-image-preview:large","max-video-preview":"max-video-preview:-1"},"canonical":"https:\/\/brasilnoticias.org\/site\/casal-e-preso-por-espancar-crianca-de-2-anos-na-cidade-de-alcobaca\/","og_locale":"pt_PT","og_type":"article","og_title":"Casal \u00e9 preso por espancar crian\u00e7a de 2 anos na cidade de Alcoba\u00e7a - Brasil not\u00edcias","og_description":"A v\u00edtima tinha olhos roxos, queimaduras de cigarro pelo corpo e les\u00f5es no p\u00eanis e bra\u00e7o Uma mulher e um","og_url":"https:\/\/brasilnoticias.org\/site\/casal-e-preso-por-espancar-crianca-de-2-anos-na-cidade-de-alcobaca\/","og_site_name":"Brasil not\u00edcias","article_published_time":"2023-11-03T23:18:06+00:00","og_image":[{"width":740,"height":470,"url":"https:\/\/brasilnoticias.org\/site\/wp-content\/uploads\/2023\/11\/casal-740x470-1.jpg","type":"image\/jpeg"}],"author":"Reda\u00e7\u00e3o","twitter_card":"summary_large_image","twitter_misc":{"Escrito por":"Reda\u00e7\u00e3o"},"schema":{"@context":"https:\/\/schema.org","@graph":[{"@type":"Article","@id":"https:\/\/brasilnoticias.org\/site\/casal-e-preso-por-espancar-crianca-de-2-anos-na-cidade-de-alcobaca\/#article","isPartOf":{"@id":"https:\/\/brasilnoticias.org\/site\/casal-e-preso-por-espancar-crianca-de-2-anos-na-cidade-de-alcobaca\/"},"author":{"name":"Reda\u00e7\u00e3o","@id":"https:\/\/brasilnoticias.org\/site\/#\/schema\/person\/03bbbfe6c7634ad18c26444ea39049fa"},"headline":"Casal \u00e9 preso por espancar crian\u00e7a de 2 anos na cidade de Alcoba\u00e7a","datePublished":"2023-11-03T23:18:06+00:00","mainEntityOfPage":{"@id":"https:\/\/brasilnoticias.org\/site\/casal-e-preso-por-espancar-crianca-de-2-anos-na-cidade-de-alcobaca\/"},"wordCount":250,"commentCount":0,"publisher":{"@id":"https:\/\/brasilnoticias.org\/site\/#organization"},"image":{"@id":"https:\/\/brasilnoticias.org\/site\/casal-e-preso-por-espancar-crianca-de-2-anos-na-cidade-de-alcobaca\/#primaryimage"},"thumbnailUrl":"https:\/\/brasilnoticias.org\/site\/wp-content\/uploads\/2023\/11\/casal-740x470-1.jpg","articleSection":["Pol\u00edcia","\u00daltimas"],"inLanguage":"pt-PT","potentialAction":[{"@type":"CommentAction","name":"Comment","target":["https:\/\/brasilnoticias.org\/site\/casal-e-preso-por-espancar-crianca-de-2-anos-na-cidade-de-alcobaca\/#respond"]}]},{"@type":"WebPage","@id":"https:\/\/brasilnoticias.org\/site\/casal-e-preso-por-espancar-crianca-de-2-anos-na-cidade-de-alcobaca\/","url":"https:\/\/brasilnoticias.org\/site\/casal-e-preso-por-espancar-crianca-de-2-anos-na-cidade-de-alcobaca\/","name":"Casal \u00e9 preso por espancar crian\u00e7a de 2 anos na cidade de Alcoba\u00e7a - Brasil not\u00edcias","isPartOf":{"@id":"https:\/\/brasilnoticias.org\/site\/#website"},"primaryImageOfPage":{"@id":"https:\/\/brasilnoticias.org\/site\/casal-e-preso-por-espancar-crianca-de-2-anos-na-cidade-de-alcobaca\/#primaryimage"},"image":{"@id":"https:\/\/brasilnoticias.org\/site\/casal-e-preso-por-espancar-crianca-de-2-anos-na-cidade-de-alcobaca\/#primaryimage"},"thumbnailUrl":"https:\/\/brasilnoticias.org\/site\/wp-content\/uploads\/2023\/11\/casal-740x470-1.jpg","datePublished":"2023-11-03T23:18:06+00:00","breadcrumb":{"@id":"https:\/\/brasilnoticias.org\/site\/casal-e-preso-por-espancar-crianca-de-2-anos-na-cidade-de-alcobaca\/#breadcrumb"},"inLanguage":"pt-PT","potentialAction":[{"@type":"ReadAction","target":["https:\/\/brasilnoticias.org\/site\/casal-e-preso-por-espancar-crianca-de-2-anos-na-cidade-de-alcobaca\/"]}]},{"@type":"ImageObject","inLanguage":"pt-PT","@id":"https:\/\/brasilnoticias.org\/site\/casal-e-preso-por-espancar-crianca-de-2-anos-na-cidade-de-alcobaca\/#primaryimage","url":"https:\/\/brasilnoticias.org\/site\/wp-content\/uploads\/2023\/11\/casal-740x470-1.jpg","contentUrl":"https:\/\/brasilnoticias.org\/site\/wp-content\/uploads\/2023\/11\/casal-740x470-1.jpg","width":740,"height":470},{"@type":"BreadcrumbList","@id":"https:\/\/brasilnoticias.org\/site\/casal-e-preso-por-espancar-crianca-de-2-anos-na-cidade-de-alcobaca\/#breadcrumb","itemListElement":[{"@type":"ListItem","position":1,"name":"In\u00edcio","item":"https:\/\/brasilnoticias.org\/site\/"},{"@type":"ListItem","position":2,"name":"Casal \u00e9 preso por espancar crian\u00e7a de 2 anos na cidade de Alcoba\u00e7a"}]},{"@type":"WebSite","@id":"https:\/\/brasilnoticias.org\/site\/#website","url":"https:\/\/brasilnoticias.org\/site\/","name":"Brasil not\u00edcias","description":"Brasil not\u00edcias","publisher":{"@id":"https:\/\/brasilnoticias.org\/site\/#organization"},"potentialAction":[{"@type":"SearchAction","target":{"@type":"EntryPoint","urlTemplate":"https:\/\/brasilnoticias.org\/site\/?s={search_term_string}"},"query-input":{"@type":"PropertyValueSpecification","valueRequired":true,"valueName":"search_term_string"}}],"inLanguage":"pt-PT"},{"@type":"Organization","@id":"https:\/\/brasilnoticias.org\/site\/#organization","name":"Brasil not\u00edcias","url":"https:\/\/brasilnoticias.org\/site\/","logo":{"@type":"ImageObject","inLanguage":"pt-PT","@id":"https:\/\/brasilnoticias.org\/site\/#\/schema\/logo\/image\/","url":"https:\/\/brasilnoticias.org\/site\/wp-content\/uploads\/2022\/05\/cropped-brasilnoticias-mini.jpg","contentUrl":"https:\/\/brasilnoticias.org\/site\/wp-content\/uploads\/2022\/05\/cropped-brasilnoticias-mini.jpg","width":314,"height":86,"caption":"Brasil not\u00edcias"},"image":{"@id":"https:\/\/brasilnoticias.org\/site\/#\/schema\/logo\/image\/"}},{"@type":"Person","@id":"https:\/\/brasilnoticias.org\/site\/#\/schema\/person\/03bbbfe6c7634ad18c26444ea39049fa","name":"Reda\u00e7\u00e3o","image":{"@type":"ImageObject","inLanguage":"pt-PT","@id":"https:\/\/brasilnoticias.org\/site\/#\/schema\/person\/image\/","url":"https:\/\/secure.gravatar.com\/avatar\/9ecaf7327a696cb23ad926fedded5f1f04d7049de9e445375d55b48c001a6e42?s=96&d=mm&r=g","contentUrl":"https:\/\/secure.gravatar.com\/avatar\/9ecaf7327a696cb23ad926fedded5f1f04d7049de9e445375d55b48c001a6e42?s=96&d=mm&r=g","caption":"Reda\u00e7\u00e3o"},"url":"https:\/\/brasilnoticias.org\/site\/author\/henrique\/"}]}},"_links":{"self":[{"href":"https:\/\/brasilnoticias.org\/site\/wp-json\/wp\/v2\/posts\/10663","targetHints":{"allow":["GET"]}}],"collection":[{"href":"https:\/\/brasilnoticias.org\/site\/wp-json\/wp\/v2\/posts"}],"about":[{"href":"https:\/\/brasilnoticias.org\/site\/wp-json\/wp\/v2\/types\/post"}],"author":[{"embeddable":true,"href":"https:\/\/brasilnoticias.org\/site\/wp-json\/wp\/v2\/users\/4"}],"replies":[{"embeddable":true,"href":"https:\/\/brasilnoticias.org\/site\/wp-json\/wp\/v2\/comments?post=10663"}],"version-history":[{"count":1,"href":"https:\/\/brasilnoticias.org\/site\/wp-json\/wp\/v2\/posts\/10663\/revisions"}],"predecessor-version":[{"id":10665,"href":"https:\/\/brasilnoticias.org\/site\/wp-json\/wp\/v2\/posts\/10663\/revisions\/10665"}],"wp:featuredmedia":[{"embeddable":true,"href":"https:\/\/brasilnoticias.org\/site\/wp-json\/wp\/v2\/media\/10664"}],"wp:attachment":[{"href":"https:\/\/brasilnoticias.org\/site\/wp-json\/wp\/v2\/media?parent=10663"}],"wp:term":[{"taxonomy":"category","embeddable":true,"href":"https:\/\/brasilnoticias.org\/site\/wp-json\/wp\/v2\/categories?post=10663"},{"taxonomy":"post_tag","embeddable":true,"href":"https:\/\/brasilnoticias.org\/site\/wp-json\/wp\/v2\/tags?post=10663"}],"curies":[{"name":"wp","href":"https:\/\/api.w.org\/{rel}","templated":true}]}}