{"id":10687,"date":"2023-11-04T08:29:24","date_gmt":"2023-11-04T11:29:24","guid":{"rendered":"https:\/\/brasilnoticias.org\/site\/?p=10687"},"modified":"2023-11-03T20:30:56","modified_gmt":"2023-11-03T23:30:56","slug":"egito-descarta-abertura-da-fronteira-por-temer-ocupacao-do-sinai","status":"publish","type":"post","link":"https:\/\/brasilnoticias.org\/site\/egito-descarta-abertura-da-fronteira-por-temer-ocupacao-do-sinai\/","title":{"rendered":"Egito descarta abertura da fronteira por temer ocupa\u00e7\u00e3o do Sinai"},"content":{"rendered":"<p>Palestinos que hoje vivem na Faixa de Gaza tentam fugir de \u00e1reas sob bombardeio de Israel.<\/p>\n<p>A instala\u00e7\u00e3o de palestinos na Pen\u00ednsula do Sinai \u00e9 motivo de preocupa\u00e7\u00e3o para o governo do Egito por envolver quest\u00f5es territoriais (n\u00e3o criar riscos futuros sobre o controle do Sinai), econ\u00f4micas (inexist\u00eancia de infraestrutura suficiente para atender grande quantidade de refugiados) e de seguran\u00e7a (temor de que integrantes do Hamas se instalem na regi\u00e3o).<\/p>\n<p>O chanceler Mauro Vieira conversou por telefone, com o ministro das Rela\u00e7\u00f5es Exteriores do Egito, Sameh Shoukry, e reuniu algumas dessas informa\u00e7\u00f5es. Segundo relatos feitos \u00e0 CNN Brasil, um dos maiores temores \u00e9 a instala\u00e7\u00e3o de integrantes do Hamas no Sinai. O grupo radical isl\u00e2mico tem forte liga\u00e7\u00e3o com a Irmandade Mu\u00e7ulmana, rival do governo no Cairo e visto como um fator de desestabiliza\u00e7\u00e3o no pa\u00eds.<\/p>\n<p>Relatos indicam que o Egito quer preservar suas boas rela\u00e7\u00f5es com Israel, com quem assinou um acordo de paz e tem la\u00e7os diplom\u00e1ticos desde a d\u00e9cada de 1970. Mas as autoridades eg\u00edpcias sinalizam que apenas liberar a passagem de Rafah seria uma esp\u00e9cie de &#8220;sabotagem&#8221; \u00e0 causa palestina, deixando Gaza livre para a tomada por for\u00e7as israelenses.<\/p>\n<p>Algumas fontes explicaram que o Egito descarta a libera\u00e7\u00e3o da fronteira para maioria dos habitantes de Gaza, limitando as autoriza\u00e7\u00f5es para a comunidade de 6 mil a 7 mil estrangeiros, ou cidad\u00e3os com dupla nacionalidade, que moram no territ\u00f3rio palestino.<\/p>\n<p>Para o Itamaraty, os crit\u00e9rios de autoriza\u00e7\u00e3o dos estrangeiros n\u00e3o est\u00e3o claros, por isso preferem n\u00e3o fazer outras previs\u00f5es sobre a sa\u00edda do grupo de 34 brasileiros retidos em Gaza.<\/p>\n<p>Foto: Itamaraty\/Divulga\u00e7\u00e3o<br \/>\nPor: Metro1<\/p>\n","protected":false},"excerpt":{"rendered":"<p>Palestinos que hoje vivem na Faixa de Gaza tentam fugir de \u00e1reas sob bombardeio de Israel. A instala\u00e7\u00e3o de palestinos<\/p>\n","protected":false},"author":4,"featured_media":10688,"comment_status":"open","ping_status":"open","sticky":false,"template":"","format":"standard","meta":{"colormag_page_container_layout":"default_layout","colormag_page_sidebar_layout":"default_layout","_FSMCFIC_featured_image_caption":"","_FSMCFIC_featured_image_nocaption":"","_FSMCFIC_featured_image_hide":"","footnotes":""},"categories":[2,1],"tags":[],"class_list":["post-10687","post","type-post","status-publish","format-standard","has-post-thumbnail","hentry","category-noticias","category-ultimas"],"yoast_head":"<!-- This site is optimized with the Yoast SEO plugin v27.1.1 - https:\/\/yoast.com\/product\/yoast-seo-wordpress\/ -->\n<title>Egito descarta abertura da fronteira por temer ocupa\u00e7\u00e3o do Sinai - Brasil not\u00edcias<\/title>\n<meta name=\"robots\" content=\"index, follow, max-snippet:-1, max-image-preview:large, max-video-preview:-1\" \/>\n<link rel=\"canonical\" href=\"https:\/\/brasilnoticias.org\/site\/egito-descarta-abertura-da-fronteira-por-temer-ocupacao-do-sinai\/\" \/>\n<meta property=\"og:locale\" content=\"pt_PT\" \/>\n<meta property=\"og:type\" content=\"article\" \/>\n<meta property=\"og:title\" content=\"Egito descarta abertura da fronteira por temer ocupa\u00e7\u00e3o do Sinai - Brasil not\u00edcias\" \/>\n<meta property=\"og:description\" content=\"Palestinos que hoje vivem na Faixa de Gaza tentam fugir de \u00e1reas sob bombardeio de Israel. A instala\u00e7\u00e3o de palestinos\" \/>\n<meta property=\"og:url\" content=\"https:\/\/brasilnoticias.org\/site\/egito-descarta-abertura-da-fronteira-por-temer-ocupacao-do-sinai\/\" \/>\n<meta property=\"og:site_name\" content=\"Brasil not\u00edcias\" \/>\n<meta property=\"article:published_time\" content=\"2023-11-04T11:29:24+00:00\" \/>\n<meta property=\"og:image\" content=\"https:\/\/brasilnoticias.org\/site\/wp-content\/uploads\/2023\/11\/142760egito-descarta-abertura-da-fronteira-por-temer-ocupacao-do-sinai-3.jpg\" \/>\n\t<meta property=\"og:image:width\" content=\"1600\" \/>\n\t<meta property=\"og:image:height\" content=\"752\" \/>\n\t<meta property=\"og:image:type\" content=\"image\/jpeg\" \/>\n<meta name=\"author\" content=\"Reda\u00e7\u00e3o\" \/>\n<meta name=\"twitter:card\" content=\"summary_large_image\" \/>\n<meta name=\"twitter:label1\" content=\"Escrito por\" \/>\n\t<meta name=\"twitter:data1\" content=\"Reda\u00e7\u00e3o\" \/>\n<script type=\"application\/ld+json\" class=\"yoast-schema-graph\">{\"@context\":\"https:\/\/schema.org\",\"@graph\":[{\"@type\":\"Article\",\"@id\":\"https:\/\/brasilnoticias.org\/site\/egito-descarta-abertura-da-fronteira-por-temer-ocupacao-do-sinai\/#article\",\"isPartOf\":{\"@id\":\"https:\/\/brasilnoticias.org\/site\/egito-descarta-abertura-da-fronteira-por-temer-ocupacao-do-sinai\/\"},\"author\":{\"name\":\"Reda\u00e7\u00e3o\",\"@id\":\"https:\/\/brasilnoticias.org\/site\/#\/schema\/person\/03bbbfe6c7634ad18c26444ea39049fa\"},\"headline\":\"Egito descarta abertura da fronteira por temer ocupa\u00e7\u00e3o do Sinai\",\"datePublished\":\"2023-11-04T11:29:24+00:00\",\"mainEntityOfPage\":{\"@id\":\"https:\/\/brasilnoticias.org\/site\/egito-descarta-abertura-da-fronteira-por-temer-ocupacao-do-sinai\/\"},\"wordCount\":307,\"commentCount\":0,\"publisher\":{\"@id\":\"https:\/\/brasilnoticias.org\/site\/#organization\"},\"image\":{\"@id\":\"https:\/\/brasilnoticias.org\/site\/egito-descarta-abertura-da-fronteira-por-temer-ocupacao-do-sinai\/#primaryimage\"},\"thumbnailUrl\":\"https:\/\/brasilnoticias.org\/site\/wp-content\/uploads\/2023\/11\/142760egito-descarta-abertura-da-fronteira-por-temer-ocupacao-do-sinai-3.jpg\",\"articleSection\":[\"Not\u00edcias\",\"\u00daltimas\"],\"inLanguage\":\"pt-PT\",\"potentialAction\":[{\"@type\":\"CommentAction\",\"name\":\"Comment\",\"target\":[\"https:\/\/brasilnoticias.org\/site\/egito-descarta-abertura-da-fronteira-por-temer-ocupacao-do-sinai\/#respond\"]}]},{\"@type\":\"WebPage\",\"@id\":\"https:\/\/brasilnoticias.org\/site\/egito-descarta-abertura-da-fronteira-por-temer-ocupacao-do-sinai\/\",\"url\":\"https:\/\/brasilnoticias.org\/site\/egito-descarta-abertura-da-fronteira-por-temer-ocupacao-do-sinai\/\",\"name\":\"Egito descarta abertura da fronteira por temer ocupa\u00e7\u00e3o do Sinai - Brasil not\u00edcias\",\"isPartOf\":{\"@id\":\"https:\/\/brasilnoticias.org\/site\/#website\"},\"primaryImageOfPage\":{\"@id\":\"https:\/\/brasilnoticias.org\/site\/egito-descarta-abertura-da-fronteira-por-temer-ocupacao-do-sinai\/#primaryimage\"},\"image\":{\"@id\":\"https:\/\/brasilnoticias.org\/site\/egito-descarta-abertura-da-fronteira-por-temer-ocupacao-do-sinai\/#primaryimage\"},\"thumbnailUrl\":\"https:\/\/brasilnoticias.org\/site\/wp-content\/uploads\/2023\/11\/142760egito-descarta-abertura-da-fronteira-por-temer-ocupacao-do-sinai-3.jpg\",\"datePublished\":\"2023-11-04T11:29:24+00:00\",\"breadcrumb\":{\"@id\":\"https:\/\/brasilnoticias.org\/site\/egito-descarta-abertura-da-fronteira-por-temer-ocupacao-do-sinai\/#breadcrumb\"},\"inLanguage\":\"pt-PT\",\"potentialAction\":[{\"@type\":\"ReadAction\",\"target\":[\"https:\/\/brasilnoticias.org\/site\/egito-descarta-abertura-da-fronteira-por-temer-ocupacao-do-sinai\/\"]}]},{\"@type\":\"ImageObject\",\"inLanguage\":\"pt-PT\",\"@id\":\"https:\/\/brasilnoticias.org\/site\/egito-descarta-abertura-da-fronteira-por-temer-ocupacao-do-sinai\/#primaryimage\",\"url\":\"https:\/\/brasilnoticias.org\/site\/wp-content\/uploads\/2023\/11\/142760egito-descarta-abertura-da-fronteira-por-temer-ocupacao-do-sinai-3.jpg\",\"contentUrl\":\"https:\/\/brasilnoticias.org\/site\/wp-content\/uploads\/2023\/11\/142760egito-descarta-abertura-da-fronteira-por-temer-ocupacao-do-sinai-3.jpg\",\"width\":1600,\"height\":752},{\"@type\":\"BreadcrumbList\",\"@id\":\"https:\/\/brasilnoticias.org\/site\/egito-descarta-abertura-da-fronteira-por-temer-ocupacao-do-sinai\/#breadcrumb\",\"itemListElement\":[{\"@type\":\"ListItem\",\"position\":1,\"name\":\"In\u00edcio\",\"item\":\"https:\/\/brasilnoticias.org\/site\/\"},{\"@type\":\"ListItem\",\"position\":2,\"name\":\"Egito descarta abertura da fronteira por temer ocupa\u00e7\u00e3o do Sinai\"}]},{\"@type\":\"WebSite\",\"@id\":\"https:\/\/brasilnoticias.org\/site\/#website\",\"url\":\"https:\/\/brasilnoticias.org\/site\/\",\"name\":\"Brasil not\u00edcias\",\"description\":\"Brasil not\u00edcias\",\"publisher\":{\"@id\":\"https:\/\/brasilnoticias.org\/site\/#organization\"},\"potentialAction\":[{\"@type\":\"SearchAction\",\"target\":{\"@type\":\"EntryPoint\",\"urlTemplate\":\"https:\/\/brasilnoticias.org\/site\/?s={search_term_string}\"},\"query-input\":{\"@type\":\"PropertyValueSpecification\",\"valueRequired\":true,\"valueName\":\"search_term_string\"}}],\"inLanguage\":\"pt-PT\"},{\"@type\":\"Organization\",\"@id\":\"https:\/\/brasilnoticias.org\/site\/#organization\",\"name\":\"Brasil not\u00edcias\",\"url\":\"https:\/\/brasilnoticias.org\/site\/\",\"logo\":{\"@type\":\"ImageObject\",\"inLanguage\":\"pt-PT\",\"@id\":\"https:\/\/brasilnoticias.org\/site\/#\/schema\/logo\/image\/\",\"url\":\"https:\/\/brasilnoticias.org\/site\/wp-content\/uploads\/2022\/05\/cropped-brasilnoticias-mini.jpg\",\"contentUrl\":\"https:\/\/brasilnoticias.org\/site\/wp-content\/uploads\/2022\/05\/cropped-brasilnoticias-mini.jpg\",\"width\":314,\"height\":86,\"caption\":\"Brasil not\u00edcias\"},\"image\":{\"@id\":\"https:\/\/brasilnoticias.org\/site\/#\/schema\/logo\/image\/\"}},{\"@type\":\"Person\",\"@id\":\"https:\/\/brasilnoticias.org\/site\/#\/schema\/person\/03bbbfe6c7634ad18c26444ea39049fa\",\"name\":\"Reda\u00e7\u00e3o\",\"image\":{\"@type\":\"ImageObject\",\"inLanguage\":\"pt-PT\",\"@id\":\"https:\/\/brasilnoticias.org\/site\/#\/schema\/person\/image\/\",\"url\":\"https:\/\/secure.gravatar.com\/avatar\/9ecaf7327a696cb23ad926fedded5f1f04d7049de9e445375d55b48c001a6e42?s=96&d=mm&r=g\",\"contentUrl\":\"https:\/\/secure.gravatar.com\/avatar\/9ecaf7327a696cb23ad926fedded5f1f04d7049de9e445375d55b48c001a6e42?s=96&d=mm&r=g\",\"caption\":\"Reda\u00e7\u00e3o\"},\"url\":\"https:\/\/brasilnoticias.org\/site\/author\/henrique\/\"}]}<\/script>\n<!-- \/ Yoast SEO plugin. -->","yoast_head_json":{"title":"Egito descarta abertura da fronteira por temer ocupa\u00e7\u00e3o do Sinai - Brasil not\u00edcias","robots":{"index":"index","follow":"follow","max-snippet":"max-snippet:-1","max-image-preview":"max-image-preview:large","max-video-preview":"max-video-preview:-1"},"canonical":"https:\/\/brasilnoticias.org\/site\/egito-descarta-abertura-da-fronteira-por-temer-ocupacao-do-sinai\/","og_locale":"pt_PT","og_type":"article","og_title":"Egito descarta abertura da fronteira por temer ocupa\u00e7\u00e3o do Sinai - Brasil not\u00edcias","og_description":"Palestinos que hoje vivem na Faixa de Gaza tentam fugir de \u00e1reas sob bombardeio de Israel. A instala\u00e7\u00e3o de palestinos","og_url":"https:\/\/brasilnoticias.org\/site\/egito-descarta-abertura-da-fronteira-por-temer-ocupacao-do-sinai\/","og_site_name":"Brasil not\u00edcias","article_published_time":"2023-11-04T11:29:24+00:00","og_image":[{"width":1600,"height":752,"url":"https:\/\/brasilnoticias.org\/site\/wp-content\/uploads\/2023\/11\/142760egito-descarta-abertura-da-fronteira-por-temer-ocupacao-do-sinai-3.jpg","type":"image\/jpeg"}],"author":"Reda\u00e7\u00e3o","twitter_card":"summary_large_image","twitter_misc":{"Escrito por":"Reda\u00e7\u00e3o"},"schema":{"@context":"https:\/\/schema.org","@graph":[{"@type":"Article","@id":"https:\/\/brasilnoticias.org\/site\/egito-descarta-abertura-da-fronteira-por-temer-ocupacao-do-sinai\/#article","isPartOf":{"@id":"https:\/\/brasilnoticias.org\/site\/egito-descarta-abertura-da-fronteira-por-temer-ocupacao-do-sinai\/"},"author":{"name":"Reda\u00e7\u00e3o","@id":"https:\/\/brasilnoticias.org\/site\/#\/schema\/person\/03bbbfe6c7634ad18c26444ea39049fa"},"headline":"Egito descarta abertura da fronteira por temer ocupa\u00e7\u00e3o do Sinai","datePublished":"2023-11-04T11:29:24+00:00","mainEntityOfPage":{"@id":"https:\/\/brasilnoticias.org\/site\/egito-descarta-abertura-da-fronteira-por-temer-ocupacao-do-sinai\/"},"wordCount":307,"commentCount":0,"publisher":{"@id":"https:\/\/brasilnoticias.org\/site\/#organization"},"image":{"@id":"https:\/\/brasilnoticias.org\/site\/egito-descarta-abertura-da-fronteira-por-temer-ocupacao-do-sinai\/#primaryimage"},"thumbnailUrl":"https:\/\/brasilnoticias.org\/site\/wp-content\/uploads\/2023\/11\/142760egito-descarta-abertura-da-fronteira-por-temer-ocupacao-do-sinai-3.jpg","articleSection":["Not\u00edcias","\u00daltimas"],"inLanguage":"pt-PT","potentialAction":[{"@type":"CommentAction","name":"Comment","target":["https:\/\/brasilnoticias.org\/site\/egito-descarta-abertura-da-fronteira-por-temer-ocupacao-do-sinai\/#respond"]}]},{"@type":"WebPage","@id":"https:\/\/brasilnoticias.org\/site\/egito-descarta-abertura-da-fronteira-por-temer-ocupacao-do-sinai\/","url":"https:\/\/brasilnoticias.org\/site\/egito-descarta-abertura-da-fronteira-por-temer-ocupacao-do-sinai\/","name":"Egito descarta abertura da fronteira por temer ocupa\u00e7\u00e3o do Sinai - Brasil not\u00edcias","isPartOf":{"@id":"https:\/\/brasilnoticias.org\/site\/#website"},"primaryImageOfPage":{"@id":"https:\/\/brasilnoticias.org\/site\/egito-descarta-abertura-da-fronteira-por-temer-ocupacao-do-sinai\/#primaryimage"},"image":{"@id":"https:\/\/brasilnoticias.org\/site\/egito-descarta-abertura-da-fronteira-por-temer-ocupacao-do-sinai\/#primaryimage"},"thumbnailUrl":"https:\/\/brasilnoticias.org\/site\/wp-content\/uploads\/2023\/11\/142760egito-descarta-abertura-da-fronteira-por-temer-ocupacao-do-sinai-3.jpg","datePublished":"2023-11-04T11:29:24+00:00","breadcrumb":{"@id":"https:\/\/brasilnoticias.org\/site\/egito-descarta-abertura-da-fronteira-por-temer-ocupacao-do-sinai\/#breadcrumb"},"inLanguage":"pt-PT","potentialAction":[{"@type":"ReadAction","target":["https:\/\/brasilnoticias.org\/site\/egito-descarta-abertura-da-fronteira-por-temer-ocupacao-do-sinai\/"]}]},{"@type":"ImageObject","inLanguage":"pt-PT","@id":"https:\/\/brasilnoticias.org\/site\/egito-descarta-abertura-da-fronteira-por-temer-ocupacao-do-sinai\/#primaryimage","url":"https:\/\/brasilnoticias.org\/site\/wp-content\/uploads\/2023\/11\/142760egito-descarta-abertura-da-fronteira-por-temer-ocupacao-do-sinai-3.jpg","contentUrl":"https:\/\/brasilnoticias.org\/site\/wp-content\/uploads\/2023\/11\/142760egito-descarta-abertura-da-fronteira-por-temer-ocupacao-do-sinai-3.jpg","width":1600,"height":752},{"@type":"BreadcrumbList","@id":"https:\/\/brasilnoticias.org\/site\/egito-descarta-abertura-da-fronteira-por-temer-ocupacao-do-sinai\/#breadcrumb","itemListElement":[{"@type":"ListItem","position":1,"name":"In\u00edcio","item":"https:\/\/brasilnoticias.org\/site\/"},{"@type":"ListItem","position":2,"name":"Egito descarta abertura da fronteira por temer ocupa\u00e7\u00e3o do Sinai"}]},{"@type":"WebSite","@id":"https:\/\/brasilnoticias.org\/site\/#website","url":"https:\/\/brasilnoticias.org\/site\/","name":"Brasil not\u00edcias","description":"Brasil not\u00edcias","publisher":{"@id":"https:\/\/brasilnoticias.org\/site\/#organization"},"potentialAction":[{"@type":"SearchAction","target":{"@type":"EntryPoint","urlTemplate":"https:\/\/brasilnoticias.org\/site\/?s={search_term_string}"},"query-input":{"@type":"PropertyValueSpecification","valueRequired":true,"valueName":"search_term_string"}}],"inLanguage":"pt-PT"},{"@type":"Organization","@id":"https:\/\/brasilnoticias.org\/site\/#organization","name":"Brasil not\u00edcias","url":"https:\/\/brasilnoticias.org\/site\/","logo":{"@type":"ImageObject","inLanguage":"pt-PT","@id":"https:\/\/brasilnoticias.org\/site\/#\/schema\/logo\/image\/","url":"https:\/\/brasilnoticias.org\/site\/wp-content\/uploads\/2022\/05\/cropped-brasilnoticias-mini.jpg","contentUrl":"https:\/\/brasilnoticias.org\/site\/wp-content\/uploads\/2022\/05\/cropped-brasilnoticias-mini.jpg","width":314,"height":86,"caption":"Brasil not\u00edcias"},"image":{"@id":"https:\/\/brasilnoticias.org\/site\/#\/schema\/logo\/image\/"}},{"@type":"Person","@id":"https:\/\/brasilnoticias.org\/site\/#\/schema\/person\/03bbbfe6c7634ad18c26444ea39049fa","name":"Reda\u00e7\u00e3o","image":{"@type":"ImageObject","inLanguage":"pt-PT","@id":"https:\/\/brasilnoticias.org\/site\/#\/schema\/person\/image\/","url":"https:\/\/secure.gravatar.com\/avatar\/9ecaf7327a696cb23ad926fedded5f1f04d7049de9e445375d55b48c001a6e42?s=96&d=mm&r=g","contentUrl":"https:\/\/secure.gravatar.com\/avatar\/9ecaf7327a696cb23ad926fedded5f1f04d7049de9e445375d55b48c001a6e42?s=96&d=mm&r=g","caption":"Reda\u00e7\u00e3o"},"url":"https:\/\/brasilnoticias.org\/site\/author\/henrique\/"}]}},"_links":{"self":[{"href":"https:\/\/brasilnoticias.org\/site\/wp-json\/wp\/v2\/posts\/10687","targetHints":{"allow":["GET"]}}],"collection":[{"href":"https:\/\/brasilnoticias.org\/site\/wp-json\/wp\/v2\/posts"}],"about":[{"href":"https:\/\/brasilnoticias.org\/site\/wp-json\/wp\/v2\/types\/post"}],"author":[{"embeddable":true,"href":"https:\/\/brasilnoticias.org\/site\/wp-json\/wp\/v2\/users\/4"}],"replies":[{"embeddable":true,"href":"https:\/\/brasilnoticias.org\/site\/wp-json\/wp\/v2\/comments?post=10687"}],"version-history":[{"count":1,"href":"https:\/\/brasilnoticias.org\/site\/wp-json\/wp\/v2\/posts\/10687\/revisions"}],"predecessor-version":[{"id":10689,"href":"https:\/\/brasilnoticias.org\/site\/wp-json\/wp\/v2\/posts\/10687\/revisions\/10689"}],"wp:featuredmedia":[{"embeddable":true,"href":"https:\/\/brasilnoticias.org\/site\/wp-json\/wp\/v2\/media\/10688"}],"wp:attachment":[{"href":"https:\/\/brasilnoticias.org\/site\/wp-json\/wp\/v2\/media?parent=10687"}],"wp:term":[{"taxonomy":"category","embeddable":true,"href":"https:\/\/brasilnoticias.org\/site\/wp-json\/wp\/v2\/categories?post=10687"},{"taxonomy":"post_tag","embeddable":true,"href":"https:\/\/brasilnoticias.org\/site\/wp-json\/wp\/v2\/tags?post=10687"}],"curies":[{"name":"wp","href":"https:\/\/api.w.org\/{rel}","templated":true}]}}