{"id":10703,"date":"2023-11-05T06:00:19","date_gmt":"2023-11-05T09:00:19","guid":{"rendered":"https:\/\/brasilnoticias.org\/site\/?p=10703"},"modified":"2023-11-04T22:02:42","modified_gmt":"2023-11-05T01:02:42","slug":"em-leilao-de-wesley-safadao-lira-compra-cavalo-por-r200-mil","status":"publish","type":"post","link":"https:\/\/brasilnoticias.org\/site\/em-leilao-de-wesley-safadao-lira-compra-cavalo-por-r200-mil\/","title":{"rendered":"Em leil\u00e3o de Wesley Safad\u00e3o, Lira compra cavalo por R$200 mil"},"content":{"rendered":"<p>No evento desta sexta-feira, ainda foi anunciado que o presidente da C\u00e2mara vai sediar a 16\u00aa Vaquejada do Parque Arthur Filho<\/p>\n<p>Em leil\u00e3o realizado pelo cantor sertanejo Wesley Safad\u00e3o, o presidente da C\u00e2mara dos Deputados, Arthur Lira (PP), comprou o cavalo WS Pr\u00edncipe Gunner por R$200 mil. No dia 02 de dezembro deve acontecer o pr\u00f3ximo grande evento do ramo, quando o pr\u00f3prio Lira sediar\u00e1, em sua propriedade em Alagoas, a 16\u00aa Vaquejada do Parque Arthur Filho.<\/p>\n<p>O evento comandado pelo presidente da C\u00e2mara foi anunciado durante o leil\u00e3o desta sexta-feira (3), que contar\u00e1 com show de Safad\u00e3o e R$200 mil em pr\u00eamios. Lira n\u00e3o afirmou possuir bois ou cavalos em sua declara\u00e7\u00e3o ao Tribunal Superior Eleitoral nas elei\u00e7\u00f5es de 2022, apesar disso, apenas neste ano ele comprou 3 animais em leil\u00f5es.<\/p>\n<p>O l\u00edder do centr\u00e3o tamb\u00e9m j\u00e1 realizou, no m\u00eas passado, um leil\u00e3o de gado da ra\u00e7a nelore, que gerou um faturamento de cerca de R$4,3 milh\u00f5es. Os dados s\u00e3o do Estad\u00e3o que ainda mostrou que dentre os compradores estavam pol\u00edticos, membros do Judici\u00e1rio e empres\u00e1rios.<\/p>\n<p>Foto: Pablo Valadares\/C\u00e2mara dos Deputados<br \/>\nPor: Metro1 <\/p>\n","protected":false},"excerpt":{"rendered":"<p>No evento desta sexta-feira, ainda foi anunciado que o presidente da C\u00e2mara vai sediar a 16\u00aa Vaquejada do Parque Arthur<\/p>\n","protected":false},"author":4,"featured_media":10704,"comment_status":"open","ping_status":"open","sticky":false,"template":"","format":"standard","meta":{"colormag_page_container_layout":"default_layout","colormag_page_sidebar_layout":"default_layout","_FSMCFIC_featured_image_caption":"","_FSMCFIC_featured_image_nocaption":"","_FSMCFIC_featured_image_hide":"","footnotes":""},"categories":[5,1],"tags":[],"class_list":["post-10703","post","type-post","status-publish","format-standard","has-post-thumbnail","hentry","category-politica","category-ultimas"],"yoast_head":"<!-- This site is optimized with the Yoast SEO plugin v27.1.1 - https:\/\/yoast.com\/product\/yoast-seo-wordpress\/ -->\n<title>Em leil\u00e3o de Wesley Safad\u00e3o, Lira compra cavalo por R$200 mil - Brasil not\u00edcias<\/title>\n<meta name=\"robots\" content=\"index, follow, max-snippet:-1, max-image-preview:large, max-video-preview:-1\" \/>\n<link rel=\"canonical\" href=\"https:\/\/brasilnoticias.org\/site\/em-leilao-de-wesley-safadao-lira-compra-cavalo-por-r200-mil\/\" \/>\n<meta property=\"og:locale\" content=\"pt_PT\" \/>\n<meta property=\"og:type\" content=\"article\" \/>\n<meta property=\"og:title\" content=\"Em leil\u00e3o de Wesley Safad\u00e3o, Lira compra cavalo por R$200 mil - Brasil not\u00edcias\" \/>\n<meta property=\"og:description\" content=\"No evento desta sexta-feira, ainda foi anunciado que o presidente da C\u00e2mara vai sediar a 16\u00aa Vaquejada do Parque Arthur\" \/>\n<meta property=\"og:url\" content=\"https:\/\/brasilnoticias.org\/site\/em-leilao-de-wesley-safadao-lira-compra-cavalo-por-r200-mil\/\" \/>\n<meta property=\"og:site_name\" content=\"Brasil not\u00edcias\" \/>\n<meta property=\"article:published_time\" content=\"2023-11-05T09:00:19+00:00\" \/>\n<meta property=\"og:image\" content=\"https:\/\/brasilnoticias.org\/site\/wp-content\/uploads\/2023\/11\/142786em-leilao-de-wesley-safadao-lira-compra-cavalo-por-r200-mil-3.jpg\" \/>\n\t<meta property=\"og:image:width\" content=\"1600\" \/>\n\t<meta property=\"og:image:height\" content=\"752\" \/>\n\t<meta property=\"og:image:type\" content=\"image\/jpeg\" \/>\n<meta name=\"author\" content=\"Reda\u00e7\u00e3o\" \/>\n<meta name=\"twitter:card\" content=\"summary_large_image\" \/>\n<meta name=\"twitter:label1\" content=\"Escrito por\" \/>\n\t<meta name=\"twitter:data1\" content=\"Reda\u00e7\u00e3o\" \/>\n<script type=\"application\/ld+json\" class=\"yoast-schema-graph\">{\"@context\":\"https:\/\/schema.org\",\"@graph\":[{\"@type\":\"Article\",\"@id\":\"https:\/\/brasilnoticias.org\/site\/em-leilao-de-wesley-safadao-lira-compra-cavalo-por-r200-mil\/#article\",\"isPartOf\":{\"@id\":\"https:\/\/brasilnoticias.org\/site\/em-leilao-de-wesley-safadao-lira-compra-cavalo-por-r200-mil\/\"},\"author\":{\"name\":\"Reda\u00e7\u00e3o\",\"@id\":\"https:\/\/brasilnoticias.org\/site\/#\/schema\/person\/03bbbfe6c7634ad18c26444ea39049fa\"},\"headline\":\"Em leil\u00e3o de Wesley Safad\u00e3o, Lira compra cavalo por R$200 mil\",\"datePublished\":\"2023-11-05T09:00:19+00:00\",\"mainEntityOfPage\":{\"@id\":\"https:\/\/brasilnoticias.org\/site\/em-leilao-de-wesley-safadao-lira-compra-cavalo-por-r200-mil\/\"},\"wordCount\":220,\"commentCount\":0,\"publisher\":{\"@id\":\"https:\/\/brasilnoticias.org\/site\/#organization\"},\"image\":{\"@id\":\"https:\/\/brasilnoticias.org\/site\/em-leilao-de-wesley-safadao-lira-compra-cavalo-por-r200-mil\/#primaryimage\"},\"thumbnailUrl\":\"https:\/\/brasilnoticias.org\/site\/wp-content\/uploads\/2023\/11\/142786em-leilao-de-wesley-safadao-lira-compra-cavalo-por-r200-mil-3.jpg\",\"articleSection\":[\"Pol\u00edtica\",\"\u00daltimas\"],\"inLanguage\":\"pt-PT\",\"potentialAction\":[{\"@type\":\"CommentAction\",\"name\":\"Comment\",\"target\":[\"https:\/\/brasilnoticias.org\/site\/em-leilao-de-wesley-safadao-lira-compra-cavalo-por-r200-mil\/#respond\"]}]},{\"@type\":\"WebPage\",\"@id\":\"https:\/\/brasilnoticias.org\/site\/em-leilao-de-wesley-safadao-lira-compra-cavalo-por-r200-mil\/\",\"url\":\"https:\/\/brasilnoticias.org\/site\/em-leilao-de-wesley-safadao-lira-compra-cavalo-por-r200-mil\/\",\"name\":\"Em leil\u00e3o de Wesley Safad\u00e3o, Lira compra cavalo por R$200 mil - Brasil not\u00edcias\",\"isPartOf\":{\"@id\":\"https:\/\/brasilnoticias.org\/site\/#website\"},\"primaryImageOfPage\":{\"@id\":\"https:\/\/brasilnoticias.org\/site\/em-leilao-de-wesley-safadao-lira-compra-cavalo-por-r200-mil\/#primaryimage\"},\"image\":{\"@id\":\"https:\/\/brasilnoticias.org\/site\/em-leilao-de-wesley-safadao-lira-compra-cavalo-por-r200-mil\/#primaryimage\"},\"thumbnailUrl\":\"https:\/\/brasilnoticias.org\/site\/wp-content\/uploads\/2023\/11\/142786em-leilao-de-wesley-safadao-lira-compra-cavalo-por-r200-mil-3.jpg\",\"datePublished\":\"2023-11-05T09:00:19+00:00\",\"breadcrumb\":{\"@id\":\"https:\/\/brasilnoticias.org\/site\/em-leilao-de-wesley-safadao-lira-compra-cavalo-por-r200-mil\/#breadcrumb\"},\"inLanguage\":\"pt-PT\",\"potentialAction\":[{\"@type\":\"ReadAction\",\"target\":[\"https:\/\/brasilnoticias.org\/site\/em-leilao-de-wesley-safadao-lira-compra-cavalo-por-r200-mil\/\"]}]},{\"@type\":\"ImageObject\",\"inLanguage\":\"pt-PT\",\"@id\":\"https:\/\/brasilnoticias.org\/site\/em-leilao-de-wesley-safadao-lira-compra-cavalo-por-r200-mil\/#primaryimage\",\"url\":\"https:\/\/brasilnoticias.org\/site\/wp-content\/uploads\/2023\/11\/142786em-leilao-de-wesley-safadao-lira-compra-cavalo-por-r200-mil-3.jpg\",\"contentUrl\":\"https:\/\/brasilnoticias.org\/site\/wp-content\/uploads\/2023\/11\/142786em-leilao-de-wesley-safadao-lira-compra-cavalo-por-r200-mil-3.jpg\",\"width\":1600,\"height\":752},{\"@type\":\"BreadcrumbList\",\"@id\":\"https:\/\/brasilnoticias.org\/site\/em-leilao-de-wesley-safadao-lira-compra-cavalo-por-r200-mil\/#breadcrumb\",\"itemListElement\":[{\"@type\":\"ListItem\",\"position\":1,\"name\":\"In\u00edcio\",\"item\":\"https:\/\/brasilnoticias.org\/site\/\"},{\"@type\":\"ListItem\",\"position\":2,\"name\":\"Em leil\u00e3o de Wesley Safad\u00e3o, Lira compra cavalo por R$200 mil\"}]},{\"@type\":\"WebSite\",\"@id\":\"https:\/\/brasilnoticias.org\/site\/#website\",\"url\":\"https:\/\/brasilnoticias.org\/site\/\",\"name\":\"Brasil not\u00edcias\",\"description\":\"Brasil not\u00edcias\",\"publisher\":{\"@id\":\"https:\/\/brasilnoticias.org\/site\/#organization\"},\"potentialAction\":[{\"@type\":\"SearchAction\",\"target\":{\"@type\":\"EntryPoint\",\"urlTemplate\":\"https:\/\/brasilnoticias.org\/site\/?s={search_term_string}\"},\"query-input\":{\"@type\":\"PropertyValueSpecification\",\"valueRequired\":true,\"valueName\":\"search_term_string\"}}],\"inLanguage\":\"pt-PT\"},{\"@type\":\"Organization\",\"@id\":\"https:\/\/brasilnoticias.org\/site\/#organization\",\"name\":\"Brasil not\u00edcias\",\"url\":\"https:\/\/brasilnoticias.org\/site\/\",\"logo\":{\"@type\":\"ImageObject\",\"inLanguage\":\"pt-PT\",\"@id\":\"https:\/\/brasilnoticias.org\/site\/#\/schema\/logo\/image\/\",\"url\":\"https:\/\/brasilnoticias.org\/site\/wp-content\/uploads\/2022\/05\/cropped-brasilnoticias-mini.jpg\",\"contentUrl\":\"https:\/\/brasilnoticias.org\/site\/wp-content\/uploads\/2022\/05\/cropped-brasilnoticias-mini.jpg\",\"width\":314,\"height\":86,\"caption\":\"Brasil not\u00edcias\"},\"image\":{\"@id\":\"https:\/\/brasilnoticias.org\/site\/#\/schema\/logo\/image\/\"}},{\"@type\":\"Person\",\"@id\":\"https:\/\/brasilnoticias.org\/site\/#\/schema\/person\/03bbbfe6c7634ad18c26444ea39049fa\",\"name\":\"Reda\u00e7\u00e3o\",\"image\":{\"@type\":\"ImageObject\",\"inLanguage\":\"pt-PT\",\"@id\":\"https:\/\/brasilnoticias.org\/site\/#\/schema\/person\/image\/\",\"url\":\"https:\/\/secure.gravatar.com\/avatar\/9ecaf7327a696cb23ad926fedded5f1f04d7049de9e445375d55b48c001a6e42?s=96&d=mm&r=g\",\"contentUrl\":\"https:\/\/secure.gravatar.com\/avatar\/9ecaf7327a696cb23ad926fedded5f1f04d7049de9e445375d55b48c001a6e42?s=96&d=mm&r=g\",\"caption\":\"Reda\u00e7\u00e3o\"},\"url\":\"https:\/\/brasilnoticias.org\/site\/author\/henrique\/\"}]}<\/script>\n<!-- \/ Yoast SEO plugin. -->","yoast_head_json":{"title":"Em leil\u00e3o de Wesley Safad\u00e3o, Lira compra cavalo por R$200 mil - Brasil not\u00edcias","robots":{"index":"index","follow":"follow","max-snippet":"max-snippet:-1","max-image-preview":"max-image-preview:large","max-video-preview":"max-video-preview:-1"},"canonical":"https:\/\/brasilnoticias.org\/site\/em-leilao-de-wesley-safadao-lira-compra-cavalo-por-r200-mil\/","og_locale":"pt_PT","og_type":"article","og_title":"Em leil\u00e3o de Wesley Safad\u00e3o, Lira compra cavalo por R$200 mil - Brasil not\u00edcias","og_description":"No evento desta sexta-feira, ainda foi anunciado que o presidente da C\u00e2mara vai sediar a 16\u00aa Vaquejada do Parque Arthur","og_url":"https:\/\/brasilnoticias.org\/site\/em-leilao-de-wesley-safadao-lira-compra-cavalo-por-r200-mil\/","og_site_name":"Brasil not\u00edcias","article_published_time":"2023-11-05T09:00:19+00:00","og_image":[{"width":1600,"height":752,"url":"https:\/\/brasilnoticias.org\/site\/wp-content\/uploads\/2023\/11\/142786em-leilao-de-wesley-safadao-lira-compra-cavalo-por-r200-mil-3.jpg","type":"image\/jpeg"}],"author":"Reda\u00e7\u00e3o","twitter_card":"summary_large_image","twitter_misc":{"Escrito por":"Reda\u00e7\u00e3o"},"schema":{"@context":"https:\/\/schema.org","@graph":[{"@type":"Article","@id":"https:\/\/brasilnoticias.org\/site\/em-leilao-de-wesley-safadao-lira-compra-cavalo-por-r200-mil\/#article","isPartOf":{"@id":"https:\/\/brasilnoticias.org\/site\/em-leilao-de-wesley-safadao-lira-compra-cavalo-por-r200-mil\/"},"author":{"name":"Reda\u00e7\u00e3o","@id":"https:\/\/brasilnoticias.org\/site\/#\/schema\/person\/03bbbfe6c7634ad18c26444ea39049fa"},"headline":"Em leil\u00e3o de Wesley Safad\u00e3o, Lira compra cavalo por R$200 mil","datePublished":"2023-11-05T09:00:19+00:00","mainEntityOfPage":{"@id":"https:\/\/brasilnoticias.org\/site\/em-leilao-de-wesley-safadao-lira-compra-cavalo-por-r200-mil\/"},"wordCount":220,"commentCount":0,"publisher":{"@id":"https:\/\/brasilnoticias.org\/site\/#organization"},"image":{"@id":"https:\/\/brasilnoticias.org\/site\/em-leilao-de-wesley-safadao-lira-compra-cavalo-por-r200-mil\/#primaryimage"},"thumbnailUrl":"https:\/\/brasilnoticias.org\/site\/wp-content\/uploads\/2023\/11\/142786em-leilao-de-wesley-safadao-lira-compra-cavalo-por-r200-mil-3.jpg","articleSection":["Pol\u00edtica","\u00daltimas"],"inLanguage":"pt-PT","potentialAction":[{"@type":"CommentAction","name":"Comment","target":["https:\/\/brasilnoticias.org\/site\/em-leilao-de-wesley-safadao-lira-compra-cavalo-por-r200-mil\/#respond"]}]},{"@type":"WebPage","@id":"https:\/\/brasilnoticias.org\/site\/em-leilao-de-wesley-safadao-lira-compra-cavalo-por-r200-mil\/","url":"https:\/\/brasilnoticias.org\/site\/em-leilao-de-wesley-safadao-lira-compra-cavalo-por-r200-mil\/","name":"Em leil\u00e3o de Wesley Safad\u00e3o, Lira compra cavalo por R$200 mil - Brasil not\u00edcias","isPartOf":{"@id":"https:\/\/brasilnoticias.org\/site\/#website"},"primaryImageOfPage":{"@id":"https:\/\/brasilnoticias.org\/site\/em-leilao-de-wesley-safadao-lira-compra-cavalo-por-r200-mil\/#primaryimage"},"image":{"@id":"https:\/\/brasilnoticias.org\/site\/em-leilao-de-wesley-safadao-lira-compra-cavalo-por-r200-mil\/#primaryimage"},"thumbnailUrl":"https:\/\/brasilnoticias.org\/site\/wp-content\/uploads\/2023\/11\/142786em-leilao-de-wesley-safadao-lira-compra-cavalo-por-r200-mil-3.jpg","datePublished":"2023-11-05T09:00:19+00:00","breadcrumb":{"@id":"https:\/\/brasilnoticias.org\/site\/em-leilao-de-wesley-safadao-lira-compra-cavalo-por-r200-mil\/#breadcrumb"},"inLanguage":"pt-PT","potentialAction":[{"@type":"ReadAction","target":["https:\/\/brasilnoticias.org\/site\/em-leilao-de-wesley-safadao-lira-compra-cavalo-por-r200-mil\/"]}]},{"@type":"ImageObject","inLanguage":"pt-PT","@id":"https:\/\/brasilnoticias.org\/site\/em-leilao-de-wesley-safadao-lira-compra-cavalo-por-r200-mil\/#primaryimage","url":"https:\/\/brasilnoticias.org\/site\/wp-content\/uploads\/2023\/11\/142786em-leilao-de-wesley-safadao-lira-compra-cavalo-por-r200-mil-3.jpg","contentUrl":"https:\/\/brasilnoticias.org\/site\/wp-content\/uploads\/2023\/11\/142786em-leilao-de-wesley-safadao-lira-compra-cavalo-por-r200-mil-3.jpg","width":1600,"height":752},{"@type":"BreadcrumbList","@id":"https:\/\/brasilnoticias.org\/site\/em-leilao-de-wesley-safadao-lira-compra-cavalo-por-r200-mil\/#breadcrumb","itemListElement":[{"@type":"ListItem","position":1,"name":"In\u00edcio","item":"https:\/\/brasilnoticias.org\/site\/"},{"@type":"ListItem","position":2,"name":"Em leil\u00e3o de Wesley Safad\u00e3o, Lira compra cavalo por R$200 mil"}]},{"@type":"WebSite","@id":"https:\/\/brasilnoticias.org\/site\/#website","url":"https:\/\/brasilnoticias.org\/site\/","name":"Brasil not\u00edcias","description":"Brasil not\u00edcias","publisher":{"@id":"https:\/\/brasilnoticias.org\/site\/#organization"},"potentialAction":[{"@type":"SearchAction","target":{"@type":"EntryPoint","urlTemplate":"https:\/\/brasilnoticias.org\/site\/?s={search_term_string}"},"query-input":{"@type":"PropertyValueSpecification","valueRequired":true,"valueName":"search_term_string"}}],"inLanguage":"pt-PT"},{"@type":"Organization","@id":"https:\/\/brasilnoticias.org\/site\/#organization","name":"Brasil not\u00edcias","url":"https:\/\/brasilnoticias.org\/site\/","logo":{"@type":"ImageObject","inLanguage":"pt-PT","@id":"https:\/\/brasilnoticias.org\/site\/#\/schema\/logo\/image\/","url":"https:\/\/brasilnoticias.org\/site\/wp-content\/uploads\/2022\/05\/cropped-brasilnoticias-mini.jpg","contentUrl":"https:\/\/brasilnoticias.org\/site\/wp-content\/uploads\/2022\/05\/cropped-brasilnoticias-mini.jpg","width":314,"height":86,"caption":"Brasil not\u00edcias"},"image":{"@id":"https:\/\/brasilnoticias.org\/site\/#\/schema\/logo\/image\/"}},{"@type":"Person","@id":"https:\/\/brasilnoticias.org\/site\/#\/schema\/person\/03bbbfe6c7634ad18c26444ea39049fa","name":"Reda\u00e7\u00e3o","image":{"@type":"ImageObject","inLanguage":"pt-PT","@id":"https:\/\/brasilnoticias.org\/site\/#\/schema\/person\/image\/","url":"https:\/\/secure.gravatar.com\/avatar\/9ecaf7327a696cb23ad926fedded5f1f04d7049de9e445375d55b48c001a6e42?s=96&d=mm&r=g","contentUrl":"https:\/\/secure.gravatar.com\/avatar\/9ecaf7327a696cb23ad926fedded5f1f04d7049de9e445375d55b48c001a6e42?s=96&d=mm&r=g","caption":"Reda\u00e7\u00e3o"},"url":"https:\/\/brasilnoticias.org\/site\/author\/henrique\/"}]}},"_links":{"self":[{"href":"https:\/\/brasilnoticias.org\/site\/wp-json\/wp\/v2\/posts\/10703","targetHints":{"allow":["GET"]}}],"collection":[{"href":"https:\/\/brasilnoticias.org\/site\/wp-json\/wp\/v2\/posts"}],"about":[{"href":"https:\/\/brasilnoticias.org\/site\/wp-json\/wp\/v2\/types\/post"}],"author":[{"embeddable":true,"href":"https:\/\/brasilnoticias.org\/site\/wp-json\/wp\/v2\/users\/4"}],"replies":[{"embeddable":true,"href":"https:\/\/brasilnoticias.org\/site\/wp-json\/wp\/v2\/comments?post=10703"}],"version-history":[{"count":1,"href":"https:\/\/brasilnoticias.org\/site\/wp-json\/wp\/v2\/posts\/10703\/revisions"}],"predecessor-version":[{"id":10705,"href":"https:\/\/brasilnoticias.org\/site\/wp-json\/wp\/v2\/posts\/10703\/revisions\/10705"}],"wp:featuredmedia":[{"embeddable":true,"href":"https:\/\/brasilnoticias.org\/site\/wp-json\/wp\/v2\/media\/10704"}],"wp:attachment":[{"href":"https:\/\/brasilnoticias.org\/site\/wp-json\/wp\/v2\/media?parent=10703"}],"wp:term":[{"taxonomy":"category","embeddable":true,"href":"https:\/\/brasilnoticias.org\/site\/wp-json\/wp\/v2\/categories?post=10703"},{"taxonomy":"post_tag","embeddable":true,"href":"https:\/\/brasilnoticias.org\/site\/wp-json\/wp\/v2\/tags?post=10703"}],"curies":[{"name":"wp","href":"https:\/\/api.w.org\/{rel}","templated":true}]}}