{"id":10734,"date":"2023-11-06T16:39:30","date_gmt":"2023-11-06T19:39:30","guid":{"rendered":"https:\/\/brasilnoticias.org\/site\/?p=10734"},"modified":"2023-11-06T20:22:05","modified_gmt":"2023-11-06T23:22:05","slug":"apesar-de-cada-vez-mais-frequente-mandatos-coletivos-ainda-lutam-por-regularizacao","status":"publish","type":"post","link":"https:\/\/brasilnoticias.org\/site\/apesar-de-cada-vez-mais-frequente-mandatos-coletivos-ainda-lutam-por-regularizacao\/","title":{"rendered":"Apesar de cada vez mais frequente, mandatos coletivos ainda lutam por regulariza\u00e7\u00e3o"},"content":{"rendered":"<p>Representantes tentam ter modelo validado juridicamente, mas esbarram na falta de apoio pol\u00edtico<\/p>\n<p>Os mandatos coletivos vivem uma crescente no n\u00famero de candidaturas. Segundo dados da Rede de A\u00e7\u00e3o Pol\u00edtica, 89% das iniciativas neste modelo foram formadas a partir de 2016. Apesar disso, representantes destes mandatos relatam falta de apoio dos partidos e regulamenta\u00e7\u00e3o jur\u00eddica deste modelo.<\/p>\n<p>Esses fatores teriam culminado na aprova\u00e7\u00e3o do destaque na C\u00e2mara dos Deputados, que inseriu na minirreforma eleitoral a impugna\u00e7\u00e3o das candidaturas coletivas. Ap\u00f3s a proposi\u00e7\u00e3o ser aprovada, um grupo de apoiadores ao mandato se reuniu com o relator Marcelo Castro (MDB) que teria se mostrado solid\u00e1rio \u00e0 causa e que trabalharia para derrubar o destaque no Senado.<\/p>\n<p>A proposi\u00e7\u00e3o foi considerada um &#8220;retrocesso\u201d por J\u00f4 Cavalcante, que fez parte do Juntas, primeiro mandato coletivo de deputadas estaduais do Brasil. \u201c\u00c9 um retrocesso, esses mandatos j\u00e1 existem. A sociedade se movimenta muito \u00e0 frente das normas jur\u00eddicas. \u00c9 um retrocesso do processo democratico que a pr\u00f3pria sociedade vem pedindo e legitimando esse modelo ativo e participativo de fazer pol\u00edtica\u201d, ressaltou ao Metro1.<\/p>\n<p>A minirreforma ainda precisa passar pelo Senado, o que fez com que nas pr\u00f3ximas elei\u00e7\u00f5es nenhuma novidade esteja prevista na legisla\u00e7\u00e3o.<\/p>\n<p>Debate jur\u00eddico<\/p>\n<p>Para Cleide Coutinho, co-vereadora do grupo Pretas por Salvador (PSOL), a aus\u00eancia de inova\u00e7\u00f5es legislativas sobre o assunto revela a falta de apoio pol\u00edtico dos partidos para promover candidaturas e criar leis que regulamentem essa quest\u00e3o. \u201cInternamente precisamos de mais apoio dos partidos e se avan\u00e7armos nesse sentido podemos ter a regulariza\u00e7\u00e3o. Estamos diante de uma nova forma de fazer pol\u00edtica, de ocupar os espa\u00e7os pol\u00edticos\u201d, afirmou, em entrevista ao Metro1.<\/p>\n<p>O primeiro mandato coletivo da C\u00e2mara de Salvador j\u00e1 viveu momentos tensos na Casa diante da quest\u00e3o. Um dos principais deles aconteceu em abril deste ano, quando o ent\u00e3o vereador Henrique Carballal (PDT) pediu a retirada da co-vereadora Cleide Coutinho para que apenas a titular do mandato, Laina Cris\u00f3stomo (PSOL), permanecesse no plen\u00e1rio. A quest\u00e3o sobre quem poderia sentar na cadeira plen\u00e1ria seria tratado em reuni\u00e3o do Col\u00e9gio de L\u00edderes, mas o assunto adormeceu e nunca foi discutido.<\/p>\n<p>O professor de Direito Eleitoral, Jaime Barreiros, avaliou que essa quest\u00e3o n\u00e3o seria resolvida entre os l\u00edderes da Casa. \u201cO regimento interno pode no m\u00e1ximo flexibilizar que um co-vereador possa sentar, ou ter dada participa\u00e7\u00e3o. Mas no plano formal quem tem direta atua\u00e7\u00e3o \u00e9 o titular e isso \u00e9 por imposi\u00e7\u00e3o legislativa eleitoral nacional\u201d, esclareceu ao Metro1.<\/p>\n<p>Para ele, o destaque que prop\u00f5e a extin\u00e7\u00e3o deste modelo \u201cn\u00e3o \u00e9 o caminho\u201d, e que deveria sim ser feito uma regulamenta\u00e7\u00e3o.\u201c\u00c9 poss\u00edvel a candidatura de mandato coletivo, isso precisa ser posto na legisla\u00e7\u00e3o. Mas eu n\u00e3o vejo muito que evoluir em termos legais, apenas amadurecer politicamente a quest\u00e3o\u201d, analisou.<\/p>\n<p>\u201cSempre precisa ter um titular para representar o trio, n\u00e3o vejo com bons olhos uma poss\u00edvel mudan\u00e7a em um caso de aus\u00eancia, por exemplo. Se n\u00e3o, cria um \u2018micro partido\u2019 dentro do partido. O que acontece hoje \u00e9 que o suplente \u00e9 o candidato mais votado dentro do partido. Se abrir espa\u00e7o para uma co-vereadora assumir, quebra essa linha de sucess\u00e3o e representatividade partid\u00e1ria\u201d, acrescentou.<\/p>\n<p>Foto: Zeca Ribeiro\/C\u00e2mara dos Deputados<br \/>\nPor: Jo\u00e3o Tramm<\/p>\n","protected":false},"excerpt":{"rendered":"<p>Representantes tentam ter modelo validado juridicamente, mas esbarram na falta de apoio pol\u00edtico Os mandatos coletivos vivem uma crescente no<\/p>\n","protected":false},"author":4,"featured_media":10735,"comment_status":"open","ping_status":"open","sticky":false,"template":"","format":"standard","meta":{"colormag_page_container_layout":"default_layout","colormag_page_sidebar_layout":"default_layout","_FSMCFIC_featured_image_caption":"","_FSMCFIC_featured_image_nocaption":"","_FSMCFIC_featured_image_hide":"","footnotes":""},"categories":[1],"tags":[],"class_list":["post-10734","post","type-post","status-publish","format-standard","has-post-thumbnail","hentry","category-ultimas"],"yoast_head":"<!-- This site is optimized with the Yoast SEO plugin v27.1.1 - https:\/\/yoast.com\/product\/yoast-seo-wordpress\/ -->\n<title>Apesar de cada vez mais frequente, mandatos coletivos ainda lutam por regulariza\u00e7\u00e3o - Brasil not\u00edcias<\/title>\n<meta name=\"robots\" content=\"index, follow, max-snippet:-1, max-image-preview:large, max-video-preview:-1\" \/>\n<link rel=\"canonical\" href=\"https:\/\/brasilnoticias.org\/site\/apesar-de-cada-vez-mais-frequente-mandatos-coletivos-ainda-lutam-por-regularizacao\/\" \/>\n<meta property=\"og:locale\" content=\"pt_PT\" \/>\n<meta property=\"og:type\" content=\"article\" \/>\n<meta property=\"og:title\" content=\"Apesar de cada vez mais frequente, mandatos coletivos ainda lutam por regulariza\u00e7\u00e3o - Brasil not\u00edcias\" \/>\n<meta property=\"og:description\" content=\"Representantes tentam ter modelo validado juridicamente, mas esbarram na falta de apoio pol\u00edtico Os mandatos coletivos vivem uma crescente no\" \/>\n<meta property=\"og:url\" content=\"https:\/\/brasilnoticias.org\/site\/apesar-de-cada-vez-mais-frequente-mandatos-coletivos-ainda-lutam-por-regularizacao\/\" \/>\n<meta property=\"og:site_name\" content=\"Brasil not\u00edcias\" \/>\n<meta property=\"article:published_time\" content=\"2023-11-06T19:39:30+00:00\" \/>\n<meta property=\"article:modified_time\" content=\"2023-11-06T23:22:05+00:00\" \/>\n<meta property=\"og:image\" content=\"https:\/\/brasilnoticias.org\/site\/wp-content\/uploads\/2023\/11\/142844apesar-de-cada-vez-mais-frequente-mandatos-coletivos-ainda-lutam-por-regularizacao-3.jpg\" \/>\n\t<meta property=\"og:image:width\" content=\"1600\" \/>\n\t<meta property=\"og:image:height\" content=\"752\" \/>\n\t<meta property=\"og:image:type\" content=\"image\/jpeg\" \/>\n<meta name=\"author\" content=\"Reda\u00e7\u00e3o\" \/>\n<meta name=\"twitter:card\" content=\"summary_large_image\" \/>\n<meta name=\"twitter:label1\" content=\"Escrito por\" \/>\n\t<meta name=\"twitter:data1\" content=\"Reda\u00e7\u00e3o\" \/>\n\t<meta name=\"twitter:label2\" content=\"Tempo estimado de leitura\" \/>\n\t<meta name=\"twitter:data2\" content=\"3 minutos\" \/>\n<script type=\"application\/ld+json\" class=\"yoast-schema-graph\">{\"@context\":\"https:\/\/schema.org\",\"@graph\":[{\"@type\":\"Article\",\"@id\":\"https:\/\/brasilnoticias.org\/site\/apesar-de-cada-vez-mais-frequente-mandatos-coletivos-ainda-lutam-por-regularizacao\/#article\",\"isPartOf\":{\"@id\":\"https:\/\/brasilnoticias.org\/site\/apesar-de-cada-vez-mais-frequente-mandatos-coletivos-ainda-lutam-por-regularizacao\/\"},\"author\":{\"name\":\"Reda\u00e7\u00e3o\",\"@id\":\"https:\/\/brasilnoticias.org\/site\/#\/schema\/person\/03bbbfe6c7634ad18c26444ea39049fa\"},\"headline\":\"Apesar de cada vez mais frequente, mandatos coletivos ainda lutam por regulariza\u00e7\u00e3o\",\"datePublished\":\"2023-11-06T19:39:30+00:00\",\"dateModified\":\"2023-11-06T23:22:05+00:00\",\"mainEntityOfPage\":{\"@id\":\"https:\/\/brasilnoticias.org\/site\/apesar-de-cada-vez-mais-frequente-mandatos-coletivos-ainda-lutam-por-regularizacao\/\"},\"wordCount\":597,\"commentCount\":0,\"publisher\":{\"@id\":\"https:\/\/brasilnoticias.org\/site\/#organization\"},\"image\":{\"@id\":\"https:\/\/brasilnoticias.org\/site\/apesar-de-cada-vez-mais-frequente-mandatos-coletivos-ainda-lutam-por-regularizacao\/#primaryimage\"},\"thumbnailUrl\":\"https:\/\/brasilnoticias.org\/site\/wp-content\/uploads\/2023\/11\/142844apesar-de-cada-vez-mais-frequente-mandatos-coletivos-ainda-lutam-por-regularizacao-3.jpg\",\"articleSection\":[\"\u00daltimas\"],\"inLanguage\":\"pt-PT\",\"potentialAction\":[{\"@type\":\"CommentAction\",\"name\":\"Comment\",\"target\":[\"https:\/\/brasilnoticias.org\/site\/apesar-de-cada-vez-mais-frequente-mandatos-coletivos-ainda-lutam-por-regularizacao\/#respond\"]}]},{\"@type\":\"WebPage\",\"@id\":\"https:\/\/brasilnoticias.org\/site\/apesar-de-cada-vez-mais-frequente-mandatos-coletivos-ainda-lutam-por-regularizacao\/\",\"url\":\"https:\/\/brasilnoticias.org\/site\/apesar-de-cada-vez-mais-frequente-mandatos-coletivos-ainda-lutam-por-regularizacao\/\",\"name\":\"Apesar de cada vez mais frequente, mandatos coletivos ainda lutam por regulariza\u00e7\u00e3o - Brasil not\u00edcias\",\"isPartOf\":{\"@id\":\"https:\/\/brasilnoticias.org\/site\/#website\"},\"primaryImageOfPage\":{\"@id\":\"https:\/\/brasilnoticias.org\/site\/apesar-de-cada-vez-mais-frequente-mandatos-coletivos-ainda-lutam-por-regularizacao\/#primaryimage\"},\"image\":{\"@id\":\"https:\/\/brasilnoticias.org\/site\/apesar-de-cada-vez-mais-frequente-mandatos-coletivos-ainda-lutam-por-regularizacao\/#primaryimage\"},\"thumbnailUrl\":\"https:\/\/brasilnoticias.org\/site\/wp-content\/uploads\/2023\/11\/142844apesar-de-cada-vez-mais-frequente-mandatos-coletivos-ainda-lutam-por-regularizacao-3.jpg\",\"datePublished\":\"2023-11-06T19:39:30+00:00\",\"dateModified\":\"2023-11-06T23:22:05+00:00\",\"breadcrumb\":{\"@id\":\"https:\/\/brasilnoticias.org\/site\/apesar-de-cada-vez-mais-frequente-mandatos-coletivos-ainda-lutam-por-regularizacao\/#breadcrumb\"},\"inLanguage\":\"pt-PT\",\"potentialAction\":[{\"@type\":\"ReadAction\",\"target\":[\"https:\/\/brasilnoticias.org\/site\/apesar-de-cada-vez-mais-frequente-mandatos-coletivos-ainda-lutam-por-regularizacao\/\"]}]},{\"@type\":\"ImageObject\",\"inLanguage\":\"pt-PT\",\"@id\":\"https:\/\/brasilnoticias.org\/site\/apesar-de-cada-vez-mais-frequente-mandatos-coletivos-ainda-lutam-por-regularizacao\/#primaryimage\",\"url\":\"https:\/\/brasilnoticias.org\/site\/wp-content\/uploads\/2023\/11\/142844apesar-de-cada-vez-mais-frequente-mandatos-coletivos-ainda-lutam-por-regularizacao-3.jpg\",\"contentUrl\":\"https:\/\/brasilnoticias.org\/site\/wp-content\/uploads\/2023\/11\/142844apesar-de-cada-vez-mais-frequente-mandatos-coletivos-ainda-lutam-por-regularizacao-3.jpg\",\"width\":1600,\"height\":752},{\"@type\":\"BreadcrumbList\",\"@id\":\"https:\/\/brasilnoticias.org\/site\/apesar-de-cada-vez-mais-frequente-mandatos-coletivos-ainda-lutam-por-regularizacao\/#breadcrumb\",\"itemListElement\":[{\"@type\":\"ListItem\",\"position\":1,\"name\":\"In\u00edcio\",\"item\":\"https:\/\/brasilnoticias.org\/site\/\"},{\"@type\":\"ListItem\",\"position\":2,\"name\":\"Apesar de cada vez mais frequente, mandatos coletivos ainda lutam por regulariza\u00e7\u00e3o\"}]},{\"@type\":\"WebSite\",\"@id\":\"https:\/\/brasilnoticias.org\/site\/#website\",\"url\":\"https:\/\/brasilnoticias.org\/site\/\",\"name\":\"Brasil not\u00edcias\",\"description\":\"Brasil not\u00edcias\",\"publisher\":{\"@id\":\"https:\/\/brasilnoticias.org\/site\/#organization\"},\"potentialAction\":[{\"@type\":\"SearchAction\",\"target\":{\"@type\":\"EntryPoint\",\"urlTemplate\":\"https:\/\/brasilnoticias.org\/site\/?s={search_term_string}\"},\"query-input\":{\"@type\":\"PropertyValueSpecification\",\"valueRequired\":true,\"valueName\":\"search_term_string\"}}],\"inLanguage\":\"pt-PT\"},{\"@type\":\"Organization\",\"@id\":\"https:\/\/brasilnoticias.org\/site\/#organization\",\"name\":\"Brasil not\u00edcias\",\"url\":\"https:\/\/brasilnoticias.org\/site\/\",\"logo\":{\"@type\":\"ImageObject\",\"inLanguage\":\"pt-PT\",\"@id\":\"https:\/\/brasilnoticias.org\/site\/#\/schema\/logo\/image\/\",\"url\":\"https:\/\/brasilnoticias.org\/site\/wp-content\/uploads\/2022\/05\/cropped-brasilnoticias-mini.jpg\",\"contentUrl\":\"https:\/\/brasilnoticias.org\/site\/wp-content\/uploads\/2022\/05\/cropped-brasilnoticias-mini.jpg\",\"width\":314,\"height\":86,\"caption\":\"Brasil not\u00edcias\"},\"image\":{\"@id\":\"https:\/\/brasilnoticias.org\/site\/#\/schema\/logo\/image\/\"}},{\"@type\":\"Person\",\"@id\":\"https:\/\/brasilnoticias.org\/site\/#\/schema\/person\/03bbbfe6c7634ad18c26444ea39049fa\",\"name\":\"Reda\u00e7\u00e3o\",\"image\":{\"@type\":\"ImageObject\",\"inLanguage\":\"pt-PT\",\"@id\":\"https:\/\/brasilnoticias.org\/site\/#\/schema\/person\/image\/\",\"url\":\"https:\/\/secure.gravatar.com\/avatar\/9ecaf7327a696cb23ad926fedded5f1f04d7049de9e445375d55b48c001a6e42?s=96&d=mm&r=g\",\"contentUrl\":\"https:\/\/secure.gravatar.com\/avatar\/9ecaf7327a696cb23ad926fedded5f1f04d7049de9e445375d55b48c001a6e42?s=96&d=mm&r=g\",\"caption\":\"Reda\u00e7\u00e3o\"},\"url\":\"https:\/\/brasilnoticias.org\/site\/author\/henrique\/\"}]}<\/script>\n<!-- \/ Yoast SEO plugin. -->","yoast_head_json":{"title":"Apesar de cada vez mais frequente, mandatos coletivos ainda lutam por regulariza\u00e7\u00e3o - Brasil not\u00edcias","robots":{"index":"index","follow":"follow","max-snippet":"max-snippet:-1","max-image-preview":"max-image-preview:large","max-video-preview":"max-video-preview:-1"},"canonical":"https:\/\/brasilnoticias.org\/site\/apesar-de-cada-vez-mais-frequente-mandatos-coletivos-ainda-lutam-por-regularizacao\/","og_locale":"pt_PT","og_type":"article","og_title":"Apesar de cada vez mais frequente, mandatos coletivos ainda lutam por regulariza\u00e7\u00e3o - Brasil not\u00edcias","og_description":"Representantes tentam ter modelo validado juridicamente, mas esbarram na falta de apoio pol\u00edtico Os mandatos coletivos vivem uma crescente no","og_url":"https:\/\/brasilnoticias.org\/site\/apesar-de-cada-vez-mais-frequente-mandatos-coletivos-ainda-lutam-por-regularizacao\/","og_site_name":"Brasil not\u00edcias","article_published_time":"2023-11-06T19:39:30+00:00","article_modified_time":"2023-11-06T23:22:05+00:00","og_image":[{"width":1600,"height":752,"url":"https:\/\/brasilnoticias.org\/site\/wp-content\/uploads\/2023\/11\/142844apesar-de-cada-vez-mais-frequente-mandatos-coletivos-ainda-lutam-por-regularizacao-3.jpg","type":"image\/jpeg"}],"author":"Reda\u00e7\u00e3o","twitter_card":"summary_large_image","twitter_misc":{"Escrito por":"Reda\u00e7\u00e3o","Tempo estimado de leitura":"3 minutos"},"schema":{"@context":"https:\/\/schema.org","@graph":[{"@type":"Article","@id":"https:\/\/brasilnoticias.org\/site\/apesar-de-cada-vez-mais-frequente-mandatos-coletivos-ainda-lutam-por-regularizacao\/#article","isPartOf":{"@id":"https:\/\/brasilnoticias.org\/site\/apesar-de-cada-vez-mais-frequente-mandatos-coletivos-ainda-lutam-por-regularizacao\/"},"author":{"name":"Reda\u00e7\u00e3o","@id":"https:\/\/brasilnoticias.org\/site\/#\/schema\/person\/03bbbfe6c7634ad18c26444ea39049fa"},"headline":"Apesar de cada vez mais frequente, mandatos coletivos ainda lutam por regulariza\u00e7\u00e3o","datePublished":"2023-11-06T19:39:30+00:00","dateModified":"2023-11-06T23:22:05+00:00","mainEntityOfPage":{"@id":"https:\/\/brasilnoticias.org\/site\/apesar-de-cada-vez-mais-frequente-mandatos-coletivos-ainda-lutam-por-regularizacao\/"},"wordCount":597,"commentCount":0,"publisher":{"@id":"https:\/\/brasilnoticias.org\/site\/#organization"},"image":{"@id":"https:\/\/brasilnoticias.org\/site\/apesar-de-cada-vez-mais-frequente-mandatos-coletivos-ainda-lutam-por-regularizacao\/#primaryimage"},"thumbnailUrl":"https:\/\/brasilnoticias.org\/site\/wp-content\/uploads\/2023\/11\/142844apesar-de-cada-vez-mais-frequente-mandatos-coletivos-ainda-lutam-por-regularizacao-3.jpg","articleSection":["\u00daltimas"],"inLanguage":"pt-PT","potentialAction":[{"@type":"CommentAction","name":"Comment","target":["https:\/\/brasilnoticias.org\/site\/apesar-de-cada-vez-mais-frequente-mandatos-coletivos-ainda-lutam-por-regularizacao\/#respond"]}]},{"@type":"WebPage","@id":"https:\/\/brasilnoticias.org\/site\/apesar-de-cada-vez-mais-frequente-mandatos-coletivos-ainda-lutam-por-regularizacao\/","url":"https:\/\/brasilnoticias.org\/site\/apesar-de-cada-vez-mais-frequente-mandatos-coletivos-ainda-lutam-por-regularizacao\/","name":"Apesar de cada vez mais frequente, mandatos coletivos ainda lutam por regulariza\u00e7\u00e3o - Brasil not\u00edcias","isPartOf":{"@id":"https:\/\/brasilnoticias.org\/site\/#website"},"primaryImageOfPage":{"@id":"https:\/\/brasilnoticias.org\/site\/apesar-de-cada-vez-mais-frequente-mandatos-coletivos-ainda-lutam-por-regularizacao\/#primaryimage"},"image":{"@id":"https:\/\/brasilnoticias.org\/site\/apesar-de-cada-vez-mais-frequente-mandatos-coletivos-ainda-lutam-por-regularizacao\/#primaryimage"},"thumbnailUrl":"https:\/\/brasilnoticias.org\/site\/wp-content\/uploads\/2023\/11\/142844apesar-de-cada-vez-mais-frequente-mandatos-coletivos-ainda-lutam-por-regularizacao-3.jpg","datePublished":"2023-11-06T19:39:30+00:00","dateModified":"2023-11-06T23:22:05+00:00","breadcrumb":{"@id":"https:\/\/brasilnoticias.org\/site\/apesar-de-cada-vez-mais-frequente-mandatos-coletivos-ainda-lutam-por-regularizacao\/#breadcrumb"},"inLanguage":"pt-PT","potentialAction":[{"@type":"ReadAction","target":["https:\/\/brasilnoticias.org\/site\/apesar-de-cada-vez-mais-frequente-mandatos-coletivos-ainda-lutam-por-regularizacao\/"]}]},{"@type":"ImageObject","inLanguage":"pt-PT","@id":"https:\/\/brasilnoticias.org\/site\/apesar-de-cada-vez-mais-frequente-mandatos-coletivos-ainda-lutam-por-regularizacao\/#primaryimage","url":"https:\/\/brasilnoticias.org\/site\/wp-content\/uploads\/2023\/11\/142844apesar-de-cada-vez-mais-frequente-mandatos-coletivos-ainda-lutam-por-regularizacao-3.jpg","contentUrl":"https:\/\/brasilnoticias.org\/site\/wp-content\/uploads\/2023\/11\/142844apesar-de-cada-vez-mais-frequente-mandatos-coletivos-ainda-lutam-por-regularizacao-3.jpg","width":1600,"height":752},{"@type":"BreadcrumbList","@id":"https:\/\/brasilnoticias.org\/site\/apesar-de-cada-vez-mais-frequente-mandatos-coletivos-ainda-lutam-por-regularizacao\/#breadcrumb","itemListElement":[{"@type":"ListItem","position":1,"name":"In\u00edcio","item":"https:\/\/brasilnoticias.org\/site\/"},{"@type":"ListItem","position":2,"name":"Apesar de cada vez mais frequente, mandatos coletivos ainda lutam por regulariza\u00e7\u00e3o"}]},{"@type":"WebSite","@id":"https:\/\/brasilnoticias.org\/site\/#website","url":"https:\/\/brasilnoticias.org\/site\/","name":"Brasil not\u00edcias","description":"Brasil not\u00edcias","publisher":{"@id":"https:\/\/brasilnoticias.org\/site\/#organization"},"potentialAction":[{"@type":"SearchAction","target":{"@type":"EntryPoint","urlTemplate":"https:\/\/brasilnoticias.org\/site\/?s={search_term_string}"},"query-input":{"@type":"PropertyValueSpecification","valueRequired":true,"valueName":"search_term_string"}}],"inLanguage":"pt-PT"},{"@type":"Organization","@id":"https:\/\/brasilnoticias.org\/site\/#organization","name":"Brasil not\u00edcias","url":"https:\/\/brasilnoticias.org\/site\/","logo":{"@type":"ImageObject","inLanguage":"pt-PT","@id":"https:\/\/brasilnoticias.org\/site\/#\/schema\/logo\/image\/","url":"https:\/\/brasilnoticias.org\/site\/wp-content\/uploads\/2022\/05\/cropped-brasilnoticias-mini.jpg","contentUrl":"https:\/\/brasilnoticias.org\/site\/wp-content\/uploads\/2022\/05\/cropped-brasilnoticias-mini.jpg","width":314,"height":86,"caption":"Brasil not\u00edcias"},"image":{"@id":"https:\/\/brasilnoticias.org\/site\/#\/schema\/logo\/image\/"}},{"@type":"Person","@id":"https:\/\/brasilnoticias.org\/site\/#\/schema\/person\/03bbbfe6c7634ad18c26444ea39049fa","name":"Reda\u00e7\u00e3o","image":{"@type":"ImageObject","inLanguage":"pt-PT","@id":"https:\/\/brasilnoticias.org\/site\/#\/schema\/person\/image\/","url":"https:\/\/secure.gravatar.com\/avatar\/9ecaf7327a696cb23ad926fedded5f1f04d7049de9e445375d55b48c001a6e42?s=96&d=mm&r=g","contentUrl":"https:\/\/secure.gravatar.com\/avatar\/9ecaf7327a696cb23ad926fedded5f1f04d7049de9e445375d55b48c001a6e42?s=96&d=mm&r=g","caption":"Reda\u00e7\u00e3o"},"url":"https:\/\/brasilnoticias.org\/site\/author\/henrique\/"}]}},"_links":{"self":[{"href":"https:\/\/brasilnoticias.org\/site\/wp-json\/wp\/v2\/posts\/10734","targetHints":{"allow":["GET"]}}],"collection":[{"href":"https:\/\/brasilnoticias.org\/site\/wp-json\/wp\/v2\/posts"}],"about":[{"href":"https:\/\/brasilnoticias.org\/site\/wp-json\/wp\/v2\/types\/post"}],"author":[{"embeddable":true,"href":"https:\/\/brasilnoticias.org\/site\/wp-json\/wp\/v2\/users\/4"}],"replies":[{"embeddable":true,"href":"https:\/\/brasilnoticias.org\/site\/wp-json\/wp\/v2\/comments?post=10734"}],"version-history":[{"count":2,"href":"https:\/\/brasilnoticias.org\/site\/wp-json\/wp\/v2\/posts\/10734\/revisions"}],"predecessor-version":[{"id":10744,"href":"https:\/\/brasilnoticias.org\/site\/wp-json\/wp\/v2\/posts\/10734\/revisions\/10744"}],"wp:featuredmedia":[{"embeddable":true,"href":"https:\/\/brasilnoticias.org\/site\/wp-json\/wp\/v2\/media\/10735"}],"wp:attachment":[{"href":"https:\/\/brasilnoticias.org\/site\/wp-json\/wp\/v2\/media?parent=10734"}],"wp:term":[{"taxonomy":"category","embeddable":true,"href":"https:\/\/brasilnoticias.org\/site\/wp-json\/wp\/v2\/categories?post=10734"},{"taxonomy":"post_tag","embeddable":true,"href":"https:\/\/brasilnoticias.org\/site\/wp-json\/wp\/v2\/tags?post=10734"}],"curies":[{"name":"wp","href":"https:\/\/api.w.org\/{rel}","templated":true}]}}