{"id":10737,"date":"2023-11-06T16:40:23","date_gmt":"2023-11-06T19:40:23","guid":{"rendered":"https:\/\/brasilnoticias.org\/site\/?p=10737"},"modified":"2023-11-06T20:21:55","modified_gmt":"2023-11-06T23:21:55","slug":"diniz-anuncia-convocacao-da-selecao-brasileira-dois-dias-apos-ser-campeao-da-libertadores","status":"publish","type":"post","link":"https:\/\/brasilnoticias.org\/site\/diniz-anuncia-convocacao-da-selecao-brasileira-dois-dias-apos-ser-campeao-da-libertadores\/","title":{"rendered":"Diniz anuncia convoca\u00e7\u00e3o da Sele\u00e7\u00e3o brasileira dois dias ap\u00f3s ser campe\u00e3o da Libertadores"},"content":{"rendered":"<p>As partidas acontecem nos dias 16 e 21 de novembro, contra a Col\u00f4mbia e Argentina respectivamente<\/p>\n<p>O t\u00e9cnico Fernando Diniz convocou os 24 jogadores que v\u00e3o representar o Brasil nos confrontos contra Col\u00f4mbia e Argentina, v\u00e1lidos pelas Eliminat\u00f3rias da Copa do Mundo. Essa \u00e9 a terceira convoca\u00e7\u00e3o do comandante da Sele\u00e7\u00e3o e acontece apenas dois dias ap\u00f3s Diniz ter sido campe\u00e3o da Libertadores com o Fluminense.<\/p>\n<p>As partidas acontecem entre os dias 16 e 21 de novembro e contam com novidades como a convoca\u00e7\u00e3o de Endrick, atacante do Palmeiras de apenas 17 anos, Paulinho, do Atl\u00e9tico-MG, e Jo\u00e3o Pedro, do Brighton. Por outro lado, quem perdeu posi\u00e7\u00e3o na Sele\u00e7\u00e3o foi Richarlyson, o camisa 9 do Tottenham n\u00e3o marcou nenhum gol nas tr\u00eas partidas que atuou desde o in\u00edcio da Era Diniz na amarelinha.<\/p>\n<p>Ao todo, o comandante, que \u00e9 t\u00e9cnico do tricolor carioca em paralelo, tem 2 vit\u00f3rias, 1 empate e 1 derrota na sele\u00e7\u00e3o. Os dois resultados negativos ocorreram na \u00faltima data Fifa, quando empatou com a Venezuela e perdeu para o Uruguai. Com isso, o Brasil ocupa a terceira posi\u00e7\u00e3o das Eliminat\u00f3rias e viaja para Barranquilla e depois retorna para o confronto em casa, no Rio de Janeiro, em busca de reverter essa queda.<\/p>\n<p>A lista<\/p>\n<p>Goleiros: Ederson (Manchester City), Alisson (Liverpool) e Lucas Perri (Botafogo)<br \/>\nLaterais: Emerson Royal (Tottenham), Renan Lodi (Olympique de Marselha) e Carlos Augusto (Inter de Mil\u00e3o)<br \/>\nZagueiros: Marquinhos (PSG), Gabriel Magalh\u00e3es (Arsenal), Nino (Fluminense) e Bremer (Juventus)<br \/>\nVolantes: Bruno Guimar\u00e3es (Newcastle), Andr\u00e9 (Fluminense), Douglas Luiz (Aston Villa) e Joelinton (Newcastle)<br \/>\nMeias: Rodrygo (Real Madrid) e Raphael Veiga (Palmeiras)<br \/>\nAtacantes: Endrick (Palmeiras), Jo\u00e3o Pedro (Brighton), Gabriel Jesus (Arsenal), Paulinho (Atl\u00e9tico-MG), Pep\u00ea (Porto), Vini Jr (Real Madrid), Raphinha (Barcelona) e Gabriel Martinelli (Arsenal)<\/p>\n<p>Foto: Thais Magalh\u00e3es\/CBF<br \/>\nPor: Metro1<\/p>\n","protected":false},"excerpt":{"rendered":"<p>As partidas acontecem nos dias 16 e 21 de novembro, contra a Col\u00f4mbia e Argentina respectivamente O t\u00e9cnico Fernando Diniz<\/p>\n","protected":false},"author":4,"featured_media":10738,"comment_status":"open","ping_status":"open","sticky":false,"template":"","format":"standard","meta":{"colormag_page_container_layout":"default_layout","colormag_page_sidebar_layout":"default_layout","_FSMCFIC_featured_image_caption":"","_FSMCFIC_featured_image_nocaption":"","_FSMCFIC_featured_image_hide":"","footnotes":""},"categories":[4,1],"tags":[],"class_list":["post-10737","post","type-post","status-publish","format-standard","has-post-thumbnail","hentry","category-esporte","category-ultimas"],"yoast_head":"<!-- This site is optimized with the Yoast SEO plugin v27.1.1 - https:\/\/yoast.com\/product\/yoast-seo-wordpress\/ -->\n<title>Diniz anuncia convoca\u00e7\u00e3o da Sele\u00e7\u00e3o brasileira dois dias ap\u00f3s ser campe\u00e3o da Libertadores - Brasil not\u00edcias<\/title>\n<meta name=\"robots\" content=\"index, follow, max-snippet:-1, max-image-preview:large, max-video-preview:-1\" \/>\n<link rel=\"canonical\" href=\"https:\/\/brasilnoticias.org\/site\/diniz-anuncia-convocacao-da-selecao-brasileira-dois-dias-apos-ser-campeao-da-libertadores\/\" \/>\n<meta property=\"og:locale\" content=\"pt_PT\" \/>\n<meta property=\"og:type\" content=\"article\" \/>\n<meta property=\"og:title\" content=\"Diniz anuncia convoca\u00e7\u00e3o da Sele\u00e7\u00e3o brasileira dois dias ap\u00f3s ser campe\u00e3o da Libertadores - Brasil not\u00edcias\" \/>\n<meta property=\"og:description\" content=\"As partidas acontecem nos dias 16 e 21 de novembro, contra a Col\u00f4mbia e Argentina respectivamente O t\u00e9cnico Fernando Diniz\" \/>\n<meta property=\"og:url\" content=\"https:\/\/brasilnoticias.org\/site\/diniz-anuncia-convocacao-da-selecao-brasileira-dois-dias-apos-ser-campeao-da-libertadores\/\" \/>\n<meta property=\"og:site_name\" content=\"Brasil not\u00edcias\" \/>\n<meta property=\"article:published_time\" content=\"2023-11-06T19:40:23+00:00\" \/>\n<meta property=\"article:modified_time\" content=\"2023-11-06T23:21:55+00:00\" \/>\n<meta property=\"og:image\" content=\"https:\/\/brasilnoticias.org\/site\/wp-content\/uploads\/2023\/11\/142847diniz-anuncia-convocacao-da-selecao-brasileira-dois-dias-apos-ser-campeao-da-libertadores-3.jpg\" \/>\n\t<meta property=\"og:image:width\" content=\"1600\" \/>\n\t<meta property=\"og:image:height\" content=\"752\" \/>\n\t<meta property=\"og:image:type\" content=\"image\/jpeg\" \/>\n<meta name=\"author\" content=\"Reda\u00e7\u00e3o\" \/>\n<meta name=\"twitter:card\" content=\"summary_large_image\" \/>\n<meta name=\"twitter:label1\" content=\"Escrito por\" \/>\n\t<meta name=\"twitter:data1\" content=\"Reda\u00e7\u00e3o\" \/>\n\t<meta name=\"twitter:label2\" content=\"Tempo estimado de leitura\" \/>\n\t<meta name=\"twitter:data2\" content=\"2 minutos\" \/>\n<script type=\"application\/ld+json\" class=\"yoast-schema-graph\">{\"@context\":\"https:\/\/schema.org\",\"@graph\":[{\"@type\":\"Article\",\"@id\":\"https:\/\/brasilnoticias.org\/site\/diniz-anuncia-convocacao-da-selecao-brasileira-dois-dias-apos-ser-campeao-da-libertadores\/#article\",\"isPartOf\":{\"@id\":\"https:\/\/brasilnoticias.org\/site\/diniz-anuncia-convocacao-da-selecao-brasileira-dois-dias-apos-ser-campeao-da-libertadores\/\"},\"author\":{\"name\":\"Reda\u00e7\u00e3o\",\"@id\":\"https:\/\/brasilnoticias.org\/site\/#\/schema\/person\/03bbbfe6c7634ad18c26444ea39049fa\"},\"headline\":\"Diniz anuncia convoca\u00e7\u00e3o da Sele\u00e7\u00e3o brasileira dois dias ap\u00f3s ser campe\u00e3o da Libertadores\",\"datePublished\":\"2023-11-06T19:40:23+00:00\",\"dateModified\":\"2023-11-06T23:21:55+00:00\",\"mainEntityOfPage\":{\"@id\":\"https:\/\/brasilnoticias.org\/site\/diniz-anuncia-convocacao-da-selecao-brasileira-dois-dias-apos-ser-campeao-da-libertadores\/\"},\"wordCount\":328,\"commentCount\":0,\"publisher\":{\"@id\":\"https:\/\/brasilnoticias.org\/site\/#organization\"},\"image\":{\"@id\":\"https:\/\/brasilnoticias.org\/site\/diniz-anuncia-convocacao-da-selecao-brasileira-dois-dias-apos-ser-campeao-da-libertadores\/#primaryimage\"},\"thumbnailUrl\":\"https:\/\/brasilnoticias.org\/site\/wp-content\/uploads\/2023\/11\/142847diniz-anuncia-convocacao-da-selecao-brasileira-dois-dias-apos-ser-campeao-da-libertadores-3.jpg\",\"articleSection\":[\"Esporte\",\"\u00daltimas\"],\"inLanguage\":\"pt-PT\",\"potentialAction\":[{\"@type\":\"CommentAction\",\"name\":\"Comment\",\"target\":[\"https:\/\/brasilnoticias.org\/site\/diniz-anuncia-convocacao-da-selecao-brasileira-dois-dias-apos-ser-campeao-da-libertadores\/#respond\"]}]},{\"@type\":\"WebPage\",\"@id\":\"https:\/\/brasilnoticias.org\/site\/diniz-anuncia-convocacao-da-selecao-brasileira-dois-dias-apos-ser-campeao-da-libertadores\/\",\"url\":\"https:\/\/brasilnoticias.org\/site\/diniz-anuncia-convocacao-da-selecao-brasileira-dois-dias-apos-ser-campeao-da-libertadores\/\",\"name\":\"Diniz anuncia convoca\u00e7\u00e3o da Sele\u00e7\u00e3o brasileira dois dias ap\u00f3s ser campe\u00e3o da Libertadores - Brasil not\u00edcias\",\"isPartOf\":{\"@id\":\"https:\/\/brasilnoticias.org\/site\/#website\"},\"primaryImageOfPage\":{\"@id\":\"https:\/\/brasilnoticias.org\/site\/diniz-anuncia-convocacao-da-selecao-brasileira-dois-dias-apos-ser-campeao-da-libertadores\/#primaryimage\"},\"image\":{\"@id\":\"https:\/\/brasilnoticias.org\/site\/diniz-anuncia-convocacao-da-selecao-brasileira-dois-dias-apos-ser-campeao-da-libertadores\/#primaryimage\"},\"thumbnailUrl\":\"https:\/\/brasilnoticias.org\/site\/wp-content\/uploads\/2023\/11\/142847diniz-anuncia-convocacao-da-selecao-brasileira-dois-dias-apos-ser-campeao-da-libertadores-3.jpg\",\"datePublished\":\"2023-11-06T19:40:23+00:00\",\"dateModified\":\"2023-11-06T23:21:55+00:00\",\"breadcrumb\":{\"@id\":\"https:\/\/brasilnoticias.org\/site\/diniz-anuncia-convocacao-da-selecao-brasileira-dois-dias-apos-ser-campeao-da-libertadores\/#breadcrumb\"},\"inLanguage\":\"pt-PT\",\"potentialAction\":[{\"@type\":\"ReadAction\",\"target\":[\"https:\/\/brasilnoticias.org\/site\/diniz-anuncia-convocacao-da-selecao-brasileira-dois-dias-apos-ser-campeao-da-libertadores\/\"]}]},{\"@type\":\"ImageObject\",\"inLanguage\":\"pt-PT\",\"@id\":\"https:\/\/brasilnoticias.org\/site\/diniz-anuncia-convocacao-da-selecao-brasileira-dois-dias-apos-ser-campeao-da-libertadores\/#primaryimage\",\"url\":\"https:\/\/brasilnoticias.org\/site\/wp-content\/uploads\/2023\/11\/142847diniz-anuncia-convocacao-da-selecao-brasileira-dois-dias-apos-ser-campeao-da-libertadores-3.jpg\",\"contentUrl\":\"https:\/\/brasilnoticias.org\/site\/wp-content\/uploads\/2023\/11\/142847diniz-anuncia-convocacao-da-selecao-brasileira-dois-dias-apos-ser-campeao-da-libertadores-3.jpg\",\"width\":1600,\"height\":752},{\"@type\":\"BreadcrumbList\",\"@id\":\"https:\/\/brasilnoticias.org\/site\/diniz-anuncia-convocacao-da-selecao-brasileira-dois-dias-apos-ser-campeao-da-libertadores\/#breadcrumb\",\"itemListElement\":[{\"@type\":\"ListItem\",\"position\":1,\"name\":\"In\u00edcio\",\"item\":\"https:\/\/brasilnoticias.org\/site\/\"},{\"@type\":\"ListItem\",\"position\":2,\"name\":\"Diniz anuncia convoca\u00e7\u00e3o da Sele\u00e7\u00e3o brasileira dois dias ap\u00f3s ser campe\u00e3o da Libertadores\"}]},{\"@type\":\"WebSite\",\"@id\":\"https:\/\/brasilnoticias.org\/site\/#website\",\"url\":\"https:\/\/brasilnoticias.org\/site\/\",\"name\":\"Brasil not\u00edcias\",\"description\":\"Brasil not\u00edcias\",\"publisher\":{\"@id\":\"https:\/\/brasilnoticias.org\/site\/#organization\"},\"potentialAction\":[{\"@type\":\"SearchAction\",\"target\":{\"@type\":\"EntryPoint\",\"urlTemplate\":\"https:\/\/brasilnoticias.org\/site\/?s={search_term_string}\"},\"query-input\":{\"@type\":\"PropertyValueSpecification\",\"valueRequired\":true,\"valueName\":\"search_term_string\"}}],\"inLanguage\":\"pt-PT\"},{\"@type\":\"Organization\",\"@id\":\"https:\/\/brasilnoticias.org\/site\/#organization\",\"name\":\"Brasil not\u00edcias\",\"url\":\"https:\/\/brasilnoticias.org\/site\/\",\"logo\":{\"@type\":\"ImageObject\",\"inLanguage\":\"pt-PT\",\"@id\":\"https:\/\/brasilnoticias.org\/site\/#\/schema\/logo\/image\/\",\"url\":\"https:\/\/brasilnoticias.org\/site\/wp-content\/uploads\/2022\/05\/cropped-brasilnoticias-mini.jpg\",\"contentUrl\":\"https:\/\/brasilnoticias.org\/site\/wp-content\/uploads\/2022\/05\/cropped-brasilnoticias-mini.jpg\",\"width\":314,\"height\":86,\"caption\":\"Brasil not\u00edcias\"},\"image\":{\"@id\":\"https:\/\/brasilnoticias.org\/site\/#\/schema\/logo\/image\/\"}},{\"@type\":\"Person\",\"@id\":\"https:\/\/brasilnoticias.org\/site\/#\/schema\/person\/03bbbfe6c7634ad18c26444ea39049fa\",\"name\":\"Reda\u00e7\u00e3o\",\"image\":{\"@type\":\"ImageObject\",\"inLanguage\":\"pt-PT\",\"@id\":\"https:\/\/brasilnoticias.org\/site\/#\/schema\/person\/image\/\",\"url\":\"https:\/\/secure.gravatar.com\/avatar\/9ecaf7327a696cb23ad926fedded5f1f04d7049de9e445375d55b48c001a6e42?s=96&d=mm&r=g\",\"contentUrl\":\"https:\/\/secure.gravatar.com\/avatar\/9ecaf7327a696cb23ad926fedded5f1f04d7049de9e445375d55b48c001a6e42?s=96&d=mm&r=g\",\"caption\":\"Reda\u00e7\u00e3o\"},\"url\":\"https:\/\/brasilnoticias.org\/site\/author\/henrique\/\"}]}<\/script>\n<!-- \/ Yoast SEO plugin. -->","yoast_head_json":{"title":"Diniz anuncia convoca\u00e7\u00e3o da Sele\u00e7\u00e3o brasileira dois dias ap\u00f3s ser campe\u00e3o da Libertadores - Brasil not\u00edcias","robots":{"index":"index","follow":"follow","max-snippet":"max-snippet:-1","max-image-preview":"max-image-preview:large","max-video-preview":"max-video-preview:-1"},"canonical":"https:\/\/brasilnoticias.org\/site\/diniz-anuncia-convocacao-da-selecao-brasileira-dois-dias-apos-ser-campeao-da-libertadores\/","og_locale":"pt_PT","og_type":"article","og_title":"Diniz anuncia convoca\u00e7\u00e3o da Sele\u00e7\u00e3o brasileira dois dias ap\u00f3s ser campe\u00e3o da Libertadores - Brasil not\u00edcias","og_description":"As partidas acontecem nos dias 16 e 21 de novembro, contra a Col\u00f4mbia e Argentina respectivamente O t\u00e9cnico Fernando Diniz","og_url":"https:\/\/brasilnoticias.org\/site\/diniz-anuncia-convocacao-da-selecao-brasileira-dois-dias-apos-ser-campeao-da-libertadores\/","og_site_name":"Brasil not\u00edcias","article_published_time":"2023-11-06T19:40:23+00:00","article_modified_time":"2023-11-06T23:21:55+00:00","og_image":[{"width":1600,"height":752,"url":"https:\/\/brasilnoticias.org\/site\/wp-content\/uploads\/2023\/11\/142847diniz-anuncia-convocacao-da-selecao-brasileira-dois-dias-apos-ser-campeao-da-libertadores-3.jpg","type":"image\/jpeg"}],"author":"Reda\u00e7\u00e3o","twitter_card":"summary_large_image","twitter_misc":{"Escrito por":"Reda\u00e7\u00e3o","Tempo estimado de leitura":"2 minutos"},"schema":{"@context":"https:\/\/schema.org","@graph":[{"@type":"Article","@id":"https:\/\/brasilnoticias.org\/site\/diniz-anuncia-convocacao-da-selecao-brasileira-dois-dias-apos-ser-campeao-da-libertadores\/#article","isPartOf":{"@id":"https:\/\/brasilnoticias.org\/site\/diniz-anuncia-convocacao-da-selecao-brasileira-dois-dias-apos-ser-campeao-da-libertadores\/"},"author":{"name":"Reda\u00e7\u00e3o","@id":"https:\/\/brasilnoticias.org\/site\/#\/schema\/person\/03bbbfe6c7634ad18c26444ea39049fa"},"headline":"Diniz anuncia convoca\u00e7\u00e3o da Sele\u00e7\u00e3o brasileira dois dias ap\u00f3s ser campe\u00e3o da Libertadores","datePublished":"2023-11-06T19:40:23+00:00","dateModified":"2023-11-06T23:21:55+00:00","mainEntityOfPage":{"@id":"https:\/\/brasilnoticias.org\/site\/diniz-anuncia-convocacao-da-selecao-brasileira-dois-dias-apos-ser-campeao-da-libertadores\/"},"wordCount":328,"commentCount":0,"publisher":{"@id":"https:\/\/brasilnoticias.org\/site\/#organization"},"image":{"@id":"https:\/\/brasilnoticias.org\/site\/diniz-anuncia-convocacao-da-selecao-brasileira-dois-dias-apos-ser-campeao-da-libertadores\/#primaryimage"},"thumbnailUrl":"https:\/\/brasilnoticias.org\/site\/wp-content\/uploads\/2023\/11\/142847diniz-anuncia-convocacao-da-selecao-brasileira-dois-dias-apos-ser-campeao-da-libertadores-3.jpg","articleSection":["Esporte","\u00daltimas"],"inLanguage":"pt-PT","potentialAction":[{"@type":"CommentAction","name":"Comment","target":["https:\/\/brasilnoticias.org\/site\/diniz-anuncia-convocacao-da-selecao-brasileira-dois-dias-apos-ser-campeao-da-libertadores\/#respond"]}]},{"@type":"WebPage","@id":"https:\/\/brasilnoticias.org\/site\/diniz-anuncia-convocacao-da-selecao-brasileira-dois-dias-apos-ser-campeao-da-libertadores\/","url":"https:\/\/brasilnoticias.org\/site\/diniz-anuncia-convocacao-da-selecao-brasileira-dois-dias-apos-ser-campeao-da-libertadores\/","name":"Diniz anuncia convoca\u00e7\u00e3o da Sele\u00e7\u00e3o brasileira dois dias ap\u00f3s ser campe\u00e3o da Libertadores - Brasil not\u00edcias","isPartOf":{"@id":"https:\/\/brasilnoticias.org\/site\/#website"},"primaryImageOfPage":{"@id":"https:\/\/brasilnoticias.org\/site\/diniz-anuncia-convocacao-da-selecao-brasileira-dois-dias-apos-ser-campeao-da-libertadores\/#primaryimage"},"image":{"@id":"https:\/\/brasilnoticias.org\/site\/diniz-anuncia-convocacao-da-selecao-brasileira-dois-dias-apos-ser-campeao-da-libertadores\/#primaryimage"},"thumbnailUrl":"https:\/\/brasilnoticias.org\/site\/wp-content\/uploads\/2023\/11\/142847diniz-anuncia-convocacao-da-selecao-brasileira-dois-dias-apos-ser-campeao-da-libertadores-3.jpg","datePublished":"2023-11-06T19:40:23+00:00","dateModified":"2023-11-06T23:21:55+00:00","breadcrumb":{"@id":"https:\/\/brasilnoticias.org\/site\/diniz-anuncia-convocacao-da-selecao-brasileira-dois-dias-apos-ser-campeao-da-libertadores\/#breadcrumb"},"inLanguage":"pt-PT","potentialAction":[{"@type":"ReadAction","target":["https:\/\/brasilnoticias.org\/site\/diniz-anuncia-convocacao-da-selecao-brasileira-dois-dias-apos-ser-campeao-da-libertadores\/"]}]},{"@type":"ImageObject","inLanguage":"pt-PT","@id":"https:\/\/brasilnoticias.org\/site\/diniz-anuncia-convocacao-da-selecao-brasileira-dois-dias-apos-ser-campeao-da-libertadores\/#primaryimage","url":"https:\/\/brasilnoticias.org\/site\/wp-content\/uploads\/2023\/11\/142847diniz-anuncia-convocacao-da-selecao-brasileira-dois-dias-apos-ser-campeao-da-libertadores-3.jpg","contentUrl":"https:\/\/brasilnoticias.org\/site\/wp-content\/uploads\/2023\/11\/142847diniz-anuncia-convocacao-da-selecao-brasileira-dois-dias-apos-ser-campeao-da-libertadores-3.jpg","width":1600,"height":752},{"@type":"BreadcrumbList","@id":"https:\/\/brasilnoticias.org\/site\/diniz-anuncia-convocacao-da-selecao-brasileira-dois-dias-apos-ser-campeao-da-libertadores\/#breadcrumb","itemListElement":[{"@type":"ListItem","position":1,"name":"In\u00edcio","item":"https:\/\/brasilnoticias.org\/site\/"},{"@type":"ListItem","position":2,"name":"Diniz anuncia convoca\u00e7\u00e3o da Sele\u00e7\u00e3o brasileira dois dias ap\u00f3s ser campe\u00e3o da Libertadores"}]},{"@type":"WebSite","@id":"https:\/\/brasilnoticias.org\/site\/#website","url":"https:\/\/brasilnoticias.org\/site\/","name":"Brasil not\u00edcias","description":"Brasil not\u00edcias","publisher":{"@id":"https:\/\/brasilnoticias.org\/site\/#organization"},"potentialAction":[{"@type":"SearchAction","target":{"@type":"EntryPoint","urlTemplate":"https:\/\/brasilnoticias.org\/site\/?s={search_term_string}"},"query-input":{"@type":"PropertyValueSpecification","valueRequired":true,"valueName":"search_term_string"}}],"inLanguage":"pt-PT"},{"@type":"Organization","@id":"https:\/\/brasilnoticias.org\/site\/#organization","name":"Brasil not\u00edcias","url":"https:\/\/brasilnoticias.org\/site\/","logo":{"@type":"ImageObject","inLanguage":"pt-PT","@id":"https:\/\/brasilnoticias.org\/site\/#\/schema\/logo\/image\/","url":"https:\/\/brasilnoticias.org\/site\/wp-content\/uploads\/2022\/05\/cropped-brasilnoticias-mini.jpg","contentUrl":"https:\/\/brasilnoticias.org\/site\/wp-content\/uploads\/2022\/05\/cropped-brasilnoticias-mini.jpg","width":314,"height":86,"caption":"Brasil not\u00edcias"},"image":{"@id":"https:\/\/brasilnoticias.org\/site\/#\/schema\/logo\/image\/"}},{"@type":"Person","@id":"https:\/\/brasilnoticias.org\/site\/#\/schema\/person\/03bbbfe6c7634ad18c26444ea39049fa","name":"Reda\u00e7\u00e3o","image":{"@type":"ImageObject","inLanguage":"pt-PT","@id":"https:\/\/brasilnoticias.org\/site\/#\/schema\/person\/image\/","url":"https:\/\/secure.gravatar.com\/avatar\/9ecaf7327a696cb23ad926fedded5f1f04d7049de9e445375d55b48c001a6e42?s=96&d=mm&r=g","contentUrl":"https:\/\/secure.gravatar.com\/avatar\/9ecaf7327a696cb23ad926fedded5f1f04d7049de9e445375d55b48c001a6e42?s=96&d=mm&r=g","caption":"Reda\u00e7\u00e3o"},"url":"https:\/\/brasilnoticias.org\/site\/author\/henrique\/"}]}},"_links":{"self":[{"href":"https:\/\/brasilnoticias.org\/site\/wp-json\/wp\/v2\/posts\/10737","targetHints":{"allow":["GET"]}}],"collection":[{"href":"https:\/\/brasilnoticias.org\/site\/wp-json\/wp\/v2\/posts"}],"about":[{"href":"https:\/\/brasilnoticias.org\/site\/wp-json\/wp\/v2\/types\/post"}],"author":[{"embeddable":true,"href":"https:\/\/brasilnoticias.org\/site\/wp-json\/wp\/v2\/users\/4"}],"replies":[{"embeddable":true,"href":"https:\/\/brasilnoticias.org\/site\/wp-json\/wp\/v2\/comments?post=10737"}],"version-history":[{"count":1,"href":"https:\/\/brasilnoticias.org\/site\/wp-json\/wp\/v2\/posts\/10737\/revisions"}],"predecessor-version":[{"id":10740,"href":"https:\/\/brasilnoticias.org\/site\/wp-json\/wp\/v2\/posts\/10737\/revisions\/10740"}],"wp:featuredmedia":[{"embeddable":true,"href":"https:\/\/brasilnoticias.org\/site\/wp-json\/wp\/v2\/media\/10738"}],"wp:attachment":[{"href":"https:\/\/brasilnoticias.org\/site\/wp-json\/wp\/v2\/media?parent=10737"}],"wp:term":[{"taxonomy":"category","embeddable":true,"href":"https:\/\/brasilnoticias.org\/site\/wp-json\/wp\/v2\/categories?post=10737"},{"taxonomy":"post_tag","embeddable":true,"href":"https:\/\/brasilnoticias.org\/site\/wp-json\/wp\/v2\/tags?post=10737"}],"curies":[{"name":"wp","href":"https:\/\/api.w.org\/{rel}","templated":true}]}}