{"id":1074,"date":"2022-08-01T09:55:32","date_gmt":"2022-08-01T12:55:32","guid":{"rendered":"https:\/\/brasilnoticias.org\/site\/?p=1074"},"modified":"2022-08-01T09:55:32","modified_gmt":"2022-08-01T12:55:32","slug":"ex-presidente-das-filipinas-morre-aos-94-anos","status":"publish","type":"post","link":"https:\/\/brasilnoticias.org\/site\/ex-presidente-das-filipinas-morre-aos-94-anos\/","title":{"rendered":"EX-PRESIDENTE DAS FILIPINAS MORRE AOS 94 ANOS"},"content":{"rendered":"<p>O ex-presidente filipino Fidel Ramos morreu aos 94 anos de idade, no domingo (31). Ele foi uma figura importante nos protestos pr\u00f3-democracia de 1986, que derrubaram a ditadura no pa\u00eds. O escrit\u00f3rio presidencial das Filipinas anunciou a morte, mas as causas n\u00e3o foram reveladas.<\/p>\n<p>Ramos era um militar de alto escal\u00e3o durante a ditadura do ex-presidente Ferdinand Marcos, pai do atual l\u00edder do pa\u00eds, Ferdinand Marcos Junior. No entanto, Ramos apoiava Corazon Aquino, figura central no movimento Poder Popular de 1986. Sua mudan\u00e7a de posicionamento provocou a queda do governo de Marcos.<\/p>\n<p>Depois de Aquino se tornar presidente, Ramos passou a ocupar cargos importantes no governo, inclusive, o de ministro da Defesa. Ele frustrou tentativas de golpes por parte de oficiais do Ex\u00e9rcito, o que contribuiu para a estabilidade do governo de Aquino.<\/p>\n<p>Ramos assumiu a presid\u00eancia em 1992 e se comprometeu a reconstruir a economia das Filipinas. Ele \u00e9 reconhecido por ter colocado o pa\u00eds de volta nos trilhos do crescimento econ\u00f4mico.<\/p>\n<p>Ramos deixou o cargo em 1998, mas manteve sua influ\u00eancia pol\u00edtica, apoiado tamb\u00e9m pela opini\u00e3o p\u00fablica. Assim, foi capaz de fazer v\u00e1rias exig\u00eancias a governos subsequentes.<\/p>\n<p>&nbsp;<\/p>\n<p>&nbsp;<\/p>\n<p>&nbsp;<\/p>\n<p>Bnews<\/p>\n","protected":false},"excerpt":{"rendered":"<p>O ex-presidente filipino Fidel Ramos morreu aos 94 anos de idade, no domingo (31). Ele foi uma figura importante nos<\/p>\n","protected":false},"author":2,"featured_media":1075,"comment_status":"open","ping_status":"open","sticky":false,"template":"","format":"standard","meta":{"colormag_page_container_layout":"default_layout","colormag_page_sidebar_layout":"default_layout","_FSMCFIC_featured_image_caption":"","_FSMCFIC_featured_image_nocaption":"","_FSMCFIC_featured_image_hide":"","footnotes":""},"categories":[6,1],"tags":[],"class_list":["post-1074","post","type-post","status-publish","format-standard","has-post-thumbnail","hentry","category-mundo","category-ultimas"],"yoast_head":"<!-- This site is optimized with the Yoast SEO plugin v27.1.1 - https:\/\/yoast.com\/product\/yoast-seo-wordpress\/ -->\n<title>EX-PRESIDENTE DAS FILIPINAS MORRE AOS 94 ANOS - Brasil not\u00edcias<\/title>\n<meta name=\"robots\" content=\"index, follow, max-snippet:-1, max-image-preview:large, max-video-preview:-1\" \/>\n<link rel=\"canonical\" href=\"https:\/\/brasilnoticias.org\/site\/ex-presidente-das-filipinas-morre-aos-94-anos\/\" \/>\n<meta property=\"og:locale\" content=\"pt_PT\" \/>\n<meta property=\"og:type\" content=\"article\" \/>\n<meta property=\"og:title\" content=\"EX-PRESIDENTE DAS FILIPINAS MORRE AOS 94 ANOS - Brasil not\u00edcias\" \/>\n<meta property=\"og:description\" content=\"O ex-presidente filipino Fidel Ramos morreu aos 94 anos de idade, no domingo (31). Ele foi uma figura importante nos\" \/>\n<meta property=\"og:url\" content=\"https:\/\/brasilnoticias.org\/site\/ex-presidente-das-filipinas-morre-aos-94-anos\/\" \/>\n<meta property=\"og:site_name\" content=\"Brasil not\u00edcias\" \/>\n<meta property=\"article:published_time\" content=\"2022-08-01T12:55:32+00:00\" \/>\n<meta property=\"og:image\" content=\"https:\/\/brasilnoticias.org\/site\/wp-content\/uploads\/2022\/08\/sem_titulo_widelg.jpg\" \/>\n\t<meta property=\"og:image:width\" content=\"707\" \/>\n\t<meta property=\"og:image:height\" content=\"404\" \/>\n\t<meta property=\"og:image:type\" content=\"image\/jpeg\" \/>\n<meta name=\"author\" content=\"Reda\u00e7\u00e3o\" \/>\n<meta name=\"twitter:card\" content=\"summary_large_image\" \/>\n<meta name=\"twitter:label1\" content=\"Escrito por\" \/>\n\t<meta name=\"twitter:data1\" content=\"Reda\u00e7\u00e3o\" \/>\n\t<meta name=\"twitter:label2\" content=\"Tempo estimado de leitura\" \/>\n\t<meta name=\"twitter:data2\" content=\"1 minuto\" \/>\n<script type=\"application\/ld+json\" class=\"yoast-schema-graph\">{\"@context\":\"https:\/\/schema.org\",\"@graph\":[{\"@type\":\"Article\",\"@id\":\"https:\/\/brasilnoticias.org\/site\/ex-presidente-das-filipinas-morre-aos-94-anos\/#article\",\"isPartOf\":{\"@id\":\"https:\/\/brasilnoticias.org\/site\/ex-presidente-das-filipinas-morre-aos-94-anos\/\"},\"author\":{\"name\":\"Reda\u00e7\u00e3o\",\"@id\":\"https:\/\/brasilnoticias.org\/site\/#\/schema\/person\/f609fa847b5314f1c8b983342f34c798\"},\"headline\":\"EX-PRESIDENTE DAS FILIPINAS MORRE AOS 94 ANOS\",\"datePublished\":\"2022-08-01T12:55:32+00:00\",\"mainEntityOfPage\":{\"@id\":\"https:\/\/brasilnoticias.org\/site\/ex-presidente-das-filipinas-morre-aos-94-anos\/\"},\"wordCount\":211,\"commentCount\":0,\"publisher\":{\"@id\":\"https:\/\/brasilnoticias.org\/site\/#organization\"},\"image\":{\"@id\":\"https:\/\/brasilnoticias.org\/site\/ex-presidente-das-filipinas-morre-aos-94-anos\/#primaryimage\"},\"thumbnailUrl\":\"https:\/\/brasilnoticias.org\/site\/wp-content\/uploads\/2022\/08\/sem_titulo_widelg.jpg\",\"articleSection\":[\"Mundo\",\"\u00daltimas\"],\"inLanguage\":\"pt-PT\",\"potentialAction\":[{\"@type\":\"CommentAction\",\"name\":\"Comment\",\"target\":[\"https:\/\/brasilnoticias.org\/site\/ex-presidente-das-filipinas-morre-aos-94-anos\/#respond\"]}]},{\"@type\":\"WebPage\",\"@id\":\"https:\/\/brasilnoticias.org\/site\/ex-presidente-das-filipinas-morre-aos-94-anos\/\",\"url\":\"https:\/\/brasilnoticias.org\/site\/ex-presidente-das-filipinas-morre-aos-94-anos\/\",\"name\":\"EX-PRESIDENTE DAS FILIPINAS MORRE AOS 94 ANOS - Brasil not\u00edcias\",\"isPartOf\":{\"@id\":\"https:\/\/brasilnoticias.org\/site\/#website\"},\"primaryImageOfPage\":{\"@id\":\"https:\/\/brasilnoticias.org\/site\/ex-presidente-das-filipinas-morre-aos-94-anos\/#primaryimage\"},\"image\":{\"@id\":\"https:\/\/brasilnoticias.org\/site\/ex-presidente-das-filipinas-morre-aos-94-anos\/#primaryimage\"},\"thumbnailUrl\":\"https:\/\/brasilnoticias.org\/site\/wp-content\/uploads\/2022\/08\/sem_titulo_widelg.jpg\",\"datePublished\":\"2022-08-01T12:55:32+00:00\",\"breadcrumb\":{\"@id\":\"https:\/\/brasilnoticias.org\/site\/ex-presidente-das-filipinas-morre-aos-94-anos\/#breadcrumb\"},\"inLanguage\":\"pt-PT\",\"potentialAction\":[{\"@type\":\"ReadAction\",\"target\":[\"https:\/\/brasilnoticias.org\/site\/ex-presidente-das-filipinas-morre-aos-94-anos\/\"]}]},{\"@type\":\"ImageObject\",\"inLanguage\":\"pt-PT\",\"@id\":\"https:\/\/brasilnoticias.org\/site\/ex-presidente-das-filipinas-morre-aos-94-anos\/#primaryimage\",\"url\":\"https:\/\/brasilnoticias.org\/site\/wp-content\/uploads\/2022\/08\/sem_titulo_widelg.jpg\",\"contentUrl\":\"https:\/\/brasilnoticias.org\/site\/wp-content\/uploads\/2022\/08\/sem_titulo_widelg.jpg\",\"width\":707,\"height\":404},{\"@type\":\"BreadcrumbList\",\"@id\":\"https:\/\/brasilnoticias.org\/site\/ex-presidente-das-filipinas-morre-aos-94-anos\/#breadcrumb\",\"itemListElement\":[{\"@type\":\"ListItem\",\"position\":1,\"name\":\"In\u00edcio\",\"item\":\"https:\/\/brasilnoticias.org\/site\/\"},{\"@type\":\"ListItem\",\"position\":2,\"name\":\"EX-PRESIDENTE DAS FILIPINAS MORRE AOS 94 ANOS\"}]},{\"@type\":\"WebSite\",\"@id\":\"https:\/\/brasilnoticias.org\/site\/#website\",\"url\":\"https:\/\/brasilnoticias.org\/site\/\",\"name\":\"Brasil not\u00edcias\",\"description\":\"Brasil not\u00edcias\",\"publisher\":{\"@id\":\"https:\/\/brasilnoticias.org\/site\/#organization\"},\"potentialAction\":[{\"@type\":\"SearchAction\",\"target\":{\"@type\":\"EntryPoint\",\"urlTemplate\":\"https:\/\/brasilnoticias.org\/site\/?s={search_term_string}\"},\"query-input\":{\"@type\":\"PropertyValueSpecification\",\"valueRequired\":true,\"valueName\":\"search_term_string\"}}],\"inLanguage\":\"pt-PT\"},{\"@type\":\"Organization\",\"@id\":\"https:\/\/brasilnoticias.org\/site\/#organization\",\"name\":\"Brasil not\u00edcias\",\"url\":\"https:\/\/brasilnoticias.org\/site\/\",\"logo\":{\"@type\":\"ImageObject\",\"inLanguage\":\"pt-PT\",\"@id\":\"https:\/\/brasilnoticias.org\/site\/#\/schema\/logo\/image\/\",\"url\":\"https:\/\/brasilnoticias.org\/site\/wp-content\/uploads\/2022\/05\/cropped-brasilnoticias-mini.jpg\",\"contentUrl\":\"https:\/\/brasilnoticias.org\/site\/wp-content\/uploads\/2022\/05\/cropped-brasilnoticias-mini.jpg\",\"width\":314,\"height\":86,\"caption\":\"Brasil not\u00edcias\"},\"image\":{\"@id\":\"https:\/\/brasilnoticias.org\/site\/#\/schema\/logo\/image\/\"}},{\"@type\":\"Person\",\"@id\":\"https:\/\/brasilnoticias.org\/site\/#\/schema\/person\/f609fa847b5314f1c8b983342f34c798\",\"name\":\"Reda\u00e7\u00e3o\",\"image\":{\"@type\":\"ImageObject\",\"inLanguage\":\"pt-PT\",\"@id\":\"https:\/\/brasilnoticias.org\/site\/#\/schema\/person\/image\/\",\"url\":\"https:\/\/secure.gravatar.com\/avatar\/447284c06c1ad8b46465a36de9cd0d8326b73387a22799b8b1ffb1fbcff2ed0c?s=96&d=mm&r=g\",\"contentUrl\":\"https:\/\/secure.gravatar.com\/avatar\/447284c06c1ad8b46465a36de9cd0d8326b73387a22799b8b1ffb1fbcff2ed0c?s=96&d=mm&r=g\",\"caption\":\"Reda\u00e7\u00e3o\"},\"url\":\"https:\/\/brasilnoticias.org\/site\/author\/redacao\/\"}]}<\/script>\n<!-- \/ Yoast SEO plugin. -->","yoast_head_json":{"title":"EX-PRESIDENTE DAS FILIPINAS MORRE AOS 94 ANOS - Brasil not\u00edcias","robots":{"index":"index","follow":"follow","max-snippet":"max-snippet:-1","max-image-preview":"max-image-preview:large","max-video-preview":"max-video-preview:-1"},"canonical":"https:\/\/brasilnoticias.org\/site\/ex-presidente-das-filipinas-morre-aos-94-anos\/","og_locale":"pt_PT","og_type":"article","og_title":"EX-PRESIDENTE DAS FILIPINAS MORRE AOS 94 ANOS - Brasil not\u00edcias","og_description":"O ex-presidente filipino Fidel Ramos morreu aos 94 anos de idade, no domingo (31). Ele foi uma figura importante nos","og_url":"https:\/\/brasilnoticias.org\/site\/ex-presidente-das-filipinas-morre-aos-94-anos\/","og_site_name":"Brasil not\u00edcias","article_published_time":"2022-08-01T12:55:32+00:00","og_image":[{"width":707,"height":404,"url":"https:\/\/brasilnoticias.org\/site\/wp-content\/uploads\/2022\/08\/sem_titulo_widelg.jpg","type":"image\/jpeg"}],"author":"Reda\u00e7\u00e3o","twitter_card":"summary_large_image","twitter_misc":{"Escrito por":"Reda\u00e7\u00e3o","Tempo estimado de leitura":"1 minuto"},"schema":{"@context":"https:\/\/schema.org","@graph":[{"@type":"Article","@id":"https:\/\/brasilnoticias.org\/site\/ex-presidente-das-filipinas-morre-aos-94-anos\/#article","isPartOf":{"@id":"https:\/\/brasilnoticias.org\/site\/ex-presidente-das-filipinas-morre-aos-94-anos\/"},"author":{"name":"Reda\u00e7\u00e3o","@id":"https:\/\/brasilnoticias.org\/site\/#\/schema\/person\/f609fa847b5314f1c8b983342f34c798"},"headline":"EX-PRESIDENTE DAS FILIPINAS MORRE AOS 94 ANOS","datePublished":"2022-08-01T12:55:32+00:00","mainEntityOfPage":{"@id":"https:\/\/brasilnoticias.org\/site\/ex-presidente-das-filipinas-morre-aos-94-anos\/"},"wordCount":211,"commentCount":0,"publisher":{"@id":"https:\/\/brasilnoticias.org\/site\/#organization"},"image":{"@id":"https:\/\/brasilnoticias.org\/site\/ex-presidente-das-filipinas-morre-aos-94-anos\/#primaryimage"},"thumbnailUrl":"https:\/\/brasilnoticias.org\/site\/wp-content\/uploads\/2022\/08\/sem_titulo_widelg.jpg","articleSection":["Mundo","\u00daltimas"],"inLanguage":"pt-PT","potentialAction":[{"@type":"CommentAction","name":"Comment","target":["https:\/\/brasilnoticias.org\/site\/ex-presidente-das-filipinas-morre-aos-94-anos\/#respond"]}]},{"@type":"WebPage","@id":"https:\/\/brasilnoticias.org\/site\/ex-presidente-das-filipinas-morre-aos-94-anos\/","url":"https:\/\/brasilnoticias.org\/site\/ex-presidente-das-filipinas-morre-aos-94-anos\/","name":"EX-PRESIDENTE DAS FILIPINAS MORRE AOS 94 ANOS - Brasil not\u00edcias","isPartOf":{"@id":"https:\/\/brasilnoticias.org\/site\/#website"},"primaryImageOfPage":{"@id":"https:\/\/brasilnoticias.org\/site\/ex-presidente-das-filipinas-morre-aos-94-anos\/#primaryimage"},"image":{"@id":"https:\/\/brasilnoticias.org\/site\/ex-presidente-das-filipinas-morre-aos-94-anos\/#primaryimage"},"thumbnailUrl":"https:\/\/brasilnoticias.org\/site\/wp-content\/uploads\/2022\/08\/sem_titulo_widelg.jpg","datePublished":"2022-08-01T12:55:32+00:00","breadcrumb":{"@id":"https:\/\/brasilnoticias.org\/site\/ex-presidente-das-filipinas-morre-aos-94-anos\/#breadcrumb"},"inLanguage":"pt-PT","potentialAction":[{"@type":"ReadAction","target":["https:\/\/brasilnoticias.org\/site\/ex-presidente-das-filipinas-morre-aos-94-anos\/"]}]},{"@type":"ImageObject","inLanguage":"pt-PT","@id":"https:\/\/brasilnoticias.org\/site\/ex-presidente-das-filipinas-morre-aos-94-anos\/#primaryimage","url":"https:\/\/brasilnoticias.org\/site\/wp-content\/uploads\/2022\/08\/sem_titulo_widelg.jpg","contentUrl":"https:\/\/brasilnoticias.org\/site\/wp-content\/uploads\/2022\/08\/sem_titulo_widelg.jpg","width":707,"height":404},{"@type":"BreadcrumbList","@id":"https:\/\/brasilnoticias.org\/site\/ex-presidente-das-filipinas-morre-aos-94-anos\/#breadcrumb","itemListElement":[{"@type":"ListItem","position":1,"name":"In\u00edcio","item":"https:\/\/brasilnoticias.org\/site\/"},{"@type":"ListItem","position":2,"name":"EX-PRESIDENTE DAS FILIPINAS MORRE AOS 94 ANOS"}]},{"@type":"WebSite","@id":"https:\/\/brasilnoticias.org\/site\/#website","url":"https:\/\/brasilnoticias.org\/site\/","name":"Brasil not\u00edcias","description":"Brasil not\u00edcias","publisher":{"@id":"https:\/\/brasilnoticias.org\/site\/#organization"},"potentialAction":[{"@type":"SearchAction","target":{"@type":"EntryPoint","urlTemplate":"https:\/\/brasilnoticias.org\/site\/?s={search_term_string}"},"query-input":{"@type":"PropertyValueSpecification","valueRequired":true,"valueName":"search_term_string"}}],"inLanguage":"pt-PT"},{"@type":"Organization","@id":"https:\/\/brasilnoticias.org\/site\/#organization","name":"Brasil not\u00edcias","url":"https:\/\/brasilnoticias.org\/site\/","logo":{"@type":"ImageObject","inLanguage":"pt-PT","@id":"https:\/\/brasilnoticias.org\/site\/#\/schema\/logo\/image\/","url":"https:\/\/brasilnoticias.org\/site\/wp-content\/uploads\/2022\/05\/cropped-brasilnoticias-mini.jpg","contentUrl":"https:\/\/brasilnoticias.org\/site\/wp-content\/uploads\/2022\/05\/cropped-brasilnoticias-mini.jpg","width":314,"height":86,"caption":"Brasil not\u00edcias"},"image":{"@id":"https:\/\/brasilnoticias.org\/site\/#\/schema\/logo\/image\/"}},{"@type":"Person","@id":"https:\/\/brasilnoticias.org\/site\/#\/schema\/person\/f609fa847b5314f1c8b983342f34c798","name":"Reda\u00e7\u00e3o","image":{"@type":"ImageObject","inLanguage":"pt-PT","@id":"https:\/\/brasilnoticias.org\/site\/#\/schema\/person\/image\/","url":"https:\/\/secure.gravatar.com\/avatar\/447284c06c1ad8b46465a36de9cd0d8326b73387a22799b8b1ffb1fbcff2ed0c?s=96&d=mm&r=g","contentUrl":"https:\/\/secure.gravatar.com\/avatar\/447284c06c1ad8b46465a36de9cd0d8326b73387a22799b8b1ffb1fbcff2ed0c?s=96&d=mm&r=g","caption":"Reda\u00e7\u00e3o"},"url":"https:\/\/brasilnoticias.org\/site\/author\/redacao\/"}]}},"_links":{"self":[{"href":"https:\/\/brasilnoticias.org\/site\/wp-json\/wp\/v2\/posts\/1074","targetHints":{"allow":["GET"]}}],"collection":[{"href":"https:\/\/brasilnoticias.org\/site\/wp-json\/wp\/v2\/posts"}],"about":[{"href":"https:\/\/brasilnoticias.org\/site\/wp-json\/wp\/v2\/types\/post"}],"author":[{"embeddable":true,"href":"https:\/\/brasilnoticias.org\/site\/wp-json\/wp\/v2\/users\/2"}],"replies":[{"embeddable":true,"href":"https:\/\/brasilnoticias.org\/site\/wp-json\/wp\/v2\/comments?post=1074"}],"version-history":[{"count":1,"href":"https:\/\/brasilnoticias.org\/site\/wp-json\/wp\/v2\/posts\/1074\/revisions"}],"predecessor-version":[{"id":1076,"href":"https:\/\/brasilnoticias.org\/site\/wp-json\/wp\/v2\/posts\/1074\/revisions\/1076"}],"wp:featuredmedia":[{"embeddable":true,"href":"https:\/\/brasilnoticias.org\/site\/wp-json\/wp\/v2\/media\/1075"}],"wp:attachment":[{"href":"https:\/\/brasilnoticias.org\/site\/wp-json\/wp\/v2\/media?parent=1074"}],"wp:term":[{"taxonomy":"category","embeddable":true,"href":"https:\/\/brasilnoticias.org\/site\/wp-json\/wp\/v2\/categories?post=1074"},{"taxonomy":"post_tag","embeddable":true,"href":"https:\/\/brasilnoticias.org\/site\/wp-json\/wp\/v2\/tags?post=1074"}],"curies":[{"name":"wp","href":"https:\/\/api.w.org\/{rel}","templated":true}]}}