{"id":10750,"date":"2023-11-07T06:10:34","date_gmt":"2023-11-07T09:10:34","guid":{"rendered":"https:\/\/brasilnoticias.org\/site\/?p=10750"},"modified":"2023-11-06T21:11:03","modified_gmt":"2023-11-07T00:11:03","slug":"resultado-fiscal-nao-depende-do-desejo-do-presidente-diz-haddad-ao-defender-trabalho-em-parceria-2","status":"publish","type":"post","link":"https:\/\/brasilnoticias.org\/site\/resultado-fiscal-nao-depende-do-desejo-do-presidente-diz-haddad-ao-defender-trabalho-em-parceria-2\/","title":{"rendered":"Resultado fiscal n\u00e3o depende do desejo do presidente, diz Haddad ao defender trabalho em parceria"},"content":{"rendered":"<p>Mar\u00e7o \u00e9 prazo limite para avaliar a situa\u00e7\u00e3o fiscal e tomar decis\u00e3o sobre mudan\u00e7a da meta de 2024<\/p>\n<p>O ministro da Fazenda, Fernando Haddad (PT), defendeu que o resultado fiscal \u00e9 consequ\u00eancia de um trabalho de parceria, &#8220;n\u00e3o depende do desejo do presidente da Rep\u00fablica&#8221; ou da equipe econ\u00f4mica.<\/p>\n<p>Em evento organizado pelo banco BTG Pactual, em S\u00e3o Paulo, Haddad argumentou sobre a necessidade de ter harmonia entre os Poderes para ser cumprido o objetivo de zerar o d\u00e9ficit fiscal em 2024.<\/p>\n<p>&#8220;Eu n\u00e3o falo isso para provocar ningu\u00e9m. Eu falo isso porque resultado fiscal n\u00e3o \u00e9 da cabe\u00e7a do ministro da Fazenda nem do desejo do presidente da Rep\u00fablica. Resultado fiscal \u00e9 um trabalho de parceria. O Judici\u00e1rio tem que entender a repercuss\u00e3o de suas decis\u00f5es, o Legislativo tem que entender a repercuss\u00e3o de suas decis\u00f5es e o Executivo tem que entender a repercuss\u00e3o de suas decis\u00f5es&#8221;, afirmou.<\/p>\n<p>As declara\u00e7\u00f5es acontecem em meio a negocia\u00e7\u00f5es do governo com o Supremo Tribunal Federal (STF) e o Congresso Nacional, das quais a equipe econ\u00f4mica depende para aprovar medidas de aumento de arrecada\u00e7\u00e3o, visando tornar vi\u00e1vel a meta de zerar o d\u00e9ficit fiscal no pr\u00f3ximo ano.<\/p>\n<p>No dia 27, o presidente Luiz In\u00e1cio Lula da Silva (PT) afirmou que a meta para 2024 n\u00e3o precisa ser de d\u00e9ficit zero, e que n\u00e3o vai congelar bilh\u00f5es no in\u00edcio do pr\u00f3ximo ano, afetando &#8220;obras que s\u00e3o priorit\u00e1rias&#8221; para o pa\u00eds. Depois disso, Haddad passou a defender, com o presidente, o prazo de mar\u00e7o como limite para avaliar a situa\u00e7\u00e3o fiscal e tomar uma decis\u00e3o sobre a mudan\u00e7a da meta do pr\u00f3ximo ano.<\/p>\n<p>Foto: Lula Marques\/Ag\u00eancia Brasil<br \/>\nPor: Metro1<\/p>\n","protected":false},"excerpt":{"rendered":"<p>Mar\u00e7o \u00e9 prazo limite para avaliar a situa\u00e7\u00e3o fiscal e tomar decis\u00e3o sobre mudan\u00e7a da meta de 2024 O ministro<\/p>\n","protected":false},"author":4,"featured_media":10751,"comment_status":"open","ping_status":"open","sticky":false,"template":"","format":"standard","meta":{"colormag_page_container_layout":"default_layout","colormag_page_sidebar_layout":"default_layout","_FSMCFIC_featured_image_caption":"","_FSMCFIC_featured_image_nocaption":"","_FSMCFIC_featured_image_hide":"","footnotes":""},"categories":[5,1],"tags":[],"class_list":["post-10750","post","type-post","status-publish","format-standard","has-post-thumbnail","hentry","category-politica","category-ultimas"],"yoast_head":"<!-- This site is optimized with the Yoast SEO plugin v27.1.1 - https:\/\/yoast.com\/product\/yoast-seo-wordpress\/ -->\n<title>Resultado fiscal n\u00e3o depende do desejo do presidente, diz Haddad ao defender trabalho em parceria - Brasil not\u00edcias<\/title>\n<meta name=\"robots\" content=\"index, follow, max-snippet:-1, max-image-preview:large, max-video-preview:-1\" \/>\n<link rel=\"canonical\" href=\"https:\/\/brasilnoticias.org\/site\/resultado-fiscal-nao-depende-do-desejo-do-presidente-diz-haddad-ao-defender-trabalho-em-parceria-2\/\" \/>\n<meta property=\"og:locale\" content=\"pt_PT\" \/>\n<meta property=\"og:type\" content=\"article\" \/>\n<meta property=\"og:title\" content=\"Resultado fiscal n\u00e3o depende do desejo do presidente, diz Haddad ao defender trabalho em parceria - Brasil not\u00edcias\" \/>\n<meta property=\"og:description\" content=\"Mar\u00e7o \u00e9 prazo limite para avaliar a situa\u00e7\u00e3o fiscal e tomar decis\u00e3o sobre mudan\u00e7a da meta de 2024 O ministro\" \/>\n<meta property=\"og:url\" content=\"https:\/\/brasilnoticias.org\/site\/resultado-fiscal-nao-depende-do-desejo-do-presidente-diz-haddad-ao-defender-trabalho-em-parceria-2\/\" \/>\n<meta property=\"og:site_name\" content=\"Brasil not\u00edcias\" \/>\n<meta property=\"article:published_time\" content=\"2023-11-07T09:10:34+00:00\" \/>\n<meta property=\"og:image\" content=\"https:\/\/brasilnoticias.org\/site\/wp-content\/uploads\/2023\/11\/142845resultado-fiscal-nao-depende-do-desejo-do-presidente-diz-haddad-ao-defender-trabalho-em-parceria-3-1.jpg\" \/>\n\t<meta property=\"og:image:width\" content=\"1600\" \/>\n\t<meta property=\"og:image:height\" content=\"752\" \/>\n\t<meta property=\"og:image:type\" content=\"image\/jpeg\" \/>\n<meta name=\"author\" content=\"Reda\u00e7\u00e3o\" \/>\n<meta name=\"twitter:card\" content=\"summary_large_image\" \/>\n<meta name=\"twitter:label1\" content=\"Escrito por\" \/>\n\t<meta name=\"twitter:data1\" content=\"Reda\u00e7\u00e3o\" \/>\n\t<meta name=\"twitter:label2\" content=\"Tempo estimado de leitura\" \/>\n\t<meta name=\"twitter:data2\" content=\"2 minutos\" \/>\n<script type=\"application\/ld+json\" class=\"yoast-schema-graph\">{\"@context\":\"https:\/\/schema.org\",\"@graph\":[{\"@type\":\"Article\",\"@id\":\"https:\/\/brasilnoticias.org\/site\/resultado-fiscal-nao-depende-do-desejo-do-presidente-diz-haddad-ao-defender-trabalho-em-parceria-2\/#article\",\"isPartOf\":{\"@id\":\"https:\/\/brasilnoticias.org\/site\/resultado-fiscal-nao-depende-do-desejo-do-presidente-diz-haddad-ao-defender-trabalho-em-parceria-2\/\"},\"author\":{\"name\":\"Reda\u00e7\u00e3o\",\"@id\":\"https:\/\/brasilnoticias.org\/site\/#\/schema\/person\/03bbbfe6c7634ad18c26444ea39049fa\"},\"headline\":\"Resultado fiscal n\u00e3o depende do desejo do presidente, diz Haddad ao defender trabalho em parceria\",\"datePublished\":\"2023-11-07T09:10:34+00:00\",\"mainEntityOfPage\":{\"@id\":\"https:\/\/brasilnoticias.org\/site\/resultado-fiscal-nao-depende-do-desejo-do-presidente-diz-haddad-ao-defender-trabalho-em-parceria-2\/\"},\"wordCount\":328,\"commentCount\":0,\"publisher\":{\"@id\":\"https:\/\/brasilnoticias.org\/site\/#organization\"},\"image\":{\"@id\":\"https:\/\/brasilnoticias.org\/site\/resultado-fiscal-nao-depende-do-desejo-do-presidente-diz-haddad-ao-defender-trabalho-em-parceria-2\/#primaryimage\"},\"thumbnailUrl\":\"https:\/\/brasilnoticias.org\/site\/wp-content\/uploads\/2023\/11\/142845resultado-fiscal-nao-depende-do-desejo-do-presidente-diz-haddad-ao-defender-trabalho-em-parceria-3-1.jpg\",\"articleSection\":[\"Pol\u00edtica\",\"\u00daltimas\"],\"inLanguage\":\"pt-PT\",\"potentialAction\":[{\"@type\":\"CommentAction\",\"name\":\"Comment\",\"target\":[\"https:\/\/brasilnoticias.org\/site\/resultado-fiscal-nao-depende-do-desejo-do-presidente-diz-haddad-ao-defender-trabalho-em-parceria-2\/#respond\"]}]},{\"@type\":\"WebPage\",\"@id\":\"https:\/\/brasilnoticias.org\/site\/resultado-fiscal-nao-depende-do-desejo-do-presidente-diz-haddad-ao-defender-trabalho-em-parceria-2\/\",\"url\":\"https:\/\/brasilnoticias.org\/site\/resultado-fiscal-nao-depende-do-desejo-do-presidente-diz-haddad-ao-defender-trabalho-em-parceria-2\/\",\"name\":\"Resultado fiscal n\u00e3o depende do desejo do presidente, diz Haddad ao defender trabalho em parceria - Brasil not\u00edcias\",\"isPartOf\":{\"@id\":\"https:\/\/brasilnoticias.org\/site\/#website\"},\"primaryImageOfPage\":{\"@id\":\"https:\/\/brasilnoticias.org\/site\/resultado-fiscal-nao-depende-do-desejo-do-presidente-diz-haddad-ao-defender-trabalho-em-parceria-2\/#primaryimage\"},\"image\":{\"@id\":\"https:\/\/brasilnoticias.org\/site\/resultado-fiscal-nao-depende-do-desejo-do-presidente-diz-haddad-ao-defender-trabalho-em-parceria-2\/#primaryimage\"},\"thumbnailUrl\":\"https:\/\/brasilnoticias.org\/site\/wp-content\/uploads\/2023\/11\/142845resultado-fiscal-nao-depende-do-desejo-do-presidente-diz-haddad-ao-defender-trabalho-em-parceria-3-1.jpg\",\"datePublished\":\"2023-11-07T09:10:34+00:00\",\"breadcrumb\":{\"@id\":\"https:\/\/brasilnoticias.org\/site\/resultado-fiscal-nao-depende-do-desejo-do-presidente-diz-haddad-ao-defender-trabalho-em-parceria-2\/#breadcrumb\"},\"inLanguage\":\"pt-PT\",\"potentialAction\":[{\"@type\":\"ReadAction\",\"target\":[\"https:\/\/brasilnoticias.org\/site\/resultado-fiscal-nao-depende-do-desejo-do-presidente-diz-haddad-ao-defender-trabalho-em-parceria-2\/\"]}]},{\"@type\":\"ImageObject\",\"inLanguage\":\"pt-PT\",\"@id\":\"https:\/\/brasilnoticias.org\/site\/resultado-fiscal-nao-depende-do-desejo-do-presidente-diz-haddad-ao-defender-trabalho-em-parceria-2\/#primaryimage\",\"url\":\"https:\/\/brasilnoticias.org\/site\/wp-content\/uploads\/2023\/11\/142845resultado-fiscal-nao-depende-do-desejo-do-presidente-diz-haddad-ao-defender-trabalho-em-parceria-3-1.jpg\",\"contentUrl\":\"https:\/\/brasilnoticias.org\/site\/wp-content\/uploads\/2023\/11\/142845resultado-fiscal-nao-depende-do-desejo-do-presidente-diz-haddad-ao-defender-trabalho-em-parceria-3-1.jpg\",\"width\":1600,\"height\":752},{\"@type\":\"BreadcrumbList\",\"@id\":\"https:\/\/brasilnoticias.org\/site\/resultado-fiscal-nao-depende-do-desejo-do-presidente-diz-haddad-ao-defender-trabalho-em-parceria-2\/#breadcrumb\",\"itemListElement\":[{\"@type\":\"ListItem\",\"position\":1,\"name\":\"In\u00edcio\",\"item\":\"https:\/\/brasilnoticias.org\/site\/\"},{\"@type\":\"ListItem\",\"position\":2,\"name\":\"Resultado fiscal n\u00e3o depende do desejo do presidente, diz Haddad ao defender trabalho em parceria\"}]},{\"@type\":\"WebSite\",\"@id\":\"https:\/\/brasilnoticias.org\/site\/#website\",\"url\":\"https:\/\/brasilnoticias.org\/site\/\",\"name\":\"Brasil not\u00edcias\",\"description\":\"Brasil not\u00edcias\",\"publisher\":{\"@id\":\"https:\/\/brasilnoticias.org\/site\/#organization\"},\"potentialAction\":[{\"@type\":\"SearchAction\",\"target\":{\"@type\":\"EntryPoint\",\"urlTemplate\":\"https:\/\/brasilnoticias.org\/site\/?s={search_term_string}\"},\"query-input\":{\"@type\":\"PropertyValueSpecification\",\"valueRequired\":true,\"valueName\":\"search_term_string\"}}],\"inLanguage\":\"pt-PT\"},{\"@type\":\"Organization\",\"@id\":\"https:\/\/brasilnoticias.org\/site\/#organization\",\"name\":\"Brasil not\u00edcias\",\"url\":\"https:\/\/brasilnoticias.org\/site\/\",\"logo\":{\"@type\":\"ImageObject\",\"inLanguage\":\"pt-PT\",\"@id\":\"https:\/\/brasilnoticias.org\/site\/#\/schema\/logo\/image\/\",\"url\":\"https:\/\/brasilnoticias.org\/site\/wp-content\/uploads\/2022\/05\/cropped-brasilnoticias-mini.jpg\",\"contentUrl\":\"https:\/\/brasilnoticias.org\/site\/wp-content\/uploads\/2022\/05\/cropped-brasilnoticias-mini.jpg\",\"width\":314,\"height\":86,\"caption\":\"Brasil not\u00edcias\"},\"image\":{\"@id\":\"https:\/\/brasilnoticias.org\/site\/#\/schema\/logo\/image\/\"}},{\"@type\":\"Person\",\"@id\":\"https:\/\/brasilnoticias.org\/site\/#\/schema\/person\/03bbbfe6c7634ad18c26444ea39049fa\",\"name\":\"Reda\u00e7\u00e3o\",\"image\":{\"@type\":\"ImageObject\",\"inLanguage\":\"pt-PT\",\"@id\":\"https:\/\/brasilnoticias.org\/site\/#\/schema\/person\/image\/\",\"url\":\"https:\/\/secure.gravatar.com\/avatar\/9ecaf7327a696cb23ad926fedded5f1f04d7049de9e445375d55b48c001a6e42?s=96&d=mm&r=g\",\"contentUrl\":\"https:\/\/secure.gravatar.com\/avatar\/9ecaf7327a696cb23ad926fedded5f1f04d7049de9e445375d55b48c001a6e42?s=96&d=mm&r=g\",\"caption\":\"Reda\u00e7\u00e3o\"},\"url\":\"https:\/\/brasilnoticias.org\/site\/author\/henrique\/\"}]}<\/script>\n<!-- \/ Yoast SEO plugin. -->","yoast_head_json":{"title":"Resultado fiscal n\u00e3o depende do desejo do presidente, diz Haddad ao defender trabalho em parceria - Brasil not\u00edcias","robots":{"index":"index","follow":"follow","max-snippet":"max-snippet:-1","max-image-preview":"max-image-preview:large","max-video-preview":"max-video-preview:-1"},"canonical":"https:\/\/brasilnoticias.org\/site\/resultado-fiscal-nao-depende-do-desejo-do-presidente-diz-haddad-ao-defender-trabalho-em-parceria-2\/","og_locale":"pt_PT","og_type":"article","og_title":"Resultado fiscal n\u00e3o depende do desejo do presidente, diz Haddad ao defender trabalho em parceria - Brasil not\u00edcias","og_description":"Mar\u00e7o \u00e9 prazo limite para avaliar a situa\u00e7\u00e3o fiscal e tomar decis\u00e3o sobre mudan\u00e7a da meta de 2024 O ministro","og_url":"https:\/\/brasilnoticias.org\/site\/resultado-fiscal-nao-depende-do-desejo-do-presidente-diz-haddad-ao-defender-trabalho-em-parceria-2\/","og_site_name":"Brasil not\u00edcias","article_published_time":"2023-11-07T09:10:34+00:00","og_image":[{"width":1600,"height":752,"url":"https:\/\/brasilnoticias.org\/site\/wp-content\/uploads\/2023\/11\/142845resultado-fiscal-nao-depende-do-desejo-do-presidente-diz-haddad-ao-defender-trabalho-em-parceria-3-1.jpg","type":"image\/jpeg"}],"author":"Reda\u00e7\u00e3o","twitter_card":"summary_large_image","twitter_misc":{"Escrito por":"Reda\u00e7\u00e3o","Tempo estimado de leitura":"2 minutos"},"schema":{"@context":"https:\/\/schema.org","@graph":[{"@type":"Article","@id":"https:\/\/brasilnoticias.org\/site\/resultado-fiscal-nao-depende-do-desejo-do-presidente-diz-haddad-ao-defender-trabalho-em-parceria-2\/#article","isPartOf":{"@id":"https:\/\/brasilnoticias.org\/site\/resultado-fiscal-nao-depende-do-desejo-do-presidente-diz-haddad-ao-defender-trabalho-em-parceria-2\/"},"author":{"name":"Reda\u00e7\u00e3o","@id":"https:\/\/brasilnoticias.org\/site\/#\/schema\/person\/03bbbfe6c7634ad18c26444ea39049fa"},"headline":"Resultado fiscal n\u00e3o depende do desejo do presidente, diz Haddad ao defender trabalho em parceria","datePublished":"2023-11-07T09:10:34+00:00","mainEntityOfPage":{"@id":"https:\/\/brasilnoticias.org\/site\/resultado-fiscal-nao-depende-do-desejo-do-presidente-diz-haddad-ao-defender-trabalho-em-parceria-2\/"},"wordCount":328,"commentCount":0,"publisher":{"@id":"https:\/\/brasilnoticias.org\/site\/#organization"},"image":{"@id":"https:\/\/brasilnoticias.org\/site\/resultado-fiscal-nao-depende-do-desejo-do-presidente-diz-haddad-ao-defender-trabalho-em-parceria-2\/#primaryimage"},"thumbnailUrl":"https:\/\/brasilnoticias.org\/site\/wp-content\/uploads\/2023\/11\/142845resultado-fiscal-nao-depende-do-desejo-do-presidente-diz-haddad-ao-defender-trabalho-em-parceria-3-1.jpg","articleSection":["Pol\u00edtica","\u00daltimas"],"inLanguage":"pt-PT","potentialAction":[{"@type":"CommentAction","name":"Comment","target":["https:\/\/brasilnoticias.org\/site\/resultado-fiscal-nao-depende-do-desejo-do-presidente-diz-haddad-ao-defender-trabalho-em-parceria-2\/#respond"]}]},{"@type":"WebPage","@id":"https:\/\/brasilnoticias.org\/site\/resultado-fiscal-nao-depende-do-desejo-do-presidente-diz-haddad-ao-defender-trabalho-em-parceria-2\/","url":"https:\/\/brasilnoticias.org\/site\/resultado-fiscal-nao-depende-do-desejo-do-presidente-diz-haddad-ao-defender-trabalho-em-parceria-2\/","name":"Resultado fiscal n\u00e3o depende do desejo do presidente, diz Haddad ao defender trabalho em parceria - Brasil not\u00edcias","isPartOf":{"@id":"https:\/\/brasilnoticias.org\/site\/#website"},"primaryImageOfPage":{"@id":"https:\/\/brasilnoticias.org\/site\/resultado-fiscal-nao-depende-do-desejo-do-presidente-diz-haddad-ao-defender-trabalho-em-parceria-2\/#primaryimage"},"image":{"@id":"https:\/\/brasilnoticias.org\/site\/resultado-fiscal-nao-depende-do-desejo-do-presidente-diz-haddad-ao-defender-trabalho-em-parceria-2\/#primaryimage"},"thumbnailUrl":"https:\/\/brasilnoticias.org\/site\/wp-content\/uploads\/2023\/11\/142845resultado-fiscal-nao-depende-do-desejo-do-presidente-diz-haddad-ao-defender-trabalho-em-parceria-3-1.jpg","datePublished":"2023-11-07T09:10:34+00:00","breadcrumb":{"@id":"https:\/\/brasilnoticias.org\/site\/resultado-fiscal-nao-depende-do-desejo-do-presidente-diz-haddad-ao-defender-trabalho-em-parceria-2\/#breadcrumb"},"inLanguage":"pt-PT","potentialAction":[{"@type":"ReadAction","target":["https:\/\/brasilnoticias.org\/site\/resultado-fiscal-nao-depende-do-desejo-do-presidente-diz-haddad-ao-defender-trabalho-em-parceria-2\/"]}]},{"@type":"ImageObject","inLanguage":"pt-PT","@id":"https:\/\/brasilnoticias.org\/site\/resultado-fiscal-nao-depende-do-desejo-do-presidente-diz-haddad-ao-defender-trabalho-em-parceria-2\/#primaryimage","url":"https:\/\/brasilnoticias.org\/site\/wp-content\/uploads\/2023\/11\/142845resultado-fiscal-nao-depende-do-desejo-do-presidente-diz-haddad-ao-defender-trabalho-em-parceria-3-1.jpg","contentUrl":"https:\/\/brasilnoticias.org\/site\/wp-content\/uploads\/2023\/11\/142845resultado-fiscal-nao-depende-do-desejo-do-presidente-diz-haddad-ao-defender-trabalho-em-parceria-3-1.jpg","width":1600,"height":752},{"@type":"BreadcrumbList","@id":"https:\/\/brasilnoticias.org\/site\/resultado-fiscal-nao-depende-do-desejo-do-presidente-diz-haddad-ao-defender-trabalho-em-parceria-2\/#breadcrumb","itemListElement":[{"@type":"ListItem","position":1,"name":"In\u00edcio","item":"https:\/\/brasilnoticias.org\/site\/"},{"@type":"ListItem","position":2,"name":"Resultado fiscal n\u00e3o depende do desejo do presidente, diz Haddad ao defender trabalho em parceria"}]},{"@type":"WebSite","@id":"https:\/\/brasilnoticias.org\/site\/#website","url":"https:\/\/brasilnoticias.org\/site\/","name":"Brasil not\u00edcias","description":"Brasil not\u00edcias","publisher":{"@id":"https:\/\/brasilnoticias.org\/site\/#organization"},"potentialAction":[{"@type":"SearchAction","target":{"@type":"EntryPoint","urlTemplate":"https:\/\/brasilnoticias.org\/site\/?s={search_term_string}"},"query-input":{"@type":"PropertyValueSpecification","valueRequired":true,"valueName":"search_term_string"}}],"inLanguage":"pt-PT"},{"@type":"Organization","@id":"https:\/\/brasilnoticias.org\/site\/#organization","name":"Brasil not\u00edcias","url":"https:\/\/brasilnoticias.org\/site\/","logo":{"@type":"ImageObject","inLanguage":"pt-PT","@id":"https:\/\/brasilnoticias.org\/site\/#\/schema\/logo\/image\/","url":"https:\/\/brasilnoticias.org\/site\/wp-content\/uploads\/2022\/05\/cropped-brasilnoticias-mini.jpg","contentUrl":"https:\/\/brasilnoticias.org\/site\/wp-content\/uploads\/2022\/05\/cropped-brasilnoticias-mini.jpg","width":314,"height":86,"caption":"Brasil not\u00edcias"},"image":{"@id":"https:\/\/brasilnoticias.org\/site\/#\/schema\/logo\/image\/"}},{"@type":"Person","@id":"https:\/\/brasilnoticias.org\/site\/#\/schema\/person\/03bbbfe6c7634ad18c26444ea39049fa","name":"Reda\u00e7\u00e3o","image":{"@type":"ImageObject","inLanguage":"pt-PT","@id":"https:\/\/brasilnoticias.org\/site\/#\/schema\/person\/image\/","url":"https:\/\/secure.gravatar.com\/avatar\/9ecaf7327a696cb23ad926fedded5f1f04d7049de9e445375d55b48c001a6e42?s=96&d=mm&r=g","contentUrl":"https:\/\/secure.gravatar.com\/avatar\/9ecaf7327a696cb23ad926fedded5f1f04d7049de9e445375d55b48c001a6e42?s=96&d=mm&r=g","caption":"Reda\u00e7\u00e3o"},"url":"https:\/\/brasilnoticias.org\/site\/author\/henrique\/"}]}},"_links":{"self":[{"href":"https:\/\/brasilnoticias.org\/site\/wp-json\/wp\/v2\/posts\/10750","targetHints":{"allow":["GET"]}}],"collection":[{"href":"https:\/\/brasilnoticias.org\/site\/wp-json\/wp\/v2\/posts"}],"about":[{"href":"https:\/\/brasilnoticias.org\/site\/wp-json\/wp\/v2\/types\/post"}],"author":[{"embeddable":true,"href":"https:\/\/brasilnoticias.org\/site\/wp-json\/wp\/v2\/users\/4"}],"replies":[{"embeddable":true,"href":"https:\/\/brasilnoticias.org\/site\/wp-json\/wp\/v2\/comments?post=10750"}],"version-history":[{"count":1,"href":"https:\/\/brasilnoticias.org\/site\/wp-json\/wp\/v2\/posts\/10750\/revisions"}],"predecessor-version":[{"id":10752,"href":"https:\/\/brasilnoticias.org\/site\/wp-json\/wp\/v2\/posts\/10750\/revisions\/10752"}],"wp:featuredmedia":[{"embeddable":true,"href":"https:\/\/brasilnoticias.org\/site\/wp-json\/wp\/v2\/media\/10751"}],"wp:attachment":[{"href":"https:\/\/brasilnoticias.org\/site\/wp-json\/wp\/v2\/media?parent=10750"}],"wp:term":[{"taxonomy":"category","embeddable":true,"href":"https:\/\/brasilnoticias.org\/site\/wp-json\/wp\/v2\/categories?post=10750"},{"taxonomy":"post_tag","embeddable":true,"href":"https:\/\/brasilnoticias.org\/site\/wp-json\/wp\/v2\/tags?post=10750"}],"curies":[{"name":"wp","href":"https:\/\/api.w.org\/{rel}","templated":true}]}}