{"id":10753,"date":"2023-11-07T07:11:28","date_gmt":"2023-11-07T10:11:28","guid":{"rendered":"https:\/\/brasilnoticias.org\/site\/?p=10753"},"modified":"2023-11-06T21:12:28","modified_gmt":"2023-11-07T00:12:28","slug":"nao-ha-razao-para-os-brasileiros-ainda-nao-terem-saido-de-la-afirma-amorim-sobre-gaza","status":"publish","type":"post","link":"https:\/\/brasilnoticias.org\/site\/nao-ha-razao-para-os-brasileiros-ainda-nao-terem-saido-de-la-afirma-amorim-sobre-gaza\/","title":{"rendered":"N\u00e3o h\u00e1 raz\u00e3o para os brasileiros ainda n\u00e3o terem sa\u00eddo de l\u00e1, afirma Amorim sobre Gaza"},"content":{"rendered":"<p>Assessor de assuntos internacionais da Presid\u00eancia segue confiante de que brasileiros ser\u00e3o liberados at\u00e9 quarta (8)<\/p>\n<p>Celso Amorim, assessor de assuntos internacionais da Presid\u00eancia da Rep\u00fablica, disse \u00e0 CNN Brasil que n\u00e3o pode mais aceitar justificativas para os brasileiros seguirem sem conseguir sair de Gaza.<\/p>\n<p>Nos \u00faltimos dois dias, depois que Israel reclamou que o Hamas estaria utilizando a passagem de Rafah para retirar combatentes feridos, a fronteira entre Gaza e o Egito ficou fechada.<\/p>\n<p>\u201cJ\u00e1 faz muito tempo que estamos oferecendo essas listas. N\u00e3o posso aceitar como desculpas essas dificuldades mais espec\u00edficas. H\u00e1 mais de 10 dias que todos t\u00eam as listas. N\u00e3o h\u00e1 raz\u00e3o para os brasileiros ainda n\u00e3o terem sa\u00eddo de l\u00e1\u201d, disse Amorim. <\/p>\n<p>O ministro de Rela\u00e7\u00f5es Exteriores de Israel, Eli Cohen, prometeu liberar os brasileiros at\u00e9 quarta-feira (8) e Amorim afirma que segue confiante.<\/p>\n<p>Um prazo foi estipulado por Cohen em conversa por telefone com o chanceler Mauro Vieira, semana passada. Vieira relatou em reuni\u00e3o no Planalto com o presidente Luiz In\u00e1cio Lula da Silva (PT), nesta segunda-feira (6), a promessa israelense. <\/p>\n<p>Foto: Antonio Cruz\/Ag\u00eancia Brasil<br \/>\nPor: Metro1<\/p>\n","protected":false},"excerpt":{"rendered":"<p>Assessor de assuntos internacionais da Presid\u00eancia segue confiante de que brasileiros ser\u00e3o liberados at\u00e9 quarta (8) Celso Amorim, assessor de<\/p>\n","protected":false},"author":4,"featured_media":10754,"comment_status":"open","ping_status":"open","sticky":false,"template":"","format":"standard","meta":{"colormag_page_container_layout":"default_layout","colormag_page_sidebar_layout":"default_layout","_FSMCFIC_featured_image_caption":"","_FSMCFIC_featured_image_nocaption":"","_FSMCFIC_featured_image_hide":"","footnotes":""},"categories":[5,1],"tags":[],"class_list":["post-10753","post","type-post","status-publish","format-standard","has-post-thumbnail","hentry","category-politica","category-ultimas"],"yoast_head":"<!-- This site is optimized with the Yoast SEO plugin v27.1.1 - https:\/\/yoast.com\/product\/yoast-seo-wordpress\/ -->\n<title>N\u00e3o h\u00e1 raz\u00e3o para os brasileiros ainda n\u00e3o terem sa\u00eddo de l\u00e1, afirma Amorim sobre Gaza - Brasil not\u00edcias<\/title>\n<meta name=\"robots\" content=\"index, follow, max-snippet:-1, max-image-preview:large, max-video-preview:-1\" \/>\n<link rel=\"canonical\" href=\"https:\/\/brasilnoticias.org\/site\/nao-ha-razao-para-os-brasileiros-ainda-nao-terem-saido-de-la-afirma-amorim-sobre-gaza\/\" \/>\n<meta property=\"og:locale\" content=\"pt_PT\" \/>\n<meta property=\"og:type\" content=\"article\" \/>\n<meta property=\"og:title\" content=\"N\u00e3o h\u00e1 raz\u00e3o para os brasileiros ainda n\u00e3o terem sa\u00eddo de l\u00e1, afirma Amorim sobre Gaza - Brasil not\u00edcias\" \/>\n<meta property=\"og:description\" content=\"Assessor de assuntos internacionais da Presid\u00eancia segue confiante de que brasileiros ser\u00e3o liberados at\u00e9 quarta (8) Celso Amorim, assessor de\" \/>\n<meta property=\"og:url\" content=\"https:\/\/brasilnoticias.org\/site\/nao-ha-razao-para-os-brasileiros-ainda-nao-terem-saido-de-la-afirma-amorim-sobre-gaza\/\" \/>\n<meta property=\"og:site_name\" content=\"Brasil not\u00edcias\" \/>\n<meta property=\"article:published_time\" content=\"2023-11-07T10:11:28+00:00\" \/>\n<meta property=\"og:image\" content=\"https:\/\/brasilnoticias.org\/site\/wp-content\/uploads\/2023\/11\/142856nao-ha-razao-para-os-brasileiros-ainda-nao-terem-saido-de-la-afirma-amorim-sobre-gaza-3.jpg\" \/>\n\t<meta property=\"og:image:width\" content=\"1600\" \/>\n\t<meta property=\"og:image:height\" content=\"752\" \/>\n\t<meta property=\"og:image:type\" content=\"image\/jpeg\" \/>\n<meta name=\"author\" content=\"Reda\u00e7\u00e3o\" \/>\n<meta name=\"twitter:card\" content=\"summary_large_image\" \/>\n<meta name=\"twitter:label1\" content=\"Escrito por\" \/>\n\t<meta name=\"twitter:data1\" content=\"Reda\u00e7\u00e3o\" \/>\n<script type=\"application\/ld+json\" class=\"yoast-schema-graph\">{\"@context\":\"https:\/\/schema.org\",\"@graph\":[{\"@type\":\"Article\",\"@id\":\"https:\/\/brasilnoticias.org\/site\/nao-ha-razao-para-os-brasileiros-ainda-nao-terem-saido-de-la-afirma-amorim-sobre-gaza\/#article\",\"isPartOf\":{\"@id\":\"https:\/\/brasilnoticias.org\/site\/nao-ha-razao-para-os-brasileiros-ainda-nao-terem-saido-de-la-afirma-amorim-sobre-gaza\/\"},\"author\":{\"name\":\"Reda\u00e7\u00e3o\",\"@id\":\"https:\/\/brasilnoticias.org\/site\/#\/schema\/person\/03bbbfe6c7634ad18c26444ea39049fa\"},\"headline\":\"N\u00e3o h\u00e1 raz\u00e3o para os brasileiros ainda n\u00e3o terem sa\u00eddo de l\u00e1, afirma Amorim sobre Gaza\",\"datePublished\":\"2023-11-07T10:11:28+00:00\",\"mainEntityOfPage\":{\"@id\":\"https:\/\/brasilnoticias.org\/site\/nao-ha-razao-para-os-brasileiros-ainda-nao-terem-saido-de-la-afirma-amorim-sobre-gaza\/\"},\"wordCount\":215,\"commentCount\":0,\"publisher\":{\"@id\":\"https:\/\/brasilnoticias.org\/site\/#organization\"},\"image\":{\"@id\":\"https:\/\/brasilnoticias.org\/site\/nao-ha-razao-para-os-brasileiros-ainda-nao-terem-saido-de-la-afirma-amorim-sobre-gaza\/#primaryimage\"},\"thumbnailUrl\":\"https:\/\/brasilnoticias.org\/site\/wp-content\/uploads\/2023\/11\/142856nao-ha-razao-para-os-brasileiros-ainda-nao-terem-saido-de-la-afirma-amorim-sobre-gaza-3.jpg\",\"articleSection\":[\"Pol\u00edtica\",\"\u00daltimas\"],\"inLanguage\":\"pt-PT\",\"potentialAction\":[{\"@type\":\"CommentAction\",\"name\":\"Comment\",\"target\":[\"https:\/\/brasilnoticias.org\/site\/nao-ha-razao-para-os-brasileiros-ainda-nao-terem-saido-de-la-afirma-amorim-sobre-gaza\/#respond\"]}]},{\"@type\":\"WebPage\",\"@id\":\"https:\/\/brasilnoticias.org\/site\/nao-ha-razao-para-os-brasileiros-ainda-nao-terem-saido-de-la-afirma-amorim-sobre-gaza\/\",\"url\":\"https:\/\/brasilnoticias.org\/site\/nao-ha-razao-para-os-brasileiros-ainda-nao-terem-saido-de-la-afirma-amorim-sobre-gaza\/\",\"name\":\"N\u00e3o h\u00e1 raz\u00e3o para os brasileiros ainda n\u00e3o terem sa\u00eddo de l\u00e1, afirma Amorim sobre Gaza - Brasil not\u00edcias\",\"isPartOf\":{\"@id\":\"https:\/\/brasilnoticias.org\/site\/#website\"},\"primaryImageOfPage\":{\"@id\":\"https:\/\/brasilnoticias.org\/site\/nao-ha-razao-para-os-brasileiros-ainda-nao-terem-saido-de-la-afirma-amorim-sobre-gaza\/#primaryimage\"},\"image\":{\"@id\":\"https:\/\/brasilnoticias.org\/site\/nao-ha-razao-para-os-brasileiros-ainda-nao-terem-saido-de-la-afirma-amorim-sobre-gaza\/#primaryimage\"},\"thumbnailUrl\":\"https:\/\/brasilnoticias.org\/site\/wp-content\/uploads\/2023\/11\/142856nao-ha-razao-para-os-brasileiros-ainda-nao-terem-saido-de-la-afirma-amorim-sobre-gaza-3.jpg\",\"datePublished\":\"2023-11-07T10:11:28+00:00\",\"breadcrumb\":{\"@id\":\"https:\/\/brasilnoticias.org\/site\/nao-ha-razao-para-os-brasileiros-ainda-nao-terem-saido-de-la-afirma-amorim-sobre-gaza\/#breadcrumb\"},\"inLanguage\":\"pt-PT\",\"potentialAction\":[{\"@type\":\"ReadAction\",\"target\":[\"https:\/\/brasilnoticias.org\/site\/nao-ha-razao-para-os-brasileiros-ainda-nao-terem-saido-de-la-afirma-amorim-sobre-gaza\/\"]}]},{\"@type\":\"ImageObject\",\"inLanguage\":\"pt-PT\",\"@id\":\"https:\/\/brasilnoticias.org\/site\/nao-ha-razao-para-os-brasileiros-ainda-nao-terem-saido-de-la-afirma-amorim-sobre-gaza\/#primaryimage\",\"url\":\"https:\/\/brasilnoticias.org\/site\/wp-content\/uploads\/2023\/11\/142856nao-ha-razao-para-os-brasileiros-ainda-nao-terem-saido-de-la-afirma-amorim-sobre-gaza-3.jpg\",\"contentUrl\":\"https:\/\/brasilnoticias.org\/site\/wp-content\/uploads\/2023\/11\/142856nao-ha-razao-para-os-brasileiros-ainda-nao-terem-saido-de-la-afirma-amorim-sobre-gaza-3.jpg\",\"width\":1600,\"height\":752},{\"@type\":\"BreadcrumbList\",\"@id\":\"https:\/\/brasilnoticias.org\/site\/nao-ha-razao-para-os-brasileiros-ainda-nao-terem-saido-de-la-afirma-amorim-sobre-gaza\/#breadcrumb\",\"itemListElement\":[{\"@type\":\"ListItem\",\"position\":1,\"name\":\"In\u00edcio\",\"item\":\"https:\/\/brasilnoticias.org\/site\/\"},{\"@type\":\"ListItem\",\"position\":2,\"name\":\"N\u00e3o h\u00e1 raz\u00e3o para os brasileiros ainda n\u00e3o terem sa\u00eddo de l\u00e1, afirma Amorim sobre Gaza\"}]},{\"@type\":\"WebSite\",\"@id\":\"https:\/\/brasilnoticias.org\/site\/#website\",\"url\":\"https:\/\/brasilnoticias.org\/site\/\",\"name\":\"Brasil not\u00edcias\",\"description\":\"Brasil not\u00edcias\",\"publisher\":{\"@id\":\"https:\/\/brasilnoticias.org\/site\/#organization\"},\"potentialAction\":[{\"@type\":\"SearchAction\",\"target\":{\"@type\":\"EntryPoint\",\"urlTemplate\":\"https:\/\/brasilnoticias.org\/site\/?s={search_term_string}\"},\"query-input\":{\"@type\":\"PropertyValueSpecification\",\"valueRequired\":true,\"valueName\":\"search_term_string\"}}],\"inLanguage\":\"pt-PT\"},{\"@type\":\"Organization\",\"@id\":\"https:\/\/brasilnoticias.org\/site\/#organization\",\"name\":\"Brasil not\u00edcias\",\"url\":\"https:\/\/brasilnoticias.org\/site\/\",\"logo\":{\"@type\":\"ImageObject\",\"inLanguage\":\"pt-PT\",\"@id\":\"https:\/\/brasilnoticias.org\/site\/#\/schema\/logo\/image\/\",\"url\":\"https:\/\/brasilnoticias.org\/site\/wp-content\/uploads\/2022\/05\/cropped-brasilnoticias-mini.jpg\",\"contentUrl\":\"https:\/\/brasilnoticias.org\/site\/wp-content\/uploads\/2022\/05\/cropped-brasilnoticias-mini.jpg\",\"width\":314,\"height\":86,\"caption\":\"Brasil not\u00edcias\"},\"image\":{\"@id\":\"https:\/\/brasilnoticias.org\/site\/#\/schema\/logo\/image\/\"}},{\"@type\":\"Person\",\"@id\":\"https:\/\/brasilnoticias.org\/site\/#\/schema\/person\/03bbbfe6c7634ad18c26444ea39049fa\",\"name\":\"Reda\u00e7\u00e3o\",\"image\":{\"@type\":\"ImageObject\",\"inLanguage\":\"pt-PT\",\"@id\":\"https:\/\/brasilnoticias.org\/site\/#\/schema\/person\/image\/\",\"url\":\"https:\/\/secure.gravatar.com\/avatar\/9ecaf7327a696cb23ad926fedded5f1f04d7049de9e445375d55b48c001a6e42?s=96&d=mm&r=g\",\"contentUrl\":\"https:\/\/secure.gravatar.com\/avatar\/9ecaf7327a696cb23ad926fedded5f1f04d7049de9e445375d55b48c001a6e42?s=96&d=mm&r=g\",\"caption\":\"Reda\u00e7\u00e3o\"},\"url\":\"https:\/\/brasilnoticias.org\/site\/author\/henrique\/\"}]}<\/script>\n<!-- \/ Yoast SEO plugin. -->","yoast_head_json":{"title":"N\u00e3o h\u00e1 raz\u00e3o para os brasileiros ainda n\u00e3o terem sa\u00eddo de l\u00e1, afirma Amorim sobre Gaza - Brasil not\u00edcias","robots":{"index":"index","follow":"follow","max-snippet":"max-snippet:-1","max-image-preview":"max-image-preview:large","max-video-preview":"max-video-preview:-1"},"canonical":"https:\/\/brasilnoticias.org\/site\/nao-ha-razao-para-os-brasileiros-ainda-nao-terem-saido-de-la-afirma-amorim-sobre-gaza\/","og_locale":"pt_PT","og_type":"article","og_title":"N\u00e3o h\u00e1 raz\u00e3o para os brasileiros ainda n\u00e3o terem sa\u00eddo de l\u00e1, afirma Amorim sobre Gaza - Brasil not\u00edcias","og_description":"Assessor de assuntos internacionais da Presid\u00eancia segue confiante de que brasileiros ser\u00e3o liberados at\u00e9 quarta (8) Celso Amorim, assessor de","og_url":"https:\/\/brasilnoticias.org\/site\/nao-ha-razao-para-os-brasileiros-ainda-nao-terem-saido-de-la-afirma-amorim-sobre-gaza\/","og_site_name":"Brasil not\u00edcias","article_published_time":"2023-11-07T10:11:28+00:00","og_image":[{"width":1600,"height":752,"url":"https:\/\/brasilnoticias.org\/site\/wp-content\/uploads\/2023\/11\/142856nao-ha-razao-para-os-brasileiros-ainda-nao-terem-saido-de-la-afirma-amorim-sobre-gaza-3.jpg","type":"image\/jpeg"}],"author":"Reda\u00e7\u00e3o","twitter_card":"summary_large_image","twitter_misc":{"Escrito por":"Reda\u00e7\u00e3o"},"schema":{"@context":"https:\/\/schema.org","@graph":[{"@type":"Article","@id":"https:\/\/brasilnoticias.org\/site\/nao-ha-razao-para-os-brasileiros-ainda-nao-terem-saido-de-la-afirma-amorim-sobre-gaza\/#article","isPartOf":{"@id":"https:\/\/brasilnoticias.org\/site\/nao-ha-razao-para-os-brasileiros-ainda-nao-terem-saido-de-la-afirma-amorim-sobre-gaza\/"},"author":{"name":"Reda\u00e7\u00e3o","@id":"https:\/\/brasilnoticias.org\/site\/#\/schema\/person\/03bbbfe6c7634ad18c26444ea39049fa"},"headline":"N\u00e3o h\u00e1 raz\u00e3o para os brasileiros ainda n\u00e3o terem sa\u00eddo de l\u00e1, afirma Amorim sobre Gaza","datePublished":"2023-11-07T10:11:28+00:00","mainEntityOfPage":{"@id":"https:\/\/brasilnoticias.org\/site\/nao-ha-razao-para-os-brasileiros-ainda-nao-terem-saido-de-la-afirma-amorim-sobre-gaza\/"},"wordCount":215,"commentCount":0,"publisher":{"@id":"https:\/\/brasilnoticias.org\/site\/#organization"},"image":{"@id":"https:\/\/brasilnoticias.org\/site\/nao-ha-razao-para-os-brasileiros-ainda-nao-terem-saido-de-la-afirma-amorim-sobre-gaza\/#primaryimage"},"thumbnailUrl":"https:\/\/brasilnoticias.org\/site\/wp-content\/uploads\/2023\/11\/142856nao-ha-razao-para-os-brasileiros-ainda-nao-terem-saido-de-la-afirma-amorim-sobre-gaza-3.jpg","articleSection":["Pol\u00edtica","\u00daltimas"],"inLanguage":"pt-PT","potentialAction":[{"@type":"CommentAction","name":"Comment","target":["https:\/\/brasilnoticias.org\/site\/nao-ha-razao-para-os-brasileiros-ainda-nao-terem-saido-de-la-afirma-amorim-sobre-gaza\/#respond"]}]},{"@type":"WebPage","@id":"https:\/\/brasilnoticias.org\/site\/nao-ha-razao-para-os-brasileiros-ainda-nao-terem-saido-de-la-afirma-amorim-sobre-gaza\/","url":"https:\/\/brasilnoticias.org\/site\/nao-ha-razao-para-os-brasileiros-ainda-nao-terem-saido-de-la-afirma-amorim-sobre-gaza\/","name":"N\u00e3o h\u00e1 raz\u00e3o para os brasileiros ainda n\u00e3o terem sa\u00eddo de l\u00e1, afirma Amorim sobre Gaza - Brasil not\u00edcias","isPartOf":{"@id":"https:\/\/brasilnoticias.org\/site\/#website"},"primaryImageOfPage":{"@id":"https:\/\/brasilnoticias.org\/site\/nao-ha-razao-para-os-brasileiros-ainda-nao-terem-saido-de-la-afirma-amorim-sobre-gaza\/#primaryimage"},"image":{"@id":"https:\/\/brasilnoticias.org\/site\/nao-ha-razao-para-os-brasileiros-ainda-nao-terem-saido-de-la-afirma-amorim-sobre-gaza\/#primaryimage"},"thumbnailUrl":"https:\/\/brasilnoticias.org\/site\/wp-content\/uploads\/2023\/11\/142856nao-ha-razao-para-os-brasileiros-ainda-nao-terem-saido-de-la-afirma-amorim-sobre-gaza-3.jpg","datePublished":"2023-11-07T10:11:28+00:00","breadcrumb":{"@id":"https:\/\/brasilnoticias.org\/site\/nao-ha-razao-para-os-brasileiros-ainda-nao-terem-saido-de-la-afirma-amorim-sobre-gaza\/#breadcrumb"},"inLanguage":"pt-PT","potentialAction":[{"@type":"ReadAction","target":["https:\/\/brasilnoticias.org\/site\/nao-ha-razao-para-os-brasileiros-ainda-nao-terem-saido-de-la-afirma-amorim-sobre-gaza\/"]}]},{"@type":"ImageObject","inLanguage":"pt-PT","@id":"https:\/\/brasilnoticias.org\/site\/nao-ha-razao-para-os-brasileiros-ainda-nao-terem-saido-de-la-afirma-amorim-sobre-gaza\/#primaryimage","url":"https:\/\/brasilnoticias.org\/site\/wp-content\/uploads\/2023\/11\/142856nao-ha-razao-para-os-brasileiros-ainda-nao-terem-saido-de-la-afirma-amorim-sobre-gaza-3.jpg","contentUrl":"https:\/\/brasilnoticias.org\/site\/wp-content\/uploads\/2023\/11\/142856nao-ha-razao-para-os-brasileiros-ainda-nao-terem-saido-de-la-afirma-amorim-sobre-gaza-3.jpg","width":1600,"height":752},{"@type":"BreadcrumbList","@id":"https:\/\/brasilnoticias.org\/site\/nao-ha-razao-para-os-brasileiros-ainda-nao-terem-saido-de-la-afirma-amorim-sobre-gaza\/#breadcrumb","itemListElement":[{"@type":"ListItem","position":1,"name":"In\u00edcio","item":"https:\/\/brasilnoticias.org\/site\/"},{"@type":"ListItem","position":2,"name":"N\u00e3o h\u00e1 raz\u00e3o para os brasileiros ainda n\u00e3o terem sa\u00eddo de l\u00e1, afirma Amorim sobre Gaza"}]},{"@type":"WebSite","@id":"https:\/\/brasilnoticias.org\/site\/#website","url":"https:\/\/brasilnoticias.org\/site\/","name":"Brasil not\u00edcias","description":"Brasil not\u00edcias","publisher":{"@id":"https:\/\/brasilnoticias.org\/site\/#organization"},"potentialAction":[{"@type":"SearchAction","target":{"@type":"EntryPoint","urlTemplate":"https:\/\/brasilnoticias.org\/site\/?s={search_term_string}"},"query-input":{"@type":"PropertyValueSpecification","valueRequired":true,"valueName":"search_term_string"}}],"inLanguage":"pt-PT"},{"@type":"Organization","@id":"https:\/\/brasilnoticias.org\/site\/#organization","name":"Brasil not\u00edcias","url":"https:\/\/brasilnoticias.org\/site\/","logo":{"@type":"ImageObject","inLanguage":"pt-PT","@id":"https:\/\/brasilnoticias.org\/site\/#\/schema\/logo\/image\/","url":"https:\/\/brasilnoticias.org\/site\/wp-content\/uploads\/2022\/05\/cropped-brasilnoticias-mini.jpg","contentUrl":"https:\/\/brasilnoticias.org\/site\/wp-content\/uploads\/2022\/05\/cropped-brasilnoticias-mini.jpg","width":314,"height":86,"caption":"Brasil not\u00edcias"},"image":{"@id":"https:\/\/brasilnoticias.org\/site\/#\/schema\/logo\/image\/"}},{"@type":"Person","@id":"https:\/\/brasilnoticias.org\/site\/#\/schema\/person\/03bbbfe6c7634ad18c26444ea39049fa","name":"Reda\u00e7\u00e3o","image":{"@type":"ImageObject","inLanguage":"pt-PT","@id":"https:\/\/brasilnoticias.org\/site\/#\/schema\/person\/image\/","url":"https:\/\/secure.gravatar.com\/avatar\/9ecaf7327a696cb23ad926fedded5f1f04d7049de9e445375d55b48c001a6e42?s=96&d=mm&r=g","contentUrl":"https:\/\/secure.gravatar.com\/avatar\/9ecaf7327a696cb23ad926fedded5f1f04d7049de9e445375d55b48c001a6e42?s=96&d=mm&r=g","caption":"Reda\u00e7\u00e3o"},"url":"https:\/\/brasilnoticias.org\/site\/author\/henrique\/"}]}},"_links":{"self":[{"href":"https:\/\/brasilnoticias.org\/site\/wp-json\/wp\/v2\/posts\/10753","targetHints":{"allow":["GET"]}}],"collection":[{"href":"https:\/\/brasilnoticias.org\/site\/wp-json\/wp\/v2\/posts"}],"about":[{"href":"https:\/\/brasilnoticias.org\/site\/wp-json\/wp\/v2\/types\/post"}],"author":[{"embeddable":true,"href":"https:\/\/brasilnoticias.org\/site\/wp-json\/wp\/v2\/users\/4"}],"replies":[{"embeddable":true,"href":"https:\/\/brasilnoticias.org\/site\/wp-json\/wp\/v2\/comments?post=10753"}],"version-history":[{"count":1,"href":"https:\/\/brasilnoticias.org\/site\/wp-json\/wp\/v2\/posts\/10753\/revisions"}],"predecessor-version":[{"id":10755,"href":"https:\/\/brasilnoticias.org\/site\/wp-json\/wp\/v2\/posts\/10753\/revisions\/10755"}],"wp:featuredmedia":[{"embeddable":true,"href":"https:\/\/brasilnoticias.org\/site\/wp-json\/wp\/v2\/media\/10754"}],"wp:attachment":[{"href":"https:\/\/brasilnoticias.org\/site\/wp-json\/wp\/v2\/media?parent=10753"}],"wp:term":[{"taxonomy":"category","embeddable":true,"href":"https:\/\/brasilnoticias.org\/site\/wp-json\/wp\/v2\/categories?post=10753"},{"taxonomy":"post_tag","embeddable":true,"href":"https:\/\/brasilnoticias.org\/site\/wp-json\/wp\/v2\/tags?post=10753"}],"curies":[{"name":"wp","href":"https:\/\/api.w.org\/{rel}","templated":true}]}}