{"id":10774,"date":"2023-11-08T20:01:54","date_gmt":"2023-11-08T23:01:54","guid":{"rendered":"https:\/\/brasilnoticias.org\/site\/?p=10774"},"modified":"2023-11-08T20:01:54","modified_gmt":"2023-11-08T23:01:54","slug":"agencia-israelense-cooperou-em-operacao-para-prender-membros-de-grupo-extremista-no-brasil","status":"publish","type":"post","link":"https:\/\/brasilnoticias.org\/site\/agencia-israelense-cooperou-em-operacao-para-prender-membros-de-grupo-extremista-no-brasil\/","title":{"rendered":"Ag\u00eancia israelense cooperou em opera\u00e7\u00e3o para prender membros de grupo extremista no Brasil"},"content":{"rendered":"<p>A informa\u00e7\u00e3o foi confirmada pelo gabinete do primeiro-ministro de Israel, Benjamin Netanyahu<\/p>\n<p>O gabinete do primeiro-ministro de Israel, Benjamin Netanyahu, afirmou que a ag\u00eancia de intelig\u00eancia e opera\u00e7\u00f5es especiais israelenses, Mossas, cooperou com as autoridades brasileiras para prender integrantes de um grupo extremista ligado ao Hezbollah, organiza\u00e7\u00e3o radical do L\u00edbano.<\/p>\n<p>\u201cOs servi\u00e7os de seguran\u00e7a brasileiros, juntamente com o Mossad e os seus parceiros na comunidade de seguran\u00e7a israelense, juntamente com outras ag\u00eancias de seguran\u00e7a internacionais, frustraram um ataque terrorista no Brasil, planejado pela organiza\u00e7\u00e3o terrorista Hezbollah, dirigida e financiada pelo Ir\u00e3\u201d, diz a publica\u00e7\u00e3o feita pelo gabinete atrav\u00e9s das redes sociais.<\/p>\n<p>A Pol\u00edcia Federal prendeu duas pessoas, nesta quarta-feira (8), supostamente envolvidas com o Hezbollah no Brasil. Al\u00e9m disso, a corpora\u00e7\u00e3o cumpriu outros 11 mandados de busca e apreens\u00e3o em tr\u00eas localidades: Bras\u00edlia, Minas Gerais e S\u00e3o Paulo.<\/p>\n<p>Foto: T\u00e2nia R\u00eago\/Ag\u00eancia Brasil<br \/>\nPor: Metro1<\/p>\n","protected":false},"excerpt":{"rendered":"<p>A informa\u00e7\u00e3o foi confirmada pelo gabinete do primeiro-ministro de Israel, Benjamin Netanyahu O gabinete do primeiro-ministro de Israel, Benjamin Netanyahu,<\/p>\n","protected":false},"author":4,"featured_media":10775,"comment_status":"open","ping_status":"open","sticky":false,"template":"","format":"standard","meta":{"colormag_page_container_layout":"default_layout","colormag_page_sidebar_layout":"default_layout","_FSMCFIC_featured_image_caption":"","_FSMCFIC_featured_image_nocaption":"","_FSMCFIC_featured_image_hide":"","footnotes":""},"categories":[6,1],"tags":[],"class_list":["post-10774","post","type-post","status-publish","format-standard","has-post-thumbnail","hentry","category-mundo","category-ultimas"],"yoast_head":"<!-- This site is optimized with the Yoast SEO plugin v27.1.1 - https:\/\/yoast.com\/product\/yoast-seo-wordpress\/ -->\n<title>Ag\u00eancia israelense cooperou em opera\u00e7\u00e3o para prender membros de grupo extremista no Brasil - Brasil not\u00edcias<\/title>\n<meta name=\"robots\" content=\"index, follow, max-snippet:-1, max-image-preview:large, max-video-preview:-1\" \/>\n<link rel=\"canonical\" href=\"https:\/\/brasilnoticias.org\/site\/agencia-israelense-cooperou-em-operacao-para-prender-membros-de-grupo-extremista-no-brasil\/\" \/>\n<meta property=\"og:locale\" content=\"pt_PT\" \/>\n<meta property=\"og:type\" content=\"article\" \/>\n<meta property=\"og:title\" content=\"Ag\u00eancia israelense cooperou em opera\u00e7\u00e3o para prender membros de grupo extremista no Brasil - Brasil not\u00edcias\" \/>\n<meta property=\"og:description\" content=\"A informa\u00e7\u00e3o foi confirmada pelo gabinete do primeiro-ministro de Israel, Benjamin Netanyahu O gabinete do primeiro-ministro de Israel, Benjamin Netanyahu,\" \/>\n<meta property=\"og:url\" content=\"https:\/\/brasilnoticias.org\/site\/agencia-israelense-cooperou-em-operacao-para-prender-membros-de-grupo-extremista-no-brasil\/\" \/>\n<meta property=\"og:site_name\" content=\"Brasil not\u00edcias\" \/>\n<meta property=\"article:published_time\" content=\"2023-11-08T23:01:54+00:00\" \/>\n<meta property=\"og:image\" content=\"https:\/\/brasilnoticias.org\/site\/wp-content\/uploads\/2023\/11\/142936agencia-israelense-cooperou-em-operacao-para-prender-membros-de-grupo-extremista-no-brasil-3.jpg\" \/>\n\t<meta property=\"og:image:width\" content=\"1600\" \/>\n\t<meta property=\"og:image:height\" content=\"752\" \/>\n\t<meta property=\"og:image:type\" content=\"image\/jpeg\" \/>\n<meta name=\"author\" content=\"Reda\u00e7\u00e3o\" \/>\n<meta name=\"twitter:card\" content=\"summary_large_image\" \/>\n<meta name=\"twitter:label1\" content=\"Escrito por\" \/>\n\t<meta name=\"twitter:data1\" content=\"Reda\u00e7\u00e3o\" \/>\n<script type=\"application\/ld+json\" class=\"yoast-schema-graph\">{\"@context\":\"https:\/\/schema.org\",\"@graph\":[{\"@type\":\"Article\",\"@id\":\"https:\/\/brasilnoticias.org\/site\/agencia-israelense-cooperou-em-operacao-para-prender-membros-de-grupo-extremista-no-brasil\/#article\",\"isPartOf\":{\"@id\":\"https:\/\/brasilnoticias.org\/site\/agencia-israelense-cooperou-em-operacao-para-prender-membros-de-grupo-extremista-no-brasil\/\"},\"author\":{\"name\":\"Reda\u00e7\u00e3o\",\"@id\":\"https:\/\/brasilnoticias.org\/site\/#\/schema\/person\/03bbbfe6c7634ad18c26444ea39049fa\"},\"headline\":\"Ag\u00eancia israelense cooperou em opera\u00e7\u00e3o para prender membros de grupo extremista no Brasil\",\"datePublished\":\"2023-11-08T23:01:54+00:00\",\"mainEntityOfPage\":{\"@id\":\"https:\/\/brasilnoticias.org\/site\/agencia-israelense-cooperou-em-operacao-para-prender-membros-de-grupo-extremista-no-brasil\/\"},\"wordCount\":182,\"commentCount\":0,\"publisher\":{\"@id\":\"https:\/\/brasilnoticias.org\/site\/#organization\"},\"image\":{\"@id\":\"https:\/\/brasilnoticias.org\/site\/agencia-israelense-cooperou-em-operacao-para-prender-membros-de-grupo-extremista-no-brasil\/#primaryimage\"},\"thumbnailUrl\":\"https:\/\/brasilnoticias.org\/site\/wp-content\/uploads\/2023\/11\/142936agencia-israelense-cooperou-em-operacao-para-prender-membros-de-grupo-extremista-no-brasil-3.jpg\",\"articleSection\":[\"Mundo\",\"\u00daltimas\"],\"inLanguage\":\"pt-PT\",\"potentialAction\":[{\"@type\":\"CommentAction\",\"name\":\"Comment\",\"target\":[\"https:\/\/brasilnoticias.org\/site\/agencia-israelense-cooperou-em-operacao-para-prender-membros-de-grupo-extremista-no-brasil\/#respond\"]}]},{\"@type\":\"WebPage\",\"@id\":\"https:\/\/brasilnoticias.org\/site\/agencia-israelense-cooperou-em-operacao-para-prender-membros-de-grupo-extremista-no-brasil\/\",\"url\":\"https:\/\/brasilnoticias.org\/site\/agencia-israelense-cooperou-em-operacao-para-prender-membros-de-grupo-extremista-no-brasil\/\",\"name\":\"Ag\u00eancia israelense cooperou em opera\u00e7\u00e3o para prender membros de grupo extremista no Brasil - Brasil not\u00edcias\",\"isPartOf\":{\"@id\":\"https:\/\/brasilnoticias.org\/site\/#website\"},\"primaryImageOfPage\":{\"@id\":\"https:\/\/brasilnoticias.org\/site\/agencia-israelense-cooperou-em-operacao-para-prender-membros-de-grupo-extremista-no-brasil\/#primaryimage\"},\"image\":{\"@id\":\"https:\/\/brasilnoticias.org\/site\/agencia-israelense-cooperou-em-operacao-para-prender-membros-de-grupo-extremista-no-brasil\/#primaryimage\"},\"thumbnailUrl\":\"https:\/\/brasilnoticias.org\/site\/wp-content\/uploads\/2023\/11\/142936agencia-israelense-cooperou-em-operacao-para-prender-membros-de-grupo-extremista-no-brasil-3.jpg\",\"datePublished\":\"2023-11-08T23:01:54+00:00\",\"breadcrumb\":{\"@id\":\"https:\/\/brasilnoticias.org\/site\/agencia-israelense-cooperou-em-operacao-para-prender-membros-de-grupo-extremista-no-brasil\/#breadcrumb\"},\"inLanguage\":\"pt-PT\",\"potentialAction\":[{\"@type\":\"ReadAction\",\"target\":[\"https:\/\/brasilnoticias.org\/site\/agencia-israelense-cooperou-em-operacao-para-prender-membros-de-grupo-extremista-no-brasil\/\"]}]},{\"@type\":\"ImageObject\",\"inLanguage\":\"pt-PT\",\"@id\":\"https:\/\/brasilnoticias.org\/site\/agencia-israelense-cooperou-em-operacao-para-prender-membros-de-grupo-extremista-no-brasil\/#primaryimage\",\"url\":\"https:\/\/brasilnoticias.org\/site\/wp-content\/uploads\/2023\/11\/142936agencia-israelense-cooperou-em-operacao-para-prender-membros-de-grupo-extremista-no-brasil-3.jpg\",\"contentUrl\":\"https:\/\/brasilnoticias.org\/site\/wp-content\/uploads\/2023\/11\/142936agencia-israelense-cooperou-em-operacao-para-prender-membros-de-grupo-extremista-no-brasil-3.jpg\",\"width\":1600,\"height\":752},{\"@type\":\"BreadcrumbList\",\"@id\":\"https:\/\/brasilnoticias.org\/site\/agencia-israelense-cooperou-em-operacao-para-prender-membros-de-grupo-extremista-no-brasil\/#breadcrumb\",\"itemListElement\":[{\"@type\":\"ListItem\",\"position\":1,\"name\":\"In\u00edcio\",\"item\":\"https:\/\/brasilnoticias.org\/site\/\"},{\"@type\":\"ListItem\",\"position\":2,\"name\":\"Ag\u00eancia israelense cooperou em opera\u00e7\u00e3o para prender membros de grupo extremista no Brasil\"}]},{\"@type\":\"WebSite\",\"@id\":\"https:\/\/brasilnoticias.org\/site\/#website\",\"url\":\"https:\/\/brasilnoticias.org\/site\/\",\"name\":\"Brasil not\u00edcias\",\"description\":\"Brasil not\u00edcias\",\"publisher\":{\"@id\":\"https:\/\/brasilnoticias.org\/site\/#organization\"},\"potentialAction\":[{\"@type\":\"SearchAction\",\"target\":{\"@type\":\"EntryPoint\",\"urlTemplate\":\"https:\/\/brasilnoticias.org\/site\/?s={search_term_string}\"},\"query-input\":{\"@type\":\"PropertyValueSpecification\",\"valueRequired\":true,\"valueName\":\"search_term_string\"}}],\"inLanguage\":\"pt-PT\"},{\"@type\":\"Organization\",\"@id\":\"https:\/\/brasilnoticias.org\/site\/#organization\",\"name\":\"Brasil not\u00edcias\",\"url\":\"https:\/\/brasilnoticias.org\/site\/\",\"logo\":{\"@type\":\"ImageObject\",\"inLanguage\":\"pt-PT\",\"@id\":\"https:\/\/brasilnoticias.org\/site\/#\/schema\/logo\/image\/\",\"url\":\"https:\/\/brasilnoticias.org\/site\/wp-content\/uploads\/2022\/05\/cropped-brasilnoticias-mini.jpg\",\"contentUrl\":\"https:\/\/brasilnoticias.org\/site\/wp-content\/uploads\/2022\/05\/cropped-brasilnoticias-mini.jpg\",\"width\":314,\"height\":86,\"caption\":\"Brasil not\u00edcias\"},\"image\":{\"@id\":\"https:\/\/brasilnoticias.org\/site\/#\/schema\/logo\/image\/\"}},{\"@type\":\"Person\",\"@id\":\"https:\/\/brasilnoticias.org\/site\/#\/schema\/person\/03bbbfe6c7634ad18c26444ea39049fa\",\"name\":\"Reda\u00e7\u00e3o\",\"image\":{\"@type\":\"ImageObject\",\"inLanguage\":\"pt-PT\",\"@id\":\"https:\/\/brasilnoticias.org\/site\/#\/schema\/person\/image\/\",\"url\":\"https:\/\/secure.gravatar.com\/avatar\/9ecaf7327a696cb23ad926fedded5f1f04d7049de9e445375d55b48c001a6e42?s=96&d=mm&r=g\",\"contentUrl\":\"https:\/\/secure.gravatar.com\/avatar\/9ecaf7327a696cb23ad926fedded5f1f04d7049de9e445375d55b48c001a6e42?s=96&d=mm&r=g\",\"caption\":\"Reda\u00e7\u00e3o\"},\"url\":\"https:\/\/brasilnoticias.org\/site\/author\/henrique\/\"}]}<\/script>\n<!-- \/ Yoast SEO plugin. -->","yoast_head_json":{"title":"Ag\u00eancia israelense cooperou em opera\u00e7\u00e3o para prender membros de grupo extremista no Brasil - Brasil not\u00edcias","robots":{"index":"index","follow":"follow","max-snippet":"max-snippet:-1","max-image-preview":"max-image-preview:large","max-video-preview":"max-video-preview:-1"},"canonical":"https:\/\/brasilnoticias.org\/site\/agencia-israelense-cooperou-em-operacao-para-prender-membros-de-grupo-extremista-no-brasil\/","og_locale":"pt_PT","og_type":"article","og_title":"Ag\u00eancia israelense cooperou em opera\u00e7\u00e3o para prender membros de grupo extremista no Brasil - Brasil not\u00edcias","og_description":"A informa\u00e7\u00e3o foi confirmada pelo gabinete do primeiro-ministro de Israel, Benjamin Netanyahu O gabinete do primeiro-ministro de Israel, Benjamin Netanyahu,","og_url":"https:\/\/brasilnoticias.org\/site\/agencia-israelense-cooperou-em-operacao-para-prender-membros-de-grupo-extremista-no-brasil\/","og_site_name":"Brasil not\u00edcias","article_published_time":"2023-11-08T23:01:54+00:00","og_image":[{"width":1600,"height":752,"url":"https:\/\/brasilnoticias.org\/site\/wp-content\/uploads\/2023\/11\/142936agencia-israelense-cooperou-em-operacao-para-prender-membros-de-grupo-extremista-no-brasil-3.jpg","type":"image\/jpeg"}],"author":"Reda\u00e7\u00e3o","twitter_card":"summary_large_image","twitter_misc":{"Escrito por":"Reda\u00e7\u00e3o"},"schema":{"@context":"https:\/\/schema.org","@graph":[{"@type":"Article","@id":"https:\/\/brasilnoticias.org\/site\/agencia-israelense-cooperou-em-operacao-para-prender-membros-de-grupo-extremista-no-brasil\/#article","isPartOf":{"@id":"https:\/\/brasilnoticias.org\/site\/agencia-israelense-cooperou-em-operacao-para-prender-membros-de-grupo-extremista-no-brasil\/"},"author":{"name":"Reda\u00e7\u00e3o","@id":"https:\/\/brasilnoticias.org\/site\/#\/schema\/person\/03bbbfe6c7634ad18c26444ea39049fa"},"headline":"Ag\u00eancia israelense cooperou em opera\u00e7\u00e3o para prender membros de grupo extremista no Brasil","datePublished":"2023-11-08T23:01:54+00:00","mainEntityOfPage":{"@id":"https:\/\/brasilnoticias.org\/site\/agencia-israelense-cooperou-em-operacao-para-prender-membros-de-grupo-extremista-no-brasil\/"},"wordCount":182,"commentCount":0,"publisher":{"@id":"https:\/\/brasilnoticias.org\/site\/#organization"},"image":{"@id":"https:\/\/brasilnoticias.org\/site\/agencia-israelense-cooperou-em-operacao-para-prender-membros-de-grupo-extremista-no-brasil\/#primaryimage"},"thumbnailUrl":"https:\/\/brasilnoticias.org\/site\/wp-content\/uploads\/2023\/11\/142936agencia-israelense-cooperou-em-operacao-para-prender-membros-de-grupo-extremista-no-brasil-3.jpg","articleSection":["Mundo","\u00daltimas"],"inLanguage":"pt-PT","potentialAction":[{"@type":"CommentAction","name":"Comment","target":["https:\/\/brasilnoticias.org\/site\/agencia-israelense-cooperou-em-operacao-para-prender-membros-de-grupo-extremista-no-brasil\/#respond"]}]},{"@type":"WebPage","@id":"https:\/\/brasilnoticias.org\/site\/agencia-israelense-cooperou-em-operacao-para-prender-membros-de-grupo-extremista-no-brasil\/","url":"https:\/\/brasilnoticias.org\/site\/agencia-israelense-cooperou-em-operacao-para-prender-membros-de-grupo-extremista-no-brasil\/","name":"Ag\u00eancia israelense cooperou em opera\u00e7\u00e3o para prender membros de grupo extremista no Brasil - Brasil not\u00edcias","isPartOf":{"@id":"https:\/\/brasilnoticias.org\/site\/#website"},"primaryImageOfPage":{"@id":"https:\/\/brasilnoticias.org\/site\/agencia-israelense-cooperou-em-operacao-para-prender-membros-de-grupo-extremista-no-brasil\/#primaryimage"},"image":{"@id":"https:\/\/brasilnoticias.org\/site\/agencia-israelense-cooperou-em-operacao-para-prender-membros-de-grupo-extremista-no-brasil\/#primaryimage"},"thumbnailUrl":"https:\/\/brasilnoticias.org\/site\/wp-content\/uploads\/2023\/11\/142936agencia-israelense-cooperou-em-operacao-para-prender-membros-de-grupo-extremista-no-brasil-3.jpg","datePublished":"2023-11-08T23:01:54+00:00","breadcrumb":{"@id":"https:\/\/brasilnoticias.org\/site\/agencia-israelense-cooperou-em-operacao-para-prender-membros-de-grupo-extremista-no-brasil\/#breadcrumb"},"inLanguage":"pt-PT","potentialAction":[{"@type":"ReadAction","target":["https:\/\/brasilnoticias.org\/site\/agencia-israelense-cooperou-em-operacao-para-prender-membros-de-grupo-extremista-no-brasil\/"]}]},{"@type":"ImageObject","inLanguage":"pt-PT","@id":"https:\/\/brasilnoticias.org\/site\/agencia-israelense-cooperou-em-operacao-para-prender-membros-de-grupo-extremista-no-brasil\/#primaryimage","url":"https:\/\/brasilnoticias.org\/site\/wp-content\/uploads\/2023\/11\/142936agencia-israelense-cooperou-em-operacao-para-prender-membros-de-grupo-extremista-no-brasil-3.jpg","contentUrl":"https:\/\/brasilnoticias.org\/site\/wp-content\/uploads\/2023\/11\/142936agencia-israelense-cooperou-em-operacao-para-prender-membros-de-grupo-extremista-no-brasil-3.jpg","width":1600,"height":752},{"@type":"BreadcrumbList","@id":"https:\/\/brasilnoticias.org\/site\/agencia-israelense-cooperou-em-operacao-para-prender-membros-de-grupo-extremista-no-brasil\/#breadcrumb","itemListElement":[{"@type":"ListItem","position":1,"name":"In\u00edcio","item":"https:\/\/brasilnoticias.org\/site\/"},{"@type":"ListItem","position":2,"name":"Ag\u00eancia israelense cooperou em opera\u00e7\u00e3o para prender membros de grupo extremista no Brasil"}]},{"@type":"WebSite","@id":"https:\/\/brasilnoticias.org\/site\/#website","url":"https:\/\/brasilnoticias.org\/site\/","name":"Brasil not\u00edcias","description":"Brasil not\u00edcias","publisher":{"@id":"https:\/\/brasilnoticias.org\/site\/#organization"},"potentialAction":[{"@type":"SearchAction","target":{"@type":"EntryPoint","urlTemplate":"https:\/\/brasilnoticias.org\/site\/?s={search_term_string}"},"query-input":{"@type":"PropertyValueSpecification","valueRequired":true,"valueName":"search_term_string"}}],"inLanguage":"pt-PT"},{"@type":"Organization","@id":"https:\/\/brasilnoticias.org\/site\/#organization","name":"Brasil not\u00edcias","url":"https:\/\/brasilnoticias.org\/site\/","logo":{"@type":"ImageObject","inLanguage":"pt-PT","@id":"https:\/\/brasilnoticias.org\/site\/#\/schema\/logo\/image\/","url":"https:\/\/brasilnoticias.org\/site\/wp-content\/uploads\/2022\/05\/cropped-brasilnoticias-mini.jpg","contentUrl":"https:\/\/brasilnoticias.org\/site\/wp-content\/uploads\/2022\/05\/cropped-brasilnoticias-mini.jpg","width":314,"height":86,"caption":"Brasil not\u00edcias"},"image":{"@id":"https:\/\/brasilnoticias.org\/site\/#\/schema\/logo\/image\/"}},{"@type":"Person","@id":"https:\/\/brasilnoticias.org\/site\/#\/schema\/person\/03bbbfe6c7634ad18c26444ea39049fa","name":"Reda\u00e7\u00e3o","image":{"@type":"ImageObject","inLanguage":"pt-PT","@id":"https:\/\/brasilnoticias.org\/site\/#\/schema\/person\/image\/","url":"https:\/\/secure.gravatar.com\/avatar\/9ecaf7327a696cb23ad926fedded5f1f04d7049de9e445375d55b48c001a6e42?s=96&d=mm&r=g","contentUrl":"https:\/\/secure.gravatar.com\/avatar\/9ecaf7327a696cb23ad926fedded5f1f04d7049de9e445375d55b48c001a6e42?s=96&d=mm&r=g","caption":"Reda\u00e7\u00e3o"},"url":"https:\/\/brasilnoticias.org\/site\/author\/henrique\/"}]}},"_links":{"self":[{"href":"https:\/\/brasilnoticias.org\/site\/wp-json\/wp\/v2\/posts\/10774","targetHints":{"allow":["GET"]}}],"collection":[{"href":"https:\/\/brasilnoticias.org\/site\/wp-json\/wp\/v2\/posts"}],"about":[{"href":"https:\/\/brasilnoticias.org\/site\/wp-json\/wp\/v2\/types\/post"}],"author":[{"embeddable":true,"href":"https:\/\/brasilnoticias.org\/site\/wp-json\/wp\/v2\/users\/4"}],"replies":[{"embeddable":true,"href":"https:\/\/brasilnoticias.org\/site\/wp-json\/wp\/v2\/comments?post=10774"}],"version-history":[{"count":1,"href":"https:\/\/brasilnoticias.org\/site\/wp-json\/wp\/v2\/posts\/10774\/revisions"}],"predecessor-version":[{"id":10776,"href":"https:\/\/brasilnoticias.org\/site\/wp-json\/wp\/v2\/posts\/10774\/revisions\/10776"}],"wp:featuredmedia":[{"embeddable":true,"href":"https:\/\/brasilnoticias.org\/site\/wp-json\/wp\/v2\/media\/10775"}],"wp:attachment":[{"href":"https:\/\/brasilnoticias.org\/site\/wp-json\/wp\/v2\/media?parent=10774"}],"wp:term":[{"taxonomy":"category","embeddable":true,"href":"https:\/\/brasilnoticias.org\/site\/wp-json\/wp\/v2\/categories?post=10774"},{"taxonomy":"post_tag","embeddable":true,"href":"https:\/\/brasilnoticias.org\/site\/wp-json\/wp\/v2\/tags?post=10774"}],"curies":[{"name":"wp","href":"https:\/\/api.w.org\/{rel}","templated":true}]}}