{"id":10784,"date":"2023-11-09T06:00:31","date_gmt":"2023-11-09T09:00:31","guid":{"rendered":"https:\/\/brasilnoticias.org\/site\/?p=10784"},"modified":"2023-11-08T20:15:08","modified_gmt":"2023-11-08T23:15:08","slug":"policiais-encontram-armas-e-drogas-em-fazenda-grande-iii-e-iv-dupla-morreu-em-acao","status":"publish","type":"post","link":"https:\/\/brasilnoticias.org\/site\/policiais-encontram-armas-e-drogas-em-fazenda-grande-iii-e-iv-dupla-morreu-em-acao\/","title":{"rendered":"Policiais encontram armas e drogas em Fazenda Grande III e IV; dupla morreu em a\u00e7\u00e3o"},"content":{"rendered":"<p>Durante tentativa de pris\u00e3o, houve confronto e dois homens, um deles apontado como organizador de bondes e executor, acabaram feridos e morreram<\/p>\n<p>Guarni\u00e7\u00f5es do Batalh\u00e3o de Patrulhamento T\u00e1tico M\u00f3vel (BPatamo) e do 22\u00b0 BPM (Cajazeiras) apreenderam armas, muni\u00e7\u00f5es e drogas com homens apontados como integrantes de uma fac\u00e7\u00e3o suspeita de envolvimento com forma\u00e7\u00e3o de bondes, tr\u00e1fico de drogas e homic\u00eddios. O flagrante aconteceu na tarde desta quarta-feira (8\/11), entre os bairros de Fazenda Grande III e IV.<\/p>\n<p>De acordo com a Secret\u00e1ria da Seguran\u00e7a P\u00fablica (SSP-BA), os militares patrulhavam entre os bairros, ap\u00f3s den\u00fancias, quando localizaram um grupo armado. Durante tentativa de pris\u00e3o, houve confronto e dois homens, um deles apontado como organizador de bondes e executor, acabaram feridos. Eles foram socorridos, mas n\u00e3o resistiram. O restante do bando fugiu.<\/p>\n<p>Com a dupla socorrida foram apreendidos uma pistola calibre 380, um rev\u00f3lver calibre 38, carregador, muni\u00e7\u00f5es e pouco mais de 300 por\u00e7\u00f5es de maconha, coca\u00edna e crack.<\/p>\n<p>Foto: Divulga\u00e7\u00e3o\/SSP<br \/>\nAratu On<\/p>\n","protected":false},"excerpt":{"rendered":"<p>Durante tentativa de pris\u00e3o, houve confronto e dois homens, um deles apontado como organizador de bondes e executor, acabaram feridos<\/p>\n","protected":false},"author":4,"featured_media":10785,"comment_status":"open","ping_status":"open","sticky":false,"template":"","format":"standard","meta":{"colormag_page_container_layout":"default_layout","colormag_page_sidebar_layout":"default_layout","_FSMCFIC_featured_image_caption":"","_FSMCFIC_featured_image_nocaption":"","_FSMCFIC_featured_image_hide":"","footnotes":""},"categories":[3,1],"tags":[],"class_list":["post-10784","post","type-post","status-publish","format-standard","has-post-thumbnail","hentry","category-policia","category-ultimas"],"yoast_head":"<!-- This site is optimized with the Yoast SEO plugin v27.1.1 - https:\/\/yoast.com\/product\/yoast-seo-wordpress\/ -->\n<title>Policiais encontram armas e drogas em Fazenda Grande III e IV; dupla morreu em a\u00e7\u00e3o - Brasil not\u00edcias<\/title>\n<meta name=\"robots\" content=\"index, follow, max-snippet:-1, max-image-preview:large, max-video-preview:-1\" \/>\n<link rel=\"canonical\" href=\"https:\/\/brasilnoticias.org\/site\/policiais-encontram-armas-e-drogas-em-fazenda-grande-iii-e-iv-dupla-morreu-em-acao\/\" \/>\n<meta property=\"og:locale\" content=\"pt_PT\" \/>\n<meta property=\"og:type\" content=\"article\" \/>\n<meta property=\"og:title\" content=\"Policiais encontram armas e drogas em Fazenda Grande III e IV; dupla morreu em a\u00e7\u00e3o - Brasil not\u00edcias\" \/>\n<meta property=\"og:description\" content=\"Durante tentativa de pris\u00e3o, houve confronto e dois homens, um deles apontado como organizador de bondes e executor, acabaram feridos\" \/>\n<meta property=\"og:url\" content=\"https:\/\/brasilnoticias.org\/site\/policiais-encontram-armas-e-drogas-em-fazenda-grande-iii-e-iv-dupla-morreu-em-acao\/\" \/>\n<meta property=\"og:site_name\" content=\"Brasil not\u00edcias\" \/>\n<meta property=\"article:published_time\" content=\"2023-11-09T09:00:31+00:00\" \/>\n<meta property=\"og:image\" content=\"https:\/\/brasilnoticias.org\/site\/wp-content\/uploads\/2023\/11\/WhatsApp-Image-2023-11-08-at-18.54.58-740x470-1.jpeg\" \/>\n\t<meta property=\"og:image:width\" content=\"740\" \/>\n\t<meta property=\"og:image:height\" content=\"470\" \/>\n\t<meta property=\"og:image:type\" content=\"image\/jpeg\" \/>\n<meta name=\"author\" content=\"Reda\u00e7\u00e3o\" \/>\n<meta name=\"twitter:card\" content=\"summary_large_image\" \/>\n<meta name=\"twitter:label1\" content=\"Escrito por\" \/>\n\t<meta name=\"twitter:data1\" content=\"Reda\u00e7\u00e3o\" \/>\n<script type=\"application\/ld+json\" class=\"yoast-schema-graph\">{\"@context\":\"https:\/\/schema.org\",\"@graph\":[{\"@type\":\"Article\",\"@id\":\"https:\/\/brasilnoticias.org\/site\/policiais-encontram-armas-e-drogas-em-fazenda-grande-iii-e-iv-dupla-morreu-em-acao\/#article\",\"isPartOf\":{\"@id\":\"https:\/\/brasilnoticias.org\/site\/policiais-encontram-armas-e-drogas-em-fazenda-grande-iii-e-iv-dupla-morreu-em-acao\/\"},\"author\":{\"name\":\"Reda\u00e7\u00e3o\",\"@id\":\"https:\/\/brasilnoticias.org\/site\/#\/schema\/person\/03bbbfe6c7634ad18c26444ea39049fa\"},\"headline\":\"Policiais encontram armas e drogas em Fazenda Grande III e IV; dupla morreu em a\u00e7\u00e3o\",\"datePublished\":\"2023-11-09T09:00:31+00:00\",\"mainEntityOfPage\":{\"@id\":\"https:\/\/brasilnoticias.org\/site\/policiais-encontram-armas-e-drogas-em-fazenda-grande-iii-e-iv-dupla-morreu-em-acao\/\"},\"wordCount\":195,\"commentCount\":0,\"publisher\":{\"@id\":\"https:\/\/brasilnoticias.org\/site\/#organization\"},\"image\":{\"@id\":\"https:\/\/brasilnoticias.org\/site\/policiais-encontram-armas-e-drogas-em-fazenda-grande-iii-e-iv-dupla-morreu-em-acao\/#primaryimage\"},\"thumbnailUrl\":\"https:\/\/brasilnoticias.org\/site\/wp-content\/uploads\/2023\/11\/WhatsApp-Image-2023-11-08-at-18.54.58-740x470-1.jpeg\",\"articleSection\":[\"Pol\u00edcia\",\"\u00daltimas\"],\"inLanguage\":\"pt-PT\",\"potentialAction\":[{\"@type\":\"CommentAction\",\"name\":\"Comment\",\"target\":[\"https:\/\/brasilnoticias.org\/site\/policiais-encontram-armas-e-drogas-em-fazenda-grande-iii-e-iv-dupla-morreu-em-acao\/#respond\"]}]},{\"@type\":\"WebPage\",\"@id\":\"https:\/\/brasilnoticias.org\/site\/policiais-encontram-armas-e-drogas-em-fazenda-grande-iii-e-iv-dupla-morreu-em-acao\/\",\"url\":\"https:\/\/brasilnoticias.org\/site\/policiais-encontram-armas-e-drogas-em-fazenda-grande-iii-e-iv-dupla-morreu-em-acao\/\",\"name\":\"Policiais encontram armas e drogas em Fazenda Grande III e IV; dupla morreu em a\u00e7\u00e3o - Brasil not\u00edcias\",\"isPartOf\":{\"@id\":\"https:\/\/brasilnoticias.org\/site\/#website\"},\"primaryImageOfPage\":{\"@id\":\"https:\/\/brasilnoticias.org\/site\/policiais-encontram-armas-e-drogas-em-fazenda-grande-iii-e-iv-dupla-morreu-em-acao\/#primaryimage\"},\"image\":{\"@id\":\"https:\/\/brasilnoticias.org\/site\/policiais-encontram-armas-e-drogas-em-fazenda-grande-iii-e-iv-dupla-morreu-em-acao\/#primaryimage\"},\"thumbnailUrl\":\"https:\/\/brasilnoticias.org\/site\/wp-content\/uploads\/2023\/11\/WhatsApp-Image-2023-11-08-at-18.54.58-740x470-1.jpeg\",\"datePublished\":\"2023-11-09T09:00:31+00:00\",\"breadcrumb\":{\"@id\":\"https:\/\/brasilnoticias.org\/site\/policiais-encontram-armas-e-drogas-em-fazenda-grande-iii-e-iv-dupla-morreu-em-acao\/#breadcrumb\"},\"inLanguage\":\"pt-PT\",\"potentialAction\":[{\"@type\":\"ReadAction\",\"target\":[\"https:\/\/brasilnoticias.org\/site\/policiais-encontram-armas-e-drogas-em-fazenda-grande-iii-e-iv-dupla-morreu-em-acao\/\"]}]},{\"@type\":\"ImageObject\",\"inLanguage\":\"pt-PT\",\"@id\":\"https:\/\/brasilnoticias.org\/site\/policiais-encontram-armas-e-drogas-em-fazenda-grande-iii-e-iv-dupla-morreu-em-acao\/#primaryimage\",\"url\":\"https:\/\/brasilnoticias.org\/site\/wp-content\/uploads\/2023\/11\/WhatsApp-Image-2023-11-08-at-18.54.58-740x470-1.jpeg\",\"contentUrl\":\"https:\/\/brasilnoticias.org\/site\/wp-content\/uploads\/2023\/11\/WhatsApp-Image-2023-11-08-at-18.54.58-740x470-1.jpeg\",\"width\":740,\"height\":470},{\"@type\":\"BreadcrumbList\",\"@id\":\"https:\/\/brasilnoticias.org\/site\/policiais-encontram-armas-e-drogas-em-fazenda-grande-iii-e-iv-dupla-morreu-em-acao\/#breadcrumb\",\"itemListElement\":[{\"@type\":\"ListItem\",\"position\":1,\"name\":\"In\u00edcio\",\"item\":\"https:\/\/brasilnoticias.org\/site\/\"},{\"@type\":\"ListItem\",\"position\":2,\"name\":\"Policiais encontram armas e drogas em Fazenda Grande III e IV; dupla morreu em a\u00e7\u00e3o\"}]},{\"@type\":\"WebSite\",\"@id\":\"https:\/\/brasilnoticias.org\/site\/#website\",\"url\":\"https:\/\/brasilnoticias.org\/site\/\",\"name\":\"Brasil not\u00edcias\",\"description\":\"Brasil not\u00edcias\",\"publisher\":{\"@id\":\"https:\/\/brasilnoticias.org\/site\/#organization\"},\"potentialAction\":[{\"@type\":\"SearchAction\",\"target\":{\"@type\":\"EntryPoint\",\"urlTemplate\":\"https:\/\/brasilnoticias.org\/site\/?s={search_term_string}\"},\"query-input\":{\"@type\":\"PropertyValueSpecification\",\"valueRequired\":true,\"valueName\":\"search_term_string\"}}],\"inLanguage\":\"pt-PT\"},{\"@type\":\"Organization\",\"@id\":\"https:\/\/brasilnoticias.org\/site\/#organization\",\"name\":\"Brasil not\u00edcias\",\"url\":\"https:\/\/brasilnoticias.org\/site\/\",\"logo\":{\"@type\":\"ImageObject\",\"inLanguage\":\"pt-PT\",\"@id\":\"https:\/\/brasilnoticias.org\/site\/#\/schema\/logo\/image\/\",\"url\":\"https:\/\/brasilnoticias.org\/site\/wp-content\/uploads\/2022\/05\/cropped-brasilnoticias-mini.jpg\",\"contentUrl\":\"https:\/\/brasilnoticias.org\/site\/wp-content\/uploads\/2022\/05\/cropped-brasilnoticias-mini.jpg\",\"width\":314,\"height\":86,\"caption\":\"Brasil not\u00edcias\"},\"image\":{\"@id\":\"https:\/\/brasilnoticias.org\/site\/#\/schema\/logo\/image\/\"}},{\"@type\":\"Person\",\"@id\":\"https:\/\/brasilnoticias.org\/site\/#\/schema\/person\/03bbbfe6c7634ad18c26444ea39049fa\",\"name\":\"Reda\u00e7\u00e3o\",\"image\":{\"@type\":\"ImageObject\",\"inLanguage\":\"pt-PT\",\"@id\":\"https:\/\/brasilnoticias.org\/site\/#\/schema\/person\/image\/\",\"url\":\"https:\/\/secure.gravatar.com\/avatar\/9ecaf7327a696cb23ad926fedded5f1f04d7049de9e445375d55b48c001a6e42?s=96&d=mm&r=g\",\"contentUrl\":\"https:\/\/secure.gravatar.com\/avatar\/9ecaf7327a696cb23ad926fedded5f1f04d7049de9e445375d55b48c001a6e42?s=96&d=mm&r=g\",\"caption\":\"Reda\u00e7\u00e3o\"},\"url\":\"https:\/\/brasilnoticias.org\/site\/author\/henrique\/\"}]}<\/script>\n<!-- \/ Yoast SEO plugin. -->","yoast_head_json":{"title":"Policiais encontram armas e drogas em Fazenda Grande III e IV; dupla morreu em a\u00e7\u00e3o - Brasil not\u00edcias","robots":{"index":"index","follow":"follow","max-snippet":"max-snippet:-1","max-image-preview":"max-image-preview:large","max-video-preview":"max-video-preview:-1"},"canonical":"https:\/\/brasilnoticias.org\/site\/policiais-encontram-armas-e-drogas-em-fazenda-grande-iii-e-iv-dupla-morreu-em-acao\/","og_locale":"pt_PT","og_type":"article","og_title":"Policiais encontram armas e drogas em Fazenda Grande III e IV; dupla morreu em a\u00e7\u00e3o - Brasil not\u00edcias","og_description":"Durante tentativa de pris\u00e3o, houve confronto e dois homens, um deles apontado como organizador de bondes e executor, acabaram feridos","og_url":"https:\/\/brasilnoticias.org\/site\/policiais-encontram-armas-e-drogas-em-fazenda-grande-iii-e-iv-dupla-morreu-em-acao\/","og_site_name":"Brasil not\u00edcias","article_published_time":"2023-11-09T09:00:31+00:00","og_image":[{"width":740,"height":470,"url":"https:\/\/brasilnoticias.org\/site\/wp-content\/uploads\/2023\/11\/WhatsApp-Image-2023-11-08-at-18.54.58-740x470-1.jpeg","type":"image\/jpeg"}],"author":"Reda\u00e7\u00e3o","twitter_card":"summary_large_image","twitter_misc":{"Escrito por":"Reda\u00e7\u00e3o"},"schema":{"@context":"https:\/\/schema.org","@graph":[{"@type":"Article","@id":"https:\/\/brasilnoticias.org\/site\/policiais-encontram-armas-e-drogas-em-fazenda-grande-iii-e-iv-dupla-morreu-em-acao\/#article","isPartOf":{"@id":"https:\/\/brasilnoticias.org\/site\/policiais-encontram-armas-e-drogas-em-fazenda-grande-iii-e-iv-dupla-morreu-em-acao\/"},"author":{"name":"Reda\u00e7\u00e3o","@id":"https:\/\/brasilnoticias.org\/site\/#\/schema\/person\/03bbbfe6c7634ad18c26444ea39049fa"},"headline":"Policiais encontram armas e drogas em Fazenda Grande III e IV; dupla morreu em a\u00e7\u00e3o","datePublished":"2023-11-09T09:00:31+00:00","mainEntityOfPage":{"@id":"https:\/\/brasilnoticias.org\/site\/policiais-encontram-armas-e-drogas-em-fazenda-grande-iii-e-iv-dupla-morreu-em-acao\/"},"wordCount":195,"commentCount":0,"publisher":{"@id":"https:\/\/brasilnoticias.org\/site\/#organization"},"image":{"@id":"https:\/\/brasilnoticias.org\/site\/policiais-encontram-armas-e-drogas-em-fazenda-grande-iii-e-iv-dupla-morreu-em-acao\/#primaryimage"},"thumbnailUrl":"https:\/\/brasilnoticias.org\/site\/wp-content\/uploads\/2023\/11\/WhatsApp-Image-2023-11-08-at-18.54.58-740x470-1.jpeg","articleSection":["Pol\u00edcia","\u00daltimas"],"inLanguage":"pt-PT","potentialAction":[{"@type":"CommentAction","name":"Comment","target":["https:\/\/brasilnoticias.org\/site\/policiais-encontram-armas-e-drogas-em-fazenda-grande-iii-e-iv-dupla-morreu-em-acao\/#respond"]}]},{"@type":"WebPage","@id":"https:\/\/brasilnoticias.org\/site\/policiais-encontram-armas-e-drogas-em-fazenda-grande-iii-e-iv-dupla-morreu-em-acao\/","url":"https:\/\/brasilnoticias.org\/site\/policiais-encontram-armas-e-drogas-em-fazenda-grande-iii-e-iv-dupla-morreu-em-acao\/","name":"Policiais encontram armas e drogas em Fazenda Grande III e IV; dupla morreu em a\u00e7\u00e3o - Brasil not\u00edcias","isPartOf":{"@id":"https:\/\/brasilnoticias.org\/site\/#website"},"primaryImageOfPage":{"@id":"https:\/\/brasilnoticias.org\/site\/policiais-encontram-armas-e-drogas-em-fazenda-grande-iii-e-iv-dupla-morreu-em-acao\/#primaryimage"},"image":{"@id":"https:\/\/brasilnoticias.org\/site\/policiais-encontram-armas-e-drogas-em-fazenda-grande-iii-e-iv-dupla-morreu-em-acao\/#primaryimage"},"thumbnailUrl":"https:\/\/brasilnoticias.org\/site\/wp-content\/uploads\/2023\/11\/WhatsApp-Image-2023-11-08-at-18.54.58-740x470-1.jpeg","datePublished":"2023-11-09T09:00:31+00:00","breadcrumb":{"@id":"https:\/\/brasilnoticias.org\/site\/policiais-encontram-armas-e-drogas-em-fazenda-grande-iii-e-iv-dupla-morreu-em-acao\/#breadcrumb"},"inLanguage":"pt-PT","potentialAction":[{"@type":"ReadAction","target":["https:\/\/brasilnoticias.org\/site\/policiais-encontram-armas-e-drogas-em-fazenda-grande-iii-e-iv-dupla-morreu-em-acao\/"]}]},{"@type":"ImageObject","inLanguage":"pt-PT","@id":"https:\/\/brasilnoticias.org\/site\/policiais-encontram-armas-e-drogas-em-fazenda-grande-iii-e-iv-dupla-morreu-em-acao\/#primaryimage","url":"https:\/\/brasilnoticias.org\/site\/wp-content\/uploads\/2023\/11\/WhatsApp-Image-2023-11-08-at-18.54.58-740x470-1.jpeg","contentUrl":"https:\/\/brasilnoticias.org\/site\/wp-content\/uploads\/2023\/11\/WhatsApp-Image-2023-11-08-at-18.54.58-740x470-1.jpeg","width":740,"height":470},{"@type":"BreadcrumbList","@id":"https:\/\/brasilnoticias.org\/site\/policiais-encontram-armas-e-drogas-em-fazenda-grande-iii-e-iv-dupla-morreu-em-acao\/#breadcrumb","itemListElement":[{"@type":"ListItem","position":1,"name":"In\u00edcio","item":"https:\/\/brasilnoticias.org\/site\/"},{"@type":"ListItem","position":2,"name":"Policiais encontram armas e drogas em Fazenda Grande III e IV; dupla morreu em a\u00e7\u00e3o"}]},{"@type":"WebSite","@id":"https:\/\/brasilnoticias.org\/site\/#website","url":"https:\/\/brasilnoticias.org\/site\/","name":"Brasil not\u00edcias","description":"Brasil not\u00edcias","publisher":{"@id":"https:\/\/brasilnoticias.org\/site\/#organization"},"potentialAction":[{"@type":"SearchAction","target":{"@type":"EntryPoint","urlTemplate":"https:\/\/brasilnoticias.org\/site\/?s={search_term_string}"},"query-input":{"@type":"PropertyValueSpecification","valueRequired":true,"valueName":"search_term_string"}}],"inLanguage":"pt-PT"},{"@type":"Organization","@id":"https:\/\/brasilnoticias.org\/site\/#organization","name":"Brasil not\u00edcias","url":"https:\/\/brasilnoticias.org\/site\/","logo":{"@type":"ImageObject","inLanguage":"pt-PT","@id":"https:\/\/brasilnoticias.org\/site\/#\/schema\/logo\/image\/","url":"https:\/\/brasilnoticias.org\/site\/wp-content\/uploads\/2022\/05\/cropped-brasilnoticias-mini.jpg","contentUrl":"https:\/\/brasilnoticias.org\/site\/wp-content\/uploads\/2022\/05\/cropped-brasilnoticias-mini.jpg","width":314,"height":86,"caption":"Brasil not\u00edcias"},"image":{"@id":"https:\/\/brasilnoticias.org\/site\/#\/schema\/logo\/image\/"}},{"@type":"Person","@id":"https:\/\/brasilnoticias.org\/site\/#\/schema\/person\/03bbbfe6c7634ad18c26444ea39049fa","name":"Reda\u00e7\u00e3o","image":{"@type":"ImageObject","inLanguage":"pt-PT","@id":"https:\/\/brasilnoticias.org\/site\/#\/schema\/person\/image\/","url":"https:\/\/secure.gravatar.com\/avatar\/9ecaf7327a696cb23ad926fedded5f1f04d7049de9e445375d55b48c001a6e42?s=96&d=mm&r=g","contentUrl":"https:\/\/secure.gravatar.com\/avatar\/9ecaf7327a696cb23ad926fedded5f1f04d7049de9e445375d55b48c001a6e42?s=96&d=mm&r=g","caption":"Reda\u00e7\u00e3o"},"url":"https:\/\/brasilnoticias.org\/site\/author\/henrique\/"}]}},"_links":{"self":[{"href":"https:\/\/brasilnoticias.org\/site\/wp-json\/wp\/v2\/posts\/10784","targetHints":{"allow":["GET"]}}],"collection":[{"href":"https:\/\/brasilnoticias.org\/site\/wp-json\/wp\/v2\/posts"}],"about":[{"href":"https:\/\/brasilnoticias.org\/site\/wp-json\/wp\/v2\/types\/post"}],"author":[{"embeddable":true,"href":"https:\/\/brasilnoticias.org\/site\/wp-json\/wp\/v2\/users\/4"}],"replies":[{"embeddable":true,"href":"https:\/\/brasilnoticias.org\/site\/wp-json\/wp\/v2\/comments?post=10784"}],"version-history":[{"count":1,"href":"https:\/\/brasilnoticias.org\/site\/wp-json\/wp\/v2\/posts\/10784\/revisions"}],"predecessor-version":[{"id":10786,"href":"https:\/\/brasilnoticias.org\/site\/wp-json\/wp\/v2\/posts\/10784\/revisions\/10786"}],"wp:featuredmedia":[{"embeddable":true,"href":"https:\/\/brasilnoticias.org\/site\/wp-json\/wp\/v2\/media\/10785"}],"wp:attachment":[{"href":"https:\/\/brasilnoticias.org\/site\/wp-json\/wp\/v2\/media?parent=10784"}],"wp:term":[{"taxonomy":"category","embeddable":true,"href":"https:\/\/brasilnoticias.org\/site\/wp-json\/wp\/v2\/categories?post=10784"},{"taxonomy":"post_tag","embeddable":true,"href":"https:\/\/brasilnoticias.org\/site\/wp-json\/wp\/v2\/tags?post=10784"}],"curies":[{"name":"wp","href":"https:\/\/api.w.org\/{rel}","templated":true}]}}