{"id":10787,"date":"2023-11-09T07:00:28","date_gmt":"2023-11-09T10:00:28","guid":{"rendered":"https:\/\/brasilnoticias.org\/site\/?p=10787"},"modified":"2023-11-08T20:16:47","modified_gmt":"2023-11-08T23:16:47","slug":"projeto-de-lei-que-garante-meia-entrada-para-professores-e-educadores-em-salvador-e-aprovado-vereador-comemora","status":"publish","type":"post","link":"https:\/\/brasilnoticias.org\/site\/projeto-de-lei-que-garante-meia-entrada-para-professores-e-educadores-em-salvador-e-aprovado-vereador-comemora\/","title":{"rendered":"Projeto de lei que garante meia-entrada para professores e educadores em Salvador \u00e9 aprovado; vereador comemora"},"content":{"rendered":"<p>A vota\u00e7\u00e3o foi realizada nesta quarta-feira (8\/11) no plen\u00e1rio da C\u00e2mara Municipal de Salvador. Tinoco lembrou de projeto com mesmo teor que prop\u00f4s \u00e0 C\u00e2mara em 2021 prevendo o desconto aos educadores<\/p>\n<p>O Vereador Claudio Tinoco (Uni\u00e3o Brasil) comemorou a aprova\u00e7\u00e3o de um projeto de lei que garante o benef\u00edcio da meia-entrada para professores, coordenadores pedag\u00f3gicos e outros cargos da Educa\u00e7\u00e3o da Rede P\u00fablica de Salvador. A vota\u00e7\u00e3o foi realizada nesta quarta-feira (8\/11) no plen\u00e1rio da C\u00e2mara Municipal de Salvador. Tinoco lembrou de projeto com mesmo teor que prop\u00f4s \u00e0 C\u00e2mara em 2021 prevendo o desconto aos educadores.<\/p>\n<p>O projeto, que visa promover o acesso \u00e0 eventos culturais na cidade, \u00e9 de autoria da Prefeitura Municipal de Salvador e facilita acesso a atividades como cinemas, teatros, casas de espet\u00e1culos e outros, atrav\u00e9s do desconto de 50% no valor do ingresso.<\/p>\n<p>\u201cAtrav\u00e9s de a\u00e7\u00f5es como essa, vemos a valoriza\u00e7\u00e3o dos educadores, garantindo uma maior qualifica\u00e7\u00e3o profissional, ato essencial para o exerc\u00edcio da atividade docente,\u201d disse Tinoco.<\/p>\n<p>O projeto similar apresentado pelo vereador Claudio Tinoco em 2021 foi rejeitado na Comiss\u00e3o de Constitui\u00e7\u00e3o e Justi\u00e7a (CCJ), que entendeu que a proposi\u00e7\u00e3o deveria ser realizada pelo Executivo, e n\u00e3o pelo Legislativo. \u201cAgora, o prefeito Bruno Reis toma a iniciativa e nos ajuda a implementar um incentivo t\u00e3o importante para os educadores e para melhorar ainda mais a qualidade da educa\u00e7\u00e3o em Salvador\u201d, comemora Tinoco.<\/p>\n<p>Foto: Divulga\u00e7\u00e3o<br \/>\nAratu On<\/p>\n","protected":false},"excerpt":{"rendered":"<p>A vota\u00e7\u00e3o foi realizada nesta quarta-feira (8\/11) no plen\u00e1rio da C\u00e2mara Municipal de Salvador. Tinoco lembrou de projeto com mesmo<\/p>\n","protected":false},"author":4,"featured_media":10788,"comment_status":"open","ping_status":"open","sticky":false,"template":"","format":"standard","meta":{"colormag_page_container_layout":"default_layout","colormag_page_sidebar_layout":"default_layout","_FSMCFIC_featured_image_caption":"","_FSMCFIC_featured_image_nocaption":"","_FSMCFIC_featured_image_hide":"","footnotes":""},"categories":[5,1],"tags":[],"class_list":["post-10787","post","type-post","status-publish","format-standard","has-post-thumbnail","hentry","category-politica","category-ultimas"],"yoast_head":"<!-- This site is optimized with the Yoast SEO plugin v27.1.1 - https:\/\/yoast.com\/product\/yoast-seo-wordpress\/ -->\n<title>Projeto de lei que garante meia-entrada para professores e educadores em Salvador \u00e9 aprovado; vereador comemora - Brasil not\u00edcias<\/title>\n<meta name=\"robots\" content=\"index, follow, max-snippet:-1, max-image-preview:large, max-video-preview:-1\" \/>\n<link rel=\"canonical\" href=\"https:\/\/brasilnoticias.org\/site\/projeto-de-lei-que-garante-meia-entrada-para-professores-e-educadores-em-salvador-e-aprovado-vereador-comemora\/\" \/>\n<meta property=\"og:locale\" content=\"pt_PT\" \/>\n<meta property=\"og:type\" content=\"article\" \/>\n<meta property=\"og:title\" content=\"Projeto de lei que garante meia-entrada para professores e educadores em Salvador \u00e9 aprovado; vereador comemora - Brasil not\u00edcias\" \/>\n<meta property=\"og:description\" content=\"A vota\u00e7\u00e3o foi realizada nesta quarta-feira (8\/11) no plen\u00e1rio da C\u00e2mara Municipal de Salvador. Tinoco lembrou de projeto com mesmo\" \/>\n<meta property=\"og:url\" content=\"https:\/\/brasilnoticias.org\/site\/projeto-de-lei-que-garante-meia-entrada-para-professores-e-educadores-em-salvador-e-aprovado-vereador-comemora\/\" \/>\n<meta property=\"og:site_name\" content=\"Brasil not\u00edcias\" \/>\n<meta property=\"article:published_time\" content=\"2023-11-09T10:00:28+00:00\" \/>\n<meta property=\"og:image\" content=\"https:\/\/brasilnoticias.org\/site\/wp-content\/uploads\/2023\/11\/imagem-destacada-ex-secretario-tinoco-e-exonerado-para-assumir-cadeira-na-camara-740x470-1.jpg\" \/>\n\t<meta property=\"og:image:width\" content=\"740\" \/>\n\t<meta property=\"og:image:height\" content=\"470\" \/>\n\t<meta property=\"og:image:type\" content=\"image\/jpeg\" \/>\n<meta name=\"author\" content=\"Reda\u00e7\u00e3o\" \/>\n<meta name=\"twitter:card\" content=\"summary_large_image\" \/>\n<meta name=\"twitter:label1\" content=\"Escrito por\" \/>\n\t<meta name=\"twitter:data1\" content=\"Reda\u00e7\u00e3o\" \/>\n<script type=\"application\/ld+json\" class=\"yoast-schema-graph\">{\"@context\":\"https:\/\/schema.org\",\"@graph\":[{\"@type\":\"Article\",\"@id\":\"https:\/\/brasilnoticias.org\/site\/projeto-de-lei-que-garante-meia-entrada-para-professores-e-educadores-em-salvador-e-aprovado-vereador-comemora\/#article\",\"isPartOf\":{\"@id\":\"https:\/\/brasilnoticias.org\/site\/projeto-de-lei-que-garante-meia-entrada-para-professores-e-educadores-em-salvador-e-aprovado-vereador-comemora\/\"},\"author\":{\"name\":\"Reda\u00e7\u00e3o\",\"@id\":\"https:\/\/brasilnoticias.org\/site\/#\/schema\/person\/03bbbfe6c7634ad18c26444ea39049fa\"},\"headline\":\"Projeto de lei que garante meia-entrada para professores e educadores em Salvador \u00e9 aprovado; vereador comemora\",\"datePublished\":\"2023-11-09T10:00:28+00:00\",\"mainEntityOfPage\":{\"@id\":\"https:\/\/brasilnoticias.org\/site\/projeto-de-lei-que-garante-meia-entrada-para-professores-e-educadores-em-salvador-e-aprovado-vereador-comemora\/\"},\"wordCount\":271,\"commentCount\":0,\"publisher\":{\"@id\":\"https:\/\/brasilnoticias.org\/site\/#organization\"},\"image\":{\"@id\":\"https:\/\/brasilnoticias.org\/site\/projeto-de-lei-que-garante-meia-entrada-para-professores-e-educadores-em-salvador-e-aprovado-vereador-comemora\/#primaryimage\"},\"thumbnailUrl\":\"https:\/\/brasilnoticias.org\/site\/wp-content\/uploads\/2023\/11\/imagem-destacada-ex-secretario-tinoco-e-exonerado-para-assumir-cadeira-na-camara-740x470-1.jpg\",\"articleSection\":[\"Pol\u00edtica\",\"\u00daltimas\"],\"inLanguage\":\"pt-PT\",\"potentialAction\":[{\"@type\":\"CommentAction\",\"name\":\"Comment\",\"target\":[\"https:\/\/brasilnoticias.org\/site\/projeto-de-lei-que-garante-meia-entrada-para-professores-e-educadores-em-salvador-e-aprovado-vereador-comemora\/#respond\"]}]},{\"@type\":\"WebPage\",\"@id\":\"https:\/\/brasilnoticias.org\/site\/projeto-de-lei-que-garante-meia-entrada-para-professores-e-educadores-em-salvador-e-aprovado-vereador-comemora\/\",\"url\":\"https:\/\/brasilnoticias.org\/site\/projeto-de-lei-que-garante-meia-entrada-para-professores-e-educadores-em-salvador-e-aprovado-vereador-comemora\/\",\"name\":\"Projeto de lei que garante meia-entrada para professores e educadores em Salvador \u00e9 aprovado; vereador comemora - Brasil not\u00edcias\",\"isPartOf\":{\"@id\":\"https:\/\/brasilnoticias.org\/site\/#website\"},\"primaryImageOfPage\":{\"@id\":\"https:\/\/brasilnoticias.org\/site\/projeto-de-lei-que-garante-meia-entrada-para-professores-e-educadores-em-salvador-e-aprovado-vereador-comemora\/#primaryimage\"},\"image\":{\"@id\":\"https:\/\/brasilnoticias.org\/site\/projeto-de-lei-que-garante-meia-entrada-para-professores-e-educadores-em-salvador-e-aprovado-vereador-comemora\/#primaryimage\"},\"thumbnailUrl\":\"https:\/\/brasilnoticias.org\/site\/wp-content\/uploads\/2023\/11\/imagem-destacada-ex-secretario-tinoco-e-exonerado-para-assumir-cadeira-na-camara-740x470-1.jpg\",\"datePublished\":\"2023-11-09T10:00:28+00:00\",\"breadcrumb\":{\"@id\":\"https:\/\/brasilnoticias.org\/site\/projeto-de-lei-que-garante-meia-entrada-para-professores-e-educadores-em-salvador-e-aprovado-vereador-comemora\/#breadcrumb\"},\"inLanguage\":\"pt-PT\",\"potentialAction\":[{\"@type\":\"ReadAction\",\"target\":[\"https:\/\/brasilnoticias.org\/site\/projeto-de-lei-que-garante-meia-entrada-para-professores-e-educadores-em-salvador-e-aprovado-vereador-comemora\/\"]}]},{\"@type\":\"ImageObject\",\"inLanguage\":\"pt-PT\",\"@id\":\"https:\/\/brasilnoticias.org\/site\/projeto-de-lei-que-garante-meia-entrada-para-professores-e-educadores-em-salvador-e-aprovado-vereador-comemora\/#primaryimage\",\"url\":\"https:\/\/brasilnoticias.org\/site\/wp-content\/uploads\/2023\/11\/imagem-destacada-ex-secretario-tinoco-e-exonerado-para-assumir-cadeira-na-camara-740x470-1.jpg\",\"contentUrl\":\"https:\/\/brasilnoticias.org\/site\/wp-content\/uploads\/2023\/11\/imagem-destacada-ex-secretario-tinoco-e-exonerado-para-assumir-cadeira-na-camara-740x470-1.jpg\",\"width\":740,\"height\":470},{\"@type\":\"BreadcrumbList\",\"@id\":\"https:\/\/brasilnoticias.org\/site\/projeto-de-lei-que-garante-meia-entrada-para-professores-e-educadores-em-salvador-e-aprovado-vereador-comemora\/#breadcrumb\",\"itemListElement\":[{\"@type\":\"ListItem\",\"position\":1,\"name\":\"In\u00edcio\",\"item\":\"https:\/\/brasilnoticias.org\/site\/\"},{\"@type\":\"ListItem\",\"position\":2,\"name\":\"Projeto de lei que garante meia-entrada para professores e educadores em Salvador \u00e9 aprovado; vereador comemora\"}]},{\"@type\":\"WebSite\",\"@id\":\"https:\/\/brasilnoticias.org\/site\/#website\",\"url\":\"https:\/\/brasilnoticias.org\/site\/\",\"name\":\"Brasil not\u00edcias\",\"description\":\"Brasil not\u00edcias\",\"publisher\":{\"@id\":\"https:\/\/brasilnoticias.org\/site\/#organization\"},\"potentialAction\":[{\"@type\":\"SearchAction\",\"target\":{\"@type\":\"EntryPoint\",\"urlTemplate\":\"https:\/\/brasilnoticias.org\/site\/?s={search_term_string}\"},\"query-input\":{\"@type\":\"PropertyValueSpecification\",\"valueRequired\":true,\"valueName\":\"search_term_string\"}}],\"inLanguage\":\"pt-PT\"},{\"@type\":\"Organization\",\"@id\":\"https:\/\/brasilnoticias.org\/site\/#organization\",\"name\":\"Brasil not\u00edcias\",\"url\":\"https:\/\/brasilnoticias.org\/site\/\",\"logo\":{\"@type\":\"ImageObject\",\"inLanguage\":\"pt-PT\",\"@id\":\"https:\/\/brasilnoticias.org\/site\/#\/schema\/logo\/image\/\",\"url\":\"https:\/\/brasilnoticias.org\/site\/wp-content\/uploads\/2022\/05\/cropped-brasilnoticias-mini.jpg\",\"contentUrl\":\"https:\/\/brasilnoticias.org\/site\/wp-content\/uploads\/2022\/05\/cropped-brasilnoticias-mini.jpg\",\"width\":314,\"height\":86,\"caption\":\"Brasil not\u00edcias\"},\"image\":{\"@id\":\"https:\/\/brasilnoticias.org\/site\/#\/schema\/logo\/image\/\"}},{\"@type\":\"Person\",\"@id\":\"https:\/\/brasilnoticias.org\/site\/#\/schema\/person\/03bbbfe6c7634ad18c26444ea39049fa\",\"name\":\"Reda\u00e7\u00e3o\",\"image\":{\"@type\":\"ImageObject\",\"inLanguage\":\"pt-PT\",\"@id\":\"https:\/\/brasilnoticias.org\/site\/#\/schema\/person\/image\/\",\"url\":\"https:\/\/secure.gravatar.com\/avatar\/9ecaf7327a696cb23ad926fedded5f1f04d7049de9e445375d55b48c001a6e42?s=96&d=mm&r=g\",\"contentUrl\":\"https:\/\/secure.gravatar.com\/avatar\/9ecaf7327a696cb23ad926fedded5f1f04d7049de9e445375d55b48c001a6e42?s=96&d=mm&r=g\",\"caption\":\"Reda\u00e7\u00e3o\"},\"url\":\"https:\/\/brasilnoticias.org\/site\/author\/henrique\/\"}]}<\/script>\n<!-- \/ Yoast SEO plugin. -->","yoast_head_json":{"title":"Projeto de lei que garante meia-entrada para professores e educadores em Salvador \u00e9 aprovado; vereador comemora - Brasil not\u00edcias","robots":{"index":"index","follow":"follow","max-snippet":"max-snippet:-1","max-image-preview":"max-image-preview:large","max-video-preview":"max-video-preview:-1"},"canonical":"https:\/\/brasilnoticias.org\/site\/projeto-de-lei-que-garante-meia-entrada-para-professores-e-educadores-em-salvador-e-aprovado-vereador-comemora\/","og_locale":"pt_PT","og_type":"article","og_title":"Projeto de lei que garante meia-entrada para professores e educadores em Salvador \u00e9 aprovado; vereador comemora - Brasil not\u00edcias","og_description":"A vota\u00e7\u00e3o foi realizada nesta quarta-feira (8\/11) no plen\u00e1rio da C\u00e2mara Municipal de Salvador. Tinoco lembrou de projeto com mesmo","og_url":"https:\/\/brasilnoticias.org\/site\/projeto-de-lei-que-garante-meia-entrada-para-professores-e-educadores-em-salvador-e-aprovado-vereador-comemora\/","og_site_name":"Brasil not\u00edcias","article_published_time":"2023-11-09T10:00:28+00:00","og_image":[{"width":740,"height":470,"url":"https:\/\/brasilnoticias.org\/site\/wp-content\/uploads\/2023\/11\/imagem-destacada-ex-secretario-tinoco-e-exonerado-para-assumir-cadeira-na-camara-740x470-1.jpg","type":"image\/jpeg"}],"author":"Reda\u00e7\u00e3o","twitter_card":"summary_large_image","twitter_misc":{"Escrito por":"Reda\u00e7\u00e3o"},"schema":{"@context":"https:\/\/schema.org","@graph":[{"@type":"Article","@id":"https:\/\/brasilnoticias.org\/site\/projeto-de-lei-que-garante-meia-entrada-para-professores-e-educadores-em-salvador-e-aprovado-vereador-comemora\/#article","isPartOf":{"@id":"https:\/\/brasilnoticias.org\/site\/projeto-de-lei-que-garante-meia-entrada-para-professores-e-educadores-em-salvador-e-aprovado-vereador-comemora\/"},"author":{"name":"Reda\u00e7\u00e3o","@id":"https:\/\/brasilnoticias.org\/site\/#\/schema\/person\/03bbbfe6c7634ad18c26444ea39049fa"},"headline":"Projeto de lei que garante meia-entrada para professores e educadores em Salvador \u00e9 aprovado; vereador comemora","datePublished":"2023-11-09T10:00:28+00:00","mainEntityOfPage":{"@id":"https:\/\/brasilnoticias.org\/site\/projeto-de-lei-que-garante-meia-entrada-para-professores-e-educadores-em-salvador-e-aprovado-vereador-comemora\/"},"wordCount":271,"commentCount":0,"publisher":{"@id":"https:\/\/brasilnoticias.org\/site\/#organization"},"image":{"@id":"https:\/\/brasilnoticias.org\/site\/projeto-de-lei-que-garante-meia-entrada-para-professores-e-educadores-em-salvador-e-aprovado-vereador-comemora\/#primaryimage"},"thumbnailUrl":"https:\/\/brasilnoticias.org\/site\/wp-content\/uploads\/2023\/11\/imagem-destacada-ex-secretario-tinoco-e-exonerado-para-assumir-cadeira-na-camara-740x470-1.jpg","articleSection":["Pol\u00edtica","\u00daltimas"],"inLanguage":"pt-PT","potentialAction":[{"@type":"CommentAction","name":"Comment","target":["https:\/\/brasilnoticias.org\/site\/projeto-de-lei-que-garante-meia-entrada-para-professores-e-educadores-em-salvador-e-aprovado-vereador-comemora\/#respond"]}]},{"@type":"WebPage","@id":"https:\/\/brasilnoticias.org\/site\/projeto-de-lei-que-garante-meia-entrada-para-professores-e-educadores-em-salvador-e-aprovado-vereador-comemora\/","url":"https:\/\/brasilnoticias.org\/site\/projeto-de-lei-que-garante-meia-entrada-para-professores-e-educadores-em-salvador-e-aprovado-vereador-comemora\/","name":"Projeto de lei que garante meia-entrada para professores e educadores em Salvador \u00e9 aprovado; vereador comemora - Brasil not\u00edcias","isPartOf":{"@id":"https:\/\/brasilnoticias.org\/site\/#website"},"primaryImageOfPage":{"@id":"https:\/\/brasilnoticias.org\/site\/projeto-de-lei-que-garante-meia-entrada-para-professores-e-educadores-em-salvador-e-aprovado-vereador-comemora\/#primaryimage"},"image":{"@id":"https:\/\/brasilnoticias.org\/site\/projeto-de-lei-que-garante-meia-entrada-para-professores-e-educadores-em-salvador-e-aprovado-vereador-comemora\/#primaryimage"},"thumbnailUrl":"https:\/\/brasilnoticias.org\/site\/wp-content\/uploads\/2023\/11\/imagem-destacada-ex-secretario-tinoco-e-exonerado-para-assumir-cadeira-na-camara-740x470-1.jpg","datePublished":"2023-11-09T10:00:28+00:00","breadcrumb":{"@id":"https:\/\/brasilnoticias.org\/site\/projeto-de-lei-que-garante-meia-entrada-para-professores-e-educadores-em-salvador-e-aprovado-vereador-comemora\/#breadcrumb"},"inLanguage":"pt-PT","potentialAction":[{"@type":"ReadAction","target":["https:\/\/brasilnoticias.org\/site\/projeto-de-lei-que-garante-meia-entrada-para-professores-e-educadores-em-salvador-e-aprovado-vereador-comemora\/"]}]},{"@type":"ImageObject","inLanguage":"pt-PT","@id":"https:\/\/brasilnoticias.org\/site\/projeto-de-lei-que-garante-meia-entrada-para-professores-e-educadores-em-salvador-e-aprovado-vereador-comemora\/#primaryimage","url":"https:\/\/brasilnoticias.org\/site\/wp-content\/uploads\/2023\/11\/imagem-destacada-ex-secretario-tinoco-e-exonerado-para-assumir-cadeira-na-camara-740x470-1.jpg","contentUrl":"https:\/\/brasilnoticias.org\/site\/wp-content\/uploads\/2023\/11\/imagem-destacada-ex-secretario-tinoco-e-exonerado-para-assumir-cadeira-na-camara-740x470-1.jpg","width":740,"height":470},{"@type":"BreadcrumbList","@id":"https:\/\/brasilnoticias.org\/site\/projeto-de-lei-que-garante-meia-entrada-para-professores-e-educadores-em-salvador-e-aprovado-vereador-comemora\/#breadcrumb","itemListElement":[{"@type":"ListItem","position":1,"name":"In\u00edcio","item":"https:\/\/brasilnoticias.org\/site\/"},{"@type":"ListItem","position":2,"name":"Projeto de lei que garante meia-entrada para professores e educadores em Salvador \u00e9 aprovado; vereador comemora"}]},{"@type":"WebSite","@id":"https:\/\/brasilnoticias.org\/site\/#website","url":"https:\/\/brasilnoticias.org\/site\/","name":"Brasil not\u00edcias","description":"Brasil not\u00edcias","publisher":{"@id":"https:\/\/brasilnoticias.org\/site\/#organization"},"potentialAction":[{"@type":"SearchAction","target":{"@type":"EntryPoint","urlTemplate":"https:\/\/brasilnoticias.org\/site\/?s={search_term_string}"},"query-input":{"@type":"PropertyValueSpecification","valueRequired":true,"valueName":"search_term_string"}}],"inLanguage":"pt-PT"},{"@type":"Organization","@id":"https:\/\/brasilnoticias.org\/site\/#organization","name":"Brasil not\u00edcias","url":"https:\/\/brasilnoticias.org\/site\/","logo":{"@type":"ImageObject","inLanguage":"pt-PT","@id":"https:\/\/brasilnoticias.org\/site\/#\/schema\/logo\/image\/","url":"https:\/\/brasilnoticias.org\/site\/wp-content\/uploads\/2022\/05\/cropped-brasilnoticias-mini.jpg","contentUrl":"https:\/\/brasilnoticias.org\/site\/wp-content\/uploads\/2022\/05\/cropped-brasilnoticias-mini.jpg","width":314,"height":86,"caption":"Brasil not\u00edcias"},"image":{"@id":"https:\/\/brasilnoticias.org\/site\/#\/schema\/logo\/image\/"}},{"@type":"Person","@id":"https:\/\/brasilnoticias.org\/site\/#\/schema\/person\/03bbbfe6c7634ad18c26444ea39049fa","name":"Reda\u00e7\u00e3o","image":{"@type":"ImageObject","inLanguage":"pt-PT","@id":"https:\/\/brasilnoticias.org\/site\/#\/schema\/person\/image\/","url":"https:\/\/secure.gravatar.com\/avatar\/9ecaf7327a696cb23ad926fedded5f1f04d7049de9e445375d55b48c001a6e42?s=96&d=mm&r=g","contentUrl":"https:\/\/secure.gravatar.com\/avatar\/9ecaf7327a696cb23ad926fedded5f1f04d7049de9e445375d55b48c001a6e42?s=96&d=mm&r=g","caption":"Reda\u00e7\u00e3o"},"url":"https:\/\/brasilnoticias.org\/site\/author\/henrique\/"}]}},"_links":{"self":[{"href":"https:\/\/brasilnoticias.org\/site\/wp-json\/wp\/v2\/posts\/10787","targetHints":{"allow":["GET"]}}],"collection":[{"href":"https:\/\/brasilnoticias.org\/site\/wp-json\/wp\/v2\/posts"}],"about":[{"href":"https:\/\/brasilnoticias.org\/site\/wp-json\/wp\/v2\/types\/post"}],"author":[{"embeddable":true,"href":"https:\/\/brasilnoticias.org\/site\/wp-json\/wp\/v2\/users\/4"}],"replies":[{"embeddable":true,"href":"https:\/\/brasilnoticias.org\/site\/wp-json\/wp\/v2\/comments?post=10787"}],"version-history":[{"count":1,"href":"https:\/\/brasilnoticias.org\/site\/wp-json\/wp\/v2\/posts\/10787\/revisions"}],"predecessor-version":[{"id":10789,"href":"https:\/\/brasilnoticias.org\/site\/wp-json\/wp\/v2\/posts\/10787\/revisions\/10789"}],"wp:featuredmedia":[{"embeddable":true,"href":"https:\/\/brasilnoticias.org\/site\/wp-json\/wp\/v2\/media\/10788"}],"wp:attachment":[{"href":"https:\/\/brasilnoticias.org\/site\/wp-json\/wp\/v2\/media?parent=10787"}],"wp:term":[{"taxonomy":"category","embeddable":true,"href":"https:\/\/brasilnoticias.org\/site\/wp-json\/wp\/v2\/categories?post=10787"},{"taxonomy":"post_tag","embeddable":true,"href":"https:\/\/brasilnoticias.org\/site\/wp-json\/wp\/v2\/tags?post=10787"}],"curies":[{"name":"wp","href":"https:\/\/api.w.org\/{rel}","templated":true}]}}