{"id":10790,"date":"2023-11-09T08:00:58","date_gmt":"2023-11-09T11:00:58","guid":{"rendered":"https:\/\/brasilnoticias.org\/site\/?p=10790"},"modified":"2023-11-08T20:18:11","modified_gmt":"2023-11-08T23:18:11","slug":"tem-respaldo-estatutario-afirma-padre-edson-sobre-suspensao-de-intervencao-na-irmandade-do-senhor-do-bonfim","status":"publish","type":"post","link":"https:\/\/brasilnoticias.org\/site\/tem-respaldo-estatutario-afirma-padre-edson-sobre-suspensao-de-intervencao-na-irmandade-do-senhor-do-bonfim\/","title":{"rendered":"\u2018Tem respaldo estatut\u00e1rio\u2019, afirma Padre Edson sobre suspens\u00e3o de interven\u00e7\u00e3o na Irmandade do Senhor do Bonfim"},"content":{"rendered":"<p>Em maio, a Irmandade do Senhor do Bonfim convocou reuni\u00e3o emergencial para tratar de mudan\u00e7as nos poderes institu\u00eddos ao padre<\/p>\n<p>Com a liminar que suspendeu a interven\u00e7\u00e3o promovida pela Arquidiocese de Salvador na Irmandade Devo\u00e7\u00e3o do Senhor do Bonfim, a disputa iniciada em maio ganhou mais um desdobramento. A medida assinada pelo Arcebispo Dom S\u00e9rgio da Rocha, no m\u00eas de agosto, nomeou o C\u00f4nego Jos\u00e9 Abel Carvalho Pinheiro para intervir na Irmandade e avaliar a situa\u00e7\u00e3o entre o grupo e o reitor da Bas\u00edlica do Bonfim, Padre Edson Menezes. Nessa ter\u00e7a-feira (7\/11), uma decis\u00e3o da 6\u00aa Vara C\u00edvel de Salvador derrubou a a\u00e7\u00e3o arquidiocesana.<\/p>\n<p>A decis\u00e3o, assinada pelo juiz Carlos Cerqueira Jr, acata um pedido de membros da irmandade contra a interven\u00e7\u00e3o. Em entrevista ao Aratu On, Padre Edson afirmou que \u201ca interven\u00e7\u00e3o tem o respaldo estatut\u00e1rio, pois, no Estatuto da Devo\u00e7\u00e3o [do Senhor do Bonfim], o Cardeal \u00e9 a autoridade m\u00e1xima e \u00e9 aquela autoridade decidida\u201d.<\/p>\n<p>Segundo o religioso, a interven\u00e7\u00e3o do Cardeal pode acontecer \u201cem qualquer situa\u00e7\u00e3o em que n\u00e3o haja um consenso e n\u00e3o haja um entendimento\u201d, bem como atentou ao fato de que \u201ca devo\u00e7\u00e3o do Senhor do Bonfim \u00e9 uma organiza\u00e7\u00e3o religiosa, portanto, ela deve ser conduzida pelo Direito Can\u00f4nico\u201d.<\/p>\n<p>RELEMBRE O CASO<\/p>\n<p>Em maio deste ano, a Irmandade do Senhor do Bonfim lan\u00e7ou um edital para convocar uma reuni\u00e3o emergencial com o objetivo de tratar de mudan\u00e7as nos poderes institu\u00eddos ao reitor do templo. Para alguns volunt\u00e1rios, o padre estaria sendo v\u00edtima de persegui\u00e7\u00e3o por parte de alguns membros da Irmandade.<\/p>\n<p>No edital, a irmandade proibia que o padre Edson Menezes realizasse coletas de doa\u00e7\u00f5es dos fi\u00e9is e fechou as lojas que vendiam acess\u00f3rios e objetos religiosos de devo\u00e7\u00e3o ao Senhor do Bonfim, criadas e comandadas pelo sacerdote. Al\u00e9m disso, limitava a\u00e7\u00f5es administrativas, sociais e religiosas do padre.<\/p>\n<p>\u201cQuero esclarecer que n\u00e3o \u00e9 um problema da Irmandade como um todo. S\u00e3o algumas pessoas, precisamente, 14 ou 15 pessoas que realmente n\u00e3o vivem o dia a dia da Igreja do Bonfim. S\u00e3o pessoas que, na verdade, n\u00e3o me conhecem, n\u00e3o sabem do trabalho que n\u00f3s realizamos\u201d, desabafou o Padre ao Aratu On.<\/p>\n<p>O sacerdote, que tamb\u00e9m n\u00e3o concordou com a decis\u00e3o, atribuiu a quest\u00e3o ao que chamou de \u201cinveja, preconceito e disputa de poder\u201d. \u201cMas, eu n\u00e3o estou aqui para disputar poder com ningu\u00e9m. Eu tenho poder do minist\u00e9rio sacerdotal que me foi dado pela Igreja e eu estou aqui para cumprir uma miss\u00e3o\u201d, disse \u00e0 reportagem da TV Aratu. Padre Edson Menezes est\u00e1 \u00e0 frente da Bas\u00edlica do Senhor do Bonfim h\u00e1 16 anos.<\/p>\n<p>Ele acredita que \u201cinteresses particulares\u201d motivaram a a\u00e7\u00e3o contra ele, em uma esp\u00e9cie de a\u00e7\u00e3o contr\u00e1ria ao trabalho feito \u00e0 frente da Igreja do Bonfim. \u201cEu entendo que \u00e9 tamb\u00e9m uma rea\u00e7\u00e3o contr\u00e1ria a todo trabalho que eu venho fazendo e que certamente essas pessoas n\u00e3o concordam. Porque s\u00e3o preconceituosas, intolerantes e n\u00e3o compreendem essa miss\u00e3o e particularidade da Igreja do Bonfim, essa abertura que n\u00f3s fomos oferecendo com o passar do tempo.\u201d<\/p>\n<p>No \u00faltimo dia 28 de outubro, foram eleitos os novos membros da diretoria da Devo\u00e7\u00e3o. Eles foram escolhidos por voto e aguardam a oficializa\u00e7\u00e3o, que ocorre por meio do decreto de nomea\u00e7\u00e3o assinado pelo Cardeal Dom Sergio da Rocha.<\/p>\n<p>Foto: Ilustrativa\/Lara Linhares -TV Aratu<br \/>\nAratu On<\/p>\n","protected":false},"excerpt":{"rendered":"<p>Em maio, a Irmandade do Senhor do Bonfim convocou reuni\u00e3o emergencial para tratar de mudan\u00e7as nos poderes institu\u00eddos ao padre<\/p>\n","protected":false},"author":4,"featured_media":10791,"comment_status":"open","ping_status":"open","sticky":false,"template":"","format":"standard","meta":{"colormag_page_container_layout":"default_layout","colormag_page_sidebar_layout":"default_layout","_FSMCFIC_featured_image_caption":"","_FSMCFIC_featured_image_nocaption":"","_FSMCFIC_featured_image_hide":"","footnotes":""},"categories":[2,1],"tags":[],"class_list":["post-10790","post","type-post","status-publish","format-standard","has-post-thumbnail","hentry","category-noticias","category-ultimas"],"yoast_head":"<!-- This site is optimized with the Yoast SEO plugin v27.1.1 - https:\/\/yoast.com\/product\/yoast-seo-wordpress\/ -->\n<title>\u2018Tem respaldo estatut\u00e1rio\u2019, afirma Padre Edson sobre suspens\u00e3o de interven\u00e7\u00e3o na Irmandade do Senhor do Bonfim - Brasil not\u00edcias<\/title>\n<meta name=\"robots\" content=\"index, follow, max-snippet:-1, max-image-preview:large, max-video-preview:-1\" \/>\n<link rel=\"canonical\" href=\"https:\/\/brasilnoticias.org\/site\/tem-respaldo-estatutario-afirma-padre-edson-sobre-suspensao-de-intervencao-na-irmandade-do-senhor-do-bonfim\/\" \/>\n<meta property=\"og:locale\" content=\"pt_PT\" \/>\n<meta property=\"og:type\" content=\"article\" \/>\n<meta property=\"og:title\" content=\"\u2018Tem respaldo estatut\u00e1rio\u2019, afirma Padre Edson sobre suspens\u00e3o de interven\u00e7\u00e3o na Irmandade do Senhor do Bonfim - Brasil not\u00edcias\" \/>\n<meta property=\"og:description\" content=\"Em maio, a Irmandade do Senhor do Bonfim convocou reuni\u00e3o emergencial para tratar de mudan\u00e7as nos poderes institu\u00eddos ao padre\" \/>\n<meta property=\"og:url\" content=\"https:\/\/brasilnoticias.org\/site\/tem-respaldo-estatutario-afirma-padre-edson-sobre-suspensao-de-intervencao-na-irmandade-do-senhor-do-bonfim\/\" \/>\n<meta property=\"og:site_name\" content=\"Brasil not\u00edcias\" \/>\n<meta property=\"article:published_time\" content=\"2023-11-09T11:00:58+00:00\" \/>\n<meta property=\"og:image\" content=\"https:\/\/brasilnoticias.org\/site\/wp-content\/uploads\/2023\/11\/BONFIM-1.jpg\" \/>\n\t<meta property=\"og:image:width\" content=\"740\" \/>\n\t<meta property=\"og:image:height\" content=\"470\" \/>\n\t<meta property=\"og:image:type\" content=\"image\/jpeg\" \/>\n<meta name=\"author\" content=\"Reda\u00e7\u00e3o\" \/>\n<meta name=\"twitter:card\" content=\"summary_large_image\" \/>\n<meta name=\"twitter:label1\" content=\"Escrito por\" \/>\n\t<meta name=\"twitter:data1\" content=\"Reda\u00e7\u00e3o\" \/>\n<script type=\"application\/ld+json\" class=\"yoast-schema-graph\">{\"@context\":\"https:\/\/schema.org\",\"@graph\":[{\"@type\":\"Article\",\"@id\":\"https:\/\/brasilnoticias.org\/site\/tem-respaldo-estatutario-afirma-padre-edson-sobre-suspensao-de-intervencao-na-irmandade-do-senhor-do-bonfim\/#article\",\"isPartOf\":{\"@id\":\"https:\/\/brasilnoticias.org\/site\/tem-respaldo-estatutario-afirma-padre-edson-sobre-suspensao-de-intervencao-na-irmandade-do-senhor-do-bonfim\/\"},\"author\":{\"name\":\"Reda\u00e7\u00e3o\",\"@id\":\"https:\/\/brasilnoticias.org\/site\/#\/schema\/person\/03bbbfe6c7634ad18c26444ea39049fa\"},\"headline\":\"\u2018Tem respaldo estatut\u00e1rio\u2019, afirma Padre Edson sobre suspens\u00e3o de interven\u00e7\u00e3o na Irmandade do Senhor do Bonfim\",\"datePublished\":\"2023-11-09T11:00:58+00:00\",\"mainEntityOfPage\":{\"@id\":\"https:\/\/brasilnoticias.org\/site\/tem-respaldo-estatutario-afirma-padre-edson-sobre-suspensao-de-intervencao-na-irmandade-do-senhor-do-bonfim\/\"},\"wordCount\":626,\"commentCount\":0,\"publisher\":{\"@id\":\"https:\/\/brasilnoticias.org\/site\/#organization\"},\"image\":{\"@id\":\"https:\/\/brasilnoticias.org\/site\/tem-respaldo-estatutario-afirma-padre-edson-sobre-suspensao-de-intervencao-na-irmandade-do-senhor-do-bonfim\/#primaryimage\"},\"thumbnailUrl\":\"https:\/\/brasilnoticias.org\/site\/wp-content\/uploads\/2023\/11\/BONFIM-1.jpg\",\"articleSection\":[\"Not\u00edcias\",\"\u00daltimas\"],\"inLanguage\":\"pt-PT\",\"potentialAction\":[{\"@type\":\"CommentAction\",\"name\":\"Comment\",\"target\":[\"https:\/\/brasilnoticias.org\/site\/tem-respaldo-estatutario-afirma-padre-edson-sobre-suspensao-de-intervencao-na-irmandade-do-senhor-do-bonfim\/#respond\"]}]},{\"@type\":\"WebPage\",\"@id\":\"https:\/\/brasilnoticias.org\/site\/tem-respaldo-estatutario-afirma-padre-edson-sobre-suspensao-de-intervencao-na-irmandade-do-senhor-do-bonfim\/\",\"url\":\"https:\/\/brasilnoticias.org\/site\/tem-respaldo-estatutario-afirma-padre-edson-sobre-suspensao-de-intervencao-na-irmandade-do-senhor-do-bonfim\/\",\"name\":\"\u2018Tem respaldo estatut\u00e1rio\u2019, afirma Padre Edson sobre suspens\u00e3o de interven\u00e7\u00e3o na Irmandade do Senhor do Bonfim - Brasil not\u00edcias\",\"isPartOf\":{\"@id\":\"https:\/\/brasilnoticias.org\/site\/#website\"},\"primaryImageOfPage\":{\"@id\":\"https:\/\/brasilnoticias.org\/site\/tem-respaldo-estatutario-afirma-padre-edson-sobre-suspensao-de-intervencao-na-irmandade-do-senhor-do-bonfim\/#primaryimage\"},\"image\":{\"@id\":\"https:\/\/brasilnoticias.org\/site\/tem-respaldo-estatutario-afirma-padre-edson-sobre-suspensao-de-intervencao-na-irmandade-do-senhor-do-bonfim\/#primaryimage\"},\"thumbnailUrl\":\"https:\/\/brasilnoticias.org\/site\/wp-content\/uploads\/2023\/11\/BONFIM-1.jpg\",\"datePublished\":\"2023-11-09T11:00:58+00:00\",\"breadcrumb\":{\"@id\":\"https:\/\/brasilnoticias.org\/site\/tem-respaldo-estatutario-afirma-padre-edson-sobre-suspensao-de-intervencao-na-irmandade-do-senhor-do-bonfim\/#breadcrumb\"},\"inLanguage\":\"pt-PT\",\"potentialAction\":[{\"@type\":\"ReadAction\",\"target\":[\"https:\/\/brasilnoticias.org\/site\/tem-respaldo-estatutario-afirma-padre-edson-sobre-suspensao-de-intervencao-na-irmandade-do-senhor-do-bonfim\/\"]}]},{\"@type\":\"ImageObject\",\"inLanguage\":\"pt-PT\",\"@id\":\"https:\/\/brasilnoticias.org\/site\/tem-respaldo-estatutario-afirma-padre-edson-sobre-suspensao-de-intervencao-na-irmandade-do-senhor-do-bonfim\/#primaryimage\",\"url\":\"https:\/\/brasilnoticias.org\/site\/wp-content\/uploads\/2023\/11\/BONFIM-1.jpg\",\"contentUrl\":\"https:\/\/brasilnoticias.org\/site\/wp-content\/uploads\/2023\/11\/BONFIM-1.jpg\",\"width\":740,\"height\":470},{\"@type\":\"BreadcrumbList\",\"@id\":\"https:\/\/brasilnoticias.org\/site\/tem-respaldo-estatutario-afirma-padre-edson-sobre-suspensao-de-intervencao-na-irmandade-do-senhor-do-bonfim\/#breadcrumb\",\"itemListElement\":[{\"@type\":\"ListItem\",\"position\":1,\"name\":\"In\u00edcio\",\"item\":\"https:\/\/brasilnoticias.org\/site\/\"},{\"@type\":\"ListItem\",\"position\":2,\"name\":\"\u2018Tem respaldo estatut\u00e1rio\u2019, afirma Padre Edson sobre suspens\u00e3o de interven\u00e7\u00e3o na Irmandade do Senhor do Bonfim\"}]},{\"@type\":\"WebSite\",\"@id\":\"https:\/\/brasilnoticias.org\/site\/#website\",\"url\":\"https:\/\/brasilnoticias.org\/site\/\",\"name\":\"Brasil not\u00edcias\",\"description\":\"Brasil not\u00edcias\",\"publisher\":{\"@id\":\"https:\/\/brasilnoticias.org\/site\/#organization\"},\"potentialAction\":[{\"@type\":\"SearchAction\",\"target\":{\"@type\":\"EntryPoint\",\"urlTemplate\":\"https:\/\/brasilnoticias.org\/site\/?s={search_term_string}\"},\"query-input\":{\"@type\":\"PropertyValueSpecification\",\"valueRequired\":true,\"valueName\":\"search_term_string\"}}],\"inLanguage\":\"pt-PT\"},{\"@type\":\"Organization\",\"@id\":\"https:\/\/brasilnoticias.org\/site\/#organization\",\"name\":\"Brasil not\u00edcias\",\"url\":\"https:\/\/brasilnoticias.org\/site\/\",\"logo\":{\"@type\":\"ImageObject\",\"inLanguage\":\"pt-PT\",\"@id\":\"https:\/\/brasilnoticias.org\/site\/#\/schema\/logo\/image\/\",\"url\":\"https:\/\/brasilnoticias.org\/site\/wp-content\/uploads\/2022\/05\/cropped-brasilnoticias-mini.jpg\",\"contentUrl\":\"https:\/\/brasilnoticias.org\/site\/wp-content\/uploads\/2022\/05\/cropped-brasilnoticias-mini.jpg\",\"width\":314,\"height\":86,\"caption\":\"Brasil not\u00edcias\"},\"image\":{\"@id\":\"https:\/\/brasilnoticias.org\/site\/#\/schema\/logo\/image\/\"}},{\"@type\":\"Person\",\"@id\":\"https:\/\/brasilnoticias.org\/site\/#\/schema\/person\/03bbbfe6c7634ad18c26444ea39049fa\",\"name\":\"Reda\u00e7\u00e3o\",\"image\":{\"@type\":\"ImageObject\",\"inLanguage\":\"pt-PT\",\"@id\":\"https:\/\/brasilnoticias.org\/site\/#\/schema\/person\/image\/\",\"url\":\"https:\/\/secure.gravatar.com\/avatar\/9ecaf7327a696cb23ad926fedded5f1f04d7049de9e445375d55b48c001a6e42?s=96&d=mm&r=g\",\"contentUrl\":\"https:\/\/secure.gravatar.com\/avatar\/9ecaf7327a696cb23ad926fedded5f1f04d7049de9e445375d55b48c001a6e42?s=96&d=mm&r=g\",\"caption\":\"Reda\u00e7\u00e3o\"},\"url\":\"https:\/\/brasilnoticias.org\/site\/author\/henrique\/\"}]}<\/script>\n<!-- \/ Yoast SEO plugin. -->","yoast_head_json":{"title":"\u2018Tem respaldo estatut\u00e1rio\u2019, afirma Padre Edson sobre suspens\u00e3o de interven\u00e7\u00e3o na Irmandade do Senhor do Bonfim - Brasil not\u00edcias","robots":{"index":"index","follow":"follow","max-snippet":"max-snippet:-1","max-image-preview":"max-image-preview:large","max-video-preview":"max-video-preview:-1"},"canonical":"https:\/\/brasilnoticias.org\/site\/tem-respaldo-estatutario-afirma-padre-edson-sobre-suspensao-de-intervencao-na-irmandade-do-senhor-do-bonfim\/","og_locale":"pt_PT","og_type":"article","og_title":"\u2018Tem respaldo estatut\u00e1rio\u2019, afirma Padre Edson sobre suspens\u00e3o de interven\u00e7\u00e3o na Irmandade do Senhor do Bonfim - Brasil not\u00edcias","og_description":"Em maio, a Irmandade do Senhor do Bonfim convocou reuni\u00e3o emergencial para tratar de mudan\u00e7as nos poderes institu\u00eddos ao padre","og_url":"https:\/\/brasilnoticias.org\/site\/tem-respaldo-estatutario-afirma-padre-edson-sobre-suspensao-de-intervencao-na-irmandade-do-senhor-do-bonfim\/","og_site_name":"Brasil not\u00edcias","article_published_time":"2023-11-09T11:00:58+00:00","og_image":[{"width":740,"height":470,"url":"https:\/\/brasilnoticias.org\/site\/wp-content\/uploads\/2023\/11\/BONFIM-1.jpg","type":"image\/jpeg"}],"author":"Reda\u00e7\u00e3o","twitter_card":"summary_large_image","twitter_misc":{"Escrito por":"Reda\u00e7\u00e3o"},"schema":{"@context":"https:\/\/schema.org","@graph":[{"@type":"Article","@id":"https:\/\/brasilnoticias.org\/site\/tem-respaldo-estatutario-afirma-padre-edson-sobre-suspensao-de-intervencao-na-irmandade-do-senhor-do-bonfim\/#article","isPartOf":{"@id":"https:\/\/brasilnoticias.org\/site\/tem-respaldo-estatutario-afirma-padre-edson-sobre-suspensao-de-intervencao-na-irmandade-do-senhor-do-bonfim\/"},"author":{"name":"Reda\u00e7\u00e3o","@id":"https:\/\/brasilnoticias.org\/site\/#\/schema\/person\/03bbbfe6c7634ad18c26444ea39049fa"},"headline":"\u2018Tem respaldo estatut\u00e1rio\u2019, afirma Padre Edson sobre suspens\u00e3o de interven\u00e7\u00e3o na Irmandade do Senhor do Bonfim","datePublished":"2023-11-09T11:00:58+00:00","mainEntityOfPage":{"@id":"https:\/\/brasilnoticias.org\/site\/tem-respaldo-estatutario-afirma-padre-edson-sobre-suspensao-de-intervencao-na-irmandade-do-senhor-do-bonfim\/"},"wordCount":626,"commentCount":0,"publisher":{"@id":"https:\/\/brasilnoticias.org\/site\/#organization"},"image":{"@id":"https:\/\/brasilnoticias.org\/site\/tem-respaldo-estatutario-afirma-padre-edson-sobre-suspensao-de-intervencao-na-irmandade-do-senhor-do-bonfim\/#primaryimage"},"thumbnailUrl":"https:\/\/brasilnoticias.org\/site\/wp-content\/uploads\/2023\/11\/BONFIM-1.jpg","articleSection":["Not\u00edcias","\u00daltimas"],"inLanguage":"pt-PT","potentialAction":[{"@type":"CommentAction","name":"Comment","target":["https:\/\/brasilnoticias.org\/site\/tem-respaldo-estatutario-afirma-padre-edson-sobre-suspensao-de-intervencao-na-irmandade-do-senhor-do-bonfim\/#respond"]}]},{"@type":"WebPage","@id":"https:\/\/brasilnoticias.org\/site\/tem-respaldo-estatutario-afirma-padre-edson-sobre-suspensao-de-intervencao-na-irmandade-do-senhor-do-bonfim\/","url":"https:\/\/brasilnoticias.org\/site\/tem-respaldo-estatutario-afirma-padre-edson-sobre-suspensao-de-intervencao-na-irmandade-do-senhor-do-bonfim\/","name":"\u2018Tem respaldo estatut\u00e1rio\u2019, afirma Padre Edson sobre suspens\u00e3o de interven\u00e7\u00e3o na Irmandade do Senhor do Bonfim - Brasil not\u00edcias","isPartOf":{"@id":"https:\/\/brasilnoticias.org\/site\/#website"},"primaryImageOfPage":{"@id":"https:\/\/brasilnoticias.org\/site\/tem-respaldo-estatutario-afirma-padre-edson-sobre-suspensao-de-intervencao-na-irmandade-do-senhor-do-bonfim\/#primaryimage"},"image":{"@id":"https:\/\/brasilnoticias.org\/site\/tem-respaldo-estatutario-afirma-padre-edson-sobre-suspensao-de-intervencao-na-irmandade-do-senhor-do-bonfim\/#primaryimage"},"thumbnailUrl":"https:\/\/brasilnoticias.org\/site\/wp-content\/uploads\/2023\/11\/BONFIM-1.jpg","datePublished":"2023-11-09T11:00:58+00:00","breadcrumb":{"@id":"https:\/\/brasilnoticias.org\/site\/tem-respaldo-estatutario-afirma-padre-edson-sobre-suspensao-de-intervencao-na-irmandade-do-senhor-do-bonfim\/#breadcrumb"},"inLanguage":"pt-PT","potentialAction":[{"@type":"ReadAction","target":["https:\/\/brasilnoticias.org\/site\/tem-respaldo-estatutario-afirma-padre-edson-sobre-suspensao-de-intervencao-na-irmandade-do-senhor-do-bonfim\/"]}]},{"@type":"ImageObject","inLanguage":"pt-PT","@id":"https:\/\/brasilnoticias.org\/site\/tem-respaldo-estatutario-afirma-padre-edson-sobre-suspensao-de-intervencao-na-irmandade-do-senhor-do-bonfim\/#primaryimage","url":"https:\/\/brasilnoticias.org\/site\/wp-content\/uploads\/2023\/11\/BONFIM-1.jpg","contentUrl":"https:\/\/brasilnoticias.org\/site\/wp-content\/uploads\/2023\/11\/BONFIM-1.jpg","width":740,"height":470},{"@type":"BreadcrumbList","@id":"https:\/\/brasilnoticias.org\/site\/tem-respaldo-estatutario-afirma-padre-edson-sobre-suspensao-de-intervencao-na-irmandade-do-senhor-do-bonfim\/#breadcrumb","itemListElement":[{"@type":"ListItem","position":1,"name":"In\u00edcio","item":"https:\/\/brasilnoticias.org\/site\/"},{"@type":"ListItem","position":2,"name":"\u2018Tem respaldo estatut\u00e1rio\u2019, afirma Padre Edson sobre suspens\u00e3o de interven\u00e7\u00e3o na Irmandade do Senhor do Bonfim"}]},{"@type":"WebSite","@id":"https:\/\/brasilnoticias.org\/site\/#website","url":"https:\/\/brasilnoticias.org\/site\/","name":"Brasil not\u00edcias","description":"Brasil not\u00edcias","publisher":{"@id":"https:\/\/brasilnoticias.org\/site\/#organization"},"potentialAction":[{"@type":"SearchAction","target":{"@type":"EntryPoint","urlTemplate":"https:\/\/brasilnoticias.org\/site\/?s={search_term_string}"},"query-input":{"@type":"PropertyValueSpecification","valueRequired":true,"valueName":"search_term_string"}}],"inLanguage":"pt-PT"},{"@type":"Organization","@id":"https:\/\/brasilnoticias.org\/site\/#organization","name":"Brasil not\u00edcias","url":"https:\/\/brasilnoticias.org\/site\/","logo":{"@type":"ImageObject","inLanguage":"pt-PT","@id":"https:\/\/brasilnoticias.org\/site\/#\/schema\/logo\/image\/","url":"https:\/\/brasilnoticias.org\/site\/wp-content\/uploads\/2022\/05\/cropped-brasilnoticias-mini.jpg","contentUrl":"https:\/\/brasilnoticias.org\/site\/wp-content\/uploads\/2022\/05\/cropped-brasilnoticias-mini.jpg","width":314,"height":86,"caption":"Brasil not\u00edcias"},"image":{"@id":"https:\/\/brasilnoticias.org\/site\/#\/schema\/logo\/image\/"}},{"@type":"Person","@id":"https:\/\/brasilnoticias.org\/site\/#\/schema\/person\/03bbbfe6c7634ad18c26444ea39049fa","name":"Reda\u00e7\u00e3o","image":{"@type":"ImageObject","inLanguage":"pt-PT","@id":"https:\/\/brasilnoticias.org\/site\/#\/schema\/person\/image\/","url":"https:\/\/secure.gravatar.com\/avatar\/9ecaf7327a696cb23ad926fedded5f1f04d7049de9e445375d55b48c001a6e42?s=96&d=mm&r=g","contentUrl":"https:\/\/secure.gravatar.com\/avatar\/9ecaf7327a696cb23ad926fedded5f1f04d7049de9e445375d55b48c001a6e42?s=96&d=mm&r=g","caption":"Reda\u00e7\u00e3o"},"url":"https:\/\/brasilnoticias.org\/site\/author\/henrique\/"}]}},"_links":{"self":[{"href":"https:\/\/brasilnoticias.org\/site\/wp-json\/wp\/v2\/posts\/10790","targetHints":{"allow":["GET"]}}],"collection":[{"href":"https:\/\/brasilnoticias.org\/site\/wp-json\/wp\/v2\/posts"}],"about":[{"href":"https:\/\/brasilnoticias.org\/site\/wp-json\/wp\/v2\/types\/post"}],"author":[{"embeddable":true,"href":"https:\/\/brasilnoticias.org\/site\/wp-json\/wp\/v2\/users\/4"}],"replies":[{"embeddable":true,"href":"https:\/\/brasilnoticias.org\/site\/wp-json\/wp\/v2\/comments?post=10790"}],"version-history":[{"count":2,"href":"https:\/\/brasilnoticias.org\/site\/wp-json\/wp\/v2\/posts\/10790\/revisions"}],"predecessor-version":[{"id":10793,"href":"https:\/\/brasilnoticias.org\/site\/wp-json\/wp\/v2\/posts\/10790\/revisions\/10793"}],"wp:featuredmedia":[{"embeddable":true,"href":"https:\/\/brasilnoticias.org\/site\/wp-json\/wp\/v2\/media\/10791"}],"wp:attachment":[{"href":"https:\/\/brasilnoticias.org\/site\/wp-json\/wp\/v2\/media?parent=10790"}],"wp:term":[{"taxonomy":"category","embeddable":true,"href":"https:\/\/brasilnoticias.org\/site\/wp-json\/wp\/v2\/categories?post=10790"},{"taxonomy":"post_tag","embeddable":true,"href":"https:\/\/brasilnoticias.org\/site\/wp-json\/wp\/v2\/tags?post=10790"}],"curies":[{"name":"wp","href":"https:\/\/api.w.org\/{rel}","templated":true}]}}