{"id":10794,"date":"2023-11-09T09:00:16","date_gmt":"2023-11-09T12:00:16","guid":{"rendered":"https:\/\/brasilnoticias.org\/site\/?p=10794"},"modified":"2023-11-08T20:21:07","modified_gmt":"2023-11-08T23:21:07","slug":"mater-dei-salvador-faz-cirurgia-robotica-toracica-em-crianca-de-apenas-16-meses","status":"publish","type":"post","link":"https:\/\/brasilnoticias.org\/site\/mater-dei-salvador-faz-cirurgia-robotica-toracica-em-crianca-de-apenas-16-meses\/","title":{"rendered":"Mater Dei Salvador faz cirurgia rob\u00f3tica tor\u00e1cica em crian\u00e7a de apenas 16 meses"},"content":{"rendered":"<p>O procedimento, considerado bem sucedido, foi feito por uma equipe multidisciplinar do hospital<\/p>\n<p>O Hospital Mater Dei Salvador realizou uma cirurgia rob\u00f3tica tor\u00e1cica em uma crian\u00e7a de apenas 16 meses de idade. O procedimento, considerado bem sucedido, foi feito por uma equipe multidisciplinar da unidade de sa\u00fade, que completou recentemente um ano de opera\u00e7\u00e3o na capital baiana, e contou com uso proativo da tecnologia para garantir maior qualidade no atendimento.<\/p>\n<p>A crian\u00e7a deu entrada no pronto-socorro do Mater Dei Salvador apresentando quadro de tosse e febre. Ap\u00f3s realiza\u00e7\u00e3o de exames de imagem, foi constatada uma massa na regi\u00e3o do t\u00f3rax. A equipe composta por pediatras, cirurgi\u00f5es tor\u00e1cicos e oncologistas optou pela remo\u00e7\u00e3o imediata do tumor, julgando que a forma mais segura para o paciente seria atrav\u00e9s da cirurgia rob\u00f3tica. Ap\u00f3s a an\u00e1lise do tecido retirado, verificou-se que a massa se tratava de linfangioma cavernoso mediastinal, cujo tratamento padr\u00e3o \u00e9 justamente a excis\u00e3o total.<\/p>\n<p>A op\u00e7\u00e3o pela cirurgia tor\u00e1cica rob\u00f3tica, portanto, foi excelente, assim como a recupera\u00e7\u00e3o do paciente: teve alta da UTI no mesmo dia e alta hospitalar no terceiro dia, confirmando que o investimento em treinamento e tecnologia traz benef\u00edcios para a equipe m\u00e9dica e para o paciente, tanto na tomada de decis\u00e3o e no procedimento como no p\u00f3s-operat\u00f3rio, conforme destaca Jos\u00e9 Henrique Salvador, diretor de opera\u00e7\u00f5es da Rede Mater Dei.<\/p>\n<p>\u201cA gente tem evolu\u00eddo bastante em cirurgia rob\u00f3tica. Nossos \u00edndices mostrados no anu\u00e1rio demonstram o tanto que estamos conseguindo envolver as equipes multidisciplinares nas reuni\u00f5es cl\u00ednicas antes da realiza\u00e7\u00e3o das cirurgias e o quanto isso tem sido importante\u201d, ressalta.<\/p>\n<p>De acordo com a literatura m\u00e9dica, a cirurgia rob\u00f3tica proporciona diminui\u00e7\u00e3o de dor e desconforto e menor taxa de infec\u00e7\u00e3o no p\u00f3s-operat\u00f3rio, menor sangramento durante o procedimento e menos tempo de hospitaliza\u00e7\u00e3o. A Rede Mater Dei disp\u00f5e de tr\u00eas salas de cirurgia rob\u00f3tica no total, realizou 663 procedimentos no \u00faltimo ano e atua com dois modelos de rob\u00f4, Da Vinci e Maki.<\/p>\n<p>\u201cRecentemente em Salvador abrimos os setores de hemodi\u00e1lise, reprodu\u00e7\u00e3o humana e medicina nuclear com PET-CT. A nossa radioterapia j\u00e1 est\u00e1 em funcionamento h\u00e1 alguns meses, e agora estamos abrindo mais 10 leitos de CTI. Ent\u00e3o, estamos pr\u00f3ximos de ter o hospital oferecendo toda a gama de servi\u00e7os que a gente preconiza para ele\u201d, diz Jos\u00e9 Henrique Salvador.<\/p>\n<p>Os dados publicados no Anu\u00e1rio de Excel\u00eancia Cl\u00ednica 2023 da Rede Mater Dei de Sa\u00fade apontaram para resultados acima das expectativas nas duas unidades baianas, localizadas em Salvador e Feira de Santana. Em seu primeiro ano, o Mater Dei Salvador apresentou indicadores positivos, inclusive melhores que os \u00edndices de refer\u00eancia, retirados de um estudo da European Urology em 2023: m\u00e9dia de perman\u00eancia de interna\u00e7\u00e3o de 1,96 dias (refer\u00eancia \u00e9 de 2 dias), infec\u00e7\u00e3o de s\u00edtio cir\u00fargico de 0,68% (refer\u00eancia de 4%), taxa de mortalidade de 0% (refer\u00eancia de 0,097%) e reinterna\u00e7\u00e3o em 30 dias de 0,7% (refer\u00eancia 3-5%).<\/p>\n<p>A Mater Dei \u00e9 uma das maiores redes de sa\u00fade do Brasil em n\u00famero de leitos privados, tendo nove hospitais em quatro estados do pa\u00eds: Minas, Goi\u00e1s, Bahia e Par\u00e1. Atualmente, tem estrutura de 1.926 leitos de interna\u00e7\u00e3o; 571 leitos de UTI adulto, pedi\u00e1trico e neonatal; 131 salas cir\u00fargicas; e 13 salas de hemodin\u00e2mica. O parque de diagn\u00f3stico tem 25 resson\u00e2ncias magn\u00e9ticas, 23 tomografias computadorizadas e 3 PET-CT.<\/p>\n<p>Natural de Belo Horizonte, a rede come\u00e7ou a sua expans\u00e3o nos anos 2000 ainda dentro de Minas Gerais, e tornou-se regional com a abertura da unidade de Goi\u00e2nia, em 2013. Agora, s\u00e3o duas metas: a primeira, fortalecer a presen\u00e7a nos estados e regi\u00f5es j\u00e1 contempladas.<\/p>\n<p>\u201cVamos inaugurar em 2024 um novo hospital, em Nova Lima, regi\u00e3o metropolitana de Belo Horizonte. Por\u00e9m, estamos crescendo bastante tamb\u00e9m nas unidades que a gente j\u00e1 tinha adquirido ou constru\u00eddo, num conceito chamado de Brown Fields, que consiste em crescer em cima das unidades j\u00e1 existentes. Ent\u00e3o, o nosso foco imediato \u00e9 expandir os servi\u00e7os e a nossa capacidade de amplia\u00e7\u00e3o, fortalecendo as unidades e \u2018hubs\u2019 de sa\u00fade da Mater Dei\u201d, afirma Jos\u00e9 Henrique Salvador.<\/p>\n<p>Mas, segundo o diretor de opera\u00e7\u00f5es, \u00e9 fundamental atentar a novas oportunidades em outras pra\u00e7as. \u201cA Rede Mater Dei cada vez mais se posiciona como uma plataforma consolidadora de hospitais, e estamos sempre atentos \u00e0s oportunidades que podem surgir para fortalecer esse nosso posicionamento. Seja nas pra\u00e7as em que a gente j\u00e1 est\u00e1, que s\u00e3o a nossa prioridade neste momento, mas tamb\u00e9m estudando eventuais possibilidades de posicionamento em outras pra\u00e7as do pa\u00eds\u201d, acrescenta.<\/p>\n<p>Foto: Redu\u00e7\u00e3o<br \/>\nAratu On<\/p>\n","protected":false},"excerpt":{"rendered":"<p>O procedimento, considerado bem sucedido, foi feito por uma equipe multidisciplinar do hospital O Hospital Mater Dei Salvador realizou uma<\/p>\n","protected":false},"author":4,"featured_media":10795,"comment_status":"open","ping_status":"open","sticky":false,"template":"","format":"standard","meta":{"colormag_page_container_layout":"default_layout","colormag_page_sidebar_layout":"default_layout","_FSMCFIC_featured_image_caption":"","_FSMCFIC_featured_image_nocaption":"","_FSMCFIC_featured_image_hide":"","footnotes":""},"categories":[2,1],"tags":[],"class_list":["post-10794","post","type-post","status-publish","format-standard","has-post-thumbnail","hentry","category-noticias","category-ultimas"],"yoast_head":"<!-- This site is optimized with the Yoast SEO plugin v27.1.1 - https:\/\/yoast.com\/product\/yoast-seo-wordpress\/ -->\n<title>Mater Dei Salvador faz cirurgia rob\u00f3tica tor\u00e1cica em crian\u00e7a de apenas 16 meses - Brasil not\u00edcias<\/title>\n<meta name=\"robots\" content=\"index, follow, max-snippet:-1, max-image-preview:large, max-video-preview:-1\" \/>\n<link rel=\"canonical\" href=\"https:\/\/brasilnoticias.org\/site\/mater-dei-salvador-faz-cirurgia-robotica-toracica-em-crianca-de-apenas-16-meses\/\" \/>\n<meta property=\"og:locale\" content=\"pt_PT\" \/>\n<meta property=\"og:type\" content=\"article\" \/>\n<meta property=\"og:title\" content=\"Mater Dei Salvador faz cirurgia rob\u00f3tica tor\u00e1cica em crian\u00e7a de apenas 16 meses - Brasil not\u00edcias\" \/>\n<meta property=\"og:description\" content=\"O procedimento, considerado bem sucedido, foi feito por uma equipe multidisciplinar do hospital O Hospital Mater Dei Salvador realizou uma\" \/>\n<meta property=\"og:url\" content=\"https:\/\/brasilnoticias.org\/site\/mater-dei-salvador-faz-cirurgia-robotica-toracica-em-crianca-de-apenas-16-meses\/\" \/>\n<meta property=\"og:site_name\" content=\"Brasil not\u00edcias\" \/>\n<meta property=\"article:published_time\" content=\"2023-11-09T12:00:16+00:00\" \/>\n<meta property=\"og:image\" content=\"https:\/\/brasilnoticias.org\/site\/wp-content\/uploads\/2023\/11\/ec9484a9-02e9-469c-9458-a77bb034582e-740x470-1.jpeg\" \/>\n\t<meta property=\"og:image:width\" content=\"740\" \/>\n\t<meta property=\"og:image:height\" content=\"470\" \/>\n\t<meta property=\"og:image:type\" content=\"image\/jpeg\" \/>\n<meta name=\"author\" content=\"Reda\u00e7\u00e3o\" \/>\n<meta name=\"twitter:card\" content=\"summary_large_image\" \/>\n<meta name=\"twitter:label1\" content=\"Escrito por\" \/>\n\t<meta name=\"twitter:data1\" content=\"Reda\u00e7\u00e3o\" \/>\n<script type=\"application\/ld+json\" class=\"yoast-schema-graph\">{\"@context\":\"https:\/\/schema.org\",\"@graph\":[{\"@type\":\"Article\",\"@id\":\"https:\/\/brasilnoticias.org\/site\/mater-dei-salvador-faz-cirurgia-robotica-toracica-em-crianca-de-apenas-16-meses\/#article\",\"isPartOf\":{\"@id\":\"https:\/\/brasilnoticias.org\/site\/mater-dei-salvador-faz-cirurgia-robotica-toracica-em-crianca-de-apenas-16-meses\/\"},\"author\":{\"name\":\"Reda\u00e7\u00e3o\",\"@id\":\"https:\/\/brasilnoticias.org\/site\/#\/schema\/person\/03bbbfe6c7634ad18c26444ea39049fa\"},\"headline\":\"Mater Dei Salvador faz cirurgia rob\u00f3tica tor\u00e1cica em crian\u00e7a de apenas 16 meses\",\"datePublished\":\"2023-11-09T12:00:16+00:00\",\"mainEntityOfPage\":{\"@id\":\"https:\/\/brasilnoticias.org\/site\/mater-dei-salvador-faz-cirurgia-robotica-toracica-em-crianca-de-apenas-16-meses\/\"},\"wordCount\":829,\"commentCount\":0,\"publisher\":{\"@id\":\"https:\/\/brasilnoticias.org\/site\/#organization\"},\"image\":{\"@id\":\"https:\/\/brasilnoticias.org\/site\/mater-dei-salvador-faz-cirurgia-robotica-toracica-em-crianca-de-apenas-16-meses\/#primaryimage\"},\"thumbnailUrl\":\"https:\/\/brasilnoticias.org\/site\/wp-content\/uploads\/2023\/11\/ec9484a9-02e9-469c-9458-a77bb034582e-740x470-1.jpeg\",\"articleSection\":[\"Not\u00edcias\",\"\u00daltimas\"],\"inLanguage\":\"pt-PT\",\"potentialAction\":[{\"@type\":\"CommentAction\",\"name\":\"Comment\",\"target\":[\"https:\/\/brasilnoticias.org\/site\/mater-dei-salvador-faz-cirurgia-robotica-toracica-em-crianca-de-apenas-16-meses\/#respond\"]}]},{\"@type\":\"WebPage\",\"@id\":\"https:\/\/brasilnoticias.org\/site\/mater-dei-salvador-faz-cirurgia-robotica-toracica-em-crianca-de-apenas-16-meses\/\",\"url\":\"https:\/\/brasilnoticias.org\/site\/mater-dei-salvador-faz-cirurgia-robotica-toracica-em-crianca-de-apenas-16-meses\/\",\"name\":\"Mater Dei Salvador faz cirurgia rob\u00f3tica tor\u00e1cica em crian\u00e7a de apenas 16 meses - Brasil not\u00edcias\",\"isPartOf\":{\"@id\":\"https:\/\/brasilnoticias.org\/site\/#website\"},\"primaryImageOfPage\":{\"@id\":\"https:\/\/brasilnoticias.org\/site\/mater-dei-salvador-faz-cirurgia-robotica-toracica-em-crianca-de-apenas-16-meses\/#primaryimage\"},\"image\":{\"@id\":\"https:\/\/brasilnoticias.org\/site\/mater-dei-salvador-faz-cirurgia-robotica-toracica-em-crianca-de-apenas-16-meses\/#primaryimage\"},\"thumbnailUrl\":\"https:\/\/brasilnoticias.org\/site\/wp-content\/uploads\/2023\/11\/ec9484a9-02e9-469c-9458-a77bb034582e-740x470-1.jpeg\",\"datePublished\":\"2023-11-09T12:00:16+00:00\",\"breadcrumb\":{\"@id\":\"https:\/\/brasilnoticias.org\/site\/mater-dei-salvador-faz-cirurgia-robotica-toracica-em-crianca-de-apenas-16-meses\/#breadcrumb\"},\"inLanguage\":\"pt-PT\",\"potentialAction\":[{\"@type\":\"ReadAction\",\"target\":[\"https:\/\/brasilnoticias.org\/site\/mater-dei-salvador-faz-cirurgia-robotica-toracica-em-crianca-de-apenas-16-meses\/\"]}]},{\"@type\":\"ImageObject\",\"inLanguage\":\"pt-PT\",\"@id\":\"https:\/\/brasilnoticias.org\/site\/mater-dei-salvador-faz-cirurgia-robotica-toracica-em-crianca-de-apenas-16-meses\/#primaryimage\",\"url\":\"https:\/\/brasilnoticias.org\/site\/wp-content\/uploads\/2023\/11\/ec9484a9-02e9-469c-9458-a77bb034582e-740x470-1.jpeg\",\"contentUrl\":\"https:\/\/brasilnoticias.org\/site\/wp-content\/uploads\/2023\/11\/ec9484a9-02e9-469c-9458-a77bb034582e-740x470-1.jpeg\",\"width\":740,\"height\":470},{\"@type\":\"BreadcrumbList\",\"@id\":\"https:\/\/brasilnoticias.org\/site\/mater-dei-salvador-faz-cirurgia-robotica-toracica-em-crianca-de-apenas-16-meses\/#breadcrumb\",\"itemListElement\":[{\"@type\":\"ListItem\",\"position\":1,\"name\":\"In\u00edcio\",\"item\":\"https:\/\/brasilnoticias.org\/site\/\"},{\"@type\":\"ListItem\",\"position\":2,\"name\":\"Mater Dei Salvador faz cirurgia rob\u00f3tica tor\u00e1cica em crian\u00e7a de apenas 16 meses\"}]},{\"@type\":\"WebSite\",\"@id\":\"https:\/\/brasilnoticias.org\/site\/#website\",\"url\":\"https:\/\/brasilnoticias.org\/site\/\",\"name\":\"Brasil not\u00edcias\",\"description\":\"Brasil not\u00edcias\",\"publisher\":{\"@id\":\"https:\/\/brasilnoticias.org\/site\/#organization\"},\"potentialAction\":[{\"@type\":\"SearchAction\",\"target\":{\"@type\":\"EntryPoint\",\"urlTemplate\":\"https:\/\/brasilnoticias.org\/site\/?s={search_term_string}\"},\"query-input\":{\"@type\":\"PropertyValueSpecification\",\"valueRequired\":true,\"valueName\":\"search_term_string\"}}],\"inLanguage\":\"pt-PT\"},{\"@type\":\"Organization\",\"@id\":\"https:\/\/brasilnoticias.org\/site\/#organization\",\"name\":\"Brasil not\u00edcias\",\"url\":\"https:\/\/brasilnoticias.org\/site\/\",\"logo\":{\"@type\":\"ImageObject\",\"inLanguage\":\"pt-PT\",\"@id\":\"https:\/\/brasilnoticias.org\/site\/#\/schema\/logo\/image\/\",\"url\":\"https:\/\/brasilnoticias.org\/site\/wp-content\/uploads\/2022\/05\/cropped-brasilnoticias-mini.jpg\",\"contentUrl\":\"https:\/\/brasilnoticias.org\/site\/wp-content\/uploads\/2022\/05\/cropped-brasilnoticias-mini.jpg\",\"width\":314,\"height\":86,\"caption\":\"Brasil not\u00edcias\"},\"image\":{\"@id\":\"https:\/\/brasilnoticias.org\/site\/#\/schema\/logo\/image\/\"}},{\"@type\":\"Person\",\"@id\":\"https:\/\/brasilnoticias.org\/site\/#\/schema\/person\/03bbbfe6c7634ad18c26444ea39049fa\",\"name\":\"Reda\u00e7\u00e3o\",\"image\":{\"@type\":\"ImageObject\",\"inLanguage\":\"pt-PT\",\"@id\":\"https:\/\/brasilnoticias.org\/site\/#\/schema\/person\/image\/\",\"url\":\"https:\/\/secure.gravatar.com\/avatar\/9ecaf7327a696cb23ad926fedded5f1f04d7049de9e445375d55b48c001a6e42?s=96&d=mm&r=g\",\"contentUrl\":\"https:\/\/secure.gravatar.com\/avatar\/9ecaf7327a696cb23ad926fedded5f1f04d7049de9e445375d55b48c001a6e42?s=96&d=mm&r=g\",\"caption\":\"Reda\u00e7\u00e3o\"},\"url\":\"https:\/\/brasilnoticias.org\/site\/author\/henrique\/\"}]}<\/script>\n<!-- \/ Yoast SEO plugin. -->","yoast_head_json":{"title":"Mater Dei Salvador faz cirurgia rob\u00f3tica tor\u00e1cica em crian\u00e7a de apenas 16 meses - Brasil not\u00edcias","robots":{"index":"index","follow":"follow","max-snippet":"max-snippet:-1","max-image-preview":"max-image-preview:large","max-video-preview":"max-video-preview:-1"},"canonical":"https:\/\/brasilnoticias.org\/site\/mater-dei-salvador-faz-cirurgia-robotica-toracica-em-crianca-de-apenas-16-meses\/","og_locale":"pt_PT","og_type":"article","og_title":"Mater Dei Salvador faz cirurgia rob\u00f3tica tor\u00e1cica em crian\u00e7a de apenas 16 meses - Brasil not\u00edcias","og_description":"O procedimento, considerado bem sucedido, foi feito por uma equipe multidisciplinar do hospital O Hospital Mater Dei Salvador realizou uma","og_url":"https:\/\/brasilnoticias.org\/site\/mater-dei-salvador-faz-cirurgia-robotica-toracica-em-crianca-de-apenas-16-meses\/","og_site_name":"Brasil not\u00edcias","article_published_time":"2023-11-09T12:00:16+00:00","og_image":[{"width":740,"height":470,"url":"https:\/\/brasilnoticias.org\/site\/wp-content\/uploads\/2023\/11\/ec9484a9-02e9-469c-9458-a77bb034582e-740x470-1.jpeg","type":"image\/jpeg"}],"author":"Reda\u00e7\u00e3o","twitter_card":"summary_large_image","twitter_misc":{"Escrito por":"Reda\u00e7\u00e3o"},"schema":{"@context":"https:\/\/schema.org","@graph":[{"@type":"Article","@id":"https:\/\/brasilnoticias.org\/site\/mater-dei-salvador-faz-cirurgia-robotica-toracica-em-crianca-de-apenas-16-meses\/#article","isPartOf":{"@id":"https:\/\/brasilnoticias.org\/site\/mater-dei-salvador-faz-cirurgia-robotica-toracica-em-crianca-de-apenas-16-meses\/"},"author":{"name":"Reda\u00e7\u00e3o","@id":"https:\/\/brasilnoticias.org\/site\/#\/schema\/person\/03bbbfe6c7634ad18c26444ea39049fa"},"headline":"Mater Dei Salvador faz cirurgia rob\u00f3tica tor\u00e1cica em crian\u00e7a de apenas 16 meses","datePublished":"2023-11-09T12:00:16+00:00","mainEntityOfPage":{"@id":"https:\/\/brasilnoticias.org\/site\/mater-dei-salvador-faz-cirurgia-robotica-toracica-em-crianca-de-apenas-16-meses\/"},"wordCount":829,"commentCount":0,"publisher":{"@id":"https:\/\/brasilnoticias.org\/site\/#organization"},"image":{"@id":"https:\/\/brasilnoticias.org\/site\/mater-dei-salvador-faz-cirurgia-robotica-toracica-em-crianca-de-apenas-16-meses\/#primaryimage"},"thumbnailUrl":"https:\/\/brasilnoticias.org\/site\/wp-content\/uploads\/2023\/11\/ec9484a9-02e9-469c-9458-a77bb034582e-740x470-1.jpeg","articleSection":["Not\u00edcias","\u00daltimas"],"inLanguage":"pt-PT","potentialAction":[{"@type":"CommentAction","name":"Comment","target":["https:\/\/brasilnoticias.org\/site\/mater-dei-salvador-faz-cirurgia-robotica-toracica-em-crianca-de-apenas-16-meses\/#respond"]}]},{"@type":"WebPage","@id":"https:\/\/brasilnoticias.org\/site\/mater-dei-salvador-faz-cirurgia-robotica-toracica-em-crianca-de-apenas-16-meses\/","url":"https:\/\/brasilnoticias.org\/site\/mater-dei-salvador-faz-cirurgia-robotica-toracica-em-crianca-de-apenas-16-meses\/","name":"Mater Dei Salvador faz cirurgia rob\u00f3tica tor\u00e1cica em crian\u00e7a de apenas 16 meses - Brasil not\u00edcias","isPartOf":{"@id":"https:\/\/brasilnoticias.org\/site\/#website"},"primaryImageOfPage":{"@id":"https:\/\/brasilnoticias.org\/site\/mater-dei-salvador-faz-cirurgia-robotica-toracica-em-crianca-de-apenas-16-meses\/#primaryimage"},"image":{"@id":"https:\/\/brasilnoticias.org\/site\/mater-dei-salvador-faz-cirurgia-robotica-toracica-em-crianca-de-apenas-16-meses\/#primaryimage"},"thumbnailUrl":"https:\/\/brasilnoticias.org\/site\/wp-content\/uploads\/2023\/11\/ec9484a9-02e9-469c-9458-a77bb034582e-740x470-1.jpeg","datePublished":"2023-11-09T12:00:16+00:00","breadcrumb":{"@id":"https:\/\/brasilnoticias.org\/site\/mater-dei-salvador-faz-cirurgia-robotica-toracica-em-crianca-de-apenas-16-meses\/#breadcrumb"},"inLanguage":"pt-PT","potentialAction":[{"@type":"ReadAction","target":["https:\/\/brasilnoticias.org\/site\/mater-dei-salvador-faz-cirurgia-robotica-toracica-em-crianca-de-apenas-16-meses\/"]}]},{"@type":"ImageObject","inLanguage":"pt-PT","@id":"https:\/\/brasilnoticias.org\/site\/mater-dei-salvador-faz-cirurgia-robotica-toracica-em-crianca-de-apenas-16-meses\/#primaryimage","url":"https:\/\/brasilnoticias.org\/site\/wp-content\/uploads\/2023\/11\/ec9484a9-02e9-469c-9458-a77bb034582e-740x470-1.jpeg","contentUrl":"https:\/\/brasilnoticias.org\/site\/wp-content\/uploads\/2023\/11\/ec9484a9-02e9-469c-9458-a77bb034582e-740x470-1.jpeg","width":740,"height":470},{"@type":"BreadcrumbList","@id":"https:\/\/brasilnoticias.org\/site\/mater-dei-salvador-faz-cirurgia-robotica-toracica-em-crianca-de-apenas-16-meses\/#breadcrumb","itemListElement":[{"@type":"ListItem","position":1,"name":"In\u00edcio","item":"https:\/\/brasilnoticias.org\/site\/"},{"@type":"ListItem","position":2,"name":"Mater Dei Salvador faz cirurgia rob\u00f3tica tor\u00e1cica em crian\u00e7a de apenas 16 meses"}]},{"@type":"WebSite","@id":"https:\/\/brasilnoticias.org\/site\/#website","url":"https:\/\/brasilnoticias.org\/site\/","name":"Brasil not\u00edcias","description":"Brasil not\u00edcias","publisher":{"@id":"https:\/\/brasilnoticias.org\/site\/#organization"},"potentialAction":[{"@type":"SearchAction","target":{"@type":"EntryPoint","urlTemplate":"https:\/\/brasilnoticias.org\/site\/?s={search_term_string}"},"query-input":{"@type":"PropertyValueSpecification","valueRequired":true,"valueName":"search_term_string"}}],"inLanguage":"pt-PT"},{"@type":"Organization","@id":"https:\/\/brasilnoticias.org\/site\/#organization","name":"Brasil not\u00edcias","url":"https:\/\/brasilnoticias.org\/site\/","logo":{"@type":"ImageObject","inLanguage":"pt-PT","@id":"https:\/\/brasilnoticias.org\/site\/#\/schema\/logo\/image\/","url":"https:\/\/brasilnoticias.org\/site\/wp-content\/uploads\/2022\/05\/cropped-brasilnoticias-mini.jpg","contentUrl":"https:\/\/brasilnoticias.org\/site\/wp-content\/uploads\/2022\/05\/cropped-brasilnoticias-mini.jpg","width":314,"height":86,"caption":"Brasil not\u00edcias"},"image":{"@id":"https:\/\/brasilnoticias.org\/site\/#\/schema\/logo\/image\/"}},{"@type":"Person","@id":"https:\/\/brasilnoticias.org\/site\/#\/schema\/person\/03bbbfe6c7634ad18c26444ea39049fa","name":"Reda\u00e7\u00e3o","image":{"@type":"ImageObject","inLanguage":"pt-PT","@id":"https:\/\/brasilnoticias.org\/site\/#\/schema\/person\/image\/","url":"https:\/\/secure.gravatar.com\/avatar\/9ecaf7327a696cb23ad926fedded5f1f04d7049de9e445375d55b48c001a6e42?s=96&d=mm&r=g","contentUrl":"https:\/\/secure.gravatar.com\/avatar\/9ecaf7327a696cb23ad926fedded5f1f04d7049de9e445375d55b48c001a6e42?s=96&d=mm&r=g","caption":"Reda\u00e7\u00e3o"},"url":"https:\/\/brasilnoticias.org\/site\/author\/henrique\/"}]}},"_links":{"self":[{"href":"https:\/\/brasilnoticias.org\/site\/wp-json\/wp\/v2\/posts\/10794","targetHints":{"allow":["GET"]}}],"collection":[{"href":"https:\/\/brasilnoticias.org\/site\/wp-json\/wp\/v2\/posts"}],"about":[{"href":"https:\/\/brasilnoticias.org\/site\/wp-json\/wp\/v2\/types\/post"}],"author":[{"embeddable":true,"href":"https:\/\/brasilnoticias.org\/site\/wp-json\/wp\/v2\/users\/4"}],"replies":[{"embeddable":true,"href":"https:\/\/brasilnoticias.org\/site\/wp-json\/wp\/v2\/comments?post=10794"}],"version-history":[{"count":1,"href":"https:\/\/brasilnoticias.org\/site\/wp-json\/wp\/v2\/posts\/10794\/revisions"}],"predecessor-version":[{"id":10796,"href":"https:\/\/brasilnoticias.org\/site\/wp-json\/wp\/v2\/posts\/10794\/revisions\/10796"}],"wp:featuredmedia":[{"embeddable":true,"href":"https:\/\/brasilnoticias.org\/site\/wp-json\/wp\/v2\/media\/10795"}],"wp:attachment":[{"href":"https:\/\/brasilnoticias.org\/site\/wp-json\/wp\/v2\/media?parent=10794"}],"wp:term":[{"taxonomy":"category","embeddable":true,"href":"https:\/\/brasilnoticias.org\/site\/wp-json\/wp\/v2\/categories?post=10794"},{"taxonomy":"post_tag","embeddable":true,"href":"https:\/\/brasilnoticias.org\/site\/wp-json\/wp\/v2\/tags?post=10794"}],"curies":[{"name":"wp","href":"https:\/\/api.w.org\/{rel}","templated":true}]}}