{"id":108,"date":"2022-05-01T16:07:41","date_gmt":"2022-05-01T19:07:41","guid":{"rendered":"https:\/\/brasilnoticias.org\/site\/?p=108"},"modified":"2022-05-03T16:08:05","modified_gmt":"2022-05-03T19:08:05","slug":"em-evento-do-dia-do-trabalhador-em-gandu-niltinho-recebe-o-apoio-de-prefeitos-e-liderancas-de-seis-cidades","status":"publish","type":"post","link":"https:\/\/brasilnoticias.org\/site\/em-evento-do-dia-do-trabalhador-em-gandu-niltinho-recebe-o-apoio-de-prefeitos-e-liderancas-de-seis-cidades\/","title":{"rendered":"Em evento do Dia do Trabalhador em Gandu, NIltinho recebe o apoio de prefeitos e lideran\u00e7as de seis cidades"},"content":{"rendered":"<div id=\"content\" class=\"clearfix\">\n<article id=\"post-14535\" class=\"post-14535 post type-post status-publish format-standard has-post-thumbnail hentry category-politica category-ultimas\">\n<div class=\"article-content clearfix\">\n<div class=\"entry-content clearfix\">\n<p style=\"text-align: center;\"><img loading=\"lazy\" decoding=\"async\" class=\"alignnone wp-image-110 size-medium\" src=\"https:\/\/brasilnoticias.org\/site\/wp-content\/uploads\/2022\/05\/IMG-20220501-WA0016-800x445-1-300x167.jpg\" alt=\"\" width=\"300\" height=\"167\" srcset=\"https:\/\/brasilnoticias.org\/site\/wp-content\/uploads\/2022\/05\/IMG-20220501-WA0016-800x445-1-300x167.jpg 300w, https:\/\/brasilnoticias.org\/site\/wp-content\/uploads\/2022\/05\/IMG-20220501-WA0016-800x445-1-768x427.jpg 768w, https:\/\/brasilnoticias.org\/site\/wp-content\/uploads\/2022\/05\/IMG-20220501-WA0016-800x445-1.jpg 800w\" sizes=\"auto, (max-width: 300px) 100vw, 300px\" \/><\/p>\n<p>Neste final de semana o deputado estadual e pr\u00e9-candidato \u00e0 reelei\u00e7\u00e3o Niltinho (PP) recebeu o apoio de diversas lideran\u00e7as de seis cidades do estado da Bahia. Ontem (30) ele recebeu o apoio do prefeito de Gandu, Leo de Neco, e de nove vereadores da cidade. E hoje (01\u00ba), na Corrida do Trabalhador, em Gandu, ele recebeu o apoio de prefeitos e lideran\u00e7as de seis munic\u00edpios.<\/p>\n<p>Al\u00e9m do prefeito Leo de Neco (PP) e vereadores de Gandu, estavam presentes o ex-prefeito Neco, de Gandu, o prefeito de Firmino Alves, Fabiano Sampaio (PDT), o ex-prefeito de Firmino Alves, Padre Aguinaldo, o prefeito de Coaraci, Jadson Albano (PP), a lideran\u00e7a de Coaraci, Nino Torquato, o presidente da C\u00e2mara Municipal de Ipia\u00fa, Robson Moreira (PP), e lideran\u00e7as de Ibirataia, como Alex Miranda, e lideran\u00e7as de Ibirapitanga, como J\u00e9, e Ademir Gomes, de Almaldina.<\/p>\n<p>\u201cEu agrade\u00e7o a todos os gestores, vereadores e lideran\u00e7as locais e regionais pelo apoio ao trabalho do nosso mandato. Acreditamos no di\u00e1logo e na parceria com outras esferas de poder e a sociedade civil em prol do desenvolvimento social, econ\u00f4mico e qualidade de vida da popula\u00e7\u00e3o da Bahia. Nosso gabinete est\u00e1 aberto para as lideran\u00e7as e popula\u00e7\u00e3o, pois acreditamos no trabalho coletivo\u201d, diz Niltinho.<\/p>\n<\/div>\n<\/div>\n<\/article>\n<\/div>\n","protected":false},"excerpt":{"rendered":"<p>Neste final de semana o deputado estadual e pr\u00e9-candidato \u00e0 reelei\u00e7\u00e3o Niltinho (PP) recebeu o apoio de diversas lideran\u00e7as de<\/p>\n","protected":false},"author":1,"featured_media":110,"comment_status":"open","ping_status":"open","sticky":false,"template":"","format":"standard","meta":{"colormag_page_container_layout":"default_layout","colormag_page_sidebar_layout":"default_layout","_FSMCFIC_featured_image_caption":"","_FSMCFIC_featured_image_nocaption":"","_FSMCFIC_featured_image_hide":"","footnotes":""},"categories":[5],"tags":[],"class_list":["post-108","post","type-post","status-publish","format-standard","has-post-thumbnail","hentry","category-politica"],"yoast_head":"<!-- This site is optimized with the Yoast SEO plugin v27.1.1 - https:\/\/yoast.com\/product\/yoast-seo-wordpress\/ -->\n<title>Em evento do Dia do Trabalhador em Gandu, NIltinho recebe o apoio de prefeitos e lideran\u00e7as de seis cidades - Brasil not\u00edcias<\/title>\n<meta name=\"robots\" content=\"index, follow, max-snippet:-1, max-image-preview:large, max-video-preview:-1\" \/>\n<link rel=\"canonical\" href=\"https:\/\/brasilnoticias.org\/site\/em-evento-do-dia-do-trabalhador-em-gandu-niltinho-recebe-o-apoio-de-prefeitos-e-liderancas-de-seis-cidades\/\" \/>\n<meta property=\"og:locale\" content=\"pt_PT\" \/>\n<meta property=\"og:type\" content=\"article\" \/>\n<meta property=\"og:title\" content=\"Em evento do Dia do Trabalhador em Gandu, NIltinho recebe o apoio de prefeitos e lideran\u00e7as de seis cidades - Brasil not\u00edcias\" \/>\n<meta property=\"og:description\" content=\"Neste final de semana o deputado estadual e pr\u00e9-candidato \u00e0 reelei\u00e7\u00e3o Niltinho (PP) recebeu o apoio de diversas lideran\u00e7as de\" \/>\n<meta property=\"og:url\" content=\"https:\/\/brasilnoticias.org\/site\/em-evento-do-dia-do-trabalhador-em-gandu-niltinho-recebe-o-apoio-de-prefeitos-e-liderancas-de-seis-cidades\/\" \/>\n<meta property=\"og:site_name\" content=\"Brasil not\u00edcias\" \/>\n<meta property=\"article:published_time\" content=\"2022-05-01T19:07:41+00:00\" \/>\n<meta property=\"article:modified_time\" content=\"2022-05-03T19:08:05+00:00\" \/>\n<meta property=\"og:image\" content=\"https:\/\/brasilnoticias.org\/site\/wp-content\/uploads\/2022\/05\/IMG-20220501-WA0016-800x445-1.jpg\" \/>\n\t<meta property=\"og:image:width\" content=\"800\" \/>\n\t<meta property=\"og:image:height\" content=\"445\" \/>\n\t<meta property=\"og:image:type\" content=\"image\/jpeg\" \/>\n<meta name=\"author\" content=\"Reda\u00e7\u00e3o\" \/>\n<meta name=\"twitter:card\" content=\"summary_large_image\" \/>\n<meta name=\"twitter:label1\" content=\"Escrito por\" \/>\n\t<meta name=\"twitter:data1\" content=\"Reda\u00e7\u00e3o\" \/>\n\t<meta name=\"twitter:label2\" content=\"Tempo estimado de leitura\" \/>\n\t<meta name=\"twitter:data2\" content=\"1 minuto\" \/>\n<script type=\"application\/ld+json\" class=\"yoast-schema-graph\">{\"@context\":\"https:\/\/schema.org\",\"@graph\":[{\"@type\":\"Article\",\"@id\":\"https:\/\/brasilnoticias.org\/site\/em-evento-do-dia-do-trabalhador-em-gandu-niltinho-recebe-o-apoio-de-prefeitos-e-liderancas-de-seis-cidades\/#article\",\"isPartOf\":{\"@id\":\"https:\/\/brasilnoticias.org\/site\/em-evento-do-dia-do-trabalhador-em-gandu-niltinho-recebe-o-apoio-de-prefeitos-e-liderancas-de-seis-cidades\/\"},\"author\":{\"name\":\"Reda\u00e7\u00e3o\",\"@id\":\"https:\/\/brasilnoticias.org\/site\/#\/schema\/person\/a0e05b973ec4d15c658d51911e53507b\"},\"headline\":\"Em evento do Dia do Trabalhador em Gandu, NIltinho recebe o apoio de prefeitos e lideran\u00e7as de seis cidades\",\"datePublished\":\"2022-05-01T19:07:41+00:00\",\"dateModified\":\"2022-05-03T19:08:05+00:00\",\"mainEntityOfPage\":{\"@id\":\"https:\/\/brasilnoticias.org\/site\/em-evento-do-dia-do-trabalhador-em-gandu-niltinho-recebe-o-apoio-de-prefeitos-e-liderancas-de-seis-cidades\/\"},\"wordCount\":237,\"commentCount\":0,\"publisher\":{\"@id\":\"https:\/\/brasilnoticias.org\/site\/#organization\"},\"image\":{\"@id\":\"https:\/\/brasilnoticias.org\/site\/em-evento-do-dia-do-trabalhador-em-gandu-niltinho-recebe-o-apoio-de-prefeitos-e-liderancas-de-seis-cidades\/#primaryimage\"},\"thumbnailUrl\":\"https:\/\/brasilnoticias.org\/site\/wp-content\/uploads\/2022\/05\/IMG-20220501-WA0016-800x445-1.jpg\",\"articleSection\":[\"Pol\u00edtica\"],\"inLanguage\":\"pt-PT\",\"potentialAction\":[{\"@type\":\"CommentAction\",\"name\":\"Comment\",\"target\":[\"https:\/\/brasilnoticias.org\/site\/em-evento-do-dia-do-trabalhador-em-gandu-niltinho-recebe-o-apoio-de-prefeitos-e-liderancas-de-seis-cidades\/#respond\"]}]},{\"@type\":\"WebPage\",\"@id\":\"https:\/\/brasilnoticias.org\/site\/em-evento-do-dia-do-trabalhador-em-gandu-niltinho-recebe-o-apoio-de-prefeitos-e-liderancas-de-seis-cidades\/\",\"url\":\"https:\/\/brasilnoticias.org\/site\/em-evento-do-dia-do-trabalhador-em-gandu-niltinho-recebe-o-apoio-de-prefeitos-e-liderancas-de-seis-cidades\/\",\"name\":\"Em evento do Dia do Trabalhador em Gandu, NIltinho recebe o apoio de prefeitos e lideran\u00e7as de seis cidades - Brasil not\u00edcias\",\"isPartOf\":{\"@id\":\"https:\/\/brasilnoticias.org\/site\/#website\"},\"primaryImageOfPage\":{\"@id\":\"https:\/\/brasilnoticias.org\/site\/em-evento-do-dia-do-trabalhador-em-gandu-niltinho-recebe-o-apoio-de-prefeitos-e-liderancas-de-seis-cidades\/#primaryimage\"},\"image\":{\"@id\":\"https:\/\/brasilnoticias.org\/site\/em-evento-do-dia-do-trabalhador-em-gandu-niltinho-recebe-o-apoio-de-prefeitos-e-liderancas-de-seis-cidades\/#primaryimage\"},\"thumbnailUrl\":\"https:\/\/brasilnoticias.org\/site\/wp-content\/uploads\/2022\/05\/IMG-20220501-WA0016-800x445-1.jpg\",\"datePublished\":\"2022-05-01T19:07:41+00:00\",\"dateModified\":\"2022-05-03T19:08:05+00:00\",\"breadcrumb\":{\"@id\":\"https:\/\/brasilnoticias.org\/site\/em-evento-do-dia-do-trabalhador-em-gandu-niltinho-recebe-o-apoio-de-prefeitos-e-liderancas-de-seis-cidades\/#breadcrumb\"},\"inLanguage\":\"pt-PT\",\"potentialAction\":[{\"@type\":\"ReadAction\",\"target\":[\"https:\/\/brasilnoticias.org\/site\/em-evento-do-dia-do-trabalhador-em-gandu-niltinho-recebe-o-apoio-de-prefeitos-e-liderancas-de-seis-cidades\/\"]}]},{\"@type\":\"ImageObject\",\"inLanguage\":\"pt-PT\",\"@id\":\"https:\/\/brasilnoticias.org\/site\/em-evento-do-dia-do-trabalhador-em-gandu-niltinho-recebe-o-apoio-de-prefeitos-e-liderancas-de-seis-cidades\/#primaryimage\",\"url\":\"https:\/\/brasilnoticias.org\/site\/wp-content\/uploads\/2022\/05\/IMG-20220501-WA0016-800x445-1.jpg\",\"contentUrl\":\"https:\/\/brasilnoticias.org\/site\/wp-content\/uploads\/2022\/05\/IMG-20220501-WA0016-800x445-1.jpg\",\"width\":800,\"height\":445},{\"@type\":\"BreadcrumbList\",\"@id\":\"https:\/\/brasilnoticias.org\/site\/em-evento-do-dia-do-trabalhador-em-gandu-niltinho-recebe-o-apoio-de-prefeitos-e-liderancas-de-seis-cidades\/#breadcrumb\",\"itemListElement\":[{\"@type\":\"ListItem\",\"position\":1,\"name\":\"In\u00edcio\",\"item\":\"https:\/\/brasilnoticias.org\/site\/\"},{\"@type\":\"ListItem\",\"position\":2,\"name\":\"Em evento do Dia do Trabalhador em Gandu, NIltinho recebe o apoio de prefeitos e lideran\u00e7as de seis cidades\"}]},{\"@type\":\"WebSite\",\"@id\":\"https:\/\/brasilnoticias.org\/site\/#website\",\"url\":\"https:\/\/brasilnoticias.org\/site\/\",\"name\":\"Brasil not\u00edcias\",\"description\":\"Brasil not\u00edcias\",\"publisher\":{\"@id\":\"https:\/\/brasilnoticias.org\/site\/#organization\"},\"potentialAction\":[{\"@type\":\"SearchAction\",\"target\":{\"@type\":\"EntryPoint\",\"urlTemplate\":\"https:\/\/brasilnoticias.org\/site\/?s={search_term_string}\"},\"query-input\":{\"@type\":\"PropertyValueSpecification\",\"valueRequired\":true,\"valueName\":\"search_term_string\"}}],\"inLanguage\":\"pt-PT\"},{\"@type\":\"Organization\",\"@id\":\"https:\/\/brasilnoticias.org\/site\/#organization\",\"name\":\"Brasil not\u00edcias\",\"url\":\"https:\/\/brasilnoticias.org\/site\/\",\"logo\":{\"@type\":\"ImageObject\",\"inLanguage\":\"pt-PT\",\"@id\":\"https:\/\/brasilnoticias.org\/site\/#\/schema\/logo\/image\/\",\"url\":\"https:\/\/brasilnoticias.org\/site\/wp-content\/uploads\/2022\/05\/cropped-brasilnoticias-mini.jpg\",\"contentUrl\":\"https:\/\/brasilnoticias.org\/site\/wp-content\/uploads\/2022\/05\/cropped-brasilnoticias-mini.jpg\",\"width\":314,\"height\":86,\"caption\":\"Brasil not\u00edcias\"},\"image\":{\"@id\":\"https:\/\/brasilnoticias.org\/site\/#\/schema\/logo\/image\/\"}},{\"@type\":\"Person\",\"@id\":\"https:\/\/brasilnoticias.org\/site\/#\/schema\/person\/a0e05b973ec4d15c658d51911e53507b\",\"name\":\"Reda\u00e7\u00e3o\",\"image\":{\"@type\":\"ImageObject\",\"inLanguage\":\"pt-PT\",\"@id\":\"https:\/\/brasilnoticias.org\/site\/#\/schema\/person\/image\/\",\"url\":\"https:\/\/secure.gravatar.com\/avatar\/75d8b050df2de108b08ae78dfb8e374892df24a383c67db9c46a9c604f6aee9c?s=96&d=mm&r=g\",\"contentUrl\":\"https:\/\/secure.gravatar.com\/avatar\/75d8b050df2de108b08ae78dfb8e374892df24a383c67db9c46a9c604f6aee9c?s=96&d=mm&r=g\",\"caption\":\"Reda\u00e7\u00e3o\"},\"sameAs\":[\"https:\/\/brasilnoticias.org\/site\"],\"url\":\"https:\/\/brasilnoticias.org\/site\/author\/fernandozsngmail-com\/\"}]}<\/script>\n<!-- \/ Yoast SEO plugin. -->","yoast_head_json":{"title":"Em evento do Dia do Trabalhador em Gandu, NIltinho recebe o apoio de prefeitos e lideran\u00e7as de seis cidades - Brasil not\u00edcias","robots":{"index":"index","follow":"follow","max-snippet":"max-snippet:-1","max-image-preview":"max-image-preview:large","max-video-preview":"max-video-preview:-1"},"canonical":"https:\/\/brasilnoticias.org\/site\/em-evento-do-dia-do-trabalhador-em-gandu-niltinho-recebe-o-apoio-de-prefeitos-e-liderancas-de-seis-cidades\/","og_locale":"pt_PT","og_type":"article","og_title":"Em evento do Dia do Trabalhador em Gandu, NIltinho recebe o apoio de prefeitos e lideran\u00e7as de seis cidades - Brasil not\u00edcias","og_description":"Neste final de semana o deputado estadual e pr\u00e9-candidato \u00e0 reelei\u00e7\u00e3o Niltinho (PP) recebeu o apoio de diversas lideran\u00e7as de","og_url":"https:\/\/brasilnoticias.org\/site\/em-evento-do-dia-do-trabalhador-em-gandu-niltinho-recebe-o-apoio-de-prefeitos-e-liderancas-de-seis-cidades\/","og_site_name":"Brasil not\u00edcias","article_published_time":"2022-05-01T19:07:41+00:00","article_modified_time":"2022-05-03T19:08:05+00:00","og_image":[{"width":800,"height":445,"url":"https:\/\/brasilnoticias.org\/site\/wp-content\/uploads\/2022\/05\/IMG-20220501-WA0016-800x445-1.jpg","type":"image\/jpeg"}],"author":"Reda\u00e7\u00e3o","twitter_card":"summary_large_image","twitter_misc":{"Escrito por":"Reda\u00e7\u00e3o","Tempo estimado de leitura":"1 minuto"},"schema":{"@context":"https:\/\/schema.org","@graph":[{"@type":"Article","@id":"https:\/\/brasilnoticias.org\/site\/em-evento-do-dia-do-trabalhador-em-gandu-niltinho-recebe-o-apoio-de-prefeitos-e-liderancas-de-seis-cidades\/#article","isPartOf":{"@id":"https:\/\/brasilnoticias.org\/site\/em-evento-do-dia-do-trabalhador-em-gandu-niltinho-recebe-o-apoio-de-prefeitos-e-liderancas-de-seis-cidades\/"},"author":{"name":"Reda\u00e7\u00e3o","@id":"https:\/\/brasilnoticias.org\/site\/#\/schema\/person\/a0e05b973ec4d15c658d51911e53507b"},"headline":"Em evento do Dia do Trabalhador em Gandu, NIltinho recebe o apoio de prefeitos e lideran\u00e7as de seis cidades","datePublished":"2022-05-01T19:07:41+00:00","dateModified":"2022-05-03T19:08:05+00:00","mainEntityOfPage":{"@id":"https:\/\/brasilnoticias.org\/site\/em-evento-do-dia-do-trabalhador-em-gandu-niltinho-recebe-o-apoio-de-prefeitos-e-liderancas-de-seis-cidades\/"},"wordCount":237,"commentCount":0,"publisher":{"@id":"https:\/\/brasilnoticias.org\/site\/#organization"},"image":{"@id":"https:\/\/brasilnoticias.org\/site\/em-evento-do-dia-do-trabalhador-em-gandu-niltinho-recebe-o-apoio-de-prefeitos-e-liderancas-de-seis-cidades\/#primaryimage"},"thumbnailUrl":"https:\/\/brasilnoticias.org\/site\/wp-content\/uploads\/2022\/05\/IMG-20220501-WA0016-800x445-1.jpg","articleSection":["Pol\u00edtica"],"inLanguage":"pt-PT","potentialAction":[{"@type":"CommentAction","name":"Comment","target":["https:\/\/brasilnoticias.org\/site\/em-evento-do-dia-do-trabalhador-em-gandu-niltinho-recebe-o-apoio-de-prefeitos-e-liderancas-de-seis-cidades\/#respond"]}]},{"@type":"WebPage","@id":"https:\/\/brasilnoticias.org\/site\/em-evento-do-dia-do-trabalhador-em-gandu-niltinho-recebe-o-apoio-de-prefeitos-e-liderancas-de-seis-cidades\/","url":"https:\/\/brasilnoticias.org\/site\/em-evento-do-dia-do-trabalhador-em-gandu-niltinho-recebe-o-apoio-de-prefeitos-e-liderancas-de-seis-cidades\/","name":"Em evento do Dia do Trabalhador em Gandu, NIltinho recebe o apoio de prefeitos e lideran\u00e7as de seis cidades - Brasil not\u00edcias","isPartOf":{"@id":"https:\/\/brasilnoticias.org\/site\/#website"},"primaryImageOfPage":{"@id":"https:\/\/brasilnoticias.org\/site\/em-evento-do-dia-do-trabalhador-em-gandu-niltinho-recebe-o-apoio-de-prefeitos-e-liderancas-de-seis-cidades\/#primaryimage"},"image":{"@id":"https:\/\/brasilnoticias.org\/site\/em-evento-do-dia-do-trabalhador-em-gandu-niltinho-recebe-o-apoio-de-prefeitos-e-liderancas-de-seis-cidades\/#primaryimage"},"thumbnailUrl":"https:\/\/brasilnoticias.org\/site\/wp-content\/uploads\/2022\/05\/IMG-20220501-WA0016-800x445-1.jpg","datePublished":"2022-05-01T19:07:41+00:00","dateModified":"2022-05-03T19:08:05+00:00","breadcrumb":{"@id":"https:\/\/brasilnoticias.org\/site\/em-evento-do-dia-do-trabalhador-em-gandu-niltinho-recebe-o-apoio-de-prefeitos-e-liderancas-de-seis-cidades\/#breadcrumb"},"inLanguage":"pt-PT","potentialAction":[{"@type":"ReadAction","target":["https:\/\/brasilnoticias.org\/site\/em-evento-do-dia-do-trabalhador-em-gandu-niltinho-recebe-o-apoio-de-prefeitos-e-liderancas-de-seis-cidades\/"]}]},{"@type":"ImageObject","inLanguage":"pt-PT","@id":"https:\/\/brasilnoticias.org\/site\/em-evento-do-dia-do-trabalhador-em-gandu-niltinho-recebe-o-apoio-de-prefeitos-e-liderancas-de-seis-cidades\/#primaryimage","url":"https:\/\/brasilnoticias.org\/site\/wp-content\/uploads\/2022\/05\/IMG-20220501-WA0016-800x445-1.jpg","contentUrl":"https:\/\/brasilnoticias.org\/site\/wp-content\/uploads\/2022\/05\/IMG-20220501-WA0016-800x445-1.jpg","width":800,"height":445},{"@type":"BreadcrumbList","@id":"https:\/\/brasilnoticias.org\/site\/em-evento-do-dia-do-trabalhador-em-gandu-niltinho-recebe-o-apoio-de-prefeitos-e-liderancas-de-seis-cidades\/#breadcrumb","itemListElement":[{"@type":"ListItem","position":1,"name":"In\u00edcio","item":"https:\/\/brasilnoticias.org\/site\/"},{"@type":"ListItem","position":2,"name":"Em evento do Dia do Trabalhador em Gandu, NIltinho recebe o apoio de prefeitos e lideran\u00e7as de seis cidades"}]},{"@type":"WebSite","@id":"https:\/\/brasilnoticias.org\/site\/#website","url":"https:\/\/brasilnoticias.org\/site\/","name":"Brasil not\u00edcias","description":"Brasil not\u00edcias","publisher":{"@id":"https:\/\/brasilnoticias.org\/site\/#organization"},"potentialAction":[{"@type":"SearchAction","target":{"@type":"EntryPoint","urlTemplate":"https:\/\/brasilnoticias.org\/site\/?s={search_term_string}"},"query-input":{"@type":"PropertyValueSpecification","valueRequired":true,"valueName":"search_term_string"}}],"inLanguage":"pt-PT"},{"@type":"Organization","@id":"https:\/\/brasilnoticias.org\/site\/#organization","name":"Brasil not\u00edcias","url":"https:\/\/brasilnoticias.org\/site\/","logo":{"@type":"ImageObject","inLanguage":"pt-PT","@id":"https:\/\/brasilnoticias.org\/site\/#\/schema\/logo\/image\/","url":"https:\/\/brasilnoticias.org\/site\/wp-content\/uploads\/2022\/05\/cropped-brasilnoticias-mini.jpg","contentUrl":"https:\/\/brasilnoticias.org\/site\/wp-content\/uploads\/2022\/05\/cropped-brasilnoticias-mini.jpg","width":314,"height":86,"caption":"Brasil not\u00edcias"},"image":{"@id":"https:\/\/brasilnoticias.org\/site\/#\/schema\/logo\/image\/"}},{"@type":"Person","@id":"https:\/\/brasilnoticias.org\/site\/#\/schema\/person\/a0e05b973ec4d15c658d51911e53507b","name":"Reda\u00e7\u00e3o","image":{"@type":"ImageObject","inLanguage":"pt-PT","@id":"https:\/\/brasilnoticias.org\/site\/#\/schema\/person\/image\/","url":"https:\/\/secure.gravatar.com\/avatar\/75d8b050df2de108b08ae78dfb8e374892df24a383c67db9c46a9c604f6aee9c?s=96&d=mm&r=g","contentUrl":"https:\/\/secure.gravatar.com\/avatar\/75d8b050df2de108b08ae78dfb8e374892df24a383c67db9c46a9c604f6aee9c?s=96&d=mm&r=g","caption":"Reda\u00e7\u00e3o"},"sameAs":["https:\/\/brasilnoticias.org\/site"],"url":"https:\/\/brasilnoticias.org\/site\/author\/fernandozsngmail-com\/"}]}},"_links":{"self":[{"href":"https:\/\/brasilnoticias.org\/site\/wp-json\/wp\/v2\/posts\/108","targetHints":{"allow":["GET"]}}],"collection":[{"href":"https:\/\/brasilnoticias.org\/site\/wp-json\/wp\/v2\/posts"}],"about":[{"href":"https:\/\/brasilnoticias.org\/site\/wp-json\/wp\/v2\/types\/post"}],"author":[{"embeddable":true,"href":"https:\/\/brasilnoticias.org\/site\/wp-json\/wp\/v2\/users\/1"}],"replies":[{"embeddable":true,"href":"https:\/\/brasilnoticias.org\/site\/wp-json\/wp\/v2\/comments?post=108"}],"version-history":[{"count":1,"href":"https:\/\/brasilnoticias.org\/site\/wp-json\/wp\/v2\/posts\/108\/revisions"}],"predecessor-version":[{"id":111,"href":"https:\/\/brasilnoticias.org\/site\/wp-json\/wp\/v2\/posts\/108\/revisions\/111"}],"wp:featuredmedia":[{"embeddable":true,"href":"https:\/\/brasilnoticias.org\/site\/wp-json\/wp\/v2\/media\/110"}],"wp:attachment":[{"href":"https:\/\/brasilnoticias.org\/site\/wp-json\/wp\/v2\/media?parent=108"}],"wp:term":[{"taxonomy":"category","embeddable":true,"href":"https:\/\/brasilnoticias.org\/site\/wp-json\/wp\/v2\/categories?post=108"},{"taxonomy":"post_tag","embeddable":true,"href":"https:\/\/brasilnoticias.org\/site\/wp-json\/wp\/v2\/tags?post=108"}],"curies":[{"name":"wp","href":"https:\/\/api.w.org\/{rel}","templated":true}]}}