{"id":1080,"date":"2022-08-07T08:52:13","date_gmt":"2022-08-07T11:52:13","guid":{"rendered":"https:\/\/brasilnoticias.org\/site\/?p=1080"},"modified":"2022-08-07T08:52:13","modified_gmt":"2022-08-07T11:52:13","slug":"neymar-comemora-gol-com-beijo-pro-gordo-em-homenagem-a-jo-soares","status":"publish","type":"post","link":"https:\/\/brasilnoticias.org\/site\/neymar-comemora-gol-com-beijo-pro-gordo-em-homenagem-a-jo-soares\/","title":{"rendered":"NEYMAR COMEMORA GOL COM \u2018BEIJO PRO GORDO\u2019 EM HOMENAGEM A J\u00d4 SOARES"},"content":{"rendered":"<p><a href=\"https:\/\/www.bnews.com.br\/tags\/neymar\" target=\"_blank\" rel=\"noopener\">Neymar<\/a>\u00a0homenageou neste s\u00e1bado (6) o\u00a0<a href=\"https:\/\/www.bnews.com.br\/noticias\/entretenimento\/jo-soares-morre-aos-84-anos.html\" target=\"_blank\" rel=\"noopener\">artista e humorista J\u00f4 Soares, morto aos 84 anos<\/a>. Depois de abrir o placar para o Paris Saint-Germain em jogo contra o Clermont pelo Campeonato Franc\u00eas, o jogador brasileiro exibiu a mensagem \u201cum beijo pro gordo\u201d, escrita numa faixa em seu punho e mandou um beijo para as c\u00e2meras.<\/p>\n<p>O camisa 10 da sele\u00e7\u00e3o brasileira abriu o placar aos 8 minutos do primeiro tempo. Com mais dois passes para gols vindos do craque, o time parisiense terminou a etapa inicial vencendo por 3 a 0.<\/p>\n<p>Em abril de 2010,\u00a0<a href=\"https:\/\/www.bnews.com.br\/tags\/jo-soares\" target=\"_blank\" rel=\"noopener\">J\u00f4 Soares<\/a>\u00a0recebeu no Programa do J\u00f4 toda equipe do Santos, que inclu\u00eda Neymar e Ganso. A edi\u00e7\u00e3o bem-humorada do talk show foi lembrada pelo clube depois da morte de J\u00f4.<\/p>\n<p>\u00c9 a primeira vez que eu entrevisto tanta gente junta\u201d, disse J\u00f4 Soares. \u201cEu quero deixar bem claro que isso n\u00e3o \u00e9 uma homenagem ao time do Santos e sim ao futebol brasileiro. Eu tor\u00e7o pelo Fluminense mas, neste caso, eu n\u00e3o posso deixar de homenagear esses meninos \u2013que \u00e9 tudo moleque, gra\u00e7as a Deus \u2013que est\u00e3o reinventando o esp\u00edrito de criatividade e irrever\u00eancia do nosso futebol\u201d, acrescentou na ocasi\u00e3o.<\/p>\n<p>&nbsp;<\/p>\n<p>&nbsp;<\/p>\n<p>Bnews<\/p>\n","protected":false},"excerpt":{"rendered":"<p>Neymar\u00a0homenageou neste s\u00e1bado (6) o\u00a0artista e humorista J\u00f4 Soares, morto aos 84 anos. Depois de abrir o placar para o<\/p>\n","protected":false},"author":2,"featured_media":1081,"comment_status":"open","ping_status":"open","sticky":false,"template":"","format":"standard","meta":{"colormag_page_container_layout":"default_layout","colormag_page_sidebar_layout":"default_layout","_FSMCFIC_featured_image_caption":"","_FSMCFIC_featured_image_nocaption":"","_FSMCFIC_featured_image_hide":"","footnotes":""},"categories":[4,1],"tags":[],"class_list":["post-1080","post","type-post","status-publish","format-standard","has-post-thumbnail","hentry","category-esporte","category-ultimas"],"yoast_head":"<!-- This site is optimized with the Yoast SEO plugin v27.1.1 - https:\/\/yoast.com\/product\/yoast-seo-wordpress\/ -->\n<title>NEYMAR COMEMORA GOL COM \u2018BEIJO PRO GORDO\u2019 EM HOMENAGEM A J\u00d4 SOARES - Brasil not\u00edcias<\/title>\n<meta name=\"robots\" content=\"index, follow, max-snippet:-1, max-image-preview:large, max-video-preview:-1\" \/>\n<link rel=\"canonical\" href=\"https:\/\/brasilnoticias.org\/site\/neymar-comemora-gol-com-beijo-pro-gordo-em-homenagem-a-jo-soares\/\" \/>\n<meta property=\"og:locale\" content=\"pt_PT\" \/>\n<meta property=\"og:type\" content=\"article\" \/>\n<meta property=\"og:title\" content=\"NEYMAR COMEMORA GOL COM \u2018BEIJO PRO GORDO\u2019 EM HOMENAGEM A J\u00d4 SOARES - Brasil not\u00edcias\" \/>\n<meta property=\"og:description\" content=\"Neymar\u00a0homenageou neste s\u00e1bado (6) o\u00a0artista e humorista J\u00f4 Soares, morto aos 84 anos. Depois de abrir o placar para o\" \/>\n<meta property=\"og:url\" content=\"https:\/\/brasilnoticias.org\/site\/neymar-comemora-gol-com-beijo-pro-gordo-em-homenagem-a-jo-soares\/\" \/>\n<meta property=\"og:site_name\" content=\"Brasil not\u00edcias\" \/>\n<meta property=\"article:published_time\" content=\"2022-08-07T11:52:13+00:00\" \/>\n<meta property=\"og:image\" content=\"https:\/\/brasilnoticias.org\/site\/wp-content\/uploads\/2022\/08\/whatsapp_image_2022-08-07_at_08.19.52_widelg-1.jpeg\" \/>\n\t<meta property=\"og:image:width\" content=\"800\" \/>\n\t<meta property=\"og:image:height\" content=\"450\" \/>\n\t<meta property=\"og:image:type\" content=\"image\/jpeg\" \/>\n<meta name=\"author\" content=\"Reda\u00e7\u00e3o\" \/>\n<meta name=\"twitter:card\" content=\"summary_large_image\" \/>\n<meta name=\"twitter:label1\" content=\"Escrito por\" \/>\n\t<meta name=\"twitter:data1\" content=\"Reda\u00e7\u00e3o\" \/>\n\t<meta name=\"twitter:label2\" content=\"Tempo estimado de leitura\" \/>\n\t<meta name=\"twitter:data2\" content=\"1 minuto\" \/>\n<script type=\"application\/ld+json\" class=\"yoast-schema-graph\">{\"@context\":\"https:\/\/schema.org\",\"@graph\":[{\"@type\":\"Article\",\"@id\":\"https:\/\/brasilnoticias.org\/site\/neymar-comemora-gol-com-beijo-pro-gordo-em-homenagem-a-jo-soares\/#article\",\"isPartOf\":{\"@id\":\"https:\/\/brasilnoticias.org\/site\/neymar-comemora-gol-com-beijo-pro-gordo-em-homenagem-a-jo-soares\/\"},\"author\":{\"name\":\"Reda\u00e7\u00e3o\",\"@id\":\"https:\/\/brasilnoticias.org\/site\/#\/schema\/person\/f609fa847b5314f1c8b983342f34c798\"},\"headline\":\"NEYMAR COMEMORA GOL COM \u2018BEIJO PRO GORDO\u2019 EM HOMENAGEM A J\u00d4 SOARES\",\"datePublished\":\"2022-08-07T11:52:13+00:00\",\"mainEntityOfPage\":{\"@id\":\"https:\/\/brasilnoticias.org\/site\/neymar-comemora-gol-com-beijo-pro-gordo-em-homenagem-a-jo-soares\/\"},\"wordCount\":215,\"commentCount\":0,\"publisher\":{\"@id\":\"https:\/\/brasilnoticias.org\/site\/#organization\"},\"image\":{\"@id\":\"https:\/\/brasilnoticias.org\/site\/neymar-comemora-gol-com-beijo-pro-gordo-em-homenagem-a-jo-soares\/#primaryimage\"},\"thumbnailUrl\":\"https:\/\/brasilnoticias.org\/site\/wp-content\/uploads\/2022\/08\/whatsapp_image_2022-08-07_at_08.19.52_widelg-1.jpeg\",\"articleSection\":[\"Esporte\",\"\u00daltimas\"],\"inLanguage\":\"pt-PT\",\"potentialAction\":[{\"@type\":\"CommentAction\",\"name\":\"Comment\",\"target\":[\"https:\/\/brasilnoticias.org\/site\/neymar-comemora-gol-com-beijo-pro-gordo-em-homenagem-a-jo-soares\/#respond\"]}]},{\"@type\":\"WebPage\",\"@id\":\"https:\/\/brasilnoticias.org\/site\/neymar-comemora-gol-com-beijo-pro-gordo-em-homenagem-a-jo-soares\/\",\"url\":\"https:\/\/brasilnoticias.org\/site\/neymar-comemora-gol-com-beijo-pro-gordo-em-homenagem-a-jo-soares\/\",\"name\":\"NEYMAR COMEMORA GOL COM \u2018BEIJO PRO GORDO\u2019 EM HOMENAGEM A J\u00d4 SOARES - Brasil not\u00edcias\",\"isPartOf\":{\"@id\":\"https:\/\/brasilnoticias.org\/site\/#website\"},\"primaryImageOfPage\":{\"@id\":\"https:\/\/brasilnoticias.org\/site\/neymar-comemora-gol-com-beijo-pro-gordo-em-homenagem-a-jo-soares\/#primaryimage\"},\"image\":{\"@id\":\"https:\/\/brasilnoticias.org\/site\/neymar-comemora-gol-com-beijo-pro-gordo-em-homenagem-a-jo-soares\/#primaryimage\"},\"thumbnailUrl\":\"https:\/\/brasilnoticias.org\/site\/wp-content\/uploads\/2022\/08\/whatsapp_image_2022-08-07_at_08.19.52_widelg-1.jpeg\",\"datePublished\":\"2022-08-07T11:52:13+00:00\",\"breadcrumb\":{\"@id\":\"https:\/\/brasilnoticias.org\/site\/neymar-comemora-gol-com-beijo-pro-gordo-em-homenagem-a-jo-soares\/#breadcrumb\"},\"inLanguage\":\"pt-PT\",\"potentialAction\":[{\"@type\":\"ReadAction\",\"target\":[\"https:\/\/brasilnoticias.org\/site\/neymar-comemora-gol-com-beijo-pro-gordo-em-homenagem-a-jo-soares\/\"]}]},{\"@type\":\"ImageObject\",\"inLanguage\":\"pt-PT\",\"@id\":\"https:\/\/brasilnoticias.org\/site\/neymar-comemora-gol-com-beijo-pro-gordo-em-homenagem-a-jo-soares\/#primaryimage\",\"url\":\"https:\/\/brasilnoticias.org\/site\/wp-content\/uploads\/2022\/08\/whatsapp_image_2022-08-07_at_08.19.52_widelg-1.jpeg\",\"contentUrl\":\"https:\/\/brasilnoticias.org\/site\/wp-content\/uploads\/2022\/08\/whatsapp_image_2022-08-07_at_08.19.52_widelg-1.jpeg\",\"width\":800,\"height\":450},{\"@type\":\"BreadcrumbList\",\"@id\":\"https:\/\/brasilnoticias.org\/site\/neymar-comemora-gol-com-beijo-pro-gordo-em-homenagem-a-jo-soares\/#breadcrumb\",\"itemListElement\":[{\"@type\":\"ListItem\",\"position\":1,\"name\":\"In\u00edcio\",\"item\":\"https:\/\/brasilnoticias.org\/site\/\"},{\"@type\":\"ListItem\",\"position\":2,\"name\":\"NEYMAR COMEMORA GOL COM \u2018BEIJO PRO GORDO\u2019 EM HOMENAGEM A J\u00d4 SOARES\"}]},{\"@type\":\"WebSite\",\"@id\":\"https:\/\/brasilnoticias.org\/site\/#website\",\"url\":\"https:\/\/brasilnoticias.org\/site\/\",\"name\":\"Brasil not\u00edcias\",\"description\":\"Brasil not\u00edcias\",\"publisher\":{\"@id\":\"https:\/\/brasilnoticias.org\/site\/#organization\"},\"potentialAction\":[{\"@type\":\"SearchAction\",\"target\":{\"@type\":\"EntryPoint\",\"urlTemplate\":\"https:\/\/brasilnoticias.org\/site\/?s={search_term_string}\"},\"query-input\":{\"@type\":\"PropertyValueSpecification\",\"valueRequired\":true,\"valueName\":\"search_term_string\"}}],\"inLanguage\":\"pt-PT\"},{\"@type\":\"Organization\",\"@id\":\"https:\/\/brasilnoticias.org\/site\/#organization\",\"name\":\"Brasil not\u00edcias\",\"url\":\"https:\/\/brasilnoticias.org\/site\/\",\"logo\":{\"@type\":\"ImageObject\",\"inLanguage\":\"pt-PT\",\"@id\":\"https:\/\/brasilnoticias.org\/site\/#\/schema\/logo\/image\/\",\"url\":\"https:\/\/brasilnoticias.org\/site\/wp-content\/uploads\/2022\/05\/cropped-brasilnoticias-mini.jpg\",\"contentUrl\":\"https:\/\/brasilnoticias.org\/site\/wp-content\/uploads\/2022\/05\/cropped-brasilnoticias-mini.jpg\",\"width\":314,\"height\":86,\"caption\":\"Brasil not\u00edcias\"},\"image\":{\"@id\":\"https:\/\/brasilnoticias.org\/site\/#\/schema\/logo\/image\/\"}},{\"@type\":\"Person\",\"@id\":\"https:\/\/brasilnoticias.org\/site\/#\/schema\/person\/f609fa847b5314f1c8b983342f34c798\",\"name\":\"Reda\u00e7\u00e3o\",\"image\":{\"@type\":\"ImageObject\",\"inLanguage\":\"pt-PT\",\"@id\":\"https:\/\/brasilnoticias.org\/site\/#\/schema\/person\/image\/\",\"url\":\"https:\/\/secure.gravatar.com\/avatar\/447284c06c1ad8b46465a36de9cd0d8326b73387a22799b8b1ffb1fbcff2ed0c?s=96&d=mm&r=g\",\"contentUrl\":\"https:\/\/secure.gravatar.com\/avatar\/447284c06c1ad8b46465a36de9cd0d8326b73387a22799b8b1ffb1fbcff2ed0c?s=96&d=mm&r=g\",\"caption\":\"Reda\u00e7\u00e3o\"},\"url\":\"https:\/\/brasilnoticias.org\/site\/author\/redacao\/\"}]}<\/script>\n<!-- \/ Yoast SEO plugin. -->","yoast_head_json":{"title":"NEYMAR COMEMORA GOL COM \u2018BEIJO PRO GORDO\u2019 EM HOMENAGEM A J\u00d4 SOARES - Brasil not\u00edcias","robots":{"index":"index","follow":"follow","max-snippet":"max-snippet:-1","max-image-preview":"max-image-preview:large","max-video-preview":"max-video-preview:-1"},"canonical":"https:\/\/brasilnoticias.org\/site\/neymar-comemora-gol-com-beijo-pro-gordo-em-homenagem-a-jo-soares\/","og_locale":"pt_PT","og_type":"article","og_title":"NEYMAR COMEMORA GOL COM \u2018BEIJO PRO GORDO\u2019 EM HOMENAGEM A J\u00d4 SOARES - Brasil not\u00edcias","og_description":"Neymar\u00a0homenageou neste s\u00e1bado (6) o\u00a0artista e humorista J\u00f4 Soares, morto aos 84 anos. Depois de abrir o placar para o","og_url":"https:\/\/brasilnoticias.org\/site\/neymar-comemora-gol-com-beijo-pro-gordo-em-homenagem-a-jo-soares\/","og_site_name":"Brasil not\u00edcias","article_published_time":"2022-08-07T11:52:13+00:00","og_image":[{"width":800,"height":450,"url":"https:\/\/brasilnoticias.org\/site\/wp-content\/uploads\/2022\/08\/whatsapp_image_2022-08-07_at_08.19.52_widelg-1.jpeg","type":"image\/jpeg"}],"author":"Reda\u00e7\u00e3o","twitter_card":"summary_large_image","twitter_misc":{"Escrito por":"Reda\u00e7\u00e3o","Tempo estimado de leitura":"1 minuto"},"schema":{"@context":"https:\/\/schema.org","@graph":[{"@type":"Article","@id":"https:\/\/brasilnoticias.org\/site\/neymar-comemora-gol-com-beijo-pro-gordo-em-homenagem-a-jo-soares\/#article","isPartOf":{"@id":"https:\/\/brasilnoticias.org\/site\/neymar-comemora-gol-com-beijo-pro-gordo-em-homenagem-a-jo-soares\/"},"author":{"name":"Reda\u00e7\u00e3o","@id":"https:\/\/brasilnoticias.org\/site\/#\/schema\/person\/f609fa847b5314f1c8b983342f34c798"},"headline":"NEYMAR COMEMORA GOL COM \u2018BEIJO PRO GORDO\u2019 EM HOMENAGEM A J\u00d4 SOARES","datePublished":"2022-08-07T11:52:13+00:00","mainEntityOfPage":{"@id":"https:\/\/brasilnoticias.org\/site\/neymar-comemora-gol-com-beijo-pro-gordo-em-homenagem-a-jo-soares\/"},"wordCount":215,"commentCount":0,"publisher":{"@id":"https:\/\/brasilnoticias.org\/site\/#organization"},"image":{"@id":"https:\/\/brasilnoticias.org\/site\/neymar-comemora-gol-com-beijo-pro-gordo-em-homenagem-a-jo-soares\/#primaryimage"},"thumbnailUrl":"https:\/\/brasilnoticias.org\/site\/wp-content\/uploads\/2022\/08\/whatsapp_image_2022-08-07_at_08.19.52_widelg-1.jpeg","articleSection":["Esporte","\u00daltimas"],"inLanguage":"pt-PT","potentialAction":[{"@type":"CommentAction","name":"Comment","target":["https:\/\/brasilnoticias.org\/site\/neymar-comemora-gol-com-beijo-pro-gordo-em-homenagem-a-jo-soares\/#respond"]}]},{"@type":"WebPage","@id":"https:\/\/brasilnoticias.org\/site\/neymar-comemora-gol-com-beijo-pro-gordo-em-homenagem-a-jo-soares\/","url":"https:\/\/brasilnoticias.org\/site\/neymar-comemora-gol-com-beijo-pro-gordo-em-homenagem-a-jo-soares\/","name":"NEYMAR COMEMORA GOL COM \u2018BEIJO PRO GORDO\u2019 EM HOMENAGEM A J\u00d4 SOARES - Brasil not\u00edcias","isPartOf":{"@id":"https:\/\/brasilnoticias.org\/site\/#website"},"primaryImageOfPage":{"@id":"https:\/\/brasilnoticias.org\/site\/neymar-comemora-gol-com-beijo-pro-gordo-em-homenagem-a-jo-soares\/#primaryimage"},"image":{"@id":"https:\/\/brasilnoticias.org\/site\/neymar-comemora-gol-com-beijo-pro-gordo-em-homenagem-a-jo-soares\/#primaryimage"},"thumbnailUrl":"https:\/\/brasilnoticias.org\/site\/wp-content\/uploads\/2022\/08\/whatsapp_image_2022-08-07_at_08.19.52_widelg-1.jpeg","datePublished":"2022-08-07T11:52:13+00:00","breadcrumb":{"@id":"https:\/\/brasilnoticias.org\/site\/neymar-comemora-gol-com-beijo-pro-gordo-em-homenagem-a-jo-soares\/#breadcrumb"},"inLanguage":"pt-PT","potentialAction":[{"@type":"ReadAction","target":["https:\/\/brasilnoticias.org\/site\/neymar-comemora-gol-com-beijo-pro-gordo-em-homenagem-a-jo-soares\/"]}]},{"@type":"ImageObject","inLanguage":"pt-PT","@id":"https:\/\/brasilnoticias.org\/site\/neymar-comemora-gol-com-beijo-pro-gordo-em-homenagem-a-jo-soares\/#primaryimage","url":"https:\/\/brasilnoticias.org\/site\/wp-content\/uploads\/2022\/08\/whatsapp_image_2022-08-07_at_08.19.52_widelg-1.jpeg","contentUrl":"https:\/\/brasilnoticias.org\/site\/wp-content\/uploads\/2022\/08\/whatsapp_image_2022-08-07_at_08.19.52_widelg-1.jpeg","width":800,"height":450},{"@type":"BreadcrumbList","@id":"https:\/\/brasilnoticias.org\/site\/neymar-comemora-gol-com-beijo-pro-gordo-em-homenagem-a-jo-soares\/#breadcrumb","itemListElement":[{"@type":"ListItem","position":1,"name":"In\u00edcio","item":"https:\/\/brasilnoticias.org\/site\/"},{"@type":"ListItem","position":2,"name":"NEYMAR COMEMORA GOL COM \u2018BEIJO PRO GORDO\u2019 EM HOMENAGEM A J\u00d4 SOARES"}]},{"@type":"WebSite","@id":"https:\/\/brasilnoticias.org\/site\/#website","url":"https:\/\/brasilnoticias.org\/site\/","name":"Brasil not\u00edcias","description":"Brasil not\u00edcias","publisher":{"@id":"https:\/\/brasilnoticias.org\/site\/#organization"},"potentialAction":[{"@type":"SearchAction","target":{"@type":"EntryPoint","urlTemplate":"https:\/\/brasilnoticias.org\/site\/?s={search_term_string}"},"query-input":{"@type":"PropertyValueSpecification","valueRequired":true,"valueName":"search_term_string"}}],"inLanguage":"pt-PT"},{"@type":"Organization","@id":"https:\/\/brasilnoticias.org\/site\/#organization","name":"Brasil not\u00edcias","url":"https:\/\/brasilnoticias.org\/site\/","logo":{"@type":"ImageObject","inLanguage":"pt-PT","@id":"https:\/\/brasilnoticias.org\/site\/#\/schema\/logo\/image\/","url":"https:\/\/brasilnoticias.org\/site\/wp-content\/uploads\/2022\/05\/cropped-brasilnoticias-mini.jpg","contentUrl":"https:\/\/brasilnoticias.org\/site\/wp-content\/uploads\/2022\/05\/cropped-brasilnoticias-mini.jpg","width":314,"height":86,"caption":"Brasil not\u00edcias"},"image":{"@id":"https:\/\/brasilnoticias.org\/site\/#\/schema\/logo\/image\/"}},{"@type":"Person","@id":"https:\/\/brasilnoticias.org\/site\/#\/schema\/person\/f609fa847b5314f1c8b983342f34c798","name":"Reda\u00e7\u00e3o","image":{"@type":"ImageObject","inLanguage":"pt-PT","@id":"https:\/\/brasilnoticias.org\/site\/#\/schema\/person\/image\/","url":"https:\/\/secure.gravatar.com\/avatar\/447284c06c1ad8b46465a36de9cd0d8326b73387a22799b8b1ffb1fbcff2ed0c?s=96&d=mm&r=g","contentUrl":"https:\/\/secure.gravatar.com\/avatar\/447284c06c1ad8b46465a36de9cd0d8326b73387a22799b8b1ffb1fbcff2ed0c?s=96&d=mm&r=g","caption":"Reda\u00e7\u00e3o"},"url":"https:\/\/brasilnoticias.org\/site\/author\/redacao\/"}]}},"_links":{"self":[{"href":"https:\/\/brasilnoticias.org\/site\/wp-json\/wp\/v2\/posts\/1080","targetHints":{"allow":["GET"]}}],"collection":[{"href":"https:\/\/brasilnoticias.org\/site\/wp-json\/wp\/v2\/posts"}],"about":[{"href":"https:\/\/brasilnoticias.org\/site\/wp-json\/wp\/v2\/types\/post"}],"author":[{"embeddable":true,"href":"https:\/\/brasilnoticias.org\/site\/wp-json\/wp\/v2\/users\/2"}],"replies":[{"embeddable":true,"href":"https:\/\/brasilnoticias.org\/site\/wp-json\/wp\/v2\/comments?post=1080"}],"version-history":[{"count":1,"href":"https:\/\/brasilnoticias.org\/site\/wp-json\/wp\/v2\/posts\/1080\/revisions"}],"predecessor-version":[{"id":1082,"href":"https:\/\/brasilnoticias.org\/site\/wp-json\/wp\/v2\/posts\/1080\/revisions\/1082"}],"wp:featuredmedia":[{"embeddable":true,"href":"https:\/\/brasilnoticias.org\/site\/wp-json\/wp\/v2\/media\/1081"}],"wp:attachment":[{"href":"https:\/\/brasilnoticias.org\/site\/wp-json\/wp\/v2\/media?parent=1080"}],"wp:term":[{"taxonomy":"category","embeddable":true,"href":"https:\/\/brasilnoticias.org\/site\/wp-json\/wp\/v2\/categories?post=1080"},{"taxonomy":"post_tag","embeddable":true,"href":"https:\/\/brasilnoticias.org\/site\/wp-json\/wp\/v2\/tags?post=1080"}],"curies":[{"name":"wp","href":"https:\/\/api.w.org\/{rel}","templated":true}]}}