{"id":10803,"date":"2023-11-09T22:25:34","date_gmt":"2023-11-10T01:25:34","guid":{"rendered":"https:\/\/brasilnoticias.org\/site\/?p=10803"},"modified":"2023-11-09T22:25:34","modified_gmt":"2023-11-10T01:25:34","slug":"presidente-de-portugal-dissolve-parlamento-e-decide-convocar-novas-eleicoes","status":"publish","type":"post","link":"https:\/\/brasilnoticias.org\/site\/presidente-de-portugal-dissolve-parlamento-e-decide-convocar-novas-eleicoes\/","title":{"rendered":"Presidente de Portugal dissolve Parlamento e decide convocar novas elei\u00e7\u00f5es"},"content":{"rendered":"<p>A medida de Marcelo Rabelo foi anunciada apenas para janeiro, o que dar\u00e1 tempo para parlamentares aprovarem o or\u00e7amento de 2024<\/p>\n<p>Em decis\u00e3o com respaldo dos partidos pol\u00edticos, o presidente de Portugal, Marcelo Rabelo, anunciou a dissolu\u00e7\u00e3o do Parlamento portugu\u00eas. A medida s\u00f3 ser\u00e1 concretizada a partir de janeiro quando os deputados j\u00e1 tiverem aprovado o or\u00e7amento de 2024.<\/p>\n<p>A decis\u00e3o foi tomada ap\u00f3s reuni\u00e3o do Conselho do Estado, quando ficou entendido tamb\u00e9m pela necessidade de uma antecipa\u00e7\u00e3o das elei\u00e7\u00f5es municipais para mar\u00e7o de 2024. A situa\u00e7\u00e3o acontece ap\u00f3s o primeiro-ministro, Antonio Costa, ter entregue o cargo. <\/p>\n<p>O chanceler esteve \u00e0 frente do pa\u00eds por oito anos, mas saiu do cargo ao ser denunciado pelo Minist\u00e9rio P\u00fablico.  Antonio Costa \u00e9 investigado por ter feito uma \u201cinterven\u00e7\u00e3o para desbloquear procedimentos\u201d em neg\u00f3cios relacionados a hidrog\u00eanio verde beneficiando empresas particulares.<\/p>\n<p>Foto: Edilson Rodrigues\/Ag\u00eancia Senado<br \/>\nPor: Metro1<\/p>\n","protected":false},"excerpt":{"rendered":"<p>A medida de Marcelo Rabelo foi anunciada apenas para janeiro, o que dar\u00e1 tempo para parlamentares aprovarem o or\u00e7amento de<\/p>\n","protected":false},"author":4,"featured_media":10804,"comment_status":"open","ping_status":"open","sticky":false,"template":"","format":"standard","meta":{"colormag_page_container_layout":"default_layout","colormag_page_sidebar_layout":"default_layout","_FSMCFIC_featured_image_caption":"","_FSMCFIC_featured_image_nocaption":"","_FSMCFIC_featured_image_hide":"","footnotes":""},"categories":[6,1],"tags":[],"class_list":["post-10803","post","type-post","status-publish","format-standard","has-post-thumbnail","hentry","category-mundo","category-ultimas"],"yoast_head":"<!-- This site is optimized with the Yoast SEO plugin v27.1.1 - https:\/\/yoast.com\/product\/yoast-seo-wordpress\/ -->\n<title>Presidente de Portugal dissolve Parlamento e decide convocar novas elei\u00e7\u00f5es - Brasil not\u00edcias<\/title>\n<meta name=\"robots\" content=\"index, follow, max-snippet:-1, max-image-preview:large, max-video-preview:-1\" \/>\n<link rel=\"canonical\" href=\"https:\/\/brasilnoticias.org\/site\/presidente-de-portugal-dissolve-parlamento-e-decide-convocar-novas-eleicoes\/\" \/>\n<meta property=\"og:locale\" content=\"pt_PT\" \/>\n<meta property=\"og:type\" content=\"article\" \/>\n<meta property=\"og:title\" content=\"Presidente de Portugal dissolve Parlamento e decide convocar novas elei\u00e7\u00f5es - Brasil not\u00edcias\" \/>\n<meta property=\"og:description\" content=\"A medida de Marcelo Rabelo foi anunciada apenas para janeiro, o que dar\u00e1 tempo para parlamentares aprovarem o or\u00e7amento de\" \/>\n<meta property=\"og:url\" content=\"https:\/\/brasilnoticias.org\/site\/presidente-de-portugal-dissolve-parlamento-e-decide-convocar-novas-eleicoes\/\" \/>\n<meta property=\"og:site_name\" content=\"Brasil not\u00edcias\" \/>\n<meta property=\"article:published_time\" content=\"2023-11-10T01:25:34+00:00\" \/>\n<meta property=\"og:image\" content=\"https:\/\/brasilnoticias.org\/site\/wp-content\/uploads\/2023\/11\/142979presidente-de-portugal-dissolve-parlamento-e-decide-convocar-novas-eleicoes-3.jpg\" \/>\n\t<meta property=\"og:image:width\" content=\"1600\" \/>\n\t<meta property=\"og:image:height\" content=\"752\" \/>\n\t<meta property=\"og:image:type\" content=\"image\/jpeg\" \/>\n<meta name=\"author\" content=\"Reda\u00e7\u00e3o\" \/>\n<meta name=\"twitter:card\" content=\"summary_large_image\" \/>\n<meta name=\"twitter:label1\" content=\"Escrito por\" \/>\n\t<meta name=\"twitter:data1\" content=\"Reda\u00e7\u00e3o\" \/>\n<script type=\"application\/ld+json\" class=\"yoast-schema-graph\">{\"@context\":\"https:\/\/schema.org\",\"@graph\":[{\"@type\":\"Article\",\"@id\":\"https:\/\/brasilnoticias.org\/site\/presidente-de-portugal-dissolve-parlamento-e-decide-convocar-novas-eleicoes\/#article\",\"isPartOf\":{\"@id\":\"https:\/\/brasilnoticias.org\/site\/presidente-de-portugal-dissolve-parlamento-e-decide-convocar-novas-eleicoes\/\"},\"author\":{\"name\":\"Reda\u00e7\u00e3o\",\"@id\":\"https:\/\/brasilnoticias.org\/site\/#\/schema\/person\/03bbbfe6c7634ad18c26444ea39049fa\"},\"headline\":\"Presidente de Portugal dissolve Parlamento e decide convocar novas elei\u00e7\u00f5es\",\"datePublished\":\"2023-11-10T01:25:34+00:00\",\"mainEntityOfPage\":{\"@id\":\"https:\/\/brasilnoticias.org\/site\/presidente-de-portugal-dissolve-parlamento-e-decide-convocar-novas-eleicoes\/\"},\"wordCount\":173,\"commentCount\":0,\"publisher\":{\"@id\":\"https:\/\/brasilnoticias.org\/site\/#organization\"},\"image\":{\"@id\":\"https:\/\/brasilnoticias.org\/site\/presidente-de-portugal-dissolve-parlamento-e-decide-convocar-novas-eleicoes\/#primaryimage\"},\"thumbnailUrl\":\"https:\/\/brasilnoticias.org\/site\/wp-content\/uploads\/2023\/11\/142979presidente-de-portugal-dissolve-parlamento-e-decide-convocar-novas-eleicoes-3.jpg\",\"articleSection\":[\"Mundo\",\"\u00daltimas\"],\"inLanguage\":\"pt-PT\",\"potentialAction\":[{\"@type\":\"CommentAction\",\"name\":\"Comment\",\"target\":[\"https:\/\/brasilnoticias.org\/site\/presidente-de-portugal-dissolve-parlamento-e-decide-convocar-novas-eleicoes\/#respond\"]}]},{\"@type\":\"WebPage\",\"@id\":\"https:\/\/brasilnoticias.org\/site\/presidente-de-portugal-dissolve-parlamento-e-decide-convocar-novas-eleicoes\/\",\"url\":\"https:\/\/brasilnoticias.org\/site\/presidente-de-portugal-dissolve-parlamento-e-decide-convocar-novas-eleicoes\/\",\"name\":\"Presidente de Portugal dissolve Parlamento e decide convocar novas elei\u00e7\u00f5es - Brasil not\u00edcias\",\"isPartOf\":{\"@id\":\"https:\/\/brasilnoticias.org\/site\/#website\"},\"primaryImageOfPage\":{\"@id\":\"https:\/\/brasilnoticias.org\/site\/presidente-de-portugal-dissolve-parlamento-e-decide-convocar-novas-eleicoes\/#primaryimage\"},\"image\":{\"@id\":\"https:\/\/brasilnoticias.org\/site\/presidente-de-portugal-dissolve-parlamento-e-decide-convocar-novas-eleicoes\/#primaryimage\"},\"thumbnailUrl\":\"https:\/\/brasilnoticias.org\/site\/wp-content\/uploads\/2023\/11\/142979presidente-de-portugal-dissolve-parlamento-e-decide-convocar-novas-eleicoes-3.jpg\",\"datePublished\":\"2023-11-10T01:25:34+00:00\",\"breadcrumb\":{\"@id\":\"https:\/\/brasilnoticias.org\/site\/presidente-de-portugal-dissolve-parlamento-e-decide-convocar-novas-eleicoes\/#breadcrumb\"},\"inLanguage\":\"pt-PT\",\"potentialAction\":[{\"@type\":\"ReadAction\",\"target\":[\"https:\/\/brasilnoticias.org\/site\/presidente-de-portugal-dissolve-parlamento-e-decide-convocar-novas-eleicoes\/\"]}]},{\"@type\":\"ImageObject\",\"inLanguage\":\"pt-PT\",\"@id\":\"https:\/\/brasilnoticias.org\/site\/presidente-de-portugal-dissolve-parlamento-e-decide-convocar-novas-eleicoes\/#primaryimage\",\"url\":\"https:\/\/brasilnoticias.org\/site\/wp-content\/uploads\/2023\/11\/142979presidente-de-portugal-dissolve-parlamento-e-decide-convocar-novas-eleicoes-3.jpg\",\"contentUrl\":\"https:\/\/brasilnoticias.org\/site\/wp-content\/uploads\/2023\/11\/142979presidente-de-portugal-dissolve-parlamento-e-decide-convocar-novas-eleicoes-3.jpg\",\"width\":1600,\"height\":752},{\"@type\":\"BreadcrumbList\",\"@id\":\"https:\/\/brasilnoticias.org\/site\/presidente-de-portugal-dissolve-parlamento-e-decide-convocar-novas-eleicoes\/#breadcrumb\",\"itemListElement\":[{\"@type\":\"ListItem\",\"position\":1,\"name\":\"In\u00edcio\",\"item\":\"https:\/\/brasilnoticias.org\/site\/\"},{\"@type\":\"ListItem\",\"position\":2,\"name\":\"Presidente de Portugal dissolve Parlamento e decide convocar novas elei\u00e7\u00f5es\"}]},{\"@type\":\"WebSite\",\"@id\":\"https:\/\/brasilnoticias.org\/site\/#website\",\"url\":\"https:\/\/brasilnoticias.org\/site\/\",\"name\":\"Brasil not\u00edcias\",\"description\":\"Brasil not\u00edcias\",\"publisher\":{\"@id\":\"https:\/\/brasilnoticias.org\/site\/#organization\"},\"potentialAction\":[{\"@type\":\"SearchAction\",\"target\":{\"@type\":\"EntryPoint\",\"urlTemplate\":\"https:\/\/brasilnoticias.org\/site\/?s={search_term_string}\"},\"query-input\":{\"@type\":\"PropertyValueSpecification\",\"valueRequired\":true,\"valueName\":\"search_term_string\"}}],\"inLanguage\":\"pt-PT\"},{\"@type\":\"Organization\",\"@id\":\"https:\/\/brasilnoticias.org\/site\/#organization\",\"name\":\"Brasil not\u00edcias\",\"url\":\"https:\/\/brasilnoticias.org\/site\/\",\"logo\":{\"@type\":\"ImageObject\",\"inLanguage\":\"pt-PT\",\"@id\":\"https:\/\/brasilnoticias.org\/site\/#\/schema\/logo\/image\/\",\"url\":\"https:\/\/brasilnoticias.org\/site\/wp-content\/uploads\/2022\/05\/cropped-brasilnoticias-mini.jpg\",\"contentUrl\":\"https:\/\/brasilnoticias.org\/site\/wp-content\/uploads\/2022\/05\/cropped-brasilnoticias-mini.jpg\",\"width\":314,\"height\":86,\"caption\":\"Brasil not\u00edcias\"},\"image\":{\"@id\":\"https:\/\/brasilnoticias.org\/site\/#\/schema\/logo\/image\/\"}},{\"@type\":\"Person\",\"@id\":\"https:\/\/brasilnoticias.org\/site\/#\/schema\/person\/03bbbfe6c7634ad18c26444ea39049fa\",\"name\":\"Reda\u00e7\u00e3o\",\"image\":{\"@type\":\"ImageObject\",\"inLanguage\":\"pt-PT\",\"@id\":\"https:\/\/brasilnoticias.org\/site\/#\/schema\/person\/image\/\",\"url\":\"https:\/\/secure.gravatar.com\/avatar\/9ecaf7327a696cb23ad926fedded5f1f04d7049de9e445375d55b48c001a6e42?s=96&d=mm&r=g\",\"contentUrl\":\"https:\/\/secure.gravatar.com\/avatar\/9ecaf7327a696cb23ad926fedded5f1f04d7049de9e445375d55b48c001a6e42?s=96&d=mm&r=g\",\"caption\":\"Reda\u00e7\u00e3o\"},\"url\":\"https:\/\/brasilnoticias.org\/site\/author\/henrique\/\"}]}<\/script>\n<!-- \/ Yoast SEO plugin. -->","yoast_head_json":{"title":"Presidente de Portugal dissolve Parlamento e decide convocar novas elei\u00e7\u00f5es - Brasil not\u00edcias","robots":{"index":"index","follow":"follow","max-snippet":"max-snippet:-1","max-image-preview":"max-image-preview:large","max-video-preview":"max-video-preview:-1"},"canonical":"https:\/\/brasilnoticias.org\/site\/presidente-de-portugal-dissolve-parlamento-e-decide-convocar-novas-eleicoes\/","og_locale":"pt_PT","og_type":"article","og_title":"Presidente de Portugal dissolve Parlamento e decide convocar novas elei\u00e7\u00f5es - Brasil not\u00edcias","og_description":"A medida de Marcelo Rabelo foi anunciada apenas para janeiro, o que dar\u00e1 tempo para parlamentares aprovarem o or\u00e7amento de","og_url":"https:\/\/brasilnoticias.org\/site\/presidente-de-portugal-dissolve-parlamento-e-decide-convocar-novas-eleicoes\/","og_site_name":"Brasil not\u00edcias","article_published_time":"2023-11-10T01:25:34+00:00","og_image":[{"width":1600,"height":752,"url":"https:\/\/brasilnoticias.org\/site\/wp-content\/uploads\/2023\/11\/142979presidente-de-portugal-dissolve-parlamento-e-decide-convocar-novas-eleicoes-3.jpg","type":"image\/jpeg"}],"author":"Reda\u00e7\u00e3o","twitter_card":"summary_large_image","twitter_misc":{"Escrito por":"Reda\u00e7\u00e3o"},"schema":{"@context":"https:\/\/schema.org","@graph":[{"@type":"Article","@id":"https:\/\/brasilnoticias.org\/site\/presidente-de-portugal-dissolve-parlamento-e-decide-convocar-novas-eleicoes\/#article","isPartOf":{"@id":"https:\/\/brasilnoticias.org\/site\/presidente-de-portugal-dissolve-parlamento-e-decide-convocar-novas-eleicoes\/"},"author":{"name":"Reda\u00e7\u00e3o","@id":"https:\/\/brasilnoticias.org\/site\/#\/schema\/person\/03bbbfe6c7634ad18c26444ea39049fa"},"headline":"Presidente de Portugal dissolve Parlamento e decide convocar novas elei\u00e7\u00f5es","datePublished":"2023-11-10T01:25:34+00:00","mainEntityOfPage":{"@id":"https:\/\/brasilnoticias.org\/site\/presidente-de-portugal-dissolve-parlamento-e-decide-convocar-novas-eleicoes\/"},"wordCount":173,"commentCount":0,"publisher":{"@id":"https:\/\/brasilnoticias.org\/site\/#organization"},"image":{"@id":"https:\/\/brasilnoticias.org\/site\/presidente-de-portugal-dissolve-parlamento-e-decide-convocar-novas-eleicoes\/#primaryimage"},"thumbnailUrl":"https:\/\/brasilnoticias.org\/site\/wp-content\/uploads\/2023\/11\/142979presidente-de-portugal-dissolve-parlamento-e-decide-convocar-novas-eleicoes-3.jpg","articleSection":["Mundo","\u00daltimas"],"inLanguage":"pt-PT","potentialAction":[{"@type":"CommentAction","name":"Comment","target":["https:\/\/brasilnoticias.org\/site\/presidente-de-portugal-dissolve-parlamento-e-decide-convocar-novas-eleicoes\/#respond"]}]},{"@type":"WebPage","@id":"https:\/\/brasilnoticias.org\/site\/presidente-de-portugal-dissolve-parlamento-e-decide-convocar-novas-eleicoes\/","url":"https:\/\/brasilnoticias.org\/site\/presidente-de-portugal-dissolve-parlamento-e-decide-convocar-novas-eleicoes\/","name":"Presidente de Portugal dissolve Parlamento e decide convocar novas elei\u00e7\u00f5es - Brasil not\u00edcias","isPartOf":{"@id":"https:\/\/brasilnoticias.org\/site\/#website"},"primaryImageOfPage":{"@id":"https:\/\/brasilnoticias.org\/site\/presidente-de-portugal-dissolve-parlamento-e-decide-convocar-novas-eleicoes\/#primaryimage"},"image":{"@id":"https:\/\/brasilnoticias.org\/site\/presidente-de-portugal-dissolve-parlamento-e-decide-convocar-novas-eleicoes\/#primaryimage"},"thumbnailUrl":"https:\/\/brasilnoticias.org\/site\/wp-content\/uploads\/2023\/11\/142979presidente-de-portugal-dissolve-parlamento-e-decide-convocar-novas-eleicoes-3.jpg","datePublished":"2023-11-10T01:25:34+00:00","breadcrumb":{"@id":"https:\/\/brasilnoticias.org\/site\/presidente-de-portugal-dissolve-parlamento-e-decide-convocar-novas-eleicoes\/#breadcrumb"},"inLanguage":"pt-PT","potentialAction":[{"@type":"ReadAction","target":["https:\/\/brasilnoticias.org\/site\/presidente-de-portugal-dissolve-parlamento-e-decide-convocar-novas-eleicoes\/"]}]},{"@type":"ImageObject","inLanguage":"pt-PT","@id":"https:\/\/brasilnoticias.org\/site\/presidente-de-portugal-dissolve-parlamento-e-decide-convocar-novas-eleicoes\/#primaryimage","url":"https:\/\/brasilnoticias.org\/site\/wp-content\/uploads\/2023\/11\/142979presidente-de-portugal-dissolve-parlamento-e-decide-convocar-novas-eleicoes-3.jpg","contentUrl":"https:\/\/brasilnoticias.org\/site\/wp-content\/uploads\/2023\/11\/142979presidente-de-portugal-dissolve-parlamento-e-decide-convocar-novas-eleicoes-3.jpg","width":1600,"height":752},{"@type":"BreadcrumbList","@id":"https:\/\/brasilnoticias.org\/site\/presidente-de-portugal-dissolve-parlamento-e-decide-convocar-novas-eleicoes\/#breadcrumb","itemListElement":[{"@type":"ListItem","position":1,"name":"In\u00edcio","item":"https:\/\/brasilnoticias.org\/site\/"},{"@type":"ListItem","position":2,"name":"Presidente de Portugal dissolve Parlamento e decide convocar novas elei\u00e7\u00f5es"}]},{"@type":"WebSite","@id":"https:\/\/brasilnoticias.org\/site\/#website","url":"https:\/\/brasilnoticias.org\/site\/","name":"Brasil not\u00edcias","description":"Brasil not\u00edcias","publisher":{"@id":"https:\/\/brasilnoticias.org\/site\/#organization"},"potentialAction":[{"@type":"SearchAction","target":{"@type":"EntryPoint","urlTemplate":"https:\/\/brasilnoticias.org\/site\/?s={search_term_string}"},"query-input":{"@type":"PropertyValueSpecification","valueRequired":true,"valueName":"search_term_string"}}],"inLanguage":"pt-PT"},{"@type":"Organization","@id":"https:\/\/brasilnoticias.org\/site\/#organization","name":"Brasil not\u00edcias","url":"https:\/\/brasilnoticias.org\/site\/","logo":{"@type":"ImageObject","inLanguage":"pt-PT","@id":"https:\/\/brasilnoticias.org\/site\/#\/schema\/logo\/image\/","url":"https:\/\/brasilnoticias.org\/site\/wp-content\/uploads\/2022\/05\/cropped-brasilnoticias-mini.jpg","contentUrl":"https:\/\/brasilnoticias.org\/site\/wp-content\/uploads\/2022\/05\/cropped-brasilnoticias-mini.jpg","width":314,"height":86,"caption":"Brasil not\u00edcias"},"image":{"@id":"https:\/\/brasilnoticias.org\/site\/#\/schema\/logo\/image\/"}},{"@type":"Person","@id":"https:\/\/brasilnoticias.org\/site\/#\/schema\/person\/03bbbfe6c7634ad18c26444ea39049fa","name":"Reda\u00e7\u00e3o","image":{"@type":"ImageObject","inLanguage":"pt-PT","@id":"https:\/\/brasilnoticias.org\/site\/#\/schema\/person\/image\/","url":"https:\/\/secure.gravatar.com\/avatar\/9ecaf7327a696cb23ad926fedded5f1f04d7049de9e445375d55b48c001a6e42?s=96&d=mm&r=g","contentUrl":"https:\/\/secure.gravatar.com\/avatar\/9ecaf7327a696cb23ad926fedded5f1f04d7049de9e445375d55b48c001a6e42?s=96&d=mm&r=g","caption":"Reda\u00e7\u00e3o"},"url":"https:\/\/brasilnoticias.org\/site\/author\/henrique\/"}]}},"_links":{"self":[{"href":"https:\/\/brasilnoticias.org\/site\/wp-json\/wp\/v2\/posts\/10803","targetHints":{"allow":["GET"]}}],"collection":[{"href":"https:\/\/brasilnoticias.org\/site\/wp-json\/wp\/v2\/posts"}],"about":[{"href":"https:\/\/brasilnoticias.org\/site\/wp-json\/wp\/v2\/types\/post"}],"author":[{"embeddable":true,"href":"https:\/\/brasilnoticias.org\/site\/wp-json\/wp\/v2\/users\/4"}],"replies":[{"embeddable":true,"href":"https:\/\/brasilnoticias.org\/site\/wp-json\/wp\/v2\/comments?post=10803"}],"version-history":[{"count":1,"href":"https:\/\/brasilnoticias.org\/site\/wp-json\/wp\/v2\/posts\/10803\/revisions"}],"predecessor-version":[{"id":10805,"href":"https:\/\/brasilnoticias.org\/site\/wp-json\/wp\/v2\/posts\/10803\/revisions\/10805"}],"wp:featuredmedia":[{"embeddable":true,"href":"https:\/\/brasilnoticias.org\/site\/wp-json\/wp\/v2\/media\/10804"}],"wp:attachment":[{"href":"https:\/\/brasilnoticias.org\/site\/wp-json\/wp\/v2\/media?parent=10803"}],"wp:term":[{"taxonomy":"category","embeddable":true,"href":"https:\/\/brasilnoticias.org\/site\/wp-json\/wp\/v2\/categories?post=10803"},{"taxonomy":"post_tag","embeddable":true,"href":"https:\/\/brasilnoticias.org\/site\/wp-json\/wp\/v2\/tags?post=10803"}],"curies":[{"name":"wp","href":"https:\/\/api.w.org\/{rel}","templated":true}]}}