{"id":10814,"date":"2023-11-10T19:35:50","date_gmt":"2023-11-10T22:35:50","guid":{"rendered":"https:\/\/brasilnoticias.org\/site\/?p=10814"},"modified":"2023-11-10T19:35:50","modified_gmt":"2023-11-10T22:35:50","slug":"palacete-saldanha-vai-a-leilao-por-r-10150-milhoes","status":"publish","type":"post","link":"https:\/\/brasilnoticias.org\/site\/palacete-saldanha-vai-a-leilao-por-r-10150-milhoes\/","title":{"rendered":"Palacete Saldanha vai a leil\u00e3o por R$ 10,150 milh\u00f5es"},"content":{"rendered":"<p>O im\u00f3vel hist\u00f3rico foi colocado para venda a partir de decis\u00e3o do TRF da 5\u00aa Regi\u00e3o<\/p>\n<p>O Palacete Saldanha, no Centro Hist\u00f3rico de Salvador, foi posto \u00e0 leil\u00e3o por decis\u00e3o do Tribunal Regional do Trabalho (TRT) da 5\u00aa Regi\u00e3o. Na \u00faltima avalia\u00e7\u00e3o, realizada em 2022,o hist\u00f3rico pr\u00e9dio foi avaliado R$ 10,150 milh\u00f5es<\/p>\n<p>Segundo o edital de licita\u00e7\u00e3o, o prazo para demonstrar interesse \u00e9 at\u00e9 29 de janeiro do pr\u00f3ximo ano, sendo que n\u00e3o h\u00e1 um lance m\u00ednimo fixado. O im\u00f3vel \u00e9 tombado pelo Instituto do Patrim\u00f4nio Hist\u00f3rico e Art\u00edstico Nacional (Iphan) e tem prioridade de compra de entes governamentais.<\/p>\n<p>Conforme consta no processo, \u201ctrata-se de pr\u00e9dio tombado pelo patrim\u00f4nio hist\u00f3rico sendo o estado de conserva\u00e7\u00e3o razo\u00e1vel, mas com v\u00e1rias infiltra\u00e7\u00f5es aparentes e goteiras em algumas paredes do palacete, em especial na jun\u00e7\u00e3o entre a parte mais antiga e nobre e a parte mais recente e n\u00e3o terminada. Apresenta, tamb\u00e9m, ferragens deterioradas. O pr\u00e9dio necessita do t\u00e9rmino de obras inconclusas\u201d.<\/p>\n<p>O Palacete tem origem em 1699, quando o coronel Ant\u00f4nio da Silva Pimentel adquiriu algumas casas dos Terceiros Carmelitas para construir o espa\u00e7o. O edif\u00edcio sofreu com um inc\u00eandio em 1968, e em 1995 foi feita uma requalifica\u00e7\u00e3o para retornar o Palacete a uso.<\/p>\n<p>Foto: Google Street View<br \/>\nPor: Metro1<\/p>\n","protected":false},"excerpt":{"rendered":"<p>O im\u00f3vel hist\u00f3rico foi colocado para venda a partir de decis\u00e3o do TRF da 5\u00aa Regi\u00e3o O Palacete Saldanha, no<\/p>\n","protected":false},"author":4,"featured_media":10815,"comment_status":"open","ping_status":"open","sticky":false,"template":"","format":"standard","meta":{"colormag_page_container_layout":"default_layout","colormag_page_sidebar_layout":"default_layout","_FSMCFIC_featured_image_caption":"","_FSMCFIC_featured_image_nocaption":"","_FSMCFIC_featured_image_hide":"","footnotes":""},"categories":[2,1],"tags":[],"class_list":["post-10814","post","type-post","status-publish","format-standard","has-post-thumbnail","hentry","category-noticias","category-ultimas"],"yoast_head":"<!-- This site is optimized with the Yoast SEO plugin v27.1.1 - https:\/\/yoast.com\/product\/yoast-seo-wordpress\/ -->\n<title>Palacete Saldanha vai a leil\u00e3o por R$ 10,150 milh\u00f5es - Brasil not\u00edcias<\/title>\n<meta name=\"robots\" content=\"index, follow, max-snippet:-1, max-image-preview:large, max-video-preview:-1\" \/>\n<link rel=\"canonical\" href=\"https:\/\/brasilnoticias.org\/site\/palacete-saldanha-vai-a-leilao-por-r-10150-milhoes\/\" \/>\n<meta property=\"og:locale\" content=\"pt_PT\" \/>\n<meta property=\"og:type\" content=\"article\" \/>\n<meta property=\"og:title\" content=\"Palacete Saldanha vai a leil\u00e3o por R$ 10,150 milh\u00f5es - Brasil not\u00edcias\" \/>\n<meta property=\"og:description\" content=\"O im\u00f3vel hist\u00f3rico foi colocado para venda a partir de decis\u00e3o do TRF da 5\u00aa Regi\u00e3o O Palacete Saldanha, no\" \/>\n<meta property=\"og:url\" content=\"https:\/\/brasilnoticias.org\/site\/palacete-saldanha-vai-a-leilao-por-r-10150-milhoes\/\" \/>\n<meta property=\"og:site_name\" content=\"Brasil not\u00edcias\" \/>\n<meta property=\"article:published_time\" content=\"2023-11-10T22:35:50+00:00\" \/>\n<meta property=\"og:image\" content=\"https:\/\/brasilnoticias.org\/site\/wp-content\/uploads\/2023\/11\/143021palacete-saldanha-vai-a-leilao-por-r-10150-milhoes-3.jpg\" \/>\n\t<meta property=\"og:image:width\" content=\"1600\" \/>\n\t<meta property=\"og:image:height\" content=\"752\" \/>\n\t<meta property=\"og:image:type\" content=\"image\/jpeg\" \/>\n<meta name=\"author\" content=\"Reda\u00e7\u00e3o\" \/>\n<meta name=\"twitter:card\" content=\"summary_large_image\" \/>\n<meta name=\"twitter:label1\" content=\"Escrito por\" \/>\n\t<meta name=\"twitter:data1\" content=\"Reda\u00e7\u00e3o\" \/>\n<script type=\"application\/ld+json\" class=\"yoast-schema-graph\">{\"@context\":\"https:\/\/schema.org\",\"@graph\":[{\"@type\":\"Article\",\"@id\":\"https:\/\/brasilnoticias.org\/site\/palacete-saldanha-vai-a-leilao-por-r-10150-milhoes\/#article\",\"isPartOf\":{\"@id\":\"https:\/\/brasilnoticias.org\/site\/palacete-saldanha-vai-a-leilao-por-r-10150-milhoes\/\"},\"author\":{\"name\":\"Reda\u00e7\u00e3o\",\"@id\":\"https:\/\/brasilnoticias.org\/site\/#\/schema\/person\/03bbbfe6c7634ad18c26444ea39049fa\"},\"headline\":\"Palacete Saldanha vai a leil\u00e3o por R$ 10,150 milh\u00f5es\",\"datePublished\":\"2023-11-10T22:35:50+00:00\",\"mainEntityOfPage\":{\"@id\":\"https:\/\/brasilnoticias.org\/site\/palacete-saldanha-vai-a-leilao-por-r-10150-milhoes\/\"},\"wordCount\":246,\"commentCount\":0,\"publisher\":{\"@id\":\"https:\/\/brasilnoticias.org\/site\/#organization\"},\"image\":{\"@id\":\"https:\/\/brasilnoticias.org\/site\/palacete-saldanha-vai-a-leilao-por-r-10150-milhoes\/#primaryimage\"},\"thumbnailUrl\":\"https:\/\/brasilnoticias.org\/site\/wp-content\/uploads\/2023\/11\/143021palacete-saldanha-vai-a-leilao-por-r-10150-milhoes-3.jpg\",\"articleSection\":[\"Not\u00edcias\",\"\u00daltimas\"],\"inLanguage\":\"pt-PT\",\"potentialAction\":[{\"@type\":\"CommentAction\",\"name\":\"Comment\",\"target\":[\"https:\/\/brasilnoticias.org\/site\/palacete-saldanha-vai-a-leilao-por-r-10150-milhoes\/#respond\"]}]},{\"@type\":\"WebPage\",\"@id\":\"https:\/\/brasilnoticias.org\/site\/palacete-saldanha-vai-a-leilao-por-r-10150-milhoes\/\",\"url\":\"https:\/\/brasilnoticias.org\/site\/palacete-saldanha-vai-a-leilao-por-r-10150-milhoes\/\",\"name\":\"Palacete Saldanha vai a leil\u00e3o por R$ 10,150 milh\u00f5es - Brasil not\u00edcias\",\"isPartOf\":{\"@id\":\"https:\/\/brasilnoticias.org\/site\/#website\"},\"primaryImageOfPage\":{\"@id\":\"https:\/\/brasilnoticias.org\/site\/palacete-saldanha-vai-a-leilao-por-r-10150-milhoes\/#primaryimage\"},\"image\":{\"@id\":\"https:\/\/brasilnoticias.org\/site\/palacete-saldanha-vai-a-leilao-por-r-10150-milhoes\/#primaryimage\"},\"thumbnailUrl\":\"https:\/\/brasilnoticias.org\/site\/wp-content\/uploads\/2023\/11\/143021palacete-saldanha-vai-a-leilao-por-r-10150-milhoes-3.jpg\",\"datePublished\":\"2023-11-10T22:35:50+00:00\",\"breadcrumb\":{\"@id\":\"https:\/\/brasilnoticias.org\/site\/palacete-saldanha-vai-a-leilao-por-r-10150-milhoes\/#breadcrumb\"},\"inLanguage\":\"pt-PT\",\"potentialAction\":[{\"@type\":\"ReadAction\",\"target\":[\"https:\/\/brasilnoticias.org\/site\/palacete-saldanha-vai-a-leilao-por-r-10150-milhoes\/\"]}]},{\"@type\":\"ImageObject\",\"inLanguage\":\"pt-PT\",\"@id\":\"https:\/\/brasilnoticias.org\/site\/palacete-saldanha-vai-a-leilao-por-r-10150-milhoes\/#primaryimage\",\"url\":\"https:\/\/brasilnoticias.org\/site\/wp-content\/uploads\/2023\/11\/143021palacete-saldanha-vai-a-leilao-por-r-10150-milhoes-3.jpg\",\"contentUrl\":\"https:\/\/brasilnoticias.org\/site\/wp-content\/uploads\/2023\/11\/143021palacete-saldanha-vai-a-leilao-por-r-10150-milhoes-3.jpg\",\"width\":1600,\"height\":752},{\"@type\":\"BreadcrumbList\",\"@id\":\"https:\/\/brasilnoticias.org\/site\/palacete-saldanha-vai-a-leilao-por-r-10150-milhoes\/#breadcrumb\",\"itemListElement\":[{\"@type\":\"ListItem\",\"position\":1,\"name\":\"In\u00edcio\",\"item\":\"https:\/\/brasilnoticias.org\/site\/\"},{\"@type\":\"ListItem\",\"position\":2,\"name\":\"Palacete Saldanha vai a leil\u00e3o por R$ 10,150 milh\u00f5es\"}]},{\"@type\":\"WebSite\",\"@id\":\"https:\/\/brasilnoticias.org\/site\/#website\",\"url\":\"https:\/\/brasilnoticias.org\/site\/\",\"name\":\"Brasil not\u00edcias\",\"description\":\"Brasil not\u00edcias\",\"publisher\":{\"@id\":\"https:\/\/brasilnoticias.org\/site\/#organization\"},\"potentialAction\":[{\"@type\":\"SearchAction\",\"target\":{\"@type\":\"EntryPoint\",\"urlTemplate\":\"https:\/\/brasilnoticias.org\/site\/?s={search_term_string}\"},\"query-input\":{\"@type\":\"PropertyValueSpecification\",\"valueRequired\":true,\"valueName\":\"search_term_string\"}}],\"inLanguage\":\"pt-PT\"},{\"@type\":\"Organization\",\"@id\":\"https:\/\/brasilnoticias.org\/site\/#organization\",\"name\":\"Brasil not\u00edcias\",\"url\":\"https:\/\/brasilnoticias.org\/site\/\",\"logo\":{\"@type\":\"ImageObject\",\"inLanguage\":\"pt-PT\",\"@id\":\"https:\/\/brasilnoticias.org\/site\/#\/schema\/logo\/image\/\",\"url\":\"https:\/\/brasilnoticias.org\/site\/wp-content\/uploads\/2022\/05\/cropped-brasilnoticias-mini.jpg\",\"contentUrl\":\"https:\/\/brasilnoticias.org\/site\/wp-content\/uploads\/2022\/05\/cropped-brasilnoticias-mini.jpg\",\"width\":314,\"height\":86,\"caption\":\"Brasil not\u00edcias\"},\"image\":{\"@id\":\"https:\/\/brasilnoticias.org\/site\/#\/schema\/logo\/image\/\"}},{\"@type\":\"Person\",\"@id\":\"https:\/\/brasilnoticias.org\/site\/#\/schema\/person\/03bbbfe6c7634ad18c26444ea39049fa\",\"name\":\"Reda\u00e7\u00e3o\",\"image\":{\"@type\":\"ImageObject\",\"inLanguage\":\"pt-PT\",\"@id\":\"https:\/\/brasilnoticias.org\/site\/#\/schema\/person\/image\/\",\"url\":\"https:\/\/secure.gravatar.com\/avatar\/9ecaf7327a696cb23ad926fedded5f1f04d7049de9e445375d55b48c001a6e42?s=96&d=mm&r=g\",\"contentUrl\":\"https:\/\/secure.gravatar.com\/avatar\/9ecaf7327a696cb23ad926fedded5f1f04d7049de9e445375d55b48c001a6e42?s=96&d=mm&r=g\",\"caption\":\"Reda\u00e7\u00e3o\"},\"url\":\"https:\/\/brasilnoticias.org\/site\/author\/henrique\/\"}]}<\/script>\n<!-- \/ Yoast SEO plugin. -->","yoast_head_json":{"title":"Palacete Saldanha vai a leil\u00e3o por R$ 10,150 milh\u00f5es - Brasil not\u00edcias","robots":{"index":"index","follow":"follow","max-snippet":"max-snippet:-1","max-image-preview":"max-image-preview:large","max-video-preview":"max-video-preview:-1"},"canonical":"https:\/\/brasilnoticias.org\/site\/palacete-saldanha-vai-a-leilao-por-r-10150-milhoes\/","og_locale":"pt_PT","og_type":"article","og_title":"Palacete Saldanha vai a leil\u00e3o por R$ 10,150 milh\u00f5es - Brasil not\u00edcias","og_description":"O im\u00f3vel hist\u00f3rico foi colocado para venda a partir de decis\u00e3o do TRF da 5\u00aa Regi\u00e3o O Palacete Saldanha, no","og_url":"https:\/\/brasilnoticias.org\/site\/palacete-saldanha-vai-a-leilao-por-r-10150-milhoes\/","og_site_name":"Brasil not\u00edcias","article_published_time":"2023-11-10T22:35:50+00:00","og_image":[{"width":1600,"height":752,"url":"https:\/\/brasilnoticias.org\/site\/wp-content\/uploads\/2023\/11\/143021palacete-saldanha-vai-a-leilao-por-r-10150-milhoes-3.jpg","type":"image\/jpeg"}],"author":"Reda\u00e7\u00e3o","twitter_card":"summary_large_image","twitter_misc":{"Escrito por":"Reda\u00e7\u00e3o"},"schema":{"@context":"https:\/\/schema.org","@graph":[{"@type":"Article","@id":"https:\/\/brasilnoticias.org\/site\/palacete-saldanha-vai-a-leilao-por-r-10150-milhoes\/#article","isPartOf":{"@id":"https:\/\/brasilnoticias.org\/site\/palacete-saldanha-vai-a-leilao-por-r-10150-milhoes\/"},"author":{"name":"Reda\u00e7\u00e3o","@id":"https:\/\/brasilnoticias.org\/site\/#\/schema\/person\/03bbbfe6c7634ad18c26444ea39049fa"},"headline":"Palacete Saldanha vai a leil\u00e3o por R$ 10,150 milh\u00f5es","datePublished":"2023-11-10T22:35:50+00:00","mainEntityOfPage":{"@id":"https:\/\/brasilnoticias.org\/site\/palacete-saldanha-vai-a-leilao-por-r-10150-milhoes\/"},"wordCount":246,"commentCount":0,"publisher":{"@id":"https:\/\/brasilnoticias.org\/site\/#organization"},"image":{"@id":"https:\/\/brasilnoticias.org\/site\/palacete-saldanha-vai-a-leilao-por-r-10150-milhoes\/#primaryimage"},"thumbnailUrl":"https:\/\/brasilnoticias.org\/site\/wp-content\/uploads\/2023\/11\/143021palacete-saldanha-vai-a-leilao-por-r-10150-milhoes-3.jpg","articleSection":["Not\u00edcias","\u00daltimas"],"inLanguage":"pt-PT","potentialAction":[{"@type":"CommentAction","name":"Comment","target":["https:\/\/brasilnoticias.org\/site\/palacete-saldanha-vai-a-leilao-por-r-10150-milhoes\/#respond"]}]},{"@type":"WebPage","@id":"https:\/\/brasilnoticias.org\/site\/palacete-saldanha-vai-a-leilao-por-r-10150-milhoes\/","url":"https:\/\/brasilnoticias.org\/site\/palacete-saldanha-vai-a-leilao-por-r-10150-milhoes\/","name":"Palacete Saldanha vai a leil\u00e3o por R$ 10,150 milh\u00f5es - Brasil not\u00edcias","isPartOf":{"@id":"https:\/\/brasilnoticias.org\/site\/#website"},"primaryImageOfPage":{"@id":"https:\/\/brasilnoticias.org\/site\/palacete-saldanha-vai-a-leilao-por-r-10150-milhoes\/#primaryimage"},"image":{"@id":"https:\/\/brasilnoticias.org\/site\/palacete-saldanha-vai-a-leilao-por-r-10150-milhoes\/#primaryimage"},"thumbnailUrl":"https:\/\/brasilnoticias.org\/site\/wp-content\/uploads\/2023\/11\/143021palacete-saldanha-vai-a-leilao-por-r-10150-milhoes-3.jpg","datePublished":"2023-11-10T22:35:50+00:00","breadcrumb":{"@id":"https:\/\/brasilnoticias.org\/site\/palacete-saldanha-vai-a-leilao-por-r-10150-milhoes\/#breadcrumb"},"inLanguage":"pt-PT","potentialAction":[{"@type":"ReadAction","target":["https:\/\/brasilnoticias.org\/site\/palacete-saldanha-vai-a-leilao-por-r-10150-milhoes\/"]}]},{"@type":"ImageObject","inLanguage":"pt-PT","@id":"https:\/\/brasilnoticias.org\/site\/palacete-saldanha-vai-a-leilao-por-r-10150-milhoes\/#primaryimage","url":"https:\/\/brasilnoticias.org\/site\/wp-content\/uploads\/2023\/11\/143021palacete-saldanha-vai-a-leilao-por-r-10150-milhoes-3.jpg","contentUrl":"https:\/\/brasilnoticias.org\/site\/wp-content\/uploads\/2023\/11\/143021palacete-saldanha-vai-a-leilao-por-r-10150-milhoes-3.jpg","width":1600,"height":752},{"@type":"BreadcrumbList","@id":"https:\/\/brasilnoticias.org\/site\/palacete-saldanha-vai-a-leilao-por-r-10150-milhoes\/#breadcrumb","itemListElement":[{"@type":"ListItem","position":1,"name":"In\u00edcio","item":"https:\/\/brasilnoticias.org\/site\/"},{"@type":"ListItem","position":2,"name":"Palacete Saldanha vai a leil\u00e3o por R$ 10,150 milh\u00f5es"}]},{"@type":"WebSite","@id":"https:\/\/brasilnoticias.org\/site\/#website","url":"https:\/\/brasilnoticias.org\/site\/","name":"Brasil not\u00edcias","description":"Brasil not\u00edcias","publisher":{"@id":"https:\/\/brasilnoticias.org\/site\/#organization"},"potentialAction":[{"@type":"SearchAction","target":{"@type":"EntryPoint","urlTemplate":"https:\/\/brasilnoticias.org\/site\/?s={search_term_string}"},"query-input":{"@type":"PropertyValueSpecification","valueRequired":true,"valueName":"search_term_string"}}],"inLanguage":"pt-PT"},{"@type":"Organization","@id":"https:\/\/brasilnoticias.org\/site\/#organization","name":"Brasil not\u00edcias","url":"https:\/\/brasilnoticias.org\/site\/","logo":{"@type":"ImageObject","inLanguage":"pt-PT","@id":"https:\/\/brasilnoticias.org\/site\/#\/schema\/logo\/image\/","url":"https:\/\/brasilnoticias.org\/site\/wp-content\/uploads\/2022\/05\/cropped-brasilnoticias-mini.jpg","contentUrl":"https:\/\/brasilnoticias.org\/site\/wp-content\/uploads\/2022\/05\/cropped-brasilnoticias-mini.jpg","width":314,"height":86,"caption":"Brasil not\u00edcias"},"image":{"@id":"https:\/\/brasilnoticias.org\/site\/#\/schema\/logo\/image\/"}},{"@type":"Person","@id":"https:\/\/brasilnoticias.org\/site\/#\/schema\/person\/03bbbfe6c7634ad18c26444ea39049fa","name":"Reda\u00e7\u00e3o","image":{"@type":"ImageObject","inLanguage":"pt-PT","@id":"https:\/\/brasilnoticias.org\/site\/#\/schema\/person\/image\/","url":"https:\/\/secure.gravatar.com\/avatar\/9ecaf7327a696cb23ad926fedded5f1f04d7049de9e445375d55b48c001a6e42?s=96&d=mm&r=g","contentUrl":"https:\/\/secure.gravatar.com\/avatar\/9ecaf7327a696cb23ad926fedded5f1f04d7049de9e445375d55b48c001a6e42?s=96&d=mm&r=g","caption":"Reda\u00e7\u00e3o"},"url":"https:\/\/brasilnoticias.org\/site\/author\/henrique\/"}]}},"_links":{"self":[{"href":"https:\/\/brasilnoticias.org\/site\/wp-json\/wp\/v2\/posts\/10814","targetHints":{"allow":["GET"]}}],"collection":[{"href":"https:\/\/brasilnoticias.org\/site\/wp-json\/wp\/v2\/posts"}],"about":[{"href":"https:\/\/brasilnoticias.org\/site\/wp-json\/wp\/v2\/types\/post"}],"author":[{"embeddable":true,"href":"https:\/\/brasilnoticias.org\/site\/wp-json\/wp\/v2\/users\/4"}],"replies":[{"embeddable":true,"href":"https:\/\/brasilnoticias.org\/site\/wp-json\/wp\/v2\/comments?post=10814"}],"version-history":[{"count":1,"href":"https:\/\/brasilnoticias.org\/site\/wp-json\/wp\/v2\/posts\/10814\/revisions"}],"predecessor-version":[{"id":10816,"href":"https:\/\/brasilnoticias.org\/site\/wp-json\/wp\/v2\/posts\/10814\/revisions\/10816"}],"wp:featuredmedia":[{"embeddable":true,"href":"https:\/\/brasilnoticias.org\/site\/wp-json\/wp\/v2\/media\/10815"}],"wp:attachment":[{"href":"https:\/\/brasilnoticias.org\/site\/wp-json\/wp\/v2\/media?parent=10814"}],"wp:term":[{"taxonomy":"category","embeddable":true,"href":"https:\/\/brasilnoticias.org\/site\/wp-json\/wp\/v2\/categories?post=10814"},{"taxonomy":"post_tag","embeddable":true,"href":"https:\/\/brasilnoticias.org\/site\/wp-json\/wp\/v2\/tags?post=10814"}],"curies":[{"name":"wp","href":"https:\/\/api.w.org\/{rel}","templated":true}]}}