{"id":10823,"date":"2023-11-10T21:38:56","date_gmt":"2023-11-11T00:38:56","guid":{"rendered":"https:\/\/brasilnoticias.org\/site\/?p=10823"},"modified":"2023-11-10T21:38:56","modified_gmt":"2023-11-11T00:38:56","slug":"lula-assina-decreto-para-protecao-de-populacao-vulneravel-em-casos-de-risco-de-desastre","status":"publish","type":"post","link":"https:\/\/brasilnoticias.org\/site\/lula-assina-decreto-para-protecao-de-populacao-vulneravel-em-casos-de-risco-de-desastre\/","title":{"rendered":"Lula assina decreto para prote\u00e7\u00e3o de popula\u00e7\u00e3o vulner\u00e1vel em casos de risco de desastre"},"content":{"rendered":"<p>Presid\u00eancia cita como novidade o atendimento de animais dom\u00e9sticos e silvestres em situa\u00e7\u00f5es de risco<\/p>\n<p>Foi assinado nesta sexta-feira (10) pelo presidente Luiz In\u00e1cio Lula da Silva (PT) um decreto que estabelece que, em caso de risco de desastre, devem ser priorizadas as diretrizes para atender popula\u00e7\u00f5es vulner\u00e1veis, como portadores de defici\u00eancia, idosos e povos ind\u00edgenas e de comunidades tradicionais.<\/p>\n<p>O texto foi publicado no Di\u00e1rio Oficial da Uni\u00e3o e tamb\u00e9m prev\u00ea que sejam elaborados planos de atendimento de animais dom\u00e9sticos e silvestres em situa\u00e7\u00e3o de desastre. De acordo com nota da Secretaria de Comunica\u00e7\u00e3o da Presid\u00eancia da Rep\u00fablica, este decreto tem como objetivo aprimorar a resposta a situa\u00e7\u00f5es de emerg\u00eancia e eventos extremos ligados \u00e0 mudan\u00e7a clim\u00e1tica. <\/p>\n<p>Al\u00e9m disso, houve altera\u00e7\u00f5es no Sistema Nacional de Prote\u00e7\u00e3o Civil, incluindo na composi\u00e7\u00e3o de conselhos. Uma das novidades \u00e9 a obrigatoriedade para que o Conselho Nacional de Prote\u00e7\u00e3o e Defesa Civil trabalhe em medidas efetivas e diretrizes para aumentar a prote\u00e7\u00e3o a grupos vulner\u00e1veis.<\/p>\n<p>Tamb\u00e9m \u00e9 previsto o aumento da equipe que comp\u00f5e o Conselho, al\u00e9m dos representantes de dez minist\u00e9rios e da Secretaria-Geral da Presid\u00eancia da Rep\u00fablica, que ter\u00e1 integrantes de \u00f3rg\u00e3os estaduais e municipais de Defesa Civil e organiza\u00e7\u00f5es da sociedade civil.<\/p>\n<p>Foto: Ricardo Stuckert\/PR<br \/>\nPor: Metro1<\/p>\n","protected":false},"excerpt":{"rendered":"<p>Presid\u00eancia cita como novidade o atendimento de animais dom\u00e9sticos e silvestres em situa\u00e7\u00f5es de risco Foi assinado nesta sexta-feira (10)<\/p>\n","protected":false},"author":4,"featured_media":10824,"comment_status":"open","ping_status":"open","sticky":false,"template":"","format":"standard","meta":{"colormag_page_container_layout":"default_layout","colormag_page_sidebar_layout":"default_layout","_FSMCFIC_featured_image_caption":"","_FSMCFIC_featured_image_nocaption":"","_FSMCFIC_featured_image_hide":"","footnotes":""},"categories":[5,1],"tags":[],"class_list":["post-10823","post","type-post","status-publish","format-standard","has-post-thumbnail","hentry","category-politica","category-ultimas"],"yoast_head":"<!-- This site is optimized with the Yoast SEO plugin v27.1.1 - https:\/\/yoast.com\/product\/yoast-seo-wordpress\/ -->\n<title>Lula assina decreto para prote\u00e7\u00e3o de popula\u00e7\u00e3o vulner\u00e1vel em casos de risco de desastre - Brasil not\u00edcias<\/title>\n<meta name=\"robots\" content=\"index, follow, max-snippet:-1, max-image-preview:large, max-video-preview:-1\" \/>\n<link rel=\"canonical\" href=\"https:\/\/brasilnoticias.org\/site\/lula-assina-decreto-para-protecao-de-populacao-vulneravel-em-casos-de-risco-de-desastre\/\" \/>\n<meta property=\"og:locale\" content=\"pt_PT\" \/>\n<meta property=\"og:type\" content=\"article\" \/>\n<meta property=\"og:title\" content=\"Lula assina decreto para prote\u00e7\u00e3o de popula\u00e7\u00e3o vulner\u00e1vel em casos de risco de desastre - Brasil not\u00edcias\" \/>\n<meta property=\"og:description\" content=\"Presid\u00eancia cita como novidade o atendimento de animais dom\u00e9sticos e silvestres em situa\u00e7\u00f5es de risco Foi assinado nesta sexta-feira (10)\" \/>\n<meta property=\"og:url\" content=\"https:\/\/brasilnoticias.org\/site\/lula-assina-decreto-para-protecao-de-populacao-vulneravel-em-casos-de-risco-de-desastre\/\" \/>\n<meta property=\"og:site_name\" content=\"Brasil not\u00edcias\" \/>\n<meta property=\"article:published_time\" content=\"2023-11-11T00:38:56+00:00\" \/>\n<meta property=\"og:image\" content=\"https:\/\/brasilnoticias.org\/site\/wp-content\/uploads\/2023\/11\/143012lula-assina-decreto-para-protecao-de-populacao-vulneravel-em-casos-de-risco-de-desastre-3.jpg\" \/>\n\t<meta property=\"og:image:width\" content=\"1600\" \/>\n\t<meta property=\"og:image:height\" content=\"752\" \/>\n\t<meta property=\"og:image:type\" content=\"image\/jpeg\" \/>\n<meta name=\"author\" content=\"Reda\u00e7\u00e3o\" \/>\n<meta name=\"twitter:card\" content=\"summary_large_image\" \/>\n<meta name=\"twitter:label1\" content=\"Escrito por\" \/>\n\t<meta name=\"twitter:data1\" content=\"Reda\u00e7\u00e3o\" \/>\n<script type=\"application\/ld+json\" class=\"yoast-schema-graph\">{\"@context\":\"https:\/\/schema.org\",\"@graph\":[{\"@type\":\"Article\",\"@id\":\"https:\/\/brasilnoticias.org\/site\/lula-assina-decreto-para-protecao-de-populacao-vulneravel-em-casos-de-risco-de-desastre\/#article\",\"isPartOf\":{\"@id\":\"https:\/\/brasilnoticias.org\/site\/lula-assina-decreto-para-protecao-de-populacao-vulneravel-em-casos-de-risco-de-desastre\/\"},\"author\":{\"name\":\"Reda\u00e7\u00e3o\",\"@id\":\"https:\/\/brasilnoticias.org\/site\/#\/schema\/person\/03bbbfe6c7634ad18c26444ea39049fa\"},\"headline\":\"Lula assina decreto para prote\u00e7\u00e3o de popula\u00e7\u00e3o vulner\u00e1vel em casos de risco de desastre\",\"datePublished\":\"2023-11-11T00:38:56+00:00\",\"mainEntityOfPage\":{\"@id\":\"https:\/\/brasilnoticias.org\/site\/lula-assina-decreto-para-protecao-de-populacao-vulneravel-em-casos-de-risco-de-desastre\/\"},\"wordCount\":256,\"commentCount\":0,\"publisher\":{\"@id\":\"https:\/\/brasilnoticias.org\/site\/#organization\"},\"image\":{\"@id\":\"https:\/\/brasilnoticias.org\/site\/lula-assina-decreto-para-protecao-de-populacao-vulneravel-em-casos-de-risco-de-desastre\/#primaryimage\"},\"thumbnailUrl\":\"https:\/\/brasilnoticias.org\/site\/wp-content\/uploads\/2023\/11\/143012lula-assina-decreto-para-protecao-de-populacao-vulneravel-em-casos-de-risco-de-desastre-3.jpg\",\"articleSection\":[\"Pol\u00edtica\",\"\u00daltimas\"],\"inLanguage\":\"pt-PT\",\"potentialAction\":[{\"@type\":\"CommentAction\",\"name\":\"Comment\",\"target\":[\"https:\/\/brasilnoticias.org\/site\/lula-assina-decreto-para-protecao-de-populacao-vulneravel-em-casos-de-risco-de-desastre\/#respond\"]}]},{\"@type\":\"WebPage\",\"@id\":\"https:\/\/brasilnoticias.org\/site\/lula-assina-decreto-para-protecao-de-populacao-vulneravel-em-casos-de-risco-de-desastre\/\",\"url\":\"https:\/\/brasilnoticias.org\/site\/lula-assina-decreto-para-protecao-de-populacao-vulneravel-em-casos-de-risco-de-desastre\/\",\"name\":\"Lula assina decreto para prote\u00e7\u00e3o de popula\u00e7\u00e3o vulner\u00e1vel em casos de risco de desastre - Brasil not\u00edcias\",\"isPartOf\":{\"@id\":\"https:\/\/brasilnoticias.org\/site\/#website\"},\"primaryImageOfPage\":{\"@id\":\"https:\/\/brasilnoticias.org\/site\/lula-assina-decreto-para-protecao-de-populacao-vulneravel-em-casos-de-risco-de-desastre\/#primaryimage\"},\"image\":{\"@id\":\"https:\/\/brasilnoticias.org\/site\/lula-assina-decreto-para-protecao-de-populacao-vulneravel-em-casos-de-risco-de-desastre\/#primaryimage\"},\"thumbnailUrl\":\"https:\/\/brasilnoticias.org\/site\/wp-content\/uploads\/2023\/11\/143012lula-assina-decreto-para-protecao-de-populacao-vulneravel-em-casos-de-risco-de-desastre-3.jpg\",\"datePublished\":\"2023-11-11T00:38:56+00:00\",\"breadcrumb\":{\"@id\":\"https:\/\/brasilnoticias.org\/site\/lula-assina-decreto-para-protecao-de-populacao-vulneravel-em-casos-de-risco-de-desastre\/#breadcrumb\"},\"inLanguage\":\"pt-PT\",\"potentialAction\":[{\"@type\":\"ReadAction\",\"target\":[\"https:\/\/brasilnoticias.org\/site\/lula-assina-decreto-para-protecao-de-populacao-vulneravel-em-casos-de-risco-de-desastre\/\"]}]},{\"@type\":\"ImageObject\",\"inLanguage\":\"pt-PT\",\"@id\":\"https:\/\/brasilnoticias.org\/site\/lula-assina-decreto-para-protecao-de-populacao-vulneravel-em-casos-de-risco-de-desastre\/#primaryimage\",\"url\":\"https:\/\/brasilnoticias.org\/site\/wp-content\/uploads\/2023\/11\/143012lula-assina-decreto-para-protecao-de-populacao-vulneravel-em-casos-de-risco-de-desastre-3.jpg\",\"contentUrl\":\"https:\/\/brasilnoticias.org\/site\/wp-content\/uploads\/2023\/11\/143012lula-assina-decreto-para-protecao-de-populacao-vulneravel-em-casos-de-risco-de-desastre-3.jpg\",\"width\":1600,\"height\":752},{\"@type\":\"BreadcrumbList\",\"@id\":\"https:\/\/brasilnoticias.org\/site\/lula-assina-decreto-para-protecao-de-populacao-vulneravel-em-casos-de-risco-de-desastre\/#breadcrumb\",\"itemListElement\":[{\"@type\":\"ListItem\",\"position\":1,\"name\":\"In\u00edcio\",\"item\":\"https:\/\/brasilnoticias.org\/site\/\"},{\"@type\":\"ListItem\",\"position\":2,\"name\":\"Lula assina decreto para prote\u00e7\u00e3o de popula\u00e7\u00e3o vulner\u00e1vel em casos de risco de desastre\"}]},{\"@type\":\"WebSite\",\"@id\":\"https:\/\/brasilnoticias.org\/site\/#website\",\"url\":\"https:\/\/brasilnoticias.org\/site\/\",\"name\":\"Brasil not\u00edcias\",\"description\":\"Brasil not\u00edcias\",\"publisher\":{\"@id\":\"https:\/\/brasilnoticias.org\/site\/#organization\"},\"potentialAction\":[{\"@type\":\"SearchAction\",\"target\":{\"@type\":\"EntryPoint\",\"urlTemplate\":\"https:\/\/brasilnoticias.org\/site\/?s={search_term_string}\"},\"query-input\":{\"@type\":\"PropertyValueSpecification\",\"valueRequired\":true,\"valueName\":\"search_term_string\"}}],\"inLanguage\":\"pt-PT\"},{\"@type\":\"Organization\",\"@id\":\"https:\/\/brasilnoticias.org\/site\/#organization\",\"name\":\"Brasil not\u00edcias\",\"url\":\"https:\/\/brasilnoticias.org\/site\/\",\"logo\":{\"@type\":\"ImageObject\",\"inLanguage\":\"pt-PT\",\"@id\":\"https:\/\/brasilnoticias.org\/site\/#\/schema\/logo\/image\/\",\"url\":\"https:\/\/brasilnoticias.org\/site\/wp-content\/uploads\/2022\/05\/cropped-brasilnoticias-mini.jpg\",\"contentUrl\":\"https:\/\/brasilnoticias.org\/site\/wp-content\/uploads\/2022\/05\/cropped-brasilnoticias-mini.jpg\",\"width\":314,\"height\":86,\"caption\":\"Brasil not\u00edcias\"},\"image\":{\"@id\":\"https:\/\/brasilnoticias.org\/site\/#\/schema\/logo\/image\/\"}},{\"@type\":\"Person\",\"@id\":\"https:\/\/brasilnoticias.org\/site\/#\/schema\/person\/03bbbfe6c7634ad18c26444ea39049fa\",\"name\":\"Reda\u00e7\u00e3o\",\"image\":{\"@type\":\"ImageObject\",\"inLanguage\":\"pt-PT\",\"@id\":\"https:\/\/brasilnoticias.org\/site\/#\/schema\/person\/image\/\",\"url\":\"https:\/\/secure.gravatar.com\/avatar\/9ecaf7327a696cb23ad926fedded5f1f04d7049de9e445375d55b48c001a6e42?s=96&d=mm&r=g\",\"contentUrl\":\"https:\/\/secure.gravatar.com\/avatar\/9ecaf7327a696cb23ad926fedded5f1f04d7049de9e445375d55b48c001a6e42?s=96&d=mm&r=g\",\"caption\":\"Reda\u00e7\u00e3o\"},\"url\":\"https:\/\/brasilnoticias.org\/site\/author\/henrique\/\"}]}<\/script>\n<!-- \/ Yoast SEO plugin. -->","yoast_head_json":{"title":"Lula assina decreto para prote\u00e7\u00e3o de popula\u00e7\u00e3o vulner\u00e1vel em casos de risco de desastre - Brasil not\u00edcias","robots":{"index":"index","follow":"follow","max-snippet":"max-snippet:-1","max-image-preview":"max-image-preview:large","max-video-preview":"max-video-preview:-1"},"canonical":"https:\/\/brasilnoticias.org\/site\/lula-assina-decreto-para-protecao-de-populacao-vulneravel-em-casos-de-risco-de-desastre\/","og_locale":"pt_PT","og_type":"article","og_title":"Lula assina decreto para prote\u00e7\u00e3o de popula\u00e7\u00e3o vulner\u00e1vel em casos de risco de desastre - Brasil not\u00edcias","og_description":"Presid\u00eancia cita como novidade o atendimento de animais dom\u00e9sticos e silvestres em situa\u00e7\u00f5es de risco Foi assinado nesta sexta-feira (10)","og_url":"https:\/\/brasilnoticias.org\/site\/lula-assina-decreto-para-protecao-de-populacao-vulneravel-em-casos-de-risco-de-desastre\/","og_site_name":"Brasil not\u00edcias","article_published_time":"2023-11-11T00:38:56+00:00","og_image":[{"width":1600,"height":752,"url":"https:\/\/brasilnoticias.org\/site\/wp-content\/uploads\/2023\/11\/143012lula-assina-decreto-para-protecao-de-populacao-vulneravel-em-casos-de-risco-de-desastre-3.jpg","type":"image\/jpeg"}],"author":"Reda\u00e7\u00e3o","twitter_card":"summary_large_image","twitter_misc":{"Escrito por":"Reda\u00e7\u00e3o"},"schema":{"@context":"https:\/\/schema.org","@graph":[{"@type":"Article","@id":"https:\/\/brasilnoticias.org\/site\/lula-assina-decreto-para-protecao-de-populacao-vulneravel-em-casos-de-risco-de-desastre\/#article","isPartOf":{"@id":"https:\/\/brasilnoticias.org\/site\/lula-assina-decreto-para-protecao-de-populacao-vulneravel-em-casos-de-risco-de-desastre\/"},"author":{"name":"Reda\u00e7\u00e3o","@id":"https:\/\/brasilnoticias.org\/site\/#\/schema\/person\/03bbbfe6c7634ad18c26444ea39049fa"},"headline":"Lula assina decreto para prote\u00e7\u00e3o de popula\u00e7\u00e3o vulner\u00e1vel em casos de risco de desastre","datePublished":"2023-11-11T00:38:56+00:00","mainEntityOfPage":{"@id":"https:\/\/brasilnoticias.org\/site\/lula-assina-decreto-para-protecao-de-populacao-vulneravel-em-casos-de-risco-de-desastre\/"},"wordCount":256,"commentCount":0,"publisher":{"@id":"https:\/\/brasilnoticias.org\/site\/#organization"},"image":{"@id":"https:\/\/brasilnoticias.org\/site\/lula-assina-decreto-para-protecao-de-populacao-vulneravel-em-casos-de-risco-de-desastre\/#primaryimage"},"thumbnailUrl":"https:\/\/brasilnoticias.org\/site\/wp-content\/uploads\/2023\/11\/143012lula-assina-decreto-para-protecao-de-populacao-vulneravel-em-casos-de-risco-de-desastre-3.jpg","articleSection":["Pol\u00edtica","\u00daltimas"],"inLanguage":"pt-PT","potentialAction":[{"@type":"CommentAction","name":"Comment","target":["https:\/\/brasilnoticias.org\/site\/lula-assina-decreto-para-protecao-de-populacao-vulneravel-em-casos-de-risco-de-desastre\/#respond"]}]},{"@type":"WebPage","@id":"https:\/\/brasilnoticias.org\/site\/lula-assina-decreto-para-protecao-de-populacao-vulneravel-em-casos-de-risco-de-desastre\/","url":"https:\/\/brasilnoticias.org\/site\/lula-assina-decreto-para-protecao-de-populacao-vulneravel-em-casos-de-risco-de-desastre\/","name":"Lula assina decreto para prote\u00e7\u00e3o de popula\u00e7\u00e3o vulner\u00e1vel em casos de risco de desastre - Brasil not\u00edcias","isPartOf":{"@id":"https:\/\/brasilnoticias.org\/site\/#website"},"primaryImageOfPage":{"@id":"https:\/\/brasilnoticias.org\/site\/lula-assina-decreto-para-protecao-de-populacao-vulneravel-em-casos-de-risco-de-desastre\/#primaryimage"},"image":{"@id":"https:\/\/brasilnoticias.org\/site\/lula-assina-decreto-para-protecao-de-populacao-vulneravel-em-casos-de-risco-de-desastre\/#primaryimage"},"thumbnailUrl":"https:\/\/brasilnoticias.org\/site\/wp-content\/uploads\/2023\/11\/143012lula-assina-decreto-para-protecao-de-populacao-vulneravel-em-casos-de-risco-de-desastre-3.jpg","datePublished":"2023-11-11T00:38:56+00:00","breadcrumb":{"@id":"https:\/\/brasilnoticias.org\/site\/lula-assina-decreto-para-protecao-de-populacao-vulneravel-em-casos-de-risco-de-desastre\/#breadcrumb"},"inLanguage":"pt-PT","potentialAction":[{"@type":"ReadAction","target":["https:\/\/brasilnoticias.org\/site\/lula-assina-decreto-para-protecao-de-populacao-vulneravel-em-casos-de-risco-de-desastre\/"]}]},{"@type":"ImageObject","inLanguage":"pt-PT","@id":"https:\/\/brasilnoticias.org\/site\/lula-assina-decreto-para-protecao-de-populacao-vulneravel-em-casos-de-risco-de-desastre\/#primaryimage","url":"https:\/\/brasilnoticias.org\/site\/wp-content\/uploads\/2023\/11\/143012lula-assina-decreto-para-protecao-de-populacao-vulneravel-em-casos-de-risco-de-desastre-3.jpg","contentUrl":"https:\/\/brasilnoticias.org\/site\/wp-content\/uploads\/2023\/11\/143012lula-assina-decreto-para-protecao-de-populacao-vulneravel-em-casos-de-risco-de-desastre-3.jpg","width":1600,"height":752},{"@type":"BreadcrumbList","@id":"https:\/\/brasilnoticias.org\/site\/lula-assina-decreto-para-protecao-de-populacao-vulneravel-em-casos-de-risco-de-desastre\/#breadcrumb","itemListElement":[{"@type":"ListItem","position":1,"name":"In\u00edcio","item":"https:\/\/brasilnoticias.org\/site\/"},{"@type":"ListItem","position":2,"name":"Lula assina decreto para prote\u00e7\u00e3o de popula\u00e7\u00e3o vulner\u00e1vel em casos de risco de desastre"}]},{"@type":"WebSite","@id":"https:\/\/brasilnoticias.org\/site\/#website","url":"https:\/\/brasilnoticias.org\/site\/","name":"Brasil not\u00edcias","description":"Brasil not\u00edcias","publisher":{"@id":"https:\/\/brasilnoticias.org\/site\/#organization"},"potentialAction":[{"@type":"SearchAction","target":{"@type":"EntryPoint","urlTemplate":"https:\/\/brasilnoticias.org\/site\/?s={search_term_string}"},"query-input":{"@type":"PropertyValueSpecification","valueRequired":true,"valueName":"search_term_string"}}],"inLanguage":"pt-PT"},{"@type":"Organization","@id":"https:\/\/brasilnoticias.org\/site\/#organization","name":"Brasil not\u00edcias","url":"https:\/\/brasilnoticias.org\/site\/","logo":{"@type":"ImageObject","inLanguage":"pt-PT","@id":"https:\/\/brasilnoticias.org\/site\/#\/schema\/logo\/image\/","url":"https:\/\/brasilnoticias.org\/site\/wp-content\/uploads\/2022\/05\/cropped-brasilnoticias-mini.jpg","contentUrl":"https:\/\/brasilnoticias.org\/site\/wp-content\/uploads\/2022\/05\/cropped-brasilnoticias-mini.jpg","width":314,"height":86,"caption":"Brasil not\u00edcias"},"image":{"@id":"https:\/\/brasilnoticias.org\/site\/#\/schema\/logo\/image\/"}},{"@type":"Person","@id":"https:\/\/brasilnoticias.org\/site\/#\/schema\/person\/03bbbfe6c7634ad18c26444ea39049fa","name":"Reda\u00e7\u00e3o","image":{"@type":"ImageObject","inLanguage":"pt-PT","@id":"https:\/\/brasilnoticias.org\/site\/#\/schema\/person\/image\/","url":"https:\/\/secure.gravatar.com\/avatar\/9ecaf7327a696cb23ad926fedded5f1f04d7049de9e445375d55b48c001a6e42?s=96&d=mm&r=g","contentUrl":"https:\/\/secure.gravatar.com\/avatar\/9ecaf7327a696cb23ad926fedded5f1f04d7049de9e445375d55b48c001a6e42?s=96&d=mm&r=g","caption":"Reda\u00e7\u00e3o"},"url":"https:\/\/brasilnoticias.org\/site\/author\/henrique\/"}]}},"_links":{"self":[{"href":"https:\/\/brasilnoticias.org\/site\/wp-json\/wp\/v2\/posts\/10823","targetHints":{"allow":["GET"]}}],"collection":[{"href":"https:\/\/brasilnoticias.org\/site\/wp-json\/wp\/v2\/posts"}],"about":[{"href":"https:\/\/brasilnoticias.org\/site\/wp-json\/wp\/v2\/types\/post"}],"author":[{"embeddable":true,"href":"https:\/\/brasilnoticias.org\/site\/wp-json\/wp\/v2\/users\/4"}],"replies":[{"embeddable":true,"href":"https:\/\/brasilnoticias.org\/site\/wp-json\/wp\/v2\/comments?post=10823"}],"version-history":[{"count":1,"href":"https:\/\/brasilnoticias.org\/site\/wp-json\/wp\/v2\/posts\/10823\/revisions"}],"predecessor-version":[{"id":10825,"href":"https:\/\/brasilnoticias.org\/site\/wp-json\/wp\/v2\/posts\/10823\/revisions\/10825"}],"wp:featuredmedia":[{"embeddable":true,"href":"https:\/\/brasilnoticias.org\/site\/wp-json\/wp\/v2\/media\/10824"}],"wp:attachment":[{"href":"https:\/\/brasilnoticias.org\/site\/wp-json\/wp\/v2\/media?parent=10823"}],"wp:term":[{"taxonomy":"category","embeddable":true,"href":"https:\/\/brasilnoticias.org\/site\/wp-json\/wp\/v2\/categories?post=10823"},{"taxonomy":"post_tag","embeddable":true,"href":"https:\/\/brasilnoticias.org\/site\/wp-json\/wp\/v2\/tags?post=10823"}],"curies":[{"name":"wp","href":"https:\/\/api.w.org\/{rel}","templated":true}]}}