{"id":10826,"date":"2023-11-10T21:41:58","date_gmt":"2023-11-11T00:41:58","guid":{"rendered":"https:\/\/brasilnoticias.org\/site\/?p=10826"},"modified":"2023-11-10T21:41:58","modified_gmt":"2023-11-11T00:41:58","slug":"bruno-reis-anuncia-aumento-da-passagem-de-onibus-em-salvador-valido-a-partir-de-segunda-13","status":"publish","type":"post","link":"https:\/\/brasilnoticias.org\/site\/bruno-reis-anuncia-aumento-da-passagem-de-onibus-em-salvador-valido-a-partir-de-segunda-13\/","title":{"rendered":"Bruno Reis anuncia aumento da passagem de \u00f4nibus em Salvador, v\u00e1lido a partir de segunda (13)"},"content":{"rendered":"<p>Um novo reajuste s\u00f3 acontecer\u00e1 em 2025, segundo o prefeito<\/p>\n<p>Por Lucas Pereira e Juana Castro<\/p>\n<p>Cinco reais e vinte centavos (R$ 5,20). Este \u00e9 o novo valor da passagem de \u00f4nibus em Salvador, que j\u00e1 entra em vigor na pr\u00f3xima segunda-feira (13\/11), conforme anunciado pelo prefeito Bruno Reis (Uni\u00e3o Brasil), durante coletiva de imprensa na tarde desta sexta-feira (10), no Pal\u00e1cio Thom\u00e9 de Souza, sede da prefeitura.<\/p>\n<p>A nova tarifa ser\u00e1 v\u00e1lida at\u00e9 2024. De acordo com ele, o reajuste foi de 6%, sendo 3% referente a 2023 e os outros 3% a 2024. Um novo reajuste s\u00f3 entrar\u00e1 em vigor em 2025.<\/p>\n<p>Ainda conforme o prefeito, a tarifa t\u00e9cnica (valor de custo, e n\u00e3o da passagem) \u00e9 de R$ 5,50. Assim, os 30 centavos de diferen\u00e7a ser\u00e3o arcados pela gest\u00e3o municipal. \u201cPela primeira vez na hist\u00f3ria de Salvador, vamos precisar arcar com o subs\u00eddio do transporte\u201d, disse.<\/p>\n<p>Durante a coletiva, Reis destacou, mais uma vez, que o reajuste tarif\u00e1rio \u00e9 algo previsto em contrato e deveria ter sido praticado desde janeiro, mas que a gest\u00e3o conseguiu ir postergando. \u201cMs a data \u00e9 sempre 1\u00ba de janeiro\u201d, acrescentou.<\/p>\n<p>EMPR\u00c9STIMO<\/p>\n<p>Ainda durante a coletiva de imprensa, Bruno falou que ser\u00e3o adquiridos 130 \u00f4nibus convencionais de ar condicionado, at\u00e9 abril do ano que vem, al\u00e9m de 58 \u00f4nibus para o BRT, incluindo os articulados. A inaugura\u00e7\u00e3o do BRT conclu\u00eddo est\u00e1 prevista para o dia 29 de mar\u00e7o, anivers\u00e1rio de 475 anos de Salvador.<\/p>\n<p>Em outro momento, o prefeito anunciou que enviou uma solicita\u00e7\u00e3o de empr\u00e9stimo \u00e0 C\u00e2mara Municipal com o objetivo de comprar 375 \u00f4nibus convencionais e el\u00e9tricos. Ap\u00f3s aprova\u00e7\u00e3o, \u00e9 iniciado o processo de licita\u00e7\u00e3o e contrata\u00e7\u00e3o, em processo que deve ser finalizado no segundo semestre de 2024.<\/p>\n<p>Quanto aos \u00f4nibus das empresas Plataforma e OT Trans, a previs\u00e3o \u00e9 que cheguem ainda nos primeiros seis meses do ano que vem. \u201cA concess\u00e3o das empresas possui 17 anos de contrato. Extinguir isso s\u00f3 por interven\u00e7\u00e3o direta e teria um custo muito maior\u201d, explicou Bruno Reis, acrescentando que essas duas empresas \u201cs\u00f3 param com o trabalho se n\u00e3o houver mais capacidade financeira\u201d. Nesse caso, a prefeitura interviria, como ocorreu com a extinta CSN.<\/p>\n<p>Foto: Lucas Pereira\/Aratu On<br \/>\nAratu On<\/p>\n","protected":false},"excerpt":{"rendered":"<p>Um novo reajuste s\u00f3 acontecer\u00e1 em 2025, segundo o prefeito Por Lucas Pereira e Juana Castro Cinco reais e vinte<\/p>\n","protected":false},"author":4,"featured_media":10827,"comment_status":"open","ping_status":"open","sticky":false,"template":"","format":"standard","meta":{"colormag_page_container_layout":"default_layout","colormag_page_sidebar_layout":"default_layout","_FSMCFIC_featured_image_caption":"","_FSMCFIC_featured_image_nocaption":"","_FSMCFIC_featured_image_hide":"","footnotes":""},"categories":[2,1],"tags":[],"class_list":["post-10826","post","type-post","status-publish","format-standard","has-post-thumbnail","hentry","category-noticias","category-ultimas"],"yoast_head":"<!-- This site is optimized with the Yoast SEO plugin v27.1.1 - https:\/\/yoast.com\/product\/yoast-seo-wordpress\/ -->\n<title>Bruno Reis anuncia aumento da passagem de \u00f4nibus em Salvador, v\u00e1lido a partir de segunda (13) - Brasil not\u00edcias<\/title>\n<meta name=\"robots\" content=\"index, follow, max-snippet:-1, max-image-preview:large, max-video-preview:-1\" \/>\n<link rel=\"canonical\" href=\"https:\/\/brasilnoticias.org\/site\/bruno-reis-anuncia-aumento-da-passagem-de-onibus-em-salvador-valido-a-partir-de-segunda-13\/\" \/>\n<meta property=\"og:locale\" content=\"pt_PT\" \/>\n<meta property=\"og:type\" content=\"article\" \/>\n<meta property=\"og:title\" content=\"Bruno Reis anuncia aumento da passagem de \u00f4nibus em Salvador, v\u00e1lido a partir de segunda (13) - Brasil not\u00edcias\" \/>\n<meta property=\"og:description\" content=\"Um novo reajuste s\u00f3 acontecer\u00e1 em 2025, segundo o prefeito Por Lucas Pereira e Juana Castro Cinco reais e vinte\" \/>\n<meta property=\"og:url\" content=\"https:\/\/brasilnoticias.org\/site\/bruno-reis-anuncia-aumento-da-passagem-de-onibus-em-salvador-valido-a-partir-de-segunda-13\/\" \/>\n<meta property=\"og:site_name\" content=\"Brasil not\u00edcias\" \/>\n<meta property=\"article:published_time\" content=\"2023-11-11T00:41:58+00:00\" \/>\n<meta property=\"og:image\" content=\"https:\/\/brasilnoticias.org\/site\/wp-content\/uploads\/2023\/11\/reuniao-prefs.jpg\" \/>\n\t<meta property=\"og:image:width\" content=\"740\" \/>\n\t<meta property=\"og:image:height\" content=\"470\" \/>\n\t<meta property=\"og:image:type\" content=\"image\/jpeg\" \/>\n<meta name=\"author\" content=\"Reda\u00e7\u00e3o\" \/>\n<meta name=\"twitter:card\" content=\"summary_large_image\" \/>\n<meta name=\"twitter:label1\" content=\"Escrito por\" \/>\n\t<meta name=\"twitter:data1\" content=\"Reda\u00e7\u00e3o\" \/>\n<script type=\"application\/ld+json\" class=\"yoast-schema-graph\">{\"@context\":\"https:\/\/schema.org\",\"@graph\":[{\"@type\":\"Article\",\"@id\":\"https:\/\/brasilnoticias.org\/site\/bruno-reis-anuncia-aumento-da-passagem-de-onibus-em-salvador-valido-a-partir-de-segunda-13\/#article\",\"isPartOf\":{\"@id\":\"https:\/\/brasilnoticias.org\/site\/bruno-reis-anuncia-aumento-da-passagem-de-onibus-em-salvador-valido-a-partir-de-segunda-13\/\"},\"author\":{\"name\":\"Reda\u00e7\u00e3o\",\"@id\":\"https:\/\/brasilnoticias.org\/site\/#\/schema\/person\/03bbbfe6c7634ad18c26444ea39049fa\"},\"headline\":\"Bruno Reis anuncia aumento da passagem de \u00f4nibus em Salvador, v\u00e1lido a partir de segunda (13)\",\"datePublished\":\"2023-11-11T00:41:58+00:00\",\"mainEntityOfPage\":{\"@id\":\"https:\/\/brasilnoticias.org\/site\/bruno-reis-anuncia-aumento-da-passagem-de-onibus-em-salvador-valido-a-partir-de-segunda-13\/\"},\"wordCount\":389,\"commentCount\":0,\"publisher\":{\"@id\":\"https:\/\/brasilnoticias.org\/site\/#organization\"},\"image\":{\"@id\":\"https:\/\/brasilnoticias.org\/site\/bruno-reis-anuncia-aumento-da-passagem-de-onibus-em-salvador-valido-a-partir-de-segunda-13\/#primaryimage\"},\"thumbnailUrl\":\"https:\/\/brasilnoticias.org\/site\/wp-content\/uploads\/2023\/11\/reuniao-prefs.jpg\",\"articleSection\":[\"Not\u00edcias\",\"\u00daltimas\"],\"inLanguage\":\"pt-PT\",\"potentialAction\":[{\"@type\":\"CommentAction\",\"name\":\"Comment\",\"target\":[\"https:\/\/brasilnoticias.org\/site\/bruno-reis-anuncia-aumento-da-passagem-de-onibus-em-salvador-valido-a-partir-de-segunda-13\/#respond\"]}]},{\"@type\":\"WebPage\",\"@id\":\"https:\/\/brasilnoticias.org\/site\/bruno-reis-anuncia-aumento-da-passagem-de-onibus-em-salvador-valido-a-partir-de-segunda-13\/\",\"url\":\"https:\/\/brasilnoticias.org\/site\/bruno-reis-anuncia-aumento-da-passagem-de-onibus-em-salvador-valido-a-partir-de-segunda-13\/\",\"name\":\"Bruno Reis anuncia aumento da passagem de \u00f4nibus em Salvador, v\u00e1lido a partir de segunda (13) - Brasil not\u00edcias\",\"isPartOf\":{\"@id\":\"https:\/\/brasilnoticias.org\/site\/#website\"},\"primaryImageOfPage\":{\"@id\":\"https:\/\/brasilnoticias.org\/site\/bruno-reis-anuncia-aumento-da-passagem-de-onibus-em-salvador-valido-a-partir-de-segunda-13\/#primaryimage\"},\"image\":{\"@id\":\"https:\/\/brasilnoticias.org\/site\/bruno-reis-anuncia-aumento-da-passagem-de-onibus-em-salvador-valido-a-partir-de-segunda-13\/#primaryimage\"},\"thumbnailUrl\":\"https:\/\/brasilnoticias.org\/site\/wp-content\/uploads\/2023\/11\/reuniao-prefs.jpg\",\"datePublished\":\"2023-11-11T00:41:58+00:00\",\"breadcrumb\":{\"@id\":\"https:\/\/brasilnoticias.org\/site\/bruno-reis-anuncia-aumento-da-passagem-de-onibus-em-salvador-valido-a-partir-de-segunda-13\/#breadcrumb\"},\"inLanguage\":\"pt-PT\",\"potentialAction\":[{\"@type\":\"ReadAction\",\"target\":[\"https:\/\/brasilnoticias.org\/site\/bruno-reis-anuncia-aumento-da-passagem-de-onibus-em-salvador-valido-a-partir-de-segunda-13\/\"]}]},{\"@type\":\"ImageObject\",\"inLanguage\":\"pt-PT\",\"@id\":\"https:\/\/brasilnoticias.org\/site\/bruno-reis-anuncia-aumento-da-passagem-de-onibus-em-salvador-valido-a-partir-de-segunda-13\/#primaryimage\",\"url\":\"https:\/\/brasilnoticias.org\/site\/wp-content\/uploads\/2023\/11\/reuniao-prefs.jpg\",\"contentUrl\":\"https:\/\/brasilnoticias.org\/site\/wp-content\/uploads\/2023\/11\/reuniao-prefs.jpg\",\"width\":740,\"height\":470},{\"@type\":\"BreadcrumbList\",\"@id\":\"https:\/\/brasilnoticias.org\/site\/bruno-reis-anuncia-aumento-da-passagem-de-onibus-em-salvador-valido-a-partir-de-segunda-13\/#breadcrumb\",\"itemListElement\":[{\"@type\":\"ListItem\",\"position\":1,\"name\":\"In\u00edcio\",\"item\":\"https:\/\/brasilnoticias.org\/site\/\"},{\"@type\":\"ListItem\",\"position\":2,\"name\":\"Bruno Reis anuncia aumento da passagem de \u00f4nibus em Salvador, v\u00e1lido a partir de segunda (13)\"}]},{\"@type\":\"WebSite\",\"@id\":\"https:\/\/brasilnoticias.org\/site\/#website\",\"url\":\"https:\/\/brasilnoticias.org\/site\/\",\"name\":\"Brasil not\u00edcias\",\"description\":\"Brasil not\u00edcias\",\"publisher\":{\"@id\":\"https:\/\/brasilnoticias.org\/site\/#organization\"},\"potentialAction\":[{\"@type\":\"SearchAction\",\"target\":{\"@type\":\"EntryPoint\",\"urlTemplate\":\"https:\/\/brasilnoticias.org\/site\/?s={search_term_string}\"},\"query-input\":{\"@type\":\"PropertyValueSpecification\",\"valueRequired\":true,\"valueName\":\"search_term_string\"}}],\"inLanguage\":\"pt-PT\"},{\"@type\":\"Organization\",\"@id\":\"https:\/\/brasilnoticias.org\/site\/#organization\",\"name\":\"Brasil not\u00edcias\",\"url\":\"https:\/\/brasilnoticias.org\/site\/\",\"logo\":{\"@type\":\"ImageObject\",\"inLanguage\":\"pt-PT\",\"@id\":\"https:\/\/brasilnoticias.org\/site\/#\/schema\/logo\/image\/\",\"url\":\"https:\/\/brasilnoticias.org\/site\/wp-content\/uploads\/2022\/05\/cropped-brasilnoticias-mini.jpg\",\"contentUrl\":\"https:\/\/brasilnoticias.org\/site\/wp-content\/uploads\/2022\/05\/cropped-brasilnoticias-mini.jpg\",\"width\":314,\"height\":86,\"caption\":\"Brasil not\u00edcias\"},\"image\":{\"@id\":\"https:\/\/brasilnoticias.org\/site\/#\/schema\/logo\/image\/\"}},{\"@type\":\"Person\",\"@id\":\"https:\/\/brasilnoticias.org\/site\/#\/schema\/person\/03bbbfe6c7634ad18c26444ea39049fa\",\"name\":\"Reda\u00e7\u00e3o\",\"image\":{\"@type\":\"ImageObject\",\"inLanguage\":\"pt-PT\",\"@id\":\"https:\/\/brasilnoticias.org\/site\/#\/schema\/person\/image\/\",\"url\":\"https:\/\/secure.gravatar.com\/avatar\/9ecaf7327a696cb23ad926fedded5f1f04d7049de9e445375d55b48c001a6e42?s=96&d=mm&r=g\",\"contentUrl\":\"https:\/\/secure.gravatar.com\/avatar\/9ecaf7327a696cb23ad926fedded5f1f04d7049de9e445375d55b48c001a6e42?s=96&d=mm&r=g\",\"caption\":\"Reda\u00e7\u00e3o\"},\"url\":\"https:\/\/brasilnoticias.org\/site\/author\/henrique\/\"}]}<\/script>\n<!-- \/ Yoast SEO plugin. -->","yoast_head_json":{"title":"Bruno Reis anuncia aumento da passagem de \u00f4nibus em Salvador, v\u00e1lido a partir de segunda (13) - Brasil not\u00edcias","robots":{"index":"index","follow":"follow","max-snippet":"max-snippet:-1","max-image-preview":"max-image-preview:large","max-video-preview":"max-video-preview:-1"},"canonical":"https:\/\/brasilnoticias.org\/site\/bruno-reis-anuncia-aumento-da-passagem-de-onibus-em-salvador-valido-a-partir-de-segunda-13\/","og_locale":"pt_PT","og_type":"article","og_title":"Bruno Reis anuncia aumento da passagem de \u00f4nibus em Salvador, v\u00e1lido a partir de segunda (13) - Brasil not\u00edcias","og_description":"Um novo reajuste s\u00f3 acontecer\u00e1 em 2025, segundo o prefeito Por Lucas Pereira e Juana Castro Cinco reais e vinte","og_url":"https:\/\/brasilnoticias.org\/site\/bruno-reis-anuncia-aumento-da-passagem-de-onibus-em-salvador-valido-a-partir-de-segunda-13\/","og_site_name":"Brasil not\u00edcias","article_published_time":"2023-11-11T00:41:58+00:00","og_image":[{"width":740,"height":470,"url":"https:\/\/brasilnoticias.org\/site\/wp-content\/uploads\/2023\/11\/reuniao-prefs.jpg","type":"image\/jpeg"}],"author":"Reda\u00e7\u00e3o","twitter_card":"summary_large_image","twitter_misc":{"Escrito por":"Reda\u00e7\u00e3o"},"schema":{"@context":"https:\/\/schema.org","@graph":[{"@type":"Article","@id":"https:\/\/brasilnoticias.org\/site\/bruno-reis-anuncia-aumento-da-passagem-de-onibus-em-salvador-valido-a-partir-de-segunda-13\/#article","isPartOf":{"@id":"https:\/\/brasilnoticias.org\/site\/bruno-reis-anuncia-aumento-da-passagem-de-onibus-em-salvador-valido-a-partir-de-segunda-13\/"},"author":{"name":"Reda\u00e7\u00e3o","@id":"https:\/\/brasilnoticias.org\/site\/#\/schema\/person\/03bbbfe6c7634ad18c26444ea39049fa"},"headline":"Bruno Reis anuncia aumento da passagem de \u00f4nibus em Salvador, v\u00e1lido a partir de segunda (13)","datePublished":"2023-11-11T00:41:58+00:00","mainEntityOfPage":{"@id":"https:\/\/brasilnoticias.org\/site\/bruno-reis-anuncia-aumento-da-passagem-de-onibus-em-salvador-valido-a-partir-de-segunda-13\/"},"wordCount":389,"commentCount":0,"publisher":{"@id":"https:\/\/brasilnoticias.org\/site\/#organization"},"image":{"@id":"https:\/\/brasilnoticias.org\/site\/bruno-reis-anuncia-aumento-da-passagem-de-onibus-em-salvador-valido-a-partir-de-segunda-13\/#primaryimage"},"thumbnailUrl":"https:\/\/brasilnoticias.org\/site\/wp-content\/uploads\/2023\/11\/reuniao-prefs.jpg","articleSection":["Not\u00edcias","\u00daltimas"],"inLanguage":"pt-PT","potentialAction":[{"@type":"CommentAction","name":"Comment","target":["https:\/\/brasilnoticias.org\/site\/bruno-reis-anuncia-aumento-da-passagem-de-onibus-em-salvador-valido-a-partir-de-segunda-13\/#respond"]}]},{"@type":"WebPage","@id":"https:\/\/brasilnoticias.org\/site\/bruno-reis-anuncia-aumento-da-passagem-de-onibus-em-salvador-valido-a-partir-de-segunda-13\/","url":"https:\/\/brasilnoticias.org\/site\/bruno-reis-anuncia-aumento-da-passagem-de-onibus-em-salvador-valido-a-partir-de-segunda-13\/","name":"Bruno Reis anuncia aumento da passagem de \u00f4nibus em Salvador, v\u00e1lido a partir de segunda (13) - Brasil not\u00edcias","isPartOf":{"@id":"https:\/\/brasilnoticias.org\/site\/#website"},"primaryImageOfPage":{"@id":"https:\/\/brasilnoticias.org\/site\/bruno-reis-anuncia-aumento-da-passagem-de-onibus-em-salvador-valido-a-partir-de-segunda-13\/#primaryimage"},"image":{"@id":"https:\/\/brasilnoticias.org\/site\/bruno-reis-anuncia-aumento-da-passagem-de-onibus-em-salvador-valido-a-partir-de-segunda-13\/#primaryimage"},"thumbnailUrl":"https:\/\/brasilnoticias.org\/site\/wp-content\/uploads\/2023\/11\/reuniao-prefs.jpg","datePublished":"2023-11-11T00:41:58+00:00","breadcrumb":{"@id":"https:\/\/brasilnoticias.org\/site\/bruno-reis-anuncia-aumento-da-passagem-de-onibus-em-salvador-valido-a-partir-de-segunda-13\/#breadcrumb"},"inLanguage":"pt-PT","potentialAction":[{"@type":"ReadAction","target":["https:\/\/brasilnoticias.org\/site\/bruno-reis-anuncia-aumento-da-passagem-de-onibus-em-salvador-valido-a-partir-de-segunda-13\/"]}]},{"@type":"ImageObject","inLanguage":"pt-PT","@id":"https:\/\/brasilnoticias.org\/site\/bruno-reis-anuncia-aumento-da-passagem-de-onibus-em-salvador-valido-a-partir-de-segunda-13\/#primaryimage","url":"https:\/\/brasilnoticias.org\/site\/wp-content\/uploads\/2023\/11\/reuniao-prefs.jpg","contentUrl":"https:\/\/brasilnoticias.org\/site\/wp-content\/uploads\/2023\/11\/reuniao-prefs.jpg","width":740,"height":470},{"@type":"BreadcrumbList","@id":"https:\/\/brasilnoticias.org\/site\/bruno-reis-anuncia-aumento-da-passagem-de-onibus-em-salvador-valido-a-partir-de-segunda-13\/#breadcrumb","itemListElement":[{"@type":"ListItem","position":1,"name":"In\u00edcio","item":"https:\/\/brasilnoticias.org\/site\/"},{"@type":"ListItem","position":2,"name":"Bruno Reis anuncia aumento da passagem de \u00f4nibus em Salvador, v\u00e1lido a partir de segunda (13)"}]},{"@type":"WebSite","@id":"https:\/\/brasilnoticias.org\/site\/#website","url":"https:\/\/brasilnoticias.org\/site\/","name":"Brasil not\u00edcias","description":"Brasil not\u00edcias","publisher":{"@id":"https:\/\/brasilnoticias.org\/site\/#organization"},"potentialAction":[{"@type":"SearchAction","target":{"@type":"EntryPoint","urlTemplate":"https:\/\/brasilnoticias.org\/site\/?s={search_term_string}"},"query-input":{"@type":"PropertyValueSpecification","valueRequired":true,"valueName":"search_term_string"}}],"inLanguage":"pt-PT"},{"@type":"Organization","@id":"https:\/\/brasilnoticias.org\/site\/#organization","name":"Brasil not\u00edcias","url":"https:\/\/brasilnoticias.org\/site\/","logo":{"@type":"ImageObject","inLanguage":"pt-PT","@id":"https:\/\/brasilnoticias.org\/site\/#\/schema\/logo\/image\/","url":"https:\/\/brasilnoticias.org\/site\/wp-content\/uploads\/2022\/05\/cropped-brasilnoticias-mini.jpg","contentUrl":"https:\/\/brasilnoticias.org\/site\/wp-content\/uploads\/2022\/05\/cropped-brasilnoticias-mini.jpg","width":314,"height":86,"caption":"Brasil not\u00edcias"},"image":{"@id":"https:\/\/brasilnoticias.org\/site\/#\/schema\/logo\/image\/"}},{"@type":"Person","@id":"https:\/\/brasilnoticias.org\/site\/#\/schema\/person\/03bbbfe6c7634ad18c26444ea39049fa","name":"Reda\u00e7\u00e3o","image":{"@type":"ImageObject","inLanguage":"pt-PT","@id":"https:\/\/brasilnoticias.org\/site\/#\/schema\/person\/image\/","url":"https:\/\/secure.gravatar.com\/avatar\/9ecaf7327a696cb23ad926fedded5f1f04d7049de9e445375d55b48c001a6e42?s=96&d=mm&r=g","contentUrl":"https:\/\/secure.gravatar.com\/avatar\/9ecaf7327a696cb23ad926fedded5f1f04d7049de9e445375d55b48c001a6e42?s=96&d=mm&r=g","caption":"Reda\u00e7\u00e3o"},"url":"https:\/\/brasilnoticias.org\/site\/author\/henrique\/"}]}},"_links":{"self":[{"href":"https:\/\/brasilnoticias.org\/site\/wp-json\/wp\/v2\/posts\/10826","targetHints":{"allow":["GET"]}}],"collection":[{"href":"https:\/\/brasilnoticias.org\/site\/wp-json\/wp\/v2\/posts"}],"about":[{"href":"https:\/\/brasilnoticias.org\/site\/wp-json\/wp\/v2\/types\/post"}],"author":[{"embeddable":true,"href":"https:\/\/brasilnoticias.org\/site\/wp-json\/wp\/v2\/users\/4"}],"replies":[{"embeddable":true,"href":"https:\/\/brasilnoticias.org\/site\/wp-json\/wp\/v2\/comments?post=10826"}],"version-history":[{"count":1,"href":"https:\/\/brasilnoticias.org\/site\/wp-json\/wp\/v2\/posts\/10826\/revisions"}],"predecessor-version":[{"id":10828,"href":"https:\/\/brasilnoticias.org\/site\/wp-json\/wp\/v2\/posts\/10826\/revisions\/10828"}],"wp:featuredmedia":[{"embeddable":true,"href":"https:\/\/brasilnoticias.org\/site\/wp-json\/wp\/v2\/media\/10827"}],"wp:attachment":[{"href":"https:\/\/brasilnoticias.org\/site\/wp-json\/wp\/v2\/media?parent=10826"}],"wp:term":[{"taxonomy":"category","embeddable":true,"href":"https:\/\/brasilnoticias.org\/site\/wp-json\/wp\/v2\/categories?post=10826"},{"taxonomy":"post_tag","embeddable":true,"href":"https:\/\/brasilnoticias.org\/site\/wp-json\/wp\/v2\/tags?post=10826"}],"curies":[{"name":"wp","href":"https:\/\/api.w.org\/{rel}","templated":true}]}}