{"id":10829,"date":"2023-11-10T21:43:37","date_gmt":"2023-11-11T00:43:37","guid":{"rendered":"https:\/\/brasilnoticias.org\/site\/?p=10829"},"modified":"2023-11-10T21:43:37","modified_gmt":"2023-11-11T00:43:37","slug":"nao-vai-ter-greve-de-rodoviarios-em-salvador-afirma-sindicato","status":"publish","type":"post","link":"https:\/\/brasilnoticias.org\/site\/nao-vai-ter-greve-de-rodoviarios-em-salvador-afirma-sindicato\/","title":{"rendered":"N\u00e3o vai ter greve de rodovi\u00e1rios em Salvador, afirma sindicato"},"content":{"rendered":"<p>O an\u00fancio foi feito ap\u00f3s reuni\u00e3o nesta sexta-feira (10\/11); greve estava marcada para a pr\u00f3xima ter\u00e7a (14\/11)<\/p>\n<p>A greve dos rodovi\u00e1rios marcada para a pr\u00f3xima ter\u00e7a-feira (14\/11) em Salvador foi cancelada ap\u00f3s audi\u00eancia do sindicato da categoria com os empres\u00e1rios respons\u00e1veis pelo setor, na Justi\u00e7a do Trabalho, na manh\u00e3 desta sexta-feira (10\/11).<\/p>\n<p>De acordo com o diretor do Sindicato dos Rodovi\u00e1rios da Bahia, Edson Gomes, ao QVP, da TV Aratu, houve acordo com os empres\u00e1rios para a regulariza\u00e7\u00e3o do atraso do FGTS dos profissionais e para melhoria do fardamento.<\/p>\n<p>Al\u00e9m disso, uma das principais queixas do sindicato, a contrata\u00e7\u00e3o de adolescentes do programa Jovem Aprendiz para a fun\u00e7\u00e3o de cobrador, deve ser analisada pela Justi\u00e7a do Trabalho, segundo Edson.  \u201cN\u00e3o somos contra o programa, mas teremos uma elabora\u00e7\u00e3o para que n\u00e3o haja transtorno para os rodovi\u00e1rios\u201d.<\/p>\n<p>Na quinta (9\/11), em contato com os empres\u00e1rios, o prefeito de Salvador, Bruno Reis, j\u00e1 havia sinalizado que a tend\u00eancia era o cancelamento da paralisa\u00e7\u00e3o. \u201cLiguei pros empres\u00e1rios, dei a opini\u00e3o e pedi que se entendessem. Deles, ouvi que teria resolu\u00e7\u00e3o\u201d, afirmou.<\/p>\n<p>Confira a reportagem completa do QVP:<\/p>\n<p><iframe loading=\"lazy\" width=\"681\" height=\"383\" src=\"https:\/\/www.youtube.com\/embed\/7NsjVL7JYd0\" title=\"N\u00e3o vai ter greve: TRT consegue concilia\u00e7\u00e3o entre rodovi\u00e1rios e empres\u00e1rios\" frameborder=\"0\" allow=\"accelerometer; autoplay; clipboard-write; encrypted-media; gyroscope; picture-in-picture; web-share\" allowfullscreen><\/iframe><\/p>\n<p>Foto: Divulga\u00e7\u00e3o<br \/>\nAratu On<\/p>\n","protected":false},"excerpt":{"rendered":"<p>O an\u00fancio foi feito ap\u00f3s reuni\u00e3o nesta sexta-feira (10\/11); greve estava marcada para a pr\u00f3xima ter\u00e7a (14\/11) A greve dos<\/p>\n","protected":false},"author":4,"featured_media":10830,"comment_status":"open","ping_status":"open","sticky":false,"template":"","format":"standard","meta":{"colormag_page_container_layout":"default_layout","colormag_page_sidebar_layout":"default_layout","_FSMCFIC_featured_image_caption":"","_FSMCFIC_featured_image_nocaption":"","_FSMCFIC_featured_image_hide":"","footnotes":""},"categories":[2,1],"tags":[],"class_list":["post-10829","post","type-post","status-publish","format-standard","has-post-thumbnail","hentry","category-noticias","category-ultimas"],"yoast_head":"<!-- This site is optimized with the Yoast SEO plugin v27.1.1 - https:\/\/yoast.com\/product\/yoast-seo-wordpress\/ -->\n<title>N\u00e3o vai ter greve de rodovi\u00e1rios em Salvador, afirma sindicato - Brasil not\u00edcias<\/title>\n<meta name=\"robots\" content=\"index, follow, max-snippet:-1, max-image-preview:large, max-video-preview:-1\" \/>\n<link rel=\"canonical\" href=\"https:\/\/brasilnoticias.org\/site\/nao-vai-ter-greve-de-rodoviarios-em-salvador-afirma-sindicato\/\" \/>\n<meta property=\"og:locale\" content=\"pt_PT\" \/>\n<meta property=\"og:type\" content=\"article\" \/>\n<meta property=\"og:title\" content=\"N\u00e3o vai ter greve de rodovi\u00e1rios em Salvador, afirma sindicato - Brasil not\u00edcias\" \/>\n<meta property=\"og:description\" content=\"O an\u00fancio foi feito ap\u00f3s reuni\u00e3o nesta sexta-feira (10\/11); greve estava marcada para a pr\u00f3xima ter\u00e7a (14\/11) A greve dos\" \/>\n<meta property=\"og:url\" content=\"https:\/\/brasilnoticias.org\/site\/nao-vai-ter-greve-de-rodoviarios-em-salvador-afirma-sindicato\/\" \/>\n<meta property=\"og:site_name\" content=\"Brasil not\u00edcias\" \/>\n<meta property=\"article:published_time\" content=\"2023-11-11T00:43:37+00:00\" \/>\n<meta property=\"og:image\" content=\"https:\/\/brasilnoticias.org\/site\/wp-content\/uploads\/2023\/11\/imagem-destacada-sindicato-fala-em-grande-mobilizacao-de-rodoviarios-programada-740x470-1.jpg\" \/>\n\t<meta property=\"og:image:width\" content=\"740\" \/>\n\t<meta property=\"og:image:height\" content=\"470\" \/>\n\t<meta property=\"og:image:type\" content=\"image\/jpeg\" \/>\n<meta name=\"author\" content=\"Reda\u00e7\u00e3o\" \/>\n<meta name=\"twitter:card\" content=\"summary_large_image\" \/>\n<meta name=\"twitter:label1\" content=\"Escrito por\" \/>\n\t<meta name=\"twitter:data1\" content=\"Reda\u00e7\u00e3o\" \/>\n<script type=\"application\/ld+json\" class=\"yoast-schema-graph\">{\"@context\":\"https:\/\/schema.org\",\"@graph\":[{\"@type\":\"Article\",\"@id\":\"https:\/\/brasilnoticias.org\/site\/nao-vai-ter-greve-de-rodoviarios-em-salvador-afirma-sindicato\/#article\",\"isPartOf\":{\"@id\":\"https:\/\/brasilnoticias.org\/site\/nao-vai-ter-greve-de-rodoviarios-em-salvador-afirma-sindicato\/\"},\"author\":{\"name\":\"Reda\u00e7\u00e3o\",\"@id\":\"https:\/\/brasilnoticias.org\/site\/#\/schema\/person\/03bbbfe6c7634ad18c26444ea39049fa\"},\"headline\":\"N\u00e3o vai ter greve de rodovi\u00e1rios em Salvador, afirma sindicato\",\"datePublished\":\"2023-11-11T00:43:37+00:00\",\"mainEntityOfPage\":{\"@id\":\"https:\/\/brasilnoticias.org\/site\/nao-vai-ter-greve-de-rodoviarios-em-salvador-afirma-sindicato\/\"},\"wordCount\":226,\"commentCount\":0,\"publisher\":{\"@id\":\"https:\/\/brasilnoticias.org\/site\/#organization\"},\"image\":{\"@id\":\"https:\/\/brasilnoticias.org\/site\/nao-vai-ter-greve-de-rodoviarios-em-salvador-afirma-sindicato\/#primaryimage\"},\"thumbnailUrl\":\"https:\/\/brasilnoticias.org\/site\/wp-content\/uploads\/2023\/11\/imagem-destacada-sindicato-fala-em-grande-mobilizacao-de-rodoviarios-programada-740x470-1.jpg\",\"articleSection\":[\"Not\u00edcias\",\"\u00daltimas\"],\"inLanguage\":\"pt-PT\",\"potentialAction\":[{\"@type\":\"CommentAction\",\"name\":\"Comment\",\"target\":[\"https:\/\/brasilnoticias.org\/site\/nao-vai-ter-greve-de-rodoviarios-em-salvador-afirma-sindicato\/#respond\"]}]},{\"@type\":\"WebPage\",\"@id\":\"https:\/\/brasilnoticias.org\/site\/nao-vai-ter-greve-de-rodoviarios-em-salvador-afirma-sindicato\/\",\"url\":\"https:\/\/brasilnoticias.org\/site\/nao-vai-ter-greve-de-rodoviarios-em-salvador-afirma-sindicato\/\",\"name\":\"N\u00e3o vai ter greve de rodovi\u00e1rios em Salvador, afirma sindicato - Brasil not\u00edcias\",\"isPartOf\":{\"@id\":\"https:\/\/brasilnoticias.org\/site\/#website\"},\"primaryImageOfPage\":{\"@id\":\"https:\/\/brasilnoticias.org\/site\/nao-vai-ter-greve-de-rodoviarios-em-salvador-afirma-sindicato\/#primaryimage\"},\"image\":{\"@id\":\"https:\/\/brasilnoticias.org\/site\/nao-vai-ter-greve-de-rodoviarios-em-salvador-afirma-sindicato\/#primaryimage\"},\"thumbnailUrl\":\"https:\/\/brasilnoticias.org\/site\/wp-content\/uploads\/2023\/11\/imagem-destacada-sindicato-fala-em-grande-mobilizacao-de-rodoviarios-programada-740x470-1.jpg\",\"datePublished\":\"2023-11-11T00:43:37+00:00\",\"breadcrumb\":{\"@id\":\"https:\/\/brasilnoticias.org\/site\/nao-vai-ter-greve-de-rodoviarios-em-salvador-afirma-sindicato\/#breadcrumb\"},\"inLanguage\":\"pt-PT\",\"potentialAction\":[{\"@type\":\"ReadAction\",\"target\":[\"https:\/\/brasilnoticias.org\/site\/nao-vai-ter-greve-de-rodoviarios-em-salvador-afirma-sindicato\/\"]}]},{\"@type\":\"ImageObject\",\"inLanguage\":\"pt-PT\",\"@id\":\"https:\/\/brasilnoticias.org\/site\/nao-vai-ter-greve-de-rodoviarios-em-salvador-afirma-sindicato\/#primaryimage\",\"url\":\"https:\/\/brasilnoticias.org\/site\/wp-content\/uploads\/2023\/11\/imagem-destacada-sindicato-fala-em-grande-mobilizacao-de-rodoviarios-programada-740x470-1.jpg\",\"contentUrl\":\"https:\/\/brasilnoticias.org\/site\/wp-content\/uploads\/2023\/11\/imagem-destacada-sindicato-fala-em-grande-mobilizacao-de-rodoviarios-programada-740x470-1.jpg\",\"width\":740,\"height\":470},{\"@type\":\"BreadcrumbList\",\"@id\":\"https:\/\/brasilnoticias.org\/site\/nao-vai-ter-greve-de-rodoviarios-em-salvador-afirma-sindicato\/#breadcrumb\",\"itemListElement\":[{\"@type\":\"ListItem\",\"position\":1,\"name\":\"In\u00edcio\",\"item\":\"https:\/\/brasilnoticias.org\/site\/\"},{\"@type\":\"ListItem\",\"position\":2,\"name\":\"N\u00e3o vai ter greve de rodovi\u00e1rios em Salvador, afirma sindicato\"}]},{\"@type\":\"WebSite\",\"@id\":\"https:\/\/brasilnoticias.org\/site\/#website\",\"url\":\"https:\/\/brasilnoticias.org\/site\/\",\"name\":\"Brasil not\u00edcias\",\"description\":\"Brasil not\u00edcias\",\"publisher\":{\"@id\":\"https:\/\/brasilnoticias.org\/site\/#organization\"},\"potentialAction\":[{\"@type\":\"SearchAction\",\"target\":{\"@type\":\"EntryPoint\",\"urlTemplate\":\"https:\/\/brasilnoticias.org\/site\/?s={search_term_string}\"},\"query-input\":{\"@type\":\"PropertyValueSpecification\",\"valueRequired\":true,\"valueName\":\"search_term_string\"}}],\"inLanguage\":\"pt-PT\"},{\"@type\":\"Organization\",\"@id\":\"https:\/\/brasilnoticias.org\/site\/#organization\",\"name\":\"Brasil not\u00edcias\",\"url\":\"https:\/\/brasilnoticias.org\/site\/\",\"logo\":{\"@type\":\"ImageObject\",\"inLanguage\":\"pt-PT\",\"@id\":\"https:\/\/brasilnoticias.org\/site\/#\/schema\/logo\/image\/\",\"url\":\"https:\/\/brasilnoticias.org\/site\/wp-content\/uploads\/2022\/05\/cropped-brasilnoticias-mini.jpg\",\"contentUrl\":\"https:\/\/brasilnoticias.org\/site\/wp-content\/uploads\/2022\/05\/cropped-brasilnoticias-mini.jpg\",\"width\":314,\"height\":86,\"caption\":\"Brasil not\u00edcias\"},\"image\":{\"@id\":\"https:\/\/brasilnoticias.org\/site\/#\/schema\/logo\/image\/\"}},{\"@type\":\"Person\",\"@id\":\"https:\/\/brasilnoticias.org\/site\/#\/schema\/person\/03bbbfe6c7634ad18c26444ea39049fa\",\"name\":\"Reda\u00e7\u00e3o\",\"image\":{\"@type\":\"ImageObject\",\"inLanguage\":\"pt-PT\",\"@id\":\"https:\/\/brasilnoticias.org\/site\/#\/schema\/person\/image\/\",\"url\":\"https:\/\/secure.gravatar.com\/avatar\/9ecaf7327a696cb23ad926fedded5f1f04d7049de9e445375d55b48c001a6e42?s=96&d=mm&r=g\",\"contentUrl\":\"https:\/\/secure.gravatar.com\/avatar\/9ecaf7327a696cb23ad926fedded5f1f04d7049de9e445375d55b48c001a6e42?s=96&d=mm&r=g\",\"caption\":\"Reda\u00e7\u00e3o\"},\"url\":\"https:\/\/brasilnoticias.org\/site\/author\/henrique\/\"}]}<\/script>\n<!-- \/ Yoast SEO plugin. -->","yoast_head_json":{"title":"N\u00e3o vai ter greve de rodovi\u00e1rios em Salvador, afirma sindicato - Brasil not\u00edcias","robots":{"index":"index","follow":"follow","max-snippet":"max-snippet:-1","max-image-preview":"max-image-preview:large","max-video-preview":"max-video-preview:-1"},"canonical":"https:\/\/brasilnoticias.org\/site\/nao-vai-ter-greve-de-rodoviarios-em-salvador-afirma-sindicato\/","og_locale":"pt_PT","og_type":"article","og_title":"N\u00e3o vai ter greve de rodovi\u00e1rios em Salvador, afirma sindicato - Brasil not\u00edcias","og_description":"O an\u00fancio foi feito ap\u00f3s reuni\u00e3o nesta sexta-feira (10\/11); greve estava marcada para a pr\u00f3xima ter\u00e7a (14\/11) A greve dos","og_url":"https:\/\/brasilnoticias.org\/site\/nao-vai-ter-greve-de-rodoviarios-em-salvador-afirma-sindicato\/","og_site_name":"Brasil not\u00edcias","article_published_time":"2023-11-11T00:43:37+00:00","og_image":[{"width":740,"height":470,"url":"https:\/\/brasilnoticias.org\/site\/wp-content\/uploads\/2023\/11\/imagem-destacada-sindicato-fala-em-grande-mobilizacao-de-rodoviarios-programada-740x470-1.jpg","type":"image\/jpeg"}],"author":"Reda\u00e7\u00e3o","twitter_card":"summary_large_image","twitter_misc":{"Escrito por":"Reda\u00e7\u00e3o"},"schema":{"@context":"https:\/\/schema.org","@graph":[{"@type":"Article","@id":"https:\/\/brasilnoticias.org\/site\/nao-vai-ter-greve-de-rodoviarios-em-salvador-afirma-sindicato\/#article","isPartOf":{"@id":"https:\/\/brasilnoticias.org\/site\/nao-vai-ter-greve-de-rodoviarios-em-salvador-afirma-sindicato\/"},"author":{"name":"Reda\u00e7\u00e3o","@id":"https:\/\/brasilnoticias.org\/site\/#\/schema\/person\/03bbbfe6c7634ad18c26444ea39049fa"},"headline":"N\u00e3o vai ter greve de rodovi\u00e1rios em Salvador, afirma sindicato","datePublished":"2023-11-11T00:43:37+00:00","mainEntityOfPage":{"@id":"https:\/\/brasilnoticias.org\/site\/nao-vai-ter-greve-de-rodoviarios-em-salvador-afirma-sindicato\/"},"wordCount":226,"commentCount":0,"publisher":{"@id":"https:\/\/brasilnoticias.org\/site\/#organization"},"image":{"@id":"https:\/\/brasilnoticias.org\/site\/nao-vai-ter-greve-de-rodoviarios-em-salvador-afirma-sindicato\/#primaryimage"},"thumbnailUrl":"https:\/\/brasilnoticias.org\/site\/wp-content\/uploads\/2023\/11\/imagem-destacada-sindicato-fala-em-grande-mobilizacao-de-rodoviarios-programada-740x470-1.jpg","articleSection":["Not\u00edcias","\u00daltimas"],"inLanguage":"pt-PT","potentialAction":[{"@type":"CommentAction","name":"Comment","target":["https:\/\/brasilnoticias.org\/site\/nao-vai-ter-greve-de-rodoviarios-em-salvador-afirma-sindicato\/#respond"]}]},{"@type":"WebPage","@id":"https:\/\/brasilnoticias.org\/site\/nao-vai-ter-greve-de-rodoviarios-em-salvador-afirma-sindicato\/","url":"https:\/\/brasilnoticias.org\/site\/nao-vai-ter-greve-de-rodoviarios-em-salvador-afirma-sindicato\/","name":"N\u00e3o vai ter greve de rodovi\u00e1rios em Salvador, afirma sindicato - Brasil not\u00edcias","isPartOf":{"@id":"https:\/\/brasilnoticias.org\/site\/#website"},"primaryImageOfPage":{"@id":"https:\/\/brasilnoticias.org\/site\/nao-vai-ter-greve-de-rodoviarios-em-salvador-afirma-sindicato\/#primaryimage"},"image":{"@id":"https:\/\/brasilnoticias.org\/site\/nao-vai-ter-greve-de-rodoviarios-em-salvador-afirma-sindicato\/#primaryimage"},"thumbnailUrl":"https:\/\/brasilnoticias.org\/site\/wp-content\/uploads\/2023\/11\/imagem-destacada-sindicato-fala-em-grande-mobilizacao-de-rodoviarios-programada-740x470-1.jpg","datePublished":"2023-11-11T00:43:37+00:00","breadcrumb":{"@id":"https:\/\/brasilnoticias.org\/site\/nao-vai-ter-greve-de-rodoviarios-em-salvador-afirma-sindicato\/#breadcrumb"},"inLanguage":"pt-PT","potentialAction":[{"@type":"ReadAction","target":["https:\/\/brasilnoticias.org\/site\/nao-vai-ter-greve-de-rodoviarios-em-salvador-afirma-sindicato\/"]}]},{"@type":"ImageObject","inLanguage":"pt-PT","@id":"https:\/\/brasilnoticias.org\/site\/nao-vai-ter-greve-de-rodoviarios-em-salvador-afirma-sindicato\/#primaryimage","url":"https:\/\/brasilnoticias.org\/site\/wp-content\/uploads\/2023\/11\/imagem-destacada-sindicato-fala-em-grande-mobilizacao-de-rodoviarios-programada-740x470-1.jpg","contentUrl":"https:\/\/brasilnoticias.org\/site\/wp-content\/uploads\/2023\/11\/imagem-destacada-sindicato-fala-em-grande-mobilizacao-de-rodoviarios-programada-740x470-1.jpg","width":740,"height":470},{"@type":"BreadcrumbList","@id":"https:\/\/brasilnoticias.org\/site\/nao-vai-ter-greve-de-rodoviarios-em-salvador-afirma-sindicato\/#breadcrumb","itemListElement":[{"@type":"ListItem","position":1,"name":"In\u00edcio","item":"https:\/\/brasilnoticias.org\/site\/"},{"@type":"ListItem","position":2,"name":"N\u00e3o vai ter greve de rodovi\u00e1rios em Salvador, afirma sindicato"}]},{"@type":"WebSite","@id":"https:\/\/brasilnoticias.org\/site\/#website","url":"https:\/\/brasilnoticias.org\/site\/","name":"Brasil not\u00edcias","description":"Brasil not\u00edcias","publisher":{"@id":"https:\/\/brasilnoticias.org\/site\/#organization"},"potentialAction":[{"@type":"SearchAction","target":{"@type":"EntryPoint","urlTemplate":"https:\/\/brasilnoticias.org\/site\/?s={search_term_string}"},"query-input":{"@type":"PropertyValueSpecification","valueRequired":true,"valueName":"search_term_string"}}],"inLanguage":"pt-PT"},{"@type":"Organization","@id":"https:\/\/brasilnoticias.org\/site\/#organization","name":"Brasil not\u00edcias","url":"https:\/\/brasilnoticias.org\/site\/","logo":{"@type":"ImageObject","inLanguage":"pt-PT","@id":"https:\/\/brasilnoticias.org\/site\/#\/schema\/logo\/image\/","url":"https:\/\/brasilnoticias.org\/site\/wp-content\/uploads\/2022\/05\/cropped-brasilnoticias-mini.jpg","contentUrl":"https:\/\/brasilnoticias.org\/site\/wp-content\/uploads\/2022\/05\/cropped-brasilnoticias-mini.jpg","width":314,"height":86,"caption":"Brasil not\u00edcias"},"image":{"@id":"https:\/\/brasilnoticias.org\/site\/#\/schema\/logo\/image\/"}},{"@type":"Person","@id":"https:\/\/brasilnoticias.org\/site\/#\/schema\/person\/03bbbfe6c7634ad18c26444ea39049fa","name":"Reda\u00e7\u00e3o","image":{"@type":"ImageObject","inLanguage":"pt-PT","@id":"https:\/\/brasilnoticias.org\/site\/#\/schema\/person\/image\/","url":"https:\/\/secure.gravatar.com\/avatar\/9ecaf7327a696cb23ad926fedded5f1f04d7049de9e445375d55b48c001a6e42?s=96&d=mm&r=g","contentUrl":"https:\/\/secure.gravatar.com\/avatar\/9ecaf7327a696cb23ad926fedded5f1f04d7049de9e445375d55b48c001a6e42?s=96&d=mm&r=g","caption":"Reda\u00e7\u00e3o"},"url":"https:\/\/brasilnoticias.org\/site\/author\/henrique\/"}]}},"_links":{"self":[{"href":"https:\/\/brasilnoticias.org\/site\/wp-json\/wp\/v2\/posts\/10829","targetHints":{"allow":["GET"]}}],"collection":[{"href":"https:\/\/brasilnoticias.org\/site\/wp-json\/wp\/v2\/posts"}],"about":[{"href":"https:\/\/brasilnoticias.org\/site\/wp-json\/wp\/v2\/types\/post"}],"author":[{"embeddable":true,"href":"https:\/\/brasilnoticias.org\/site\/wp-json\/wp\/v2\/users\/4"}],"replies":[{"embeddable":true,"href":"https:\/\/brasilnoticias.org\/site\/wp-json\/wp\/v2\/comments?post=10829"}],"version-history":[{"count":1,"href":"https:\/\/brasilnoticias.org\/site\/wp-json\/wp\/v2\/posts\/10829\/revisions"}],"predecessor-version":[{"id":10831,"href":"https:\/\/brasilnoticias.org\/site\/wp-json\/wp\/v2\/posts\/10829\/revisions\/10831"}],"wp:featuredmedia":[{"embeddable":true,"href":"https:\/\/brasilnoticias.org\/site\/wp-json\/wp\/v2\/media\/10830"}],"wp:attachment":[{"href":"https:\/\/brasilnoticias.org\/site\/wp-json\/wp\/v2\/media?parent=10829"}],"wp:term":[{"taxonomy":"category","embeddable":true,"href":"https:\/\/brasilnoticias.org\/site\/wp-json\/wp\/v2\/categories?post=10829"},{"taxonomy":"post_tag","embeddable":true,"href":"https:\/\/brasilnoticias.org\/site\/wp-json\/wp\/v2\/tags?post=10829"}],"curies":[{"name":"wp","href":"https:\/\/api.w.org\/{rel}","templated":true}]}}