{"id":10833,"date":"2023-11-11T17:59:53","date_gmt":"2023-11-11T20:59:53","guid":{"rendered":"https:\/\/brasilnoticias.org\/site\/?p=10833"},"modified":"2023-11-11T17:59:53","modified_gmt":"2023-11-11T20:59:53","slug":"marinha-e-pf-encontram-2-toneladas-de-droga-em-veleiro-na-costa-de-salvador","status":"publish","type":"post","link":"https:\/\/brasilnoticias.org\/site\/marinha-e-pf-encontram-2-toneladas-de-droga-em-veleiro-na-costa-de-salvador\/","title":{"rendered":"Marinha e PF encontram 2 toneladas de droga em veleiro na costa de Salvador"},"content":{"rendered":"<p>Um veleiro alem\u00e3o com mais de duas toneladas de haxixe, tipo de entorpecente obtido a partir da planta da maconha, acabou interceptado pela Marinha e a Pol\u00edcia Federal (PF) na costa de Salvador. Quatro pessoas foram presas. A embarca\u00e7\u00e3o navegava a 363 quil\u00f4metros do litoral.  <\/p>\n<p>A abordagem aconteceu na tarde de sexta-feira (10\/11), realiza por quatro policiais federais. Eles embrancaram no navio-patrulha Guaratuba, da Marinha e fizeram abordagem ao veleiro \u201cKiel\u201d, de bandeira alem\u00e3. A nacionalidade dos tripulantes presos n\u00e3o foi informada. Fuzileiros navais tamb\u00e9m participaram da a\u00e7\u00e3o. O veleiro foi interditado e rebocado para a Base Naval de Aratu (BA).<\/p>\n<p>Conforme nota da Marinha, essa foi a segunda maior apreens\u00e3o de haxixe por um navio-patrulha no mar brasileiro. Em 2021, o Araguari apreendeu 4,3 toneladas da droga na costa de Pernambuco.<\/p>\n<p>Foto: Ag\u00eancia Marinha Not\u00edcias\/Divulga\u00e7\u00e3o<br \/>\nAratu On<\/p>\n","protected":false},"excerpt":{"rendered":"<p>Um veleiro alem\u00e3o com mais de duas toneladas de haxixe, tipo de entorpecente obtido a partir da planta da maconha,<\/p>\n","protected":false},"author":4,"featured_media":10834,"comment_status":"open","ping_status":"open","sticky":false,"template":"","format":"standard","meta":{"colormag_page_container_layout":"default_layout","colormag_page_sidebar_layout":"default_layout","_FSMCFIC_featured_image_caption":"","_FSMCFIC_featured_image_nocaption":"","_FSMCFIC_featured_image_hide":"","footnotes":""},"categories":[3,1],"tags":[],"class_list":["post-10833","post","type-post","status-publish","format-standard","has-post-thumbnail","hentry","category-policia","category-ultimas"],"yoast_head":"<!-- This site is optimized with the Yoast SEO plugin v27.1.1 - https:\/\/yoast.com\/product\/yoast-seo-wordpress\/ -->\n<title>Marinha e PF encontram 2 toneladas de droga em veleiro na costa de Salvador - Brasil not\u00edcias<\/title>\n<meta name=\"robots\" content=\"index, follow, max-snippet:-1, max-image-preview:large, max-video-preview:-1\" \/>\n<link rel=\"canonical\" href=\"https:\/\/brasilnoticias.org\/site\/marinha-e-pf-encontram-2-toneladas-de-droga-em-veleiro-na-costa-de-salvador\/\" \/>\n<meta property=\"og:locale\" content=\"pt_PT\" \/>\n<meta property=\"og:type\" content=\"article\" \/>\n<meta property=\"og:title\" content=\"Marinha e PF encontram 2 toneladas de droga em veleiro na costa de Salvador - Brasil not\u00edcias\" \/>\n<meta property=\"og:description\" content=\"Um veleiro alem\u00e3o com mais de duas toneladas de haxixe, tipo de entorpecente obtido a partir da planta da maconha,\" \/>\n<meta property=\"og:url\" content=\"https:\/\/brasilnoticias.org\/site\/marinha-e-pf-encontram-2-toneladas-de-droga-em-veleiro-na-costa-de-salvador\/\" \/>\n<meta property=\"og:site_name\" content=\"Brasil not\u00edcias\" \/>\n<meta property=\"article:published_time\" content=\"2023-11-11T20:59:53+00:00\" \/>\n<meta property=\"og:image\" content=\"https:\/\/brasilnoticias.org\/site\/wp-content\/uploads\/2023\/11\/10112023-4-e1699733216660-740x470-1.webp\" \/>\n\t<meta property=\"og:image:width\" content=\"740\" \/>\n\t<meta property=\"og:image:height\" content=\"470\" \/>\n\t<meta property=\"og:image:type\" content=\"image\/webp\" \/>\n<meta name=\"author\" content=\"Reda\u00e7\u00e3o\" \/>\n<meta name=\"twitter:card\" content=\"summary_large_image\" \/>\n<meta name=\"twitter:label1\" content=\"Escrito por\" \/>\n\t<meta name=\"twitter:data1\" content=\"Reda\u00e7\u00e3o\" \/>\n<script type=\"application\/ld+json\" class=\"yoast-schema-graph\">{\"@context\":\"https:\/\/schema.org\",\"@graph\":[{\"@type\":\"Article\",\"@id\":\"https:\/\/brasilnoticias.org\/site\/marinha-e-pf-encontram-2-toneladas-de-droga-em-veleiro-na-costa-de-salvador\/#article\",\"isPartOf\":{\"@id\":\"https:\/\/brasilnoticias.org\/site\/marinha-e-pf-encontram-2-toneladas-de-droga-em-veleiro-na-costa-de-salvador\/\"},\"author\":{\"name\":\"Reda\u00e7\u00e3o\",\"@id\":\"https:\/\/brasilnoticias.org\/site\/#\/schema\/person\/03bbbfe6c7634ad18c26444ea39049fa\"},\"headline\":\"Marinha e PF encontram 2 toneladas de droga em veleiro na costa de Salvador\",\"datePublished\":\"2023-11-11T20:59:53+00:00\",\"mainEntityOfPage\":{\"@id\":\"https:\/\/brasilnoticias.org\/site\/marinha-e-pf-encontram-2-toneladas-de-droga-em-veleiro-na-costa-de-salvador\/\"},\"wordCount\":159,\"commentCount\":0,\"publisher\":{\"@id\":\"https:\/\/brasilnoticias.org\/site\/#organization\"},\"image\":{\"@id\":\"https:\/\/brasilnoticias.org\/site\/marinha-e-pf-encontram-2-toneladas-de-droga-em-veleiro-na-costa-de-salvador\/#primaryimage\"},\"thumbnailUrl\":\"https:\/\/brasilnoticias.org\/site\/wp-content\/uploads\/2023\/11\/10112023-4-e1699733216660-740x470-1.webp\",\"articleSection\":[\"Pol\u00edcia\",\"\u00daltimas\"],\"inLanguage\":\"pt-PT\",\"potentialAction\":[{\"@type\":\"CommentAction\",\"name\":\"Comment\",\"target\":[\"https:\/\/brasilnoticias.org\/site\/marinha-e-pf-encontram-2-toneladas-de-droga-em-veleiro-na-costa-de-salvador\/#respond\"]}]},{\"@type\":\"WebPage\",\"@id\":\"https:\/\/brasilnoticias.org\/site\/marinha-e-pf-encontram-2-toneladas-de-droga-em-veleiro-na-costa-de-salvador\/\",\"url\":\"https:\/\/brasilnoticias.org\/site\/marinha-e-pf-encontram-2-toneladas-de-droga-em-veleiro-na-costa-de-salvador\/\",\"name\":\"Marinha e PF encontram 2 toneladas de droga em veleiro na costa de Salvador - Brasil not\u00edcias\",\"isPartOf\":{\"@id\":\"https:\/\/brasilnoticias.org\/site\/#website\"},\"primaryImageOfPage\":{\"@id\":\"https:\/\/brasilnoticias.org\/site\/marinha-e-pf-encontram-2-toneladas-de-droga-em-veleiro-na-costa-de-salvador\/#primaryimage\"},\"image\":{\"@id\":\"https:\/\/brasilnoticias.org\/site\/marinha-e-pf-encontram-2-toneladas-de-droga-em-veleiro-na-costa-de-salvador\/#primaryimage\"},\"thumbnailUrl\":\"https:\/\/brasilnoticias.org\/site\/wp-content\/uploads\/2023\/11\/10112023-4-e1699733216660-740x470-1.webp\",\"datePublished\":\"2023-11-11T20:59:53+00:00\",\"breadcrumb\":{\"@id\":\"https:\/\/brasilnoticias.org\/site\/marinha-e-pf-encontram-2-toneladas-de-droga-em-veleiro-na-costa-de-salvador\/#breadcrumb\"},\"inLanguage\":\"pt-PT\",\"potentialAction\":[{\"@type\":\"ReadAction\",\"target\":[\"https:\/\/brasilnoticias.org\/site\/marinha-e-pf-encontram-2-toneladas-de-droga-em-veleiro-na-costa-de-salvador\/\"]}]},{\"@type\":\"ImageObject\",\"inLanguage\":\"pt-PT\",\"@id\":\"https:\/\/brasilnoticias.org\/site\/marinha-e-pf-encontram-2-toneladas-de-droga-em-veleiro-na-costa-de-salvador\/#primaryimage\",\"url\":\"https:\/\/brasilnoticias.org\/site\/wp-content\/uploads\/2023\/11\/10112023-4-e1699733216660-740x470-1.webp\",\"contentUrl\":\"https:\/\/brasilnoticias.org\/site\/wp-content\/uploads\/2023\/11\/10112023-4-e1699733216660-740x470-1.webp\",\"width\":740,\"height\":470},{\"@type\":\"BreadcrumbList\",\"@id\":\"https:\/\/brasilnoticias.org\/site\/marinha-e-pf-encontram-2-toneladas-de-droga-em-veleiro-na-costa-de-salvador\/#breadcrumb\",\"itemListElement\":[{\"@type\":\"ListItem\",\"position\":1,\"name\":\"In\u00edcio\",\"item\":\"https:\/\/brasilnoticias.org\/site\/\"},{\"@type\":\"ListItem\",\"position\":2,\"name\":\"Marinha e PF encontram 2 toneladas de droga em veleiro na costa de Salvador\"}]},{\"@type\":\"WebSite\",\"@id\":\"https:\/\/brasilnoticias.org\/site\/#website\",\"url\":\"https:\/\/brasilnoticias.org\/site\/\",\"name\":\"Brasil not\u00edcias\",\"description\":\"Brasil not\u00edcias\",\"publisher\":{\"@id\":\"https:\/\/brasilnoticias.org\/site\/#organization\"},\"potentialAction\":[{\"@type\":\"SearchAction\",\"target\":{\"@type\":\"EntryPoint\",\"urlTemplate\":\"https:\/\/brasilnoticias.org\/site\/?s={search_term_string}\"},\"query-input\":{\"@type\":\"PropertyValueSpecification\",\"valueRequired\":true,\"valueName\":\"search_term_string\"}}],\"inLanguage\":\"pt-PT\"},{\"@type\":\"Organization\",\"@id\":\"https:\/\/brasilnoticias.org\/site\/#organization\",\"name\":\"Brasil not\u00edcias\",\"url\":\"https:\/\/brasilnoticias.org\/site\/\",\"logo\":{\"@type\":\"ImageObject\",\"inLanguage\":\"pt-PT\",\"@id\":\"https:\/\/brasilnoticias.org\/site\/#\/schema\/logo\/image\/\",\"url\":\"https:\/\/brasilnoticias.org\/site\/wp-content\/uploads\/2022\/05\/cropped-brasilnoticias-mini.jpg\",\"contentUrl\":\"https:\/\/brasilnoticias.org\/site\/wp-content\/uploads\/2022\/05\/cropped-brasilnoticias-mini.jpg\",\"width\":314,\"height\":86,\"caption\":\"Brasil not\u00edcias\"},\"image\":{\"@id\":\"https:\/\/brasilnoticias.org\/site\/#\/schema\/logo\/image\/\"}},{\"@type\":\"Person\",\"@id\":\"https:\/\/brasilnoticias.org\/site\/#\/schema\/person\/03bbbfe6c7634ad18c26444ea39049fa\",\"name\":\"Reda\u00e7\u00e3o\",\"image\":{\"@type\":\"ImageObject\",\"inLanguage\":\"pt-PT\",\"@id\":\"https:\/\/brasilnoticias.org\/site\/#\/schema\/person\/image\/\",\"url\":\"https:\/\/secure.gravatar.com\/avatar\/9ecaf7327a696cb23ad926fedded5f1f04d7049de9e445375d55b48c001a6e42?s=96&d=mm&r=g\",\"contentUrl\":\"https:\/\/secure.gravatar.com\/avatar\/9ecaf7327a696cb23ad926fedded5f1f04d7049de9e445375d55b48c001a6e42?s=96&d=mm&r=g\",\"caption\":\"Reda\u00e7\u00e3o\"},\"url\":\"https:\/\/brasilnoticias.org\/site\/author\/henrique\/\"}]}<\/script>\n<!-- \/ Yoast SEO plugin. -->","yoast_head_json":{"title":"Marinha e PF encontram 2 toneladas de droga em veleiro na costa de Salvador - Brasil not\u00edcias","robots":{"index":"index","follow":"follow","max-snippet":"max-snippet:-1","max-image-preview":"max-image-preview:large","max-video-preview":"max-video-preview:-1"},"canonical":"https:\/\/brasilnoticias.org\/site\/marinha-e-pf-encontram-2-toneladas-de-droga-em-veleiro-na-costa-de-salvador\/","og_locale":"pt_PT","og_type":"article","og_title":"Marinha e PF encontram 2 toneladas de droga em veleiro na costa de Salvador - Brasil not\u00edcias","og_description":"Um veleiro alem\u00e3o com mais de duas toneladas de haxixe, tipo de entorpecente obtido a partir da planta da maconha,","og_url":"https:\/\/brasilnoticias.org\/site\/marinha-e-pf-encontram-2-toneladas-de-droga-em-veleiro-na-costa-de-salvador\/","og_site_name":"Brasil not\u00edcias","article_published_time":"2023-11-11T20:59:53+00:00","og_image":[{"width":740,"height":470,"url":"https:\/\/brasilnoticias.org\/site\/wp-content\/uploads\/2023\/11\/10112023-4-e1699733216660-740x470-1.webp","type":"image\/webp"}],"author":"Reda\u00e7\u00e3o","twitter_card":"summary_large_image","twitter_misc":{"Escrito por":"Reda\u00e7\u00e3o"},"schema":{"@context":"https:\/\/schema.org","@graph":[{"@type":"Article","@id":"https:\/\/brasilnoticias.org\/site\/marinha-e-pf-encontram-2-toneladas-de-droga-em-veleiro-na-costa-de-salvador\/#article","isPartOf":{"@id":"https:\/\/brasilnoticias.org\/site\/marinha-e-pf-encontram-2-toneladas-de-droga-em-veleiro-na-costa-de-salvador\/"},"author":{"name":"Reda\u00e7\u00e3o","@id":"https:\/\/brasilnoticias.org\/site\/#\/schema\/person\/03bbbfe6c7634ad18c26444ea39049fa"},"headline":"Marinha e PF encontram 2 toneladas de droga em veleiro na costa de Salvador","datePublished":"2023-11-11T20:59:53+00:00","mainEntityOfPage":{"@id":"https:\/\/brasilnoticias.org\/site\/marinha-e-pf-encontram-2-toneladas-de-droga-em-veleiro-na-costa-de-salvador\/"},"wordCount":159,"commentCount":0,"publisher":{"@id":"https:\/\/brasilnoticias.org\/site\/#organization"},"image":{"@id":"https:\/\/brasilnoticias.org\/site\/marinha-e-pf-encontram-2-toneladas-de-droga-em-veleiro-na-costa-de-salvador\/#primaryimage"},"thumbnailUrl":"https:\/\/brasilnoticias.org\/site\/wp-content\/uploads\/2023\/11\/10112023-4-e1699733216660-740x470-1.webp","articleSection":["Pol\u00edcia","\u00daltimas"],"inLanguage":"pt-PT","potentialAction":[{"@type":"CommentAction","name":"Comment","target":["https:\/\/brasilnoticias.org\/site\/marinha-e-pf-encontram-2-toneladas-de-droga-em-veleiro-na-costa-de-salvador\/#respond"]}]},{"@type":"WebPage","@id":"https:\/\/brasilnoticias.org\/site\/marinha-e-pf-encontram-2-toneladas-de-droga-em-veleiro-na-costa-de-salvador\/","url":"https:\/\/brasilnoticias.org\/site\/marinha-e-pf-encontram-2-toneladas-de-droga-em-veleiro-na-costa-de-salvador\/","name":"Marinha e PF encontram 2 toneladas de droga em veleiro na costa de Salvador - Brasil not\u00edcias","isPartOf":{"@id":"https:\/\/brasilnoticias.org\/site\/#website"},"primaryImageOfPage":{"@id":"https:\/\/brasilnoticias.org\/site\/marinha-e-pf-encontram-2-toneladas-de-droga-em-veleiro-na-costa-de-salvador\/#primaryimage"},"image":{"@id":"https:\/\/brasilnoticias.org\/site\/marinha-e-pf-encontram-2-toneladas-de-droga-em-veleiro-na-costa-de-salvador\/#primaryimage"},"thumbnailUrl":"https:\/\/brasilnoticias.org\/site\/wp-content\/uploads\/2023\/11\/10112023-4-e1699733216660-740x470-1.webp","datePublished":"2023-11-11T20:59:53+00:00","breadcrumb":{"@id":"https:\/\/brasilnoticias.org\/site\/marinha-e-pf-encontram-2-toneladas-de-droga-em-veleiro-na-costa-de-salvador\/#breadcrumb"},"inLanguage":"pt-PT","potentialAction":[{"@type":"ReadAction","target":["https:\/\/brasilnoticias.org\/site\/marinha-e-pf-encontram-2-toneladas-de-droga-em-veleiro-na-costa-de-salvador\/"]}]},{"@type":"ImageObject","inLanguage":"pt-PT","@id":"https:\/\/brasilnoticias.org\/site\/marinha-e-pf-encontram-2-toneladas-de-droga-em-veleiro-na-costa-de-salvador\/#primaryimage","url":"https:\/\/brasilnoticias.org\/site\/wp-content\/uploads\/2023\/11\/10112023-4-e1699733216660-740x470-1.webp","contentUrl":"https:\/\/brasilnoticias.org\/site\/wp-content\/uploads\/2023\/11\/10112023-4-e1699733216660-740x470-1.webp","width":740,"height":470},{"@type":"BreadcrumbList","@id":"https:\/\/brasilnoticias.org\/site\/marinha-e-pf-encontram-2-toneladas-de-droga-em-veleiro-na-costa-de-salvador\/#breadcrumb","itemListElement":[{"@type":"ListItem","position":1,"name":"In\u00edcio","item":"https:\/\/brasilnoticias.org\/site\/"},{"@type":"ListItem","position":2,"name":"Marinha e PF encontram 2 toneladas de droga em veleiro na costa de Salvador"}]},{"@type":"WebSite","@id":"https:\/\/brasilnoticias.org\/site\/#website","url":"https:\/\/brasilnoticias.org\/site\/","name":"Brasil not\u00edcias","description":"Brasil not\u00edcias","publisher":{"@id":"https:\/\/brasilnoticias.org\/site\/#organization"},"potentialAction":[{"@type":"SearchAction","target":{"@type":"EntryPoint","urlTemplate":"https:\/\/brasilnoticias.org\/site\/?s={search_term_string}"},"query-input":{"@type":"PropertyValueSpecification","valueRequired":true,"valueName":"search_term_string"}}],"inLanguage":"pt-PT"},{"@type":"Organization","@id":"https:\/\/brasilnoticias.org\/site\/#organization","name":"Brasil not\u00edcias","url":"https:\/\/brasilnoticias.org\/site\/","logo":{"@type":"ImageObject","inLanguage":"pt-PT","@id":"https:\/\/brasilnoticias.org\/site\/#\/schema\/logo\/image\/","url":"https:\/\/brasilnoticias.org\/site\/wp-content\/uploads\/2022\/05\/cropped-brasilnoticias-mini.jpg","contentUrl":"https:\/\/brasilnoticias.org\/site\/wp-content\/uploads\/2022\/05\/cropped-brasilnoticias-mini.jpg","width":314,"height":86,"caption":"Brasil not\u00edcias"},"image":{"@id":"https:\/\/brasilnoticias.org\/site\/#\/schema\/logo\/image\/"}},{"@type":"Person","@id":"https:\/\/brasilnoticias.org\/site\/#\/schema\/person\/03bbbfe6c7634ad18c26444ea39049fa","name":"Reda\u00e7\u00e3o","image":{"@type":"ImageObject","inLanguage":"pt-PT","@id":"https:\/\/brasilnoticias.org\/site\/#\/schema\/person\/image\/","url":"https:\/\/secure.gravatar.com\/avatar\/9ecaf7327a696cb23ad926fedded5f1f04d7049de9e445375d55b48c001a6e42?s=96&d=mm&r=g","contentUrl":"https:\/\/secure.gravatar.com\/avatar\/9ecaf7327a696cb23ad926fedded5f1f04d7049de9e445375d55b48c001a6e42?s=96&d=mm&r=g","caption":"Reda\u00e7\u00e3o"},"url":"https:\/\/brasilnoticias.org\/site\/author\/henrique\/"}]}},"_links":{"self":[{"href":"https:\/\/brasilnoticias.org\/site\/wp-json\/wp\/v2\/posts\/10833","targetHints":{"allow":["GET"]}}],"collection":[{"href":"https:\/\/brasilnoticias.org\/site\/wp-json\/wp\/v2\/posts"}],"about":[{"href":"https:\/\/brasilnoticias.org\/site\/wp-json\/wp\/v2\/types\/post"}],"author":[{"embeddable":true,"href":"https:\/\/brasilnoticias.org\/site\/wp-json\/wp\/v2\/users\/4"}],"replies":[{"embeddable":true,"href":"https:\/\/brasilnoticias.org\/site\/wp-json\/wp\/v2\/comments?post=10833"}],"version-history":[{"count":1,"href":"https:\/\/brasilnoticias.org\/site\/wp-json\/wp\/v2\/posts\/10833\/revisions"}],"predecessor-version":[{"id":10835,"href":"https:\/\/brasilnoticias.org\/site\/wp-json\/wp\/v2\/posts\/10833\/revisions\/10835"}],"wp:featuredmedia":[{"embeddable":true,"href":"https:\/\/brasilnoticias.org\/site\/wp-json\/wp\/v2\/media\/10834"}],"wp:attachment":[{"href":"https:\/\/brasilnoticias.org\/site\/wp-json\/wp\/v2\/media?parent=10833"}],"wp:term":[{"taxonomy":"category","embeddable":true,"href":"https:\/\/brasilnoticias.org\/site\/wp-json\/wp\/v2\/categories?post=10833"},{"taxonomy":"post_tag","embeddable":true,"href":"https:\/\/brasilnoticias.org\/site\/wp-json\/wp\/v2\/tags?post=10833"}],"curies":[{"name":"wp","href":"https:\/\/api.w.org\/{rel}","templated":true}]}}