{"id":10836,"date":"2023-11-11T18:01:15","date_gmt":"2023-11-11T21:01:15","guid":{"rendered":"https:\/\/brasilnoticias.org\/site\/?p=10836"},"modified":"2023-11-11T18:01:15","modified_gmt":"2023-11-11T21:01:15","slug":"prova-do-enem-e-eventos-alteram-o-transito-da-capital-baiana-confira-detalhes","status":"publish","type":"post","link":"https:\/\/brasilnoticias.org\/site\/prova-do-enem-e-eventos-alteram-o-transito-da-capital-baiana-confira-detalhes\/","title":{"rendered":"Prova do Enem e eventos alteram o tr\u00e2nsito da capital baiana; confira detalhes"},"content":{"rendered":"<p>Os eventos variam desde o exame nacional do ensino m\u00e9dio at\u00e9 festas de rua<\/p>\n<p>Neste final de semana, o tr\u00e2nsito da capital baiana sofrer\u00e1 algumas altera\u00e7\u00f5es na Orla e em bairros como Candeal e Horto Florestal. A informa\u00e7\u00e3o \u00e9 da Superitend\u00eancia de Tr\u00e2nsito de Salvador (Transalvador), que detalhou o evento e quais ruas ficar\u00e3o interditadas.<\/p>\n<p>Vale ressaltar, ainda conforme a autarquia, que, por conta da realiza\u00e7\u00e3o do Exame Nacional do Ensino M\u00e9dio (Enem), o projeto Ruas de Lazer, que interdita a AV. Magalh\u00e3es Neto para recrea\u00e7\u00e3o, ser\u00e1 suspenso neste domingo (12). Confira detalhes abaixo:<\/p>\n<p>CANDYALL E TAL \u2013 5\u00ba FESTIVAL DE ARTE URBANA \u2013 s\u00e1bado (11) e domingo (12)<\/p>\n<p>Para a realiza\u00e7\u00e3o do evento Candyall e Tal \u2013 5\u00ba Festival de Arte Urbana, que acontece neste s\u00e1bado (11) e domingo (12), no bairro Candeal, o tr\u00e1fego de ve\u00edculos sofrer\u00e1 altera\u00e7\u00e3o no bairro do Candeal. Nestes dias, das 16h \u00e0s 22h, o tr\u00e2nsito ser\u00e1 interditado nas seguintes vias: Rua Paulo Afonso, Rua 9 de Outubro e 2\u00aa Trav. 18 de Agosto.<\/p>\n<p>Tamb\u00e9m haver\u00e1 controle do tr\u00e1fego de ve\u00edculos, aux\u00edlio na travessia de pedestre e fiscaliza\u00e7\u00e3o de tr\u00e2nsito para coibir a incid\u00eancia de parada e estacionamento irregular, das 16h \u00e0s 22h, nas seguintes vias: Rua Leonor Calmon, Rua Guilhermino Freitas Jatob\u00e1, Rua 9 de Outubro.<\/p>\n<p>Barreiras M\u00f3veis (BM) ser\u00e3o instaladas, das 16h \u00e0s 22h, nos seguintes locais:<\/p>\n<p>BM 01 \u2013 Rua Leonor Calmon \/ Rua Guilhermino Freitas Jatob\u00e1;<br \/>\nBM 02 \u2013 2\u00ba Trav. 18 de Agosto \/ Rua Sol Nascente;<br \/>\nBM 03 \u2013 Alameda Monte Carmelo \/ Alameda Bons Ares.<\/p>\n<p>O acesso aos residentes e\/ou domiciliados na via interditada ser\u00e1 liberado mediante comprova\u00e7\u00e3o de endere\u00e7o.<\/p>\n<p>NIGHT RUN \u2013 s\u00e1bado (11)<\/p>\n<p>Por conta da realiza\u00e7\u00e3o da Night Run, neste s\u00e1bado (11), entre os bairros da Pituba e Piat\u00e3, haver\u00e1 a interdi\u00e7\u00e3o do tr\u00e1fego de ve\u00edculos, das 18h \u00e0s 22h, nas seguintes vias: Av. Oct\u00e1vio Mangabeira (sentido Itapu\u00e3, no trecho compreendido entre a Rua Paran\u00e1 e o retorno do Mc Donald- Costa Azul, e sentido Pituba, no trecho compreendido entre o acesso a Av. Simon Bol\u00edvar e o Rei do Pir\u00e3o); Av. Oct\u00e1vio Mangabeira (sentido Itapu\u00e3, no trecho compreendido entre o Jardim de Alah e o retorno antes do SESC Piat\u00e3), Via C\u00e9lia Fontenelle.<\/p>\n<p>Haver\u00e1 instala\u00e7\u00e3o de Barreiras M\u00f3veis (BM) a partir das 18h, nos seguintes locais:<\/p>\n<p>BM 01 \u2013 Av. Oct\u00e1vio Mangabeira \/ Rua Paran\u00e1;<br \/>\nBM 02 \u2013 Av. Oct\u00e1vio Mangabeira \/ Retorno do Mc Donald;<br \/>\nBM 03 \u2013 Av. Simon Bol\u00edvar (retorno) \/ Av. Oct\u00e1vio Mangabeira;<br \/>\nBM 04 \u2013 Av. Oct\u00e1vio Mangabeira \/ Retorno do Col\u00e9gio IMEJA;<br \/>\nBM 05 \u2013 Av. Oct\u00e1vio Mangabeira \/ Retorno da 3\u00aa ponte;<br \/>\nBM 06 \u2013 Av. Prof. Pinto de Aguiar \/ Rua Ibirapitanga;<br \/>\nBM 07 \u2013 Av. Oct\u00e1vio Mangabeira \/ Posto de Combust\u00edveis Menor Pre\u00e7o \u2013 Patamares;<\/p>\n<p>Das 18h \u00e0s 22h, os desvios do tr\u00e1fego de ve\u00edculos ocorrer\u00e3o da seguinte forma:<\/p>\n<p>Na Av. Oct\u00e1vio Mangabeira para a Rua Paran\u00e1, na Av. Simon Bol\u00edvar (sentido Orla, no retorno pr\u00f3ximo a Arena Campo do Mar\u00e3o) para Av. Tancredo Neves, na Av. Oct\u00e1vio Mangabeira (sentido Pituba) para a Av. Simon Bol\u00edvar (em frente a Churrascaria Boi Preto Prime), na Av. Prof. Pinto de Aguiar (em frente \u00e0 Paris Delicatessen) para Av. Ibirapitanga.<\/p>\n<p>Os ve\u00edculos que trafegam no sentido Itapu\u00e3, das 18h \u00e0s 22h, ter\u00e3o como op\u00e7\u00e3o de tr\u00e1fego as seguintes vias: retorno em frente ao Mc Donald, Rua Arthur de Azevedo Machado \/ Costa Azul, Rua Ed\u00edstio Pond\u00e9, Av. Tancredo Neves, Av. Luis Viana Filho, Av. Orlando Gomes, Av. Oct\u00e1vio Mangabeira.<\/p>\n<p>MEIA MARATONA PRF \u2013 DOMINGO (12\/11)<\/p>\n<p>Devido a Meia Maratona PRF, neste domingo (12), o tr\u00e1fego de ve\u00edculos ser\u00e1 interditado entre os bairros da Barra e Pituba. A interdi\u00e7\u00e3o acontece das 05h \u00e0s 8h30 nas seguintes vias: Largo do Farol da Barra, Av. Oce\u00e2nica (trecho compreendido entre o Largo do Farol da Barra at\u00e9 a Curva da Paci\u00eancia), conforme a seguir:<\/p>\n<p>a) Sentido Barra, na faixa \u00e0 direita, (no trecho compreendido entre o Largo do Camar\u00e3o e a Rua Jos\u00e9 S\u00e1tiro de Oliveira);<br \/>\nb) Sentido Itapu\u00e3. na faixa \u00e0 direita, (no trecho compreendido entre a Rua Morro do Escrava Miguel e Avenida Milton Santos);<br \/>\nc) Sentido Barra, (no trecho compreendido entre a Rua Eurycles de Matos e a Travessa Bartholomeu de Gusm\u00e3o);<br \/>\nd) Sentido Barra, (no trecho compreendido entre a Rua Artur Neiva e a Rua Carlos Chiacchio);<\/p>\n<p>Haver\u00e1 tamb\u00e9m desvio do tr\u00e1fego de ve\u00edculos, das 05h \u00e0s 08h30, da Av. Sete de Setembro para a Rua Afonso Celso.<\/p>\n<p>Das 05h \u00e0s 08h30 ocorre interdi\u00e7\u00e3o do tr\u00e2nsito nas seguintes vias: Rua da Paci\u00eancia (faixa dupla \u00e0 direita, sentido Itapu\u00e3, no trecho compreendido entre a Rua Eurycles de Mattos e o Larga de Santana), Rua Guedes Cabral, Rua Borges dos Reis e Pra\u00e7a Colombo (at\u00e9 o Largo da Mariquita).<\/p>\n<p>Os ve\u00edculos que trafegam pelos trechos interditados especificados acima ter\u00e3o como op\u00e7\u00e3o de tr\u00e1fego:<\/p>\n<p>a) Sentido Ria Vermelho \/ Barra: Rua Eurycles de Matos, Av. Anita Garibaldi, Av. Milton Santos, Rua N, Rua Professor Sabino Silva;<br \/>\nb) Sentido Ladeira da Barra \/ Ondina: Av. Sete de Setembro, Rua Afonso Celso, Rua Marqu\u00eas de Caravelas, Rua Miguel Burnier, Largo do Chame \u2013 Chame, Av. Centen\u00e1rio;<br \/>\nc) Provenientes da Av. Cardeal da Silva com destino ao Rio Vermelho: Travessa Prudente de Moraes, Rua da Paci\u00eancia (sentido Ondina), Rua Eurycles de Mattos, Av. Anita Garibaldi;<\/p>\n<p>Tamb\u00e9m das 05h \u00e0s 8h30, o tr\u00e2nsito ser\u00e1 desviado no Largo da Mariquita, sentido Itapu\u00e3, para \u00e0 Rua do Meio.<\/p>\n<p>Haver\u00e1 interdi\u00e7\u00e3o do tr\u00e1fego de ve\u00edculos, das 05h \u00e0s 8h30, na faixa \u00e0 direita das seguintes vias: Rua Marqu\u00eas de Monte Santo, Pra\u00e7a dos Jangadeiros, Av. Amaralina, Largo da Amaralina, Av. Oct\u00e1vio Mangabeira (at\u00e9 o Jardim de Alah);<\/p>\n<p>Barreiras Fixas (BF) ser\u00e3o instaladas a partir das 04h da seguinte forma:<\/p>\n<p>BF 01 \u2013 Av. Oce\u00e2nica \/ Rua Jose S\u00e1tiro de Oliveira (sa\u00edda):<br \/>\nBF 02-Av. Oce\u00e2nica \/ Acesso ao Largo do Camar\u00e3o;<br \/>\nBF 03 -Av. Oce\u00e2nica \/ Via Principal para a Marginal;<br \/>\nBF 04-AvV. Oce\u00e2nica \/ Via Marginal para a Principal;<br \/>\nBF 05 \u2013 Av. Oce\u00e2nica Rua Vila Matos.<\/p>\n<p>Barreiras M\u00f3veis (BM) ser\u00e3o instaladas a partir das 05h da seguinte forma:<\/p>\n<p>BM 01 \u2013 Av. Centen\u00e1rio \/ \u00daItimo retorno;<br \/>\nBM 02 \u2013 Rua Airosa Galv\u00e3o \/ Rua Miguel Burnier;<br \/>\nBM 03 \u2013 Rua Jose S\u00e1tiro de Oliveira \/ Av. Oce\u00e2nica;<br \/>\nBM 04 \u2013 Av. Oce\u00e2nica \/ Rua Moro da Escravo Miguel;<br \/>\nBM 05 \u2013 Av. Milton Santos \/ Av. Oce\u00e2nica:<br \/>\nBM 06 \u2013 Av. Oce\u00e2nica \/ Curva da Paci\u00eancia;<br \/>\nBM 07- Rua da Paci\u00eancia \/ Tv. Prudente de Moraes;<br \/>\nBM 08 \u2013 Largo da Mariquita \/ Rua Odilon Santos \/ Rua do Meio;<br \/>\nBM 09 \u2013 Rua Fonte do Boi;<br \/>\nBM 10 \u2013 Rua do Barro Vermelho;<br \/>\nBM 11 \u2013 Rua do Balne\u00e1rio \u2013 Amaralina.<\/p>\n<p>CORRIDA DO PEPE \u2013 DOMINGO (12\/11)<\/p>\n<p>Em virtude da Corrida do Pepe, neste domingo (12), no bairro Horto Florestal, haver\u00e1 a interdi\u00e7\u00e3o do tr\u00e1fego de ve\u00edculos, das 06h \u00e0s 08h, em uma faixa de tr\u00e1fego, das seguintes vias: Av. Santa Luzia (sa\u00edda do Almacen Pepe), Alameda dos Ip\u00eas, Av. Juracy Magalh\u00e3es Jr, Av. Santa Luzia, Rua Waldemar Falc\u00e3o, Rua Gon\u00e7alo Porto de Souza, Av. Vasco da Gama (contrafluxo), Rua Lucaia (contrafluxo), Av. Juracy Magalh\u00e3es Jr, Alameda dos Ip\u00eas (retorno), Av. Juracy Magalh\u00e3es Jr, Av. Santa Luzia (chegada no Almacen Pepe).<\/p>\n<p>PROJETO RUAS DE LAZER \u2013 DOMINGO (12\/11)<\/p>\n<p>Devido \u00e0 realiza\u00e7\u00e3o do ENEM, neste domingo (12), haver\u00e1 a suspens\u00e3o do Projeto Ruas de Lazer que acontece na Avenida Magalh\u00e3es Neto. O Projeto retoma na pr\u00f3xima semana. A medida \u00e9 necess\u00e1ria para a garantir o acesso dos alunos aos locais de prova.<\/p>\n<p>Foto: Redes Sociais<br \/>\nAratu On<\/p>\n","protected":false},"excerpt":{"rendered":"<p>Os eventos variam desde o exame nacional do ensino m\u00e9dio at\u00e9 festas de rua Neste final de semana, o tr\u00e2nsito<\/p>\n","protected":false},"author":4,"featured_media":10837,"comment_status":"open","ping_status":"open","sticky":false,"template":"","format":"standard","meta":{"colormag_page_container_layout":"default_layout","colormag_page_sidebar_layout":"default_layout","_FSMCFIC_featured_image_caption":"","_FSMCFIC_featured_image_nocaption":"","_FSMCFIC_featured_image_hide":"","footnotes":""},"categories":[2,1],"tags":[],"class_list":["post-10836","post","type-post","status-publish","format-standard","has-post-thumbnail","hentry","category-noticias","category-ultimas"],"yoast_head":"<!-- This site is optimized with the Yoast SEO plugin v27.1.1 - https:\/\/yoast.com\/product\/yoast-seo-wordpress\/ -->\n<title>Prova do Enem e eventos alteram o tr\u00e2nsito da capital baiana; confira detalhes - Brasil not\u00edcias<\/title>\n<meta name=\"robots\" content=\"index, follow, max-snippet:-1, max-image-preview:large, max-video-preview:-1\" \/>\n<link rel=\"canonical\" href=\"https:\/\/brasilnoticias.org\/site\/prova-do-enem-e-eventos-alteram-o-transito-da-capital-baiana-confira-detalhes\/\" \/>\n<meta property=\"og:locale\" content=\"pt_PT\" \/>\n<meta property=\"og:type\" content=\"article\" \/>\n<meta property=\"og:title\" content=\"Prova do Enem e eventos alteram o tr\u00e2nsito da capital baiana; confira detalhes - Brasil not\u00edcias\" \/>\n<meta property=\"og:description\" content=\"Os eventos variam desde o exame nacional do ensino m\u00e9dio at\u00e9 festas de rua Neste final de semana, o tr\u00e2nsito\" \/>\n<meta property=\"og:url\" content=\"https:\/\/brasilnoticias.org\/site\/prova-do-enem-e-eventos-alteram-o-transito-da-capital-baiana-confira-detalhes\/\" \/>\n<meta property=\"og:site_name\" content=\"Brasil not\u00edcias\" \/>\n<meta property=\"article:published_time\" content=\"2023-11-11T21:01:15+00:00\" \/>\n<meta property=\"og:image\" content=\"https:\/\/brasilnoticias.org\/site\/wp-content\/uploads\/2023\/11\/transito-entorno-rodoviaria.jpg\" \/>\n\t<meta property=\"og:image:width\" content=\"740\" \/>\n\t<meta property=\"og:image:height\" content=\"470\" \/>\n\t<meta property=\"og:image:type\" content=\"image\/jpeg\" \/>\n<meta name=\"author\" content=\"Reda\u00e7\u00e3o\" \/>\n<meta name=\"twitter:card\" content=\"summary_large_image\" \/>\n<meta name=\"twitter:label1\" content=\"Escrito por\" \/>\n\t<meta name=\"twitter:data1\" content=\"Reda\u00e7\u00e3o\" \/>\n<script type=\"application\/ld+json\" class=\"yoast-schema-graph\">{\"@context\":\"https:\/\/schema.org\",\"@graph\":[{\"@type\":\"Article\",\"@id\":\"https:\/\/brasilnoticias.org\/site\/prova-do-enem-e-eventos-alteram-o-transito-da-capital-baiana-confira-detalhes\/#article\",\"isPartOf\":{\"@id\":\"https:\/\/brasilnoticias.org\/site\/prova-do-enem-e-eventos-alteram-o-transito-da-capital-baiana-confira-detalhes\/\"},\"author\":{\"name\":\"Reda\u00e7\u00e3o\",\"@id\":\"https:\/\/brasilnoticias.org\/site\/#\/schema\/person\/03bbbfe6c7634ad18c26444ea39049fa\"},\"headline\":\"Prova do Enem e eventos alteram o tr\u00e2nsito da capital baiana; confira detalhes\",\"datePublished\":\"2023-11-11T21:01:15+00:00\",\"mainEntityOfPage\":{\"@id\":\"https:\/\/brasilnoticias.org\/site\/prova-do-enem-e-eventos-alteram-o-transito-da-capital-baiana-confira-detalhes\/\"},\"wordCount\":1299,\"commentCount\":0,\"publisher\":{\"@id\":\"https:\/\/brasilnoticias.org\/site\/#organization\"},\"image\":{\"@id\":\"https:\/\/brasilnoticias.org\/site\/prova-do-enem-e-eventos-alteram-o-transito-da-capital-baiana-confira-detalhes\/#primaryimage\"},\"thumbnailUrl\":\"https:\/\/brasilnoticias.org\/site\/wp-content\/uploads\/2023\/11\/transito-entorno-rodoviaria.jpg\",\"articleSection\":[\"Not\u00edcias\",\"\u00daltimas\"],\"inLanguage\":\"pt-PT\",\"potentialAction\":[{\"@type\":\"CommentAction\",\"name\":\"Comment\",\"target\":[\"https:\/\/brasilnoticias.org\/site\/prova-do-enem-e-eventos-alteram-o-transito-da-capital-baiana-confira-detalhes\/#respond\"]}]},{\"@type\":\"WebPage\",\"@id\":\"https:\/\/brasilnoticias.org\/site\/prova-do-enem-e-eventos-alteram-o-transito-da-capital-baiana-confira-detalhes\/\",\"url\":\"https:\/\/brasilnoticias.org\/site\/prova-do-enem-e-eventos-alteram-o-transito-da-capital-baiana-confira-detalhes\/\",\"name\":\"Prova do Enem e eventos alteram o tr\u00e2nsito da capital baiana; confira detalhes - Brasil not\u00edcias\",\"isPartOf\":{\"@id\":\"https:\/\/brasilnoticias.org\/site\/#website\"},\"primaryImageOfPage\":{\"@id\":\"https:\/\/brasilnoticias.org\/site\/prova-do-enem-e-eventos-alteram-o-transito-da-capital-baiana-confira-detalhes\/#primaryimage\"},\"image\":{\"@id\":\"https:\/\/brasilnoticias.org\/site\/prova-do-enem-e-eventos-alteram-o-transito-da-capital-baiana-confira-detalhes\/#primaryimage\"},\"thumbnailUrl\":\"https:\/\/brasilnoticias.org\/site\/wp-content\/uploads\/2023\/11\/transito-entorno-rodoviaria.jpg\",\"datePublished\":\"2023-11-11T21:01:15+00:00\",\"breadcrumb\":{\"@id\":\"https:\/\/brasilnoticias.org\/site\/prova-do-enem-e-eventos-alteram-o-transito-da-capital-baiana-confira-detalhes\/#breadcrumb\"},\"inLanguage\":\"pt-PT\",\"potentialAction\":[{\"@type\":\"ReadAction\",\"target\":[\"https:\/\/brasilnoticias.org\/site\/prova-do-enem-e-eventos-alteram-o-transito-da-capital-baiana-confira-detalhes\/\"]}]},{\"@type\":\"ImageObject\",\"inLanguage\":\"pt-PT\",\"@id\":\"https:\/\/brasilnoticias.org\/site\/prova-do-enem-e-eventos-alteram-o-transito-da-capital-baiana-confira-detalhes\/#primaryimage\",\"url\":\"https:\/\/brasilnoticias.org\/site\/wp-content\/uploads\/2023\/11\/transito-entorno-rodoviaria.jpg\",\"contentUrl\":\"https:\/\/brasilnoticias.org\/site\/wp-content\/uploads\/2023\/11\/transito-entorno-rodoviaria.jpg\",\"width\":740,\"height\":470},{\"@type\":\"BreadcrumbList\",\"@id\":\"https:\/\/brasilnoticias.org\/site\/prova-do-enem-e-eventos-alteram-o-transito-da-capital-baiana-confira-detalhes\/#breadcrumb\",\"itemListElement\":[{\"@type\":\"ListItem\",\"position\":1,\"name\":\"In\u00edcio\",\"item\":\"https:\/\/brasilnoticias.org\/site\/\"},{\"@type\":\"ListItem\",\"position\":2,\"name\":\"Prova do Enem e eventos alteram o tr\u00e2nsito da capital baiana; confira detalhes\"}]},{\"@type\":\"WebSite\",\"@id\":\"https:\/\/brasilnoticias.org\/site\/#website\",\"url\":\"https:\/\/brasilnoticias.org\/site\/\",\"name\":\"Brasil not\u00edcias\",\"description\":\"Brasil not\u00edcias\",\"publisher\":{\"@id\":\"https:\/\/brasilnoticias.org\/site\/#organization\"},\"potentialAction\":[{\"@type\":\"SearchAction\",\"target\":{\"@type\":\"EntryPoint\",\"urlTemplate\":\"https:\/\/brasilnoticias.org\/site\/?s={search_term_string}\"},\"query-input\":{\"@type\":\"PropertyValueSpecification\",\"valueRequired\":true,\"valueName\":\"search_term_string\"}}],\"inLanguage\":\"pt-PT\"},{\"@type\":\"Organization\",\"@id\":\"https:\/\/brasilnoticias.org\/site\/#organization\",\"name\":\"Brasil not\u00edcias\",\"url\":\"https:\/\/brasilnoticias.org\/site\/\",\"logo\":{\"@type\":\"ImageObject\",\"inLanguage\":\"pt-PT\",\"@id\":\"https:\/\/brasilnoticias.org\/site\/#\/schema\/logo\/image\/\",\"url\":\"https:\/\/brasilnoticias.org\/site\/wp-content\/uploads\/2022\/05\/cropped-brasilnoticias-mini.jpg\",\"contentUrl\":\"https:\/\/brasilnoticias.org\/site\/wp-content\/uploads\/2022\/05\/cropped-brasilnoticias-mini.jpg\",\"width\":314,\"height\":86,\"caption\":\"Brasil not\u00edcias\"},\"image\":{\"@id\":\"https:\/\/brasilnoticias.org\/site\/#\/schema\/logo\/image\/\"}},{\"@type\":\"Person\",\"@id\":\"https:\/\/brasilnoticias.org\/site\/#\/schema\/person\/03bbbfe6c7634ad18c26444ea39049fa\",\"name\":\"Reda\u00e7\u00e3o\",\"image\":{\"@type\":\"ImageObject\",\"inLanguage\":\"pt-PT\",\"@id\":\"https:\/\/brasilnoticias.org\/site\/#\/schema\/person\/image\/\",\"url\":\"https:\/\/secure.gravatar.com\/avatar\/9ecaf7327a696cb23ad926fedded5f1f04d7049de9e445375d55b48c001a6e42?s=96&d=mm&r=g\",\"contentUrl\":\"https:\/\/secure.gravatar.com\/avatar\/9ecaf7327a696cb23ad926fedded5f1f04d7049de9e445375d55b48c001a6e42?s=96&d=mm&r=g\",\"caption\":\"Reda\u00e7\u00e3o\"},\"url\":\"https:\/\/brasilnoticias.org\/site\/author\/henrique\/\"}]}<\/script>\n<!-- \/ Yoast SEO plugin. -->","yoast_head_json":{"title":"Prova do Enem e eventos alteram o tr\u00e2nsito da capital baiana; confira detalhes - Brasil not\u00edcias","robots":{"index":"index","follow":"follow","max-snippet":"max-snippet:-1","max-image-preview":"max-image-preview:large","max-video-preview":"max-video-preview:-1"},"canonical":"https:\/\/brasilnoticias.org\/site\/prova-do-enem-e-eventos-alteram-o-transito-da-capital-baiana-confira-detalhes\/","og_locale":"pt_PT","og_type":"article","og_title":"Prova do Enem e eventos alteram o tr\u00e2nsito da capital baiana; confira detalhes - Brasil not\u00edcias","og_description":"Os eventos variam desde o exame nacional do ensino m\u00e9dio at\u00e9 festas de rua Neste final de semana, o tr\u00e2nsito","og_url":"https:\/\/brasilnoticias.org\/site\/prova-do-enem-e-eventos-alteram-o-transito-da-capital-baiana-confira-detalhes\/","og_site_name":"Brasil not\u00edcias","article_published_time":"2023-11-11T21:01:15+00:00","og_image":[{"width":740,"height":470,"url":"https:\/\/brasilnoticias.org\/site\/wp-content\/uploads\/2023\/11\/transito-entorno-rodoviaria.jpg","type":"image\/jpeg"}],"author":"Reda\u00e7\u00e3o","twitter_card":"summary_large_image","twitter_misc":{"Escrito por":"Reda\u00e7\u00e3o"},"schema":{"@context":"https:\/\/schema.org","@graph":[{"@type":"Article","@id":"https:\/\/brasilnoticias.org\/site\/prova-do-enem-e-eventos-alteram-o-transito-da-capital-baiana-confira-detalhes\/#article","isPartOf":{"@id":"https:\/\/brasilnoticias.org\/site\/prova-do-enem-e-eventos-alteram-o-transito-da-capital-baiana-confira-detalhes\/"},"author":{"name":"Reda\u00e7\u00e3o","@id":"https:\/\/brasilnoticias.org\/site\/#\/schema\/person\/03bbbfe6c7634ad18c26444ea39049fa"},"headline":"Prova do Enem e eventos alteram o tr\u00e2nsito da capital baiana; confira detalhes","datePublished":"2023-11-11T21:01:15+00:00","mainEntityOfPage":{"@id":"https:\/\/brasilnoticias.org\/site\/prova-do-enem-e-eventos-alteram-o-transito-da-capital-baiana-confira-detalhes\/"},"wordCount":1299,"commentCount":0,"publisher":{"@id":"https:\/\/brasilnoticias.org\/site\/#organization"},"image":{"@id":"https:\/\/brasilnoticias.org\/site\/prova-do-enem-e-eventos-alteram-o-transito-da-capital-baiana-confira-detalhes\/#primaryimage"},"thumbnailUrl":"https:\/\/brasilnoticias.org\/site\/wp-content\/uploads\/2023\/11\/transito-entorno-rodoviaria.jpg","articleSection":["Not\u00edcias","\u00daltimas"],"inLanguage":"pt-PT","potentialAction":[{"@type":"CommentAction","name":"Comment","target":["https:\/\/brasilnoticias.org\/site\/prova-do-enem-e-eventos-alteram-o-transito-da-capital-baiana-confira-detalhes\/#respond"]}]},{"@type":"WebPage","@id":"https:\/\/brasilnoticias.org\/site\/prova-do-enem-e-eventos-alteram-o-transito-da-capital-baiana-confira-detalhes\/","url":"https:\/\/brasilnoticias.org\/site\/prova-do-enem-e-eventos-alteram-o-transito-da-capital-baiana-confira-detalhes\/","name":"Prova do Enem e eventos alteram o tr\u00e2nsito da capital baiana; confira detalhes - Brasil not\u00edcias","isPartOf":{"@id":"https:\/\/brasilnoticias.org\/site\/#website"},"primaryImageOfPage":{"@id":"https:\/\/brasilnoticias.org\/site\/prova-do-enem-e-eventos-alteram-o-transito-da-capital-baiana-confira-detalhes\/#primaryimage"},"image":{"@id":"https:\/\/brasilnoticias.org\/site\/prova-do-enem-e-eventos-alteram-o-transito-da-capital-baiana-confira-detalhes\/#primaryimage"},"thumbnailUrl":"https:\/\/brasilnoticias.org\/site\/wp-content\/uploads\/2023\/11\/transito-entorno-rodoviaria.jpg","datePublished":"2023-11-11T21:01:15+00:00","breadcrumb":{"@id":"https:\/\/brasilnoticias.org\/site\/prova-do-enem-e-eventos-alteram-o-transito-da-capital-baiana-confira-detalhes\/#breadcrumb"},"inLanguage":"pt-PT","potentialAction":[{"@type":"ReadAction","target":["https:\/\/brasilnoticias.org\/site\/prova-do-enem-e-eventos-alteram-o-transito-da-capital-baiana-confira-detalhes\/"]}]},{"@type":"ImageObject","inLanguage":"pt-PT","@id":"https:\/\/brasilnoticias.org\/site\/prova-do-enem-e-eventos-alteram-o-transito-da-capital-baiana-confira-detalhes\/#primaryimage","url":"https:\/\/brasilnoticias.org\/site\/wp-content\/uploads\/2023\/11\/transito-entorno-rodoviaria.jpg","contentUrl":"https:\/\/brasilnoticias.org\/site\/wp-content\/uploads\/2023\/11\/transito-entorno-rodoviaria.jpg","width":740,"height":470},{"@type":"BreadcrumbList","@id":"https:\/\/brasilnoticias.org\/site\/prova-do-enem-e-eventos-alteram-o-transito-da-capital-baiana-confira-detalhes\/#breadcrumb","itemListElement":[{"@type":"ListItem","position":1,"name":"In\u00edcio","item":"https:\/\/brasilnoticias.org\/site\/"},{"@type":"ListItem","position":2,"name":"Prova do Enem e eventos alteram o tr\u00e2nsito da capital baiana; confira detalhes"}]},{"@type":"WebSite","@id":"https:\/\/brasilnoticias.org\/site\/#website","url":"https:\/\/brasilnoticias.org\/site\/","name":"Brasil not\u00edcias","description":"Brasil not\u00edcias","publisher":{"@id":"https:\/\/brasilnoticias.org\/site\/#organization"},"potentialAction":[{"@type":"SearchAction","target":{"@type":"EntryPoint","urlTemplate":"https:\/\/brasilnoticias.org\/site\/?s={search_term_string}"},"query-input":{"@type":"PropertyValueSpecification","valueRequired":true,"valueName":"search_term_string"}}],"inLanguage":"pt-PT"},{"@type":"Organization","@id":"https:\/\/brasilnoticias.org\/site\/#organization","name":"Brasil not\u00edcias","url":"https:\/\/brasilnoticias.org\/site\/","logo":{"@type":"ImageObject","inLanguage":"pt-PT","@id":"https:\/\/brasilnoticias.org\/site\/#\/schema\/logo\/image\/","url":"https:\/\/brasilnoticias.org\/site\/wp-content\/uploads\/2022\/05\/cropped-brasilnoticias-mini.jpg","contentUrl":"https:\/\/brasilnoticias.org\/site\/wp-content\/uploads\/2022\/05\/cropped-brasilnoticias-mini.jpg","width":314,"height":86,"caption":"Brasil not\u00edcias"},"image":{"@id":"https:\/\/brasilnoticias.org\/site\/#\/schema\/logo\/image\/"}},{"@type":"Person","@id":"https:\/\/brasilnoticias.org\/site\/#\/schema\/person\/03bbbfe6c7634ad18c26444ea39049fa","name":"Reda\u00e7\u00e3o","image":{"@type":"ImageObject","inLanguage":"pt-PT","@id":"https:\/\/brasilnoticias.org\/site\/#\/schema\/person\/image\/","url":"https:\/\/secure.gravatar.com\/avatar\/9ecaf7327a696cb23ad926fedded5f1f04d7049de9e445375d55b48c001a6e42?s=96&d=mm&r=g","contentUrl":"https:\/\/secure.gravatar.com\/avatar\/9ecaf7327a696cb23ad926fedded5f1f04d7049de9e445375d55b48c001a6e42?s=96&d=mm&r=g","caption":"Reda\u00e7\u00e3o"},"url":"https:\/\/brasilnoticias.org\/site\/author\/henrique\/"}]}},"_links":{"self":[{"href":"https:\/\/brasilnoticias.org\/site\/wp-json\/wp\/v2\/posts\/10836","targetHints":{"allow":["GET"]}}],"collection":[{"href":"https:\/\/brasilnoticias.org\/site\/wp-json\/wp\/v2\/posts"}],"about":[{"href":"https:\/\/brasilnoticias.org\/site\/wp-json\/wp\/v2\/types\/post"}],"author":[{"embeddable":true,"href":"https:\/\/brasilnoticias.org\/site\/wp-json\/wp\/v2\/users\/4"}],"replies":[{"embeddable":true,"href":"https:\/\/brasilnoticias.org\/site\/wp-json\/wp\/v2\/comments?post=10836"}],"version-history":[{"count":1,"href":"https:\/\/brasilnoticias.org\/site\/wp-json\/wp\/v2\/posts\/10836\/revisions"}],"predecessor-version":[{"id":10838,"href":"https:\/\/brasilnoticias.org\/site\/wp-json\/wp\/v2\/posts\/10836\/revisions\/10838"}],"wp:featuredmedia":[{"embeddable":true,"href":"https:\/\/brasilnoticias.org\/site\/wp-json\/wp\/v2\/media\/10837"}],"wp:attachment":[{"href":"https:\/\/brasilnoticias.org\/site\/wp-json\/wp\/v2\/media?parent=10836"}],"wp:term":[{"taxonomy":"category","embeddable":true,"href":"https:\/\/brasilnoticias.org\/site\/wp-json\/wp\/v2\/categories?post=10836"},{"taxonomy":"post_tag","embeddable":true,"href":"https:\/\/brasilnoticias.org\/site\/wp-json\/wp\/v2\/tags?post=10836"}],"curies":[{"name":"wp","href":"https:\/\/api.w.org\/{rel}","templated":true}]}}