{"id":10839,"date":"2023-11-11T18:02:39","date_gmt":"2023-11-11T21:02:39","guid":{"rendered":"https:\/\/brasilnoticias.org\/site\/?p=10839"},"modified":"2023-11-11T18:02:39","modified_gmt":"2023-11-11T21:02:39","slug":"falsa-pediatra-e-presa-em-vitoria-da-conquista-ela-forjou-o-propria-certidao-de-obito-e-assumiu-outra-identidade","status":"publish","type":"post","link":"https:\/\/brasilnoticias.org\/site\/falsa-pediatra-e-presa-em-vitoria-da-conquista-ela-forjou-o-propria-certidao-de-obito-e-assumiu-outra-identidade\/","title":{"rendered":"Falsa pediatra \u00e9 presa em Vit\u00f3ria da Conquista; ela forjou o pr\u00f3pria certid\u00e3o de \u00f3bito e assumiu outra identidade"},"content":{"rendered":"<p>Segundo a Pol\u00edcia Civil, ela, que \u00e9 enfermeira, atendia cerca de 200 crian\u00e7as por m\u00eas em uma cl\u00ednica que fica dentro de um shopping da cidade<\/p>\n<p>Uma mulher que fingia ser pediatra e trabalhava em uma cl\u00ednica em Vit\u00f3ria da Conquista, no sudoeste da Bahia, foi presa em flagrante nesta sexta-feira (10\/11) por equipes da Delegacia de Repress\u00e3o a Furtos e Roubos (DRFR). Segundo a Pol\u00edcia Civil, ela, que \u00e9 enfermeira, atendia cerca de 200 crian\u00e7as por m\u00eas em uma cl\u00ednica que fica dentro de um shopping da cidade. Em agosto, a falsa m\u00e9dica, identificada como Leiliana Cerqueira Vidal, chegou a ser presa pelo mesmo crime no munic\u00edpio de Tanha\u00e7u, a 128 km de Vit\u00f3ria da Conquista.<\/p>\n<p>De acordo com a pol\u00edcia, o flagrante aconteceu ap\u00f3s uma den\u00fancia do Conselho Regional de Medicina (Cremeb). \u201cApuramos que a mulher falsificou o diploma, um RG e a carteira do CREMEB de uma m\u00e9dica, que era devidamente cadastrada e qualificada para exercer a profiss\u00e3o, e passou a solicitar contratos em diversos hospitais e cl\u00ednicas de Conquista\u201d, explicou o titular da unidade especializada, delegado Odilson Pereira Silva.<\/p>\n<p>Dois celulares, notebook, carimbo profissional, estetosc\u00f3pio, receitu\u00e1rio, carteira do Cremeb falsificada e um RG falso foram apreendidos no consult\u00f3rio. No momento da pris\u00e3o, ela estava atendendo uma paciente. \u201cA falsa m\u00e9dica, que na realidade \u00e9 enfermeira formada na cidade de Jequi\u00e9, atendia aproximadamente 200 crian\u00e7as por m\u00eas\u201d, destacou o delegado.<\/p>\n<p>A mulher passou por exame de les\u00e3o corporal e foi encaminhada para o Conjunto Penal de Vit\u00f3ria da Conquista, onde ficar\u00e1 \u00e0 disposi\u00e7\u00e3o da Justi\u00e7a. Ela foi autuada pelos crimes de estelionato, falsidade de documento p\u00fablico e falsa identidade.<\/p>\n<p>CERTID\u00c3O DE \u00d3BITO<\/p>\n<p>Al\u00e9m de se apropriar do registro m\u00e9dico de outra profissional, Leiliana tamb\u00e9m teria forjado o pr\u00f3prio atestado de \u00f3bito. Ao g1, o delegado Odilson Pereira disse que o documento ser\u00e1 verificado nesta segunda-feira (13) e que, caso tenha sido registrada a morte da suspeita, a Pol\u00edcia Civil vai solicitar que a certid\u00e3o seja anulada.<\/p>\n<p>O atestado informa que Leiliana morreu em 8 de setembro de 2023, \u00e0s 19h03, v\u00edtima de um \u201cAVC hemorr\u00e1gico, hipertensial arterial e parestesia total\u201d. O registro foi feito seis dias depois da suposta morte da enfermeira, e consta que ela n\u00e3o deixou bens, nem herdeiros.<\/p>\n<p>Foto: Divulga\u00e7\u00e3o\/Pol\u00edcia Civil<br \/>\nAratu On<\/p>\n","protected":false},"excerpt":{"rendered":"<p>Segundo a Pol\u00edcia Civil, ela, que \u00e9 enfermeira, atendia cerca de 200 crian\u00e7as por m\u00eas em uma cl\u00ednica que fica<\/p>\n","protected":false},"author":4,"featured_media":10840,"comment_status":"open","ping_status":"open","sticky":false,"template":"","format":"standard","meta":{"colormag_page_container_layout":"default_layout","colormag_page_sidebar_layout":"default_layout","_FSMCFIC_featured_image_caption":"","_FSMCFIC_featured_image_nocaption":"","_FSMCFIC_featured_image_hide":"","footnotes":""},"categories":[3,1],"tags":[],"class_list":["post-10839","post","type-post","status-publish","format-standard","has-post-thumbnail","hentry","category-policia","category-ultimas"],"yoast_head":"<!-- This site is optimized with the Yoast SEO plugin v27.1.1 - https:\/\/yoast.com\/product\/yoast-seo-wordpress\/ -->\n<title>Falsa pediatra \u00e9 presa em Vit\u00f3ria da Conquista; ela forjou o pr\u00f3pria certid\u00e3o de \u00f3bito e assumiu outra identidade - Brasil not\u00edcias<\/title>\n<meta name=\"robots\" content=\"index, follow, max-snippet:-1, max-image-preview:large, max-video-preview:-1\" \/>\n<link rel=\"canonical\" href=\"https:\/\/brasilnoticias.org\/site\/falsa-pediatra-e-presa-em-vitoria-da-conquista-ela-forjou-o-propria-certidao-de-obito-e-assumiu-outra-identidade\/\" \/>\n<meta property=\"og:locale\" content=\"pt_PT\" \/>\n<meta property=\"og:type\" content=\"article\" \/>\n<meta property=\"og:title\" content=\"Falsa pediatra \u00e9 presa em Vit\u00f3ria da Conquista; ela forjou o pr\u00f3pria certid\u00e3o de \u00f3bito e assumiu outra identidade - Brasil not\u00edcias\" \/>\n<meta property=\"og:description\" content=\"Segundo a Pol\u00edcia Civil, ela, que \u00e9 enfermeira, atendia cerca de 200 crian\u00e7as por m\u00eas em uma cl\u00ednica que fica\" \/>\n<meta property=\"og:url\" content=\"https:\/\/brasilnoticias.org\/site\/falsa-pediatra-e-presa-em-vitoria-da-conquista-ela-forjou-o-propria-certidao-de-obito-e-assumiu-outra-identidade\/\" \/>\n<meta property=\"og:site_name\" content=\"Brasil not\u00edcias\" \/>\n<meta property=\"article:published_time\" content=\"2023-11-11T21:02:39+00:00\" \/>\n<meta property=\"og:image\" content=\"https:\/\/brasilnoticias.org\/site\/wp-content\/uploads\/2023\/11\/Foto1-740x470-1.jpeg\" \/>\n\t<meta property=\"og:image:width\" content=\"740\" \/>\n\t<meta property=\"og:image:height\" content=\"470\" \/>\n\t<meta property=\"og:image:type\" content=\"image\/jpeg\" \/>\n<meta name=\"author\" content=\"Reda\u00e7\u00e3o\" \/>\n<meta name=\"twitter:card\" content=\"summary_large_image\" \/>\n<meta name=\"twitter:label1\" content=\"Escrito por\" \/>\n\t<meta name=\"twitter:data1\" content=\"Reda\u00e7\u00e3o\" \/>\n<script type=\"application\/ld+json\" class=\"yoast-schema-graph\">{\"@context\":\"https:\/\/schema.org\",\"@graph\":[{\"@type\":\"Article\",\"@id\":\"https:\/\/brasilnoticias.org\/site\/falsa-pediatra-e-presa-em-vitoria-da-conquista-ela-forjou-o-propria-certidao-de-obito-e-assumiu-outra-identidade\/#article\",\"isPartOf\":{\"@id\":\"https:\/\/brasilnoticias.org\/site\/falsa-pediatra-e-presa-em-vitoria-da-conquista-ela-forjou-o-propria-certidao-de-obito-e-assumiu-outra-identidade\/\"},\"author\":{\"name\":\"Reda\u00e7\u00e3o\",\"@id\":\"https:\/\/brasilnoticias.org\/site\/#\/schema\/person\/03bbbfe6c7634ad18c26444ea39049fa\"},\"headline\":\"Falsa pediatra \u00e9 presa em Vit\u00f3ria da Conquista; ela forjou o pr\u00f3pria certid\u00e3o de \u00f3bito e assumiu outra identidade\",\"datePublished\":\"2023-11-11T21:02:39+00:00\",\"mainEntityOfPage\":{\"@id\":\"https:\/\/brasilnoticias.org\/site\/falsa-pediatra-e-presa-em-vitoria-da-conquista-ela-forjou-o-propria-certidao-de-obito-e-assumiu-outra-identidade\/\"},\"wordCount\":434,\"commentCount\":0,\"publisher\":{\"@id\":\"https:\/\/brasilnoticias.org\/site\/#organization\"},\"image\":{\"@id\":\"https:\/\/brasilnoticias.org\/site\/falsa-pediatra-e-presa-em-vitoria-da-conquista-ela-forjou-o-propria-certidao-de-obito-e-assumiu-outra-identidade\/#primaryimage\"},\"thumbnailUrl\":\"https:\/\/brasilnoticias.org\/site\/wp-content\/uploads\/2023\/11\/Foto1-740x470-1.jpeg\",\"articleSection\":[\"Pol\u00edcia\",\"\u00daltimas\"],\"inLanguage\":\"pt-PT\",\"potentialAction\":[{\"@type\":\"CommentAction\",\"name\":\"Comment\",\"target\":[\"https:\/\/brasilnoticias.org\/site\/falsa-pediatra-e-presa-em-vitoria-da-conquista-ela-forjou-o-propria-certidao-de-obito-e-assumiu-outra-identidade\/#respond\"]}]},{\"@type\":\"WebPage\",\"@id\":\"https:\/\/brasilnoticias.org\/site\/falsa-pediatra-e-presa-em-vitoria-da-conquista-ela-forjou-o-propria-certidao-de-obito-e-assumiu-outra-identidade\/\",\"url\":\"https:\/\/brasilnoticias.org\/site\/falsa-pediatra-e-presa-em-vitoria-da-conquista-ela-forjou-o-propria-certidao-de-obito-e-assumiu-outra-identidade\/\",\"name\":\"Falsa pediatra \u00e9 presa em Vit\u00f3ria da Conquista; ela forjou o pr\u00f3pria certid\u00e3o de \u00f3bito e assumiu outra identidade - Brasil not\u00edcias\",\"isPartOf\":{\"@id\":\"https:\/\/brasilnoticias.org\/site\/#website\"},\"primaryImageOfPage\":{\"@id\":\"https:\/\/brasilnoticias.org\/site\/falsa-pediatra-e-presa-em-vitoria-da-conquista-ela-forjou-o-propria-certidao-de-obito-e-assumiu-outra-identidade\/#primaryimage\"},\"image\":{\"@id\":\"https:\/\/brasilnoticias.org\/site\/falsa-pediatra-e-presa-em-vitoria-da-conquista-ela-forjou-o-propria-certidao-de-obito-e-assumiu-outra-identidade\/#primaryimage\"},\"thumbnailUrl\":\"https:\/\/brasilnoticias.org\/site\/wp-content\/uploads\/2023\/11\/Foto1-740x470-1.jpeg\",\"datePublished\":\"2023-11-11T21:02:39+00:00\",\"breadcrumb\":{\"@id\":\"https:\/\/brasilnoticias.org\/site\/falsa-pediatra-e-presa-em-vitoria-da-conquista-ela-forjou-o-propria-certidao-de-obito-e-assumiu-outra-identidade\/#breadcrumb\"},\"inLanguage\":\"pt-PT\",\"potentialAction\":[{\"@type\":\"ReadAction\",\"target\":[\"https:\/\/brasilnoticias.org\/site\/falsa-pediatra-e-presa-em-vitoria-da-conquista-ela-forjou-o-propria-certidao-de-obito-e-assumiu-outra-identidade\/\"]}]},{\"@type\":\"ImageObject\",\"inLanguage\":\"pt-PT\",\"@id\":\"https:\/\/brasilnoticias.org\/site\/falsa-pediatra-e-presa-em-vitoria-da-conquista-ela-forjou-o-propria-certidao-de-obito-e-assumiu-outra-identidade\/#primaryimage\",\"url\":\"https:\/\/brasilnoticias.org\/site\/wp-content\/uploads\/2023\/11\/Foto1-740x470-1.jpeg\",\"contentUrl\":\"https:\/\/brasilnoticias.org\/site\/wp-content\/uploads\/2023\/11\/Foto1-740x470-1.jpeg\",\"width\":740,\"height\":470},{\"@type\":\"BreadcrumbList\",\"@id\":\"https:\/\/brasilnoticias.org\/site\/falsa-pediatra-e-presa-em-vitoria-da-conquista-ela-forjou-o-propria-certidao-de-obito-e-assumiu-outra-identidade\/#breadcrumb\",\"itemListElement\":[{\"@type\":\"ListItem\",\"position\":1,\"name\":\"In\u00edcio\",\"item\":\"https:\/\/brasilnoticias.org\/site\/\"},{\"@type\":\"ListItem\",\"position\":2,\"name\":\"Falsa pediatra \u00e9 presa em Vit\u00f3ria da Conquista; ela forjou o pr\u00f3pria certid\u00e3o de \u00f3bito e assumiu outra identidade\"}]},{\"@type\":\"WebSite\",\"@id\":\"https:\/\/brasilnoticias.org\/site\/#website\",\"url\":\"https:\/\/brasilnoticias.org\/site\/\",\"name\":\"Brasil not\u00edcias\",\"description\":\"Brasil not\u00edcias\",\"publisher\":{\"@id\":\"https:\/\/brasilnoticias.org\/site\/#organization\"},\"potentialAction\":[{\"@type\":\"SearchAction\",\"target\":{\"@type\":\"EntryPoint\",\"urlTemplate\":\"https:\/\/brasilnoticias.org\/site\/?s={search_term_string}\"},\"query-input\":{\"@type\":\"PropertyValueSpecification\",\"valueRequired\":true,\"valueName\":\"search_term_string\"}}],\"inLanguage\":\"pt-PT\"},{\"@type\":\"Organization\",\"@id\":\"https:\/\/brasilnoticias.org\/site\/#organization\",\"name\":\"Brasil not\u00edcias\",\"url\":\"https:\/\/brasilnoticias.org\/site\/\",\"logo\":{\"@type\":\"ImageObject\",\"inLanguage\":\"pt-PT\",\"@id\":\"https:\/\/brasilnoticias.org\/site\/#\/schema\/logo\/image\/\",\"url\":\"https:\/\/brasilnoticias.org\/site\/wp-content\/uploads\/2022\/05\/cropped-brasilnoticias-mini.jpg\",\"contentUrl\":\"https:\/\/brasilnoticias.org\/site\/wp-content\/uploads\/2022\/05\/cropped-brasilnoticias-mini.jpg\",\"width\":314,\"height\":86,\"caption\":\"Brasil not\u00edcias\"},\"image\":{\"@id\":\"https:\/\/brasilnoticias.org\/site\/#\/schema\/logo\/image\/\"}},{\"@type\":\"Person\",\"@id\":\"https:\/\/brasilnoticias.org\/site\/#\/schema\/person\/03bbbfe6c7634ad18c26444ea39049fa\",\"name\":\"Reda\u00e7\u00e3o\",\"image\":{\"@type\":\"ImageObject\",\"inLanguage\":\"pt-PT\",\"@id\":\"https:\/\/brasilnoticias.org\/site\/#\/schema\/person\/image\/\",\"url\":\"https:\/\/secure.gravatar.com\/avatar\/9ecaf7327a696cb23ad926fedded5f1f04d7049de9e445375d55b48c001a6e42?s=96&d=mm&r=g\",\"contentUrl\":\"https:\/\/secure.gravatar.com\/avatar\/9ecaf7327a696cb23ad926fedded5f1f04d7049de9e445375d55b48c001a6e42?s=96&d=mm&r=g\",\"caption\":\"Reda\u00e7\u00e3o\"},\"url\":\"https:\/\/brasilnoticias.org\/site\/author\/henrique\/\"}]}<\/script>\n<!-- \/ Yoast SEO plugin. -->","yoast_head_json":{"title":"Falsa pediatra \u00e9 presa em Vit\u00f3ria da Conquista; ela forjou o pr\u00f3pria certid\u00e3o de \u00f3bito e assumiu outra identidade - Brasil not\u00edcias","robots":{"index":"index","follow":"follow","max-snippet":"max-snippet:-1","max-image-preview":"max-image-preview:large","max-video-preview":"max-video-preview:-1"},"canonical":"https:\/\/brasilnoticias.org\/site\/falsa-pediatra-e-presa-em-vitoria-da-conquista-ela-forjou-o-propria-certidao-de-obito-e-assumiu-outra-identidade\/","og_locale":"pt_PT","og_type":"article","og_title":"Falsa pediatra \u00e9 presa em Vit\u00f3ria da Conquista; ela forjou o pr\u00f3pria certid\u00e3o de \u00f3bito e assumiu outra identidade - Brasil not\u00edcias","og_description":"Segundo a Pol\u00edcia Civil, ela, que \u00e9 enfermeira, atendia cerca de 200 crian\u00e7as por m\u00eas em uma cl\u00ednica que fica","og_url":"https:\/\/brasilnoticias.org\/site\/falsa-pediatra-e-presa-em-vitoria-da-conquista-ela-forjou-o-propria-certidao-de-obito-e-assumiu-outra-identidade\/","og_site_name":"Brasil not\u00edcias","article_published_time":"2023-11-11T21:02:39+00:00","og_image":[{"width":740,"height":470,"url":"https:\/\/brasilnoticias.org\/site\/wp-content\/uploads\/2023\/11\/Foto1-740x470-1.jpeg","type":"image\/jpeg"}],"author":"Reda\u00e7\u00e3o","twitter_card":"summary_large_image","twitter_misc":{"Escrito por":"Reda\u00e7\u00e3o"},"schema":{"@context":"https:\/\/schema.org","@graph":[{"@type":"Article","@id":"https:\/\/brasilnoticias.org\/site\/falsa-pediatra-e-presa-em-vitoria-da-conquista-ela-forjou-o-propria-certidao-de-obito-e-assumiu-outra-identidade\/#article","isPartOf":{"@id":"https:\/\/brasilnoticias.org\/site\/falsa-pediatra-e-presa-em-vitoria-da-conquista-ela-forjou-o-propria-certidao-de-obito-e-assumiu-outra-identidade\/"},"author":{"name":"Reda\u00e7\u00e3o","@id":"https:\/\/brasilnoticias.org\/site\/#\/schema\/person\/03bbbfe6c7634ad18c26444ea39049fa"},"headline":"Falsa pediatra \u00e9 presa em Vit\u00f3ria da Conquista; ela forjou o pr\u00f3pria certid\u00e3o de \u00f3bito e assumiu outra identidade","datePublished":"2023-11-11T21:02:39+00:00","mainEntityOfPage":{"@id":"https:\/\/brasilnoticias.org\/site\/falsa-pediatra-e-presa-em-vitoria-da-conquista-ela-forjou-o-propria-certidao-de-obito-e-assumiu-outra-identidade\/"},"wordCount":434,"commentCount":0,"publisher":{"@id":"https:\/\/brasilnoticias.org\/site\/#organization"},"image":{"@id":"https:\/\/brasilnoticias.org\/site\/falsa-pediatra-e-presa-em-vitoria-da-conquista-ela-forjou-o-propria-certidao-de-obito-e-assumiu-outra-identidade\/#primaryimage"},"thumbnailUrl":"https:\/\/brasilnoticias.org\/site\/wp-content\/uploads\/2023\/11\/Foto1-740x470-1.jpeg","articleSection":["Pol\u00edcia","\u00daltimas"],"inLanguage":"pt-PT","potentialAction":[{"@type":"CommentAction","name":"Comment","target":["https:\/\/brasilnoticias.org\/site\/falsa-pediatra-e-presa-em-vitoria-da-conquista-ela-forjou-o-propria-certidao-de-obito-e-assumiu-outra-identidade\/#respond"]}]},{"@type":"WebPage","@id":"https:\/\/brasilnoticias.org\/site\/falsa-pediatra-e-presa-em-vitoria-da-conquista-ela-forjou-o-propria-certidao-de-obito-e-assumiu-outra-identidade\/","url":"https:\/\/brasilnoticias.org\/site\/falsa-pediatra-e-presa-em-vitoria-da-conquista-ela-forjou-o-propria-certidao-de-obito-e-assumiu-outra-identidade\/","name":"Falsa pediatra \u00e9 presa em Vit\u00f3ria da Conquista; ela forjou o pr\u00f3pria certid\u00e3o de \u00f3bito e assumiu outra identidade - Brasil not\u00edcias","isPartOf":{"@id":"https:\/\/brasilnoticias.org\/site\/#website"},"primaryImageOfPage":{"@id":"https:\/\/brasilnoticias.org\/site\/falsa-pediatra-e-presa-em-vitoria-da-conquista-ela-forjou-o-propria-certidao-de-obito-e-assumiu-outra-identidade\/#primaryimage"},"image":{"@id":"https:\/\/brasilnoticias.org\/site\/falsa-pediatra-e-presa-em-vitoria-da-conquista-ela-forjou-o-propria-certidao-de-obito-e-assumiu-outra-identidade\/#primaryimage"},"thumbnailUrl":"https:\/\/brasilnoticias.org\/site\/wp-content\/uploads\/2023\/11\/Foto1-740x470-1.jpeg","datePublished":"2023-11-11T21:02:39+00:00","breadcrumb":{"@id":"https:\/\/brasilnoticias.org\/site\/falsa-pediatra-e-presa-em-vitoria-da-conquista-ela-forjou-o-propria-certidao-de-obito-e-assumiu-outra-identidade\/#breadcrumb"},"inLanguage":"pt-PT","potentialAction":[{"@type":"ReadAction","target":["https:\/\/brasilnoticias.org\/site\/falsa-pediatra-e-presa-em-vitoria-da-conquista-ela-forjou-o-propria-certidao-de-obito-e-assumiu-outra-identidade\/"]}]},{"@type":"ImageObject","inLanguage":"pt-PT","@id":"https:\/\/brasilnoticias.org\/site\/falsa-pediatra-e-presa-em-vitoria-da-conquista-ela-forjou-o-propria-certidao-de-obito-e-assumiu-outra-identidade\/#primaryimage","url":"https:\/\/brasilnoticias.org\/site\/wp-content\/uploads\/2023\/11\/Foto1-740x470-1.jpeg","contentUrl":"https:\/\/brasilnoticias.org\/site\/wp-content\/uploads\/2023\/11\/Foto1-740x470-1.jpeg","width":740,"height":470},{"@type":"BreadcrumbList","@id":"https:\/\/brasilnoticias.org\/site\/falsa-pediatra-e-presa-em-vitoria-da-conquista-ela-forjou-o-propria-certidao-de-obito-e-assumiu-outra-identidade\/#breadcrumb","itemListElement":[{"@type":"ListItem","position":1,"name":"In\u00edcio","item":"https:\/\/brasilnoticias.org\/site\/"},{"@type":"ListItem","position":2,"name":"Falsa pediatra \u00e9 presa em Vit\u00f3ria da Conquista; ela forjou o pr\u00f3pria certid\u00e3o de \u00f3bito e assumiu outra identidade"}]},{"@type":"WebSite","@id":"https:\/\/brasilnoticias.org\/site\/#website","url":"https:\/\/brasilnoticias.org\/site\/","name":"Brasil not\u00edcias","description":"Brasil not\u00edcias","publisher":{"@id":"https:\/\/brasilnoticias.org\/site\/#organization"},"potentialAction":[{"@type":"SearchAction","target":{"@type":"EntryPoint","urlTemplate":"https:\/\/brasilnoticias.org\/site\/?s={search_term_string}"},"query-input":{"@type":"PropertyValueSpecification","valueRequired":true,"valueName":"search_term_string"}}],"inLanguage":"pt-PT"},{"@type":"Organization","@id":"https:\/\/brasilnoticias.org\/site\/#organization","name":"Brasil not\u00edcias","url":"https:\/\/brasilnoticias.org\/site\/","logo":{"@type":"ImageObject","inLanguage":"pt-PT","@id":"https:\/\/brasilnoticias.org\/site\/#\/schema\/logo\/image\/","url":"https:\/\/brasilnoticias.org\/site\/wp-content\/uploads\/2022\/05\/cropped-brasilnoticias-mini.jpg","contentUrl":"https:\/\/brasilnoticias.org\/site\/wp-content\/uploads\/2022\/05\/cropped-brasilnoticias-mini.jpg","width":314,"height":86,"caption":"Brasil not\u00edcias"},"image":{"@id":"https:\/\/brasilnoticias.org\/site\/#\/schema\/logo\/image\/"}},{"@type":"Person","@id":"https:\/\/brasilnoticias.org\/site\/#\/schema\/person\/03bbbfe6c7634ad18c26444ea39049fa","name":"Reda\u00e7\u00e3o","image":{"@type":"ImageObject","inLanguage":"pt-PT","@id":"https:\/\/brasilnoticias.org\/site\/#\/schema\/person\/image\/","url":"https:\/\/secure.gravatar.com\/avatar\/9ecaf7327a696cb23ad926fedded5f1f04d7049de9e445375d55b48c001a6e42?s=96&d=mm&r=g","contentUrl":"https:\/\/secure.gravatar.com\/avatar\/9ecaf7327a696cb23ad926fedded5f1f04d7049de9e445375d55b48c001a6e42?s=96&d=mm&r=g","caption":"Reda\u00e7\u00e3o"},"url":"https:\/\/brasilnoticias.org\/site\/author\/henrique\/"}]}},"_links":{"self":[{"href":"https:\/\/brasilnoticias.org\/site\/wp-json\/wp\/v2\/posts\/10839","targetHints":{"allow":["GET"]}}],"collection":[{"href":"https:\/\/brasilnoticias.org\/site\/wp-json\/wp\/v2\/posts"}],"about":[{"href":"https:\/\/brasilnoticias.org\/site\/wp-json\/wp\/v2\/types\/post"}],"author":[{"embeddable":true,"href":"https:\/\/brasilnoticias.org\/site\/wp-json\/wp\/v2\/users\/4"}],"replies":[{"embeddable":true,"href":"https:\/\/brasilnoticias.org\/site\/wp-json\/wp\/v2\/comments?post=10839"}],"version-history":[{"count":1,"href":"https:\/\/brasilnoticias.org\/site\/wp-json\/wp\/v2\/posts\/10839\/revisions"}],"predecessor-version":[{"id":10841,"href":"https:\/\/brasilnoticias.org\/site\/wp-json\/wp\/v2\/posts\/10839\/revisions\/10841"}],"wp:featuredmedia":[{"embeddable":true,"href":"https:\/\/brasilnoticias.org\/site\/wp-json\/wp\/v2\/media\/10840"}],"wp:attachment":[{"href":"https:\/\/brasilnoticias.org\/site\/wp-json\/wp\/v2\/media?parent=10839"}],"wp:term":[{"taxonomy":"category","embeddable":true,"href":"https:\/\/brasilnoticias.org\/site\/wp-json\/wp\/v2\/categories?post=10839"},{"taxonomy":"post_tag","embeddable":true,"href":"https:\/\/brasilnoticias.org\/site\/wp-json\/wp\/v2\/tags?post=10839"}],"curies":[{"name":"wp","href":"https:\/\/api.w.org\/{rel}","templated":true}]}}