{"id":10863,"date":"2023-11-12T05:00:18","date_gmt":"2023-11-12T08:00:18","guid":{"rendered":"https:\/\/brasilnoticias.org\/site\/?p=10863"},"modified":"2023-11-11T18:16:34","modified_gmt":"2023-11-11T21:16:34","slug":"cade-abre-inquerito-para-investigar-possivel-combinacao-de-precos-entre-gol-e-latam","status":"publish","type":"post","link":"https:\/\/brasilnoticias.org\/site\/cade-abre-inquerito-para-investigar-possivel-combinacao-de-precos-entre-gol-e-latam\/","title":{"rendered":"Cade abre inqu\u00e9rito para investigar poss\u00edvel combina\u00e7\u00e3o de pre\u00e7os entre Gol e Latam"},"content":{"rendered":"<p>Essa poss\u00edvel combina\u00e7\u00e3o de pre\u00e7os j\u00e1 era acompanhada em 2019 pelo MPF-RJ, que chegou a apresentar uma representa\u00e7\u00e3o contra as duas empresas<\/p>\n<p>As companhias a\u00e9reas Gol e Latam se tornaram alvo de um inqu\u00e9rito administrativo aberto no Conselho Administrativo de Defesa Econ\u00f4mica (Cade), autarquia vinculada ao Minist\u00e9rio da Justi\u00e7a e Seguran\u00e7a P\u00fablica. O motivo \u00e9 uma suspeita de combina\u00e7\u00e3o de pre\u00e7os de passagens a\u00e9reas. A informa\u00e7\u00e3o \u00e9 do colunista Paulo Capelli, do portal Metr\u00f3poles.<\/p>\n<p>A combina\u00e7\u00e3o de pre\u00e7o configura uma infra\u00e7\u00e3o \u00e0 ordem econ\u00f4mica por colocar em risco a livre concorr\u00eancia do mercado. O inqu\u00e9rito foi aberto nesta semana ap\u00f3s a Procuradoria-Geral da Rep\u00fablica (PGR) entrar com uma representa\u00e7\u00e3o contra as companhias. O procurador Claudio Gheventer foi quem enviou o caso ao Cade, por meio de Wladir Alves, representante do Minist\u00e9rio P\u00fablico Federal (MPF) no Conselho.<\/p>\n<p>O MPF realizou pesquisas de pre\u00e7os de passagens a\u00e9reas, com datas aleat\u00f3rias, e em alguns trechos identificou pre\u00e7os id\u00eanticos at\u00e9 nos centavos.<\/p>\n<p>Essa poss\u00edvel combina\u00e7\u00e3o de pre\u00e7os cobrados pela Gol e pela Latam j\u00e1 era acompanhada em 2019 pelo MPF no Rio de Janeiro, que chegou a apresentar uma representa\u00e7\u00e3o contra as duas empresas. Mas, no epis\u00f3dio, o Cade alegou a inexist\u00eancia de ind\u00edcios suficientes para abertura de inqu\u00e9rito administrativo.<\/p>\n<p>Agora, o MPF levanta a possibilidade da uniformiza\u00e7\u00e3o de pre\u00e7os a partir da utiliza\u00e7\u00e3o de \u201calgoritmos de precifica\u00e7\u00e3o\u201d. A ferramenta coletaria dados dos clientes, das condi\u00e7\u00f5es de mercado e dos pre\u00e7os dos concorrentes para recomendar os valores praticados.<\/p>\n<p>Foto: Marcelo Camargo\/Ag\u00eancia Brasil<br \/>\nPor: Metro1<\/p>\n","protected":false},"excerpt":{"rendered":"<p>Essa poss\u00edvel combina\u00e7\u00e3o de pre\u00e7os j\u00e1 era acompanhada em 2019 pelo MPF-RJ, que chegou a apresentar uma representa\u00e7\u00e3o contra as<\/p>\n","protected":false},"author":4,"featured_media":10864,"comment_status":"open","ping_status":"open","sticky":false,"template":"","format":"standard","meta":{"colormag_page_container_layout":"default_layout","colormag_page_sidebar_layout":"default_layout","_FSMCFIC_featured_image_caption":"","_FSMCFIC_featured_image_nocaption":"","_FSMCFIC_featured_image_hide":"","footnotes":""},"categories":[2,1],"tags":[],"class_list":["post-10863","post","type-post","status-publish","format-standard","has-post-thumbnail","hentry","category-noticias","category-ultimas"],"yoast_head":"<!-- This site is optimized with the Yoast SEO plugin v27.1.1 - https:\/\/yoast.com\/product\/yoast-seo-wordpress\/ -->\n<title>Cade abre inqu\u00e9rito para investigar poss\u00edvel combina\u00e7\u00e3o de pre\u00e7os entre Gol e Latam - Brasil not\u00edcias<\/title>\n<meta name=\"robots\" content=\"index, follow, max-snippet:-1, max-image-preview:large, max-video-preview:-1\" \/>\n<link rel=\"canonical\" href=\"https:\/\/brasilnoticias.org\/site\/cade-abre-inquerito-para-investigar-possivel-combinacao-de-precos-entre-gol-e-latam\/\" \/>\n<meta property=\"og:locale\" content=\"pt_PT\" \/>\n<meta property=\"og:type\" content=\"article\" \/>\n<meta property=\"og:title\" content=\"Cade abre inqu\u00e9rito para investigar poss\u00edvel combina\u00e7\u00e3o de pre\u00e7os entre Gol e Latam - Brasil not\u00edcias\" \/>\n<meta property=\"og:description\" content=\"Essa poss\u00edvel combina\u00e7\u00e3o de pre\u00e7os j\u00e1 era acompanhada em 2019 pelo MPF-RJ, que chegou a apresentar uma representa\u00e7\u00e3o contra as\" \/>\n<meta property=\"og:url\" content=\"https:\/\/brasilnoticias.org\/site\/cade-abre-inquerito-para-investigar-possivel-combinacao-de-precos-entre-gol-e-latam\/\" \/>\n<meta property=\"og:site_name\" content=\"Brasil not\u00edcias\" \/>\n<meta property=\"article:published_time\" content=\"2023-11-12T08:00:18+00:00\" \/>\n<meta property=\"og:image\" content=\"https:\/\/brasilnoticias.org\/site\/wp-content\/uploads\/2023\/11\/143032cade-abre-inquerito-para-investigar-possivel-combinacao-de-precos-entre-gol-e-latam-3.jpg\" \/>\n\t<meta property=\"og:image:width\" content=\"1600\" \/>\n\t<meta property=\"og:image:height\" content=\"752\" \/>\n\t<meta property=\"og:image:type\" content=\"image\/jpeg\" \/>\n<meta name=\"author\" content=\"Reda\u00e7\u00e3o\" \/>\n<meta name=\"twitter:card\" content=\"summary_large_image\" \/>\n<meta name=\"twitter:label1\" content=\"Escrito por\" \/>\n\t<meta name=\"twitter:data1\" content=\"Reda\u00e7\u00e3o\" \/>\n<script type=\"application\/ld+json\" class=\"yoast-schema-graph\">{\"@context\":\"https:\/\/schema.org\",\"@graph\":[{\"@type\":\"Article\",\"@id\":\"https:\/\/brasilnoticias.org\/site\/cade-abre-inquerito-para-investigar-possivel-combinacao-de-precos-entre-gol-e-latam\/#article\",\"isPartOf\":{\"@id\":\"https:\/\/brasilnoticias.org\/site\/cade-abre-inquerito-para-investigar-possivel-combinacao-de-precos-entre-gol-e-latam\/\"},\"author\":{\"name\":\"Reda\u00e7\u00e3o\",\"@id\":\"https:\/\/brasilnoticias.org\/site\/#\/schema\/person\/03bbbfe6c7634ad18c26444ea39049fa\"},\"headline\":\"Cade abre inqu\u00e9rito para investigar poss\u00edvel combina\u00e7\u00e3o de pre\u00e7os entre Gol e Latam\",\"datePublished\":\"2023-11-12T08:00:18+00:00\",\"mainEntityOfPage\":{\"@id\":\"https:\/\/brasilnoticias.org\/site\/cade-abre-inquerito-para-investigar-possivel-combinacao-de-precos-entre-gol-e-latam\/\"},\"wordCount\":310,\"commentCount\":0,\"publisher\":{\"@id\":\"https:\/\/brasilnoticias.org\/site\/#organization\"},\"image\":{\"@id\":\"https:\/\/brasilnoticias.org\/site\/cade-abre-inquerito-para-investigar-possivel-combinacao-de-precos-entre-gol-e-latam\/#primaryimage\"},\"thumbnailUrl\":\"https:\/\/brasilnoticias.org\/site\/wp-content\/uploads\/2023\/11\/143032cade-abre-inquerito-para-investigar-possivel-combinacao-de-precos-entre-gol-e-latam-3.jpg\",\"articleSection\":[\"Not\u00edcias\",\"\u00daltimas\"],\"inLanguage\":\"pt-PT\",\"potentialAction\":[{\"@type\":\"CommentAction\",\"name\":\"Comment\",\"target\":[\"https:\/\/brasilnoticias.org\/site\/cade-abre-inquerito-para-investigar-possivel-combinacao-de-precos-entre-gol-e-latam\/#respond\"]}]},{\"@type\":\"WebPage\",\"@id\":\"https:\/\/brasilnoticias.org\/site\/cade-abre-inquerito-para-investigar-possivel-combinacao-de-precos-entre-gol-e-latam\/\",\"url\":\"https:\/\/brasilnoticias.org\/site\/cade-abre-inquerito-para-investigar-possivel-combinacao-de-precos-entre-gol-e-latam\/\",\"name\":\"Cade abre inqu\u00e9rito para investigar poss\u00edvel combina\u00e7\u00e3o de pre\u00e7os entre Gol e Latam - Brasil not\u00edcias\",\"isPartOf\":{\"@id\":\"https:\/\/brasilnoticias.org\/site\/#website\"},\"primaryImageOfPage\":{\"@id\":\"https:\/\/brasilnoticias.org\/site\/cade-abre-inquerito-para-investigar-possivel-combinacao-de-precos-entre-gol-e-latam\/#primaryimage\"},\"image\":{\"@id\":\"https:\/\/brasilnoticias.org\/site\/cade-abre-inquerito-para-investigar-possivel-combinacao-de-precos-entre-gol-e-latam\/#primaryimage\"},\"thumbnailUrl\":\"https:\/\/brasilnoticias.org\/site\/wp-content\/uploads\/2023\/11\/143032cade-abre-inquerito-para-investigar-possivel-combinacao-de-precos-entre-gol-e-latam-3.jpg\",\"datePublished\":\"2023-11-12T08:00:18+00:00\",\"breadcrumb\":{\"@id\":\"https:\/\/brasilnoticias.org\/site\/cade-abre-inquerito-para-investigar-possivel-combinacao-de-precos-entre-gol-e-latam\/#breadcrumb\"},\"inLanguage\":\"pt-PT\",\"potentialAction\":[{\"@type\":\"ReadAction\",\"target\":[\"https:\/\/brasilnoticias.org\/site\/cade-abre-inquerito-para-investigar-possivel-combinacao-de-precos-entre-gol-e-latam\/\"]}]},{\"@type\":\"ImageObject\",\"inLanguage\":\"pt-PT\",\"@id\":\"https:\/\/brasilnoticias.org\/site\/cade-abre-inquerito-para-investigar-possivel-combinacao-de-precos-entre-gol-e-latam\/#primaryimage\",\"url\":\"https:\/\/brasilnoticias.org\/site\/wp-content\/uploads\/2023\/11\/143032cade-abre-inquerito-para-investigar-possivel-combinacao-de-precos-entre-gol-e-latam-3.jpg\",\"contentUrl\":\"https:\/\/brasilnoticias.org\/site\/wp-content\/uploads\/2023\/11\/143032cade-abre-inquerito-para-investigar-possivel-combinacao-de-precos-entre-gol-e-latam-3.jpg\",\"width\":1600,\"height\":752},{\"@type\":\"BreadcrumbList\",\"@id\":\"https:\/\/brasilnoticias.org\/site\/cade-abre-inquerito-para-investigar-possivel-combinacao-de-precos-entre-gol-e-latam\/#breadcrumb\",\"itemListElement\":[{\"@type\":\"ListItem\",\"position\":1,\"name\":\"In\u00edcio\",\"item\":\"https:\/\/brasilnoticias.org\/site\/\"},{\"@type\":\"ListItem\",\"position\":2,\"name\":\"Cade abre inqu\u00e9rito para investigar poss\u00edvel combina\u00e7\u00e3o de pre\u00e7os entre Gol e Latam\"}]},{\"@type\":\"WebSite\",\"@id\":\"https:\/\/brasilnoticias.org\/site\/#website\",\"url\":\"https:\/\/brasilnoticias.org\/site\/\",\"name\":\"Brasil not\u00edcias\",\"description\":\"Brasil not\u00edcias\",\"publisher\":{\"@id\":\"https:\/\/brasilnoticias.org\/site\/#organization\"},\"potentialAction\":[{\"@type\":\"SearchAction\",\"target\":{\"@type\":\"EntryPoint\",\"urlTemplate\":\"https:\/\/brasilnoticias.org\/site\/?s={search_term_string}\"},\"query-input\":{\"@type\":\"PropertyValueSpecification\",\"valueRequired\":true,\"valueName\":\"search_term_string\"}}],\"inLanguage\":\"pt-PT\"},{\"@type\":\"Organization\",\"@id\":\"https:\/\/brasilnoticias.org\/site\/#organization\",\"name\":\"Brasil not\u00edcias\",\"url\":\"https:\/\/brasilnoticias.org\/site\/\",\"logo\":{\"@type\":\"ImageObject\",\"inLanguage\":\"pt-PT\",\"@id\":\"https:\/\/brasilnoticias.org\/site\/#\/schema\/logo\/image\/\",\"url\":\"https:\/\/brasilnoticias.org\/site\/wp-content\/uploads\/2022\/05\/cropped-brasilnoticias-mini.jpg\",\"contentUrl\":\"https:\/\/brasilnoticias.org\/site\/wp-content\/uploads\/2022\/05\/cropped-brasilnoticias-mini.jpg\",\"width\":314,\"height\":86,\"caption\":\"Brasil not\u00edcias\"},\"image\":{\"@id\":\"https:\/\/brasilnoticias.org\/site\/#\/schema\/logo\/image\/\"}},{\"@type\":\"Person\",\"@id\":\"https:\/\/brasilnoticias.org\/site\/#\/schema\/person\/03bbbfe6c7634ad18c26444ea39049fa\",\"name\":\"Reda\u00e7\u00e3o\",\"image\":{\"@type\":\"ImageObject\",\"inLanguage\":\"pt-PT\",\"@id\":\"https:\/\/brasilnoticias.org\/site\/#\/schema\/person\/image\/\",\"url\":\"https:\/\/secure.gravatar.com\/avatar\/9ecaf7327a696cb23ad926fedded5f1f04d7049de9e445375d55b48c001a6e42?s=96&d=mm&r=g\",\"contentUrl\":\"https:\/\/secure.gravatar.com\/avatar\/9ecaf7327a696cb23ad926fedded5f1f04d7049de9e445375d55b48c001a6e42?s=96&d=mm&r=g\",\"caption\":\"Reda\u00e7\u00e3o\"},\"url\":\"https:\/\/brasilnoticias.org\/site\/author\/henrique\/\"}]}<\/script>\n<!-- \/ Yoast SEO plugin. -->","yoast_head_json":{"title":"Cade abre inqu\u00e9rito para investigar poss\u00edvel combina\u00e7\u00e3o de pre\u00e7os entre Gol e Latam - Brasil not\u00edcias","robots":{"index":"index","follow":"follow","max-snippet":"max-snippet:-1","max-image-preview":"max-image-preview:large","max-video-preview":"max-video-preview:-1"},"canonical":"https:\/\/brasilnoticias.org\/site\/cade-abre-inquerito-para-investigar-possivel-combinacao-de-precos-entre-gol-e-latam\/","og_locale":"pt_PT","og_type":"article","og_title":"Cade abre inqu\u00e9rito para investigar poss\u00edvel combina\u00e7\u00e3o de pre\u00e7os entre Gol e Latam - Brasil not\u00edcias","og_description":"Essa poss\u00edvel combina\u00e7\u00e3o de pre\u00e7os j\u00e1 era acompanhada em 2019 pelo MPF-RJ, que chegou a apresentar uma representa\u00e7\u00e3o contra as","og_url":"https:\/\/brasilnoticias.org\/site\/cade-abre-inquerito-para-investigar-possivel-combinacao-de-precos-entre-gol-e-latam\/","og_site_name":"Brasil not\u00edcias","article_published_time":"2023-11-12T08:00:18+00:00","og_image":[{"width":1600,"height":752,"url":"https:\/\/brasilnoticias.org\/site\/wp-content\/uploads\/2023\/11\/143032cade-abre-inquerito-para-investigar-possivel-combinacao-de-precos-entre-gol-e-latam-3.jpg","type":"image\/jpeg"}],"author":"Reda\u00e7\u00e3o","twitter_card":"summary_large_image","twitter_misc":{"Escrito por":"Reda\u00e7\u00e3o"},"schema":{"@context":"https:\/\/schema.org","@graph":[{"@type":"Article","@id":"https:\/\/brasilnoticias.org\/site\/cade-abre-inquerito-para-investigar-possivel-combinacao-de-precos-entre-gol-e-latam\/#article","isPartOf":{"@id":"https:\/\/brasilnoticias.org\/site\/cade-abre-inquerito-para-investigar-possivel-combinacao-de-precos-entre-gol-e-latam\/"},"author":{"name":"Reda\u00e7\u00e3o","@id":"https:\/\/brasilnoticias.org\/site\/#\/schema\/person\/03bbbfe6c7634ad18c26444ea39049fa"},"headline":"Cade abre inqu\u00e9rito para investigar poss\u00edvel combina\u00e7\u00e3o de pre\u00e7os entre Gol e Latam","datePublished":"2023-11-12T08:00:18+00:00","mainEntityOfPage":{"@id":"https:\/\/brasilnoticias.org\/site\/cade-abre-inquerito-para-investigar-possivel-combinacao-de-precos-entre-gol-e-latam\/"},"wordCount":310,"commentCount":0,"publisher":{"@id":"https:\/\/brasilnoticias.org\/site\/#organization"},"image":{"@id":"https:\/\/brasilnoticias.org\/site\/cade-abre-inquerito-para-investigar-possivel-combinacao-de-precos-entre-gol-e-latam\/#primaryimage"},"thumbnailUrl":"https:\/\/brasilnoticias.org\/site\/wp-content\/uploads\/2023\/11\/143032cade-abre-inquerito-para-investigar-possivel-combinacao-de-precos-entre-gol-e-latam-3.jpg","articleSection":["Not\u00edcias","\u00daltimas"],"inLanguage":"pt-PT","potentialAction":[{"@type":"CommentAction","name":"Comment","target":["https:\/\/brasilnoticias.org\/site\/cade-abre-inquerito-para-investigar-possivel-combinacao-de-precos-entre-gol-e-latam\/#respond"]}]},{"@type":"WebPage","@id":"https:\/\/brasilnoticias.org\/site\/cade-abre-inquerito-para-investigar-possivel-combinacao-de-precos-entre-gol-e-latam\/","url":"https:\/\/brasilnoticias.org\/site\/cade-abre-inquerito-para-investigar-possivel-combinacao-de-precos-entre-gol-e-latam\/","name":"Cade abre inqu\u00e9rito para investigar poss\u00edvel combina\u00e7\u00e3o de pre\u00e7os entre Gol e Latam - Brasil not\u00edcias","isPartOf":{"@id":"https:\/\/brasilnoticias.org\/site\/#website"},"primaryImageOfPage":{"@id":"https:\/\/brasilnoticias.org\/site\/cade-abre-inquerito-para-investigar-possivel-combinacao-de-precos-entre-gol-e-latam\/#primaryimage"},"image":{"@id":"https:\/\/brasilnoticias.org\/site\/cade-abre-inquerito-para-investigar-possivel-combinacao-de-precos-entre-gol-e-latam\/#primaryimage"},"thumbnailUrl":"https:\/\/brasilnoticias.org\/site\/wp-content\/uploads\/2023\/11\/143032cade-abre-inquerito-para-investigar-possivel-combinacao-de-precos-entre-gol-e-latam-3.jpg","datePublished":"2023-11-12T08:00:18+00:00","breadcrumb":{"@id":"https:\/\/brasilnoticias.org\/site\/cade-abre-inquerito-para-investigar-possivel-combinacao-de-precos-entre-gol-e-latam\/#breadcrumb"},"inLanguage":"pt-PT","potentialAction":[{"@type":"ReadAction","target":["https:\/\/brasilnoticias.org\/site\/cade-abre-inquerito-para-investigar-possivel-combinacao-de-precos-entre-gol-e-latam\/"]}]},{"@type":"ImageObject","inLanguage":"pt-PT","@id":"https:\/\/brasilnoticias.org\/site\/cade-abre-inquerito-para-investigar-possivel-combinacao-de-precos-entre-gol-e-latam\/#primaryimage","url":"https:\/\/brasilnoticias.org\/site\/wp-content\/uploads\/2023\/11\/143032cade-abre-inquerito-para-investigar-possivel-combinacao-de-precos-entre-gol-e-latam-3.jpg","contentUrl":"https:\/\/brasilnoticias.org\/site\/wp-content\/uploads\/2023\/11\/143032cade-abre-inquerito-para-investigar-possivel-combinacao-de-precos-entre-gol-e-latam-3.jpg","width":1600,"height":752},{"@type":"BreadcrumbList","@id":"https:\/\/brasilnoticias.org\/site\/cade-abre-inquerito-para-investigar-possivel-combinacao-de-precos-entre-gol-e-latam\/#breadcrumb","itemListElement":[{"@type":"ListItem","position":1,"name":"In\u00edcio","item":"https:\/\/brasilnoticias.org\/site\/"},{"@type":"ListItem","position":2,"name":"Cade abre inqu\u00e9rito para investigar poss\u00edvel combina\u00e7\u00e3o de pre\u00e7os entre Gol e Latam"}]},{"@type":"WebSite","@id":"https:\/\/brasilnoticias.org\/site\/#website","url":"https:\/\/brasilnoticias.org\/site\/","name":"Brasil not\u00edcias","description":"Brasil not\u00edcias","publisher":{"@id":"https:\/\/brasilnoticias.org\/site\/#organization"},"potentialAction":[{"@type":"SearchAction","target":{"@type":"EntryPoint","urlTemplate":"https:\/\/brasilnoticias.org\/site\/?s={search_term_string}"},"query-input":{"@type":"PropertyValueSpecification","valueRequired":true,"valueName":"search_term_string"}}],"inLanguage":"pt-PT"},{"@type":"Organization","@id":"https:\/\/brasilnoticias.org\/site\/#organization","name":"Brasil not\u00edcias","url":"https:\/\/brasilnoticias.org\/site\/","logo":{"@type":"ImageObject","inLanguage":"pt-PT","@id":"https:\/\/brasilnoticias.org\/site\/#\/schema\/logo\/image\/","url":"https:\/\/brasilnoticias.org\/site\/wp-content\/uploads\/2022\/05\/cropped-brasilnoticias-mini.jpg","contentUrl":"https:\/\/brasilnoticias.org\/site\/wp-content\/uploads\/2022\/05\/cropped-brasilnoticias-mini.jpg","width":314,"height":86,"caption":"Brasil not\u00edcias"},"image":{"@id":"https:\/\/brasilnoticias.org\/site\/#\/schema\/logo\/image\/"}},{"@type":"Person","@id":"https:\/\/brasilnoticias.org\/site\/#\/schema\/person\/03bbbfe6c7634ad18c26444ea39049fa","name":"Reda\u00e7\u00e3o","image":{"@type":"ImageObject","inLanguage":"pt-PT","@id":"https:\/\/brasilnoticias.org\/site\/#\/schema\/person\/image\/","url":"https:\/\/secure.gravatar.com\/avatar\/9ecaf7327a696cb23ad926fedded5f1f04d7049de9e445375d55b48c001a6e42?s=96&d=mm&r=g","contentUrl":"https:\/\/secure.gravatar.com\/avatar\/9ecaf7327a696cb23ad926fedded5f1f04d7049de9e445375d55b48c001a6e42?s=96&d=mm&r=g","caption":"Reda\u00e7\u00e3o"},"url":"https:\/\/brasilnoticias.org\/site\/author\/henrique\/"}]}},"_links":{"self":[{"href":"https:\/\/brasilnoticias.org\/site\/wp-json\/wp\/v2\/posts\/10863","targetHints":{"allow":["GET"]}}],"collection":[{"href":"https:\/\/brasilnoticias.org\/site\/wp-json\/wp\/v2\/posts"}],"about":[{"href":"https:\/\/brasilnoticias.org\/site\/wp-json\/wp\/v2\/types\/post"}],"author":[{"embeddable":true,"href":"https:\/\/brasilnoticias.org\/site\/wp-json\/wp\/v2\/users\/4"}],"replies":[{"embeddable":true,"href":"https:\/\/brasilnoticias.org\/site\/wp-json\/wp\/v2\/comments?post=10863"}],"version-history":[{"count":1,"href":"https:\/\/brasilnoticias.org\/site\/wp-json\/wp\/v2\/posts\/10863\/revisions"}],"predecessor-version":[{"id":10865,"href":"https:\/\/brasilnoticias.org\/site\/wp-json\/wp\/v2\/posts\/10863\/revisions\/10865"}],"wp:featuredmedia":[{"embeddable":true,"href":"https:\/\/brasilnoticias.org\/site\/wp-json\/wp\/v2\/media\/10864"}],"wp:attachment":[{"href":"https:\/\/brasilnoticias.org\/site\/wp-json\/wp\/v2\/media?parent=10863"}],"wp:term":[{"taxonomy":"category","embeddable":true,"href":"https:\/\/brasilnoticias.org\/site\/wp-json\/wp\/v2\/categories?post=10863"},{"taxonomy":"post_tag","embeddable":true,"href":"https:\/\/brasilnoticias.org\/site\/wp-json\/wp\/v2\/tags?post=10863"}],"curies":[{"name":"wp","href":"https:\/\/api.w.org\/{rel}","templated":true}]}}