{"id":10872,"date":"2023-11-12T08:00:21","date_gmt":"2023-11-12T11:00:21","guid":{"rendered":"https:\/\/brasilnoticias.org\/site\/?p=10872"},"modified":"2023-11-11T18:21:33","modified_gmt":"2023-11-11T21:21:33","slug":"clubes-argentinos-se-posicionam-contra-fala-de-javier-milei-sobre-modelo-de-privatizacao-saf","status":"publish","type":"post","link":"https:\/\/brasilnoticias.org\/site\/clubes-argentinos-se-posicionam-contra-fala-de-javier-milei-sobre-modelo-de-privatizacao-saf\/","title":{"rendered":"Clubes argentinos se posicionam contra fala de Javier Milei sobre modelo de privatiza\u00e7\u00e3o SAF"},"content":{"rendered":"<p>Manifesta\u00e7\u00f5es come\u00e7aram depois que uma entrevista de Milei em 2022, voltou a ganhar repercuss\u00e3o<\/p>\n<p>Os clubes argentinos se uniram contra o modelo de privatiza\u00e7\u00e3o de Sociedade An\u00f4nima do Futebol, defendido por Javier Milei, do La Libertad Avanza, candidato a presid\u00eancia Argentina.<\/p>\n<p>Dos 28 clubes da primeira divis\u00e3o, 25 se posicionaram contra a proposta atrav\u00e9s das redes sociais. As manifesta\u00e7\u00f5es come\u00e7aram depois que uma entrevista de Milei em 2022, voltou a ganhar repercuss\u00e3o.<\/p>\n<p>Durante a entrevista, o candidato defende que todos os clubes deixem de ser associa\u00e7\u00e3o civil sem fins lucrativos e passem a ser SAF. <\/p>\n<p>No in\u00edcio do ano, a Associa\u00e7\u00e3o de Futebol da Argentina j\u00e1 havia se manifestado contra qualquer tipo de privatiza\u00e7\u00e3o.<\/p>\n<p>A Argentina escolhe o novo presidente no dia 19 de novembro. Javier Milei concorre com Sergio Massa, do Uni\u00f3n por la Patria.<\/p>\n<p>Foto: Divulga\u00e7\u00e3o\/ Metro1<br \/>\nPor: Metro1 <\/p>\n","protected":false},"excerpt":{"rendered":"<p>Manifesta\u00e7\u00f5es come\u00e7aram depois que uma entrevista de Milei em 2022, voltou a ganhar repercuss\u00e3o Os clubes argentinos se uniram contra<\/p>\n","protected":false},"author":4,"featured_media":10873,"comment_status":"open","ping_status":"open","sticky":false,"template":"","format":"standard","meta":{"colormag_page_container_layout":"default_layout","colormag_page_sidebar_layout":"default_layout","_FSMCFIC_featured_image_caption":"","_FSMCFIC_featured_image_nocaption":"","_FSMCFIC_featured_image_hide":"","footnotes":""},"categories":[2,1],"tags":[],"class_list":["post-10872","post","type-post","status-publish","format-standard","has-post-thumbnail","hentry","category-noticias","category-ultimas"],"yoast_head":"<!-- This site is optimized with the Yoast SEO plugin v27.1.1 - https:\/\/yoast.com\/product\/yoast-seo-wordpress\/ -->\n<title>Clubes argentinos se posicionam contra fala de Javier Milei sobre modelo de privatiza\u00e7\u00e3o SAF - Brasil not\u00edcias<\/title>\n<meta name=\"robots\" content=\"index, follow, max-snippet:-1, max-image-preview:large, max-video-preview:-1\" \/>\n<link rel=\"canonical\" href=\"https:\/\/brasilnoticias.org\/site\/clubes-argentinos-se-posicionam-contra-fala-de-javier-milei-sobre-modelo-de-privatizacao-saf\/\" \/>\n<meta property=\"og:locale\" content=\"pt_PT\" \/>\n<meta property=\"og:type\" content=\"article\" \/>\n<meta property=\"og:title\" content=\"Clubes argentinos se posicionam contra fala de Javier Milei sobre modelo de privatiza\u00e7\u00e3o SAF - Brasil not\u00edcias\" \/>\n<meta property=\"og:description\" content=\"Manifesta\u00e7\u00f5es come\u00e7aram depois que uma entrevista de Milei em 2022, voltou a ganhar repercuss\u00e3o Os clubes argentinos se uniram contra\" \/>\n<meta property=\"og:url\" content=\"https:\/\/brasilnoticias.org\/site\/clubes-argentinos-se-posicionam-contra-fala-de-javier-milei-sobre-modelo-de-privatizacao-saf\/\" \/>\n<meta property=\"og:site_name\" content=\"Brasil not\u00edcias\" \/>\n<meta property=\"article:published_time\" content=\"2023-11-12T11:00:21+00:00\" \/>\n<meta property=\"og:image\" content=\"https:\/\/brasilnoticias.org\/site\/wp-content\/uploads\/2023\/11\/143041clubes-argentinos-se-posicionam-contra-fala-de-javier-milei-sobre-modelo-de-privatizacao-saf-3.jpg\" \/>\n\t<meta property=\"og:image:width\" content=\"1600\" \/>\n\t<meta property=\"og:image:height\" content=\"752\" \/>\n\t<meta property=\"og:image:type\" content=\"image\/jpeg\" \/>\n<meta name=\"author\" content=\"Reda\u00e7\u00e3o\" \/>\n<meta name=\"twitter:card\" content=\"summary_large_image\" \/>\n<meta name=\"twitter:label1\" content=\"Escrito por\" \/>\n\t<meta name=\"twitter:data1\" content=\"Reda\u00e7\u00e3o\" \/>\n<script type=\"application\/ld+json\" class=\"yoast-schema-graph\">{\"@context\":\"https:\/\/schema.org\",\"@graph\":[{\"@type\":\"Article\",\"@id\":\"https:\/\/brasilnoticias.org\/site\/clubes-argentinos-se-posicionam-contra-fala-de-javier-milei-sobre-modelo-de-privatizacao-saf\/#article\",\"isPartOf\":{\"@id\":\"https:\/\/brasilnoticias.org\/site\/clubes-argentinos-se-posicionam-contra-fala-de-javier-milei-sobre-modelo-de-privatizacao-saf\/\"},\"author\":{\"name\":\"Reda\u00e7\u00e3o\",\"@id\":\"https:\/\/brasilnoticias.org\/site\/#\/schema\/person\/03bbbfe6c7634ad18c26444ea39049fa\"},\"headline\":\"Clubes argentinos se posicionam contra fala de Javier Milei sobre modelo de privatiza\u00e7\u00e3o SAF\",\"datePublished\":\"2023-11-12T11:00:21+00:00\",\"mainEntityOfPage\":{\"@id\":\"https:\/\/brasilnoticias.org\/site\/clubes-argentinos-se-posicionam-contra-fala-de-javier-milei-sobre-modelo-de-privatizacao-saf\/\"},\"wordCount\":168,\"commentCount\":0,\"publisher\":{\"@id\":\"https:\/\/brasilnoticias.org\/site\/#organization\"},\"image\":{\"@id\":\"https:\/\/brasilnoticias.org\/site\/clubes-argentinos-se-posicionam-contra-fala-de-javier-milei-sobre-modelo-de-privatizacao-saf\/#primaryimage\"},\"thumbnailUrl\":\"https:\/\/brasilnoticias.org\/site\/wp-content\/uploads\/2023\/11\/143041clubes-argentinos-se-posicionam-contra-fala-de-javier-milei-sobre-modelo-de-privatizacao-saf-3.jpg\",\"articleSection\":[\"Not\u00edcias\",\"\u00daltimas\"],\"inLanguage\":\"pt-PT\",\"potentialAction\":[{\"@type\":\"CommentAction\",\"name\":\"Comment\",\"target\":[\"https:\/\/brasilnoticias.org\/site\/clubes-argentinos-se-posicionam-contra-fala-de-javier-milei-sobre-modelo-de-privatizacao-saf\/#respond\"]}]},{\"@type\":\"WebPage\",\"@id\":\"https:\/\/brasilnoticias.org\/site\/clubes-argentinos-se-posicionam-contra-fala-de-javier-milei-sobre-modelo-de-privatizacao-saf\/\",\"url\":\"https:\/\/brasilnoticias.org\/site\/clubes-argentinos-se-posicionam-contra-fala-de-javier-milei-sobre-modelo-de-privatizacao-saf\/\",\"name\":\"Clubes argentinos se posicionam contra fala de Javier Milei sobre modelo de privatiza\u00e7\u00e3o SAF - Brasil not\u00edcias\",\"isPartOf\":{\"@id\":\"https:\/\/brasilnoticias.org\/site\/#website\"},\"primaryImageOfPage\":{\"@id\":\"https:\/\/brasilnoticias.org\/site\/clubes-argentinos-se-posicionam-contra-fala-de-javier-milei-sobre-modelo-de-privatizacao-saf\/#primaryimage\"},\"image\":{\"@id\":\"https:\/\/brasilnoticias.org\/site\/clubes-argentinos-se-posicionam-contra-fala-de-javier-milei-sobre-modelo-de-privatizacao-saf\/#primaryimage\"},\"thumbnailUrl\":\"https:\/\/brasilnoticias.org\/site\/wp-content\/uploads\/2023\/11\/143041clubes-argentinos-se-posicionam-contra-fala-de-javier-milei-sobre-modelo-de-privatizacao-saf-3.jpg\",\"datePublished\":\"2023-11-12T11:00:21+00:00\",\"breadcrumb\":{\"@id\":\"https:\/\/brasilnoticias.org\/site\/clubes-argentinos-se-posicionam-contra-fala-de-javier-milei-sobre-modelo-de-privatizacao-saf\/#breadcrumb\"},\"inLanguage\":\"pt-PT\",\"potentialAction\":[{\"@type\":\"ReadAction\",\"target\":[\"https:\/\/brasilnoticias.org\/site\/clubes-argentinos-se-posicionam-contra-fala-de-javier-milei-sobre-modelo-de-privatizacao-saf\/\"]}]},{\"@type\":\"ImageObject\",\"inLanguage\":\"pt-PT\",\"@id\":\"https:\/\/brasilnoticias.org\/site\/clubes-argentinos-se-posicionam-contra-fala-de-javier-milei-sobre-modelo-de-privatizacao-saf\/#primaryimage\",\"url\":\"https:\/\/brasilnoticias.org\/site\/wp-content\/uploads\/2023\/11\/143041clubes-argentinos-se-posicionam-contra-fala-de-javier-milei-sobre-modelo-de-privatizacao-saf-3.jpg\",\"contentUrl\":\"https:\/\/brasilnoticias.org\/site\/wp-content\/uploads\/2023\/11\/143041clubes-argentinos-se-posicionam-contra-fala-de-javier-milei-sobre-modelo-de-privatizacao-saf-3.jpg\",\"width\":1600,\"height\":752},{\"@type\":\"BreadcrumbList\",\"@id\":\"https:\/\/brasilnoticias.org\/site\/clubes-argentinos-se-posicionam-contra-fala-de-javier-milei-sobre-modelo-de-privatizacao-saf\/#breadcrumb\",\"itemListElement\":[{\"@type\":\"ListItem\",\"position\":1,\"name\":\"In\u00edcio\",\"item\":\"https:\/\/brasilnoticias.org\/site\/\"},{\"@type\":\"ListItem\",\"position\":2,\"name\":\"Clubes argentinos se posicionam contra fala de Javier Milei sobre modelo de privatiza\u00e7\u00e3o SAF\"}]},{\"@type\":\"WebSite\",\"@id\":\"https:\/\/brasilnoticias.org\/site\/#website\",\"url\":\"https:\/\/brasilnoticias.org\/site\/\",\"name\":\"Brasil not\u00edcias\",\"description\":\"Brasil not\u00edcias\",\"publisher\":{\"@id\":\"https:\/\/brasilnoticias.org\/site\/#organization\"},\"potentialAction\":[{\"@type\":\"SearchAction\",\"target\":{\"@type\":\"EntryPoint\",\"urlTemplate\":\"https:\/\/brasilnoticias.org\/site\/?s={search_term_string}\"},\"query-input\":{\"@type\":\"PropertyValueSpecification\",\"valueRequired\":true,\"valueName\":\"search_term_string\"}}],\"inLanguage\":\"pt-PT\"},{\"@type\":\"Organization\",\"@id\":\"https:\/\/brasilnoticias.org\/site\/#organization\",\"name\":\"Brasil not\u00edcias\",\"url\":\"https:\/\/brasilnoticias.org\/site\/\",\"logo\":{\"@type\":\"ImageObject\",\"inLanguage\":\"pt-PT\",\"@id\":\"https:\/\/brasilnoticias.org\/site\/#\/schema\/logo\/image\/\",\"url\":\"https:\/\/brasilnoticias.org\/site\/wp-content\/uploads\/2022\/05\/cropped-brasilnoticias-mini.jpg\",\"contentUrl\":\"https:\/\/brasilnoticias.org\/site\/wp-content\/uploads\/2022\/05\/cropped-brasilnoticias-mini.jpg\",\"width\":314,\"height\":86,\"caption\":\"Brasil not\u00edcias\"},\"image\":{\"@id\":\"https:\/\/brasilnoticias.org\/site\/#\/schema\/logo\/image\/\"}},{\"@type\":\"Person\",\"@id\":\"https:\/\/brasilnoticias.org\/site\/#\/schema\/person\/03bbbfe6c7634ad18c26444ea39049fa\",\"name\":\"Reda\u00e7\u00e3o\",\"image\":{\"@type\":\"ImageObject\",\"inLanguage\":\"pt-PT\",\"@id\":\"https:\/\/brasilnoticias.org\/site\/#\/schema\/person\/image\/\",\"url\":\"https:\/\/secure.gravatar.com\/avatar\/9ecaf7327a696cb23ad926fedded5f1f04d7049de9e445375d55b48c001a6e42?s=96&d=mm&r=g\",\"contentUrl\":\"https:\/\/secure.gravatar.com\/avatar\/9ecaf7327a696cb23ad926fedded5f1f04d7049de9e445375d55b48c001a6e42?s=96&d=mm&r=g\",\"caption\":\"Reda\u00e7\u00e3o\"},\"url\":\"https:\/\/brasilnoticias.org\/site\/author\/henrique\/\"}]}<\/script>\n<!-- \/ Yoast SEO plugin. -->","yoast_head_json":{"title":"Clubes argentinos se posicionam contra fala de Javier Milei sobre modelo de privatiza\u00e7\u00e3o SAF - Brasil not\u00edcias","robots":{"index":"index","follow":"follow","max-snippet":"max-snippet:-1","max-image-preview":"max-image-preview:large","max-video-preview":"max-video-preview:-1"},"canonical":"https:\/\/brasilnoticias.org\/site\/clubes-argentinos-se-posicionam-contra-fala-de-javier-milei-sobre-modelo-de-privatizacao-saf\/","og_locale":"pt_PT","og_type":"article","og_title":"Clubes argentinos se posicionam contra fala de Javier Milei sobre modelo de privatiza\u00e7\u00e3o SAF - Brasil not\u00edcias","og_description":"Manifesta\u00e7\u00f5es come\u00e7aram depois que uma entrevista de Milei em 2022, voltou a ganhar repercuss\u00e3o Os clubes argentinos se uniram contra","og_url":"https:\/\/brasilnoticias.org\/site\/clubes-argentinos-se-posicionam-contra-fala-de-javier-milei-sobre-modelo-de-privatizacao-saf\/","og_site_name":"Brasil not\u00edcias","article_published_time":"2023-11-12T11:00:21+00:00","og_image":[{"width":1600,"height":752,"url":"https:\/\/brasilnoticias.org\/site\/wp-content\/uploads\/2023\/11\/143041clubes-argentinos-se-posicionam-contra-fala-de-javier-milei-sobre-modelo-de-privatizacao-saf-3.jpg","type":"image\/jpeg"}],"author":"Reda\u00e7\u00e3o","twitter_card":"summary_large_image","twitter_misc":{"Escrito por":"Reda\u00e7\u00e3o"},"schema":{"@context":"https:\/\/schema.org","@graph":[{"@type":"Article","@id":"https:\/\/brasilnoticias.org\/site\/clubes-argentinos-se-posicionam-contra-fala-de-javier-milei-sobre-modelo-de-privatizacao-saf\/#article","isPartOf":{"@id":"https:\/\/brasilnoticias.org\/site\/clubes-argentinos-se-posicionam-contra-fala-de-javier-milei-sobre-modelo-de-privatizacao-saf\/"},"author":{"name":"Reda\u00e7\u00e3o","@id":"https:\/\/brasilnoticias.org\/site\/#\/schema\/person\/03bbbfe6c7634ad18c26444ea39049fa"},"headline":"Clubes argentinos se posicionam contra fala de Javier Milei sobre modelo de privatiza\u00e7\u00e3o SAF","datePublished":"2023-11-12T11:00:21+00:00","mainEntityOfPage":{"@id":"https:\/\/brasilnoticias.org\/site\/clubes-argentinos-se-posicionam-contra-fala-de-javier-milei-sobre-modelo-de-privatizacao-saf\/"},"wordCount":168,"commentCount":0,"publisher":{"@id":"https:\/\/brasilnoticias.org\/site\/#organization"},"image":{"@id":"https:\/\/brasilnoticias.org\/site\/clubes-argentinos-se-posicionam-contra-fala-de-javier-milei-sobre-modelo-de-privatizacao-saf\/#primaryimage"},"thumbnailUrl":"https:\/\/brasilnoticias.org\/site\/wp-content\/uploads\/2023\/11\/143041clubes-argentinos-se-posicionam-contra-fala-de-javier-milei-sobre-modelo-de-privatizacao-saf-3.jpg","articleSection":["Not\u00edcias","\u00daltimas"],"inLanguage":"pt-PT","potentialAction":[{"@type":"CommentAction","name":"Comment","target":["https:\/\/brasilnoticias.org\/site\/clubes-argentinos-se-posicionam-contra-fala-de-javier-milei-sobre-modelo-de-privatizacao-saf\/#respond"]}]},{"@type":"WebPage","@id":"https:\/\/brasilnoticias.org\/site\/clubes-argentinos-se-posicionam-contra-fala-de-javier-milei-sobre-modelo-de-privatizacao-saf\/","url":"https:\/\/brasilnoticias.org\/site\/clubes-argentinos-se-posicionam-contra-fala-de-javier-milei-sobre-modelo-de-privatizacao-saf\/","name":"Clubes argentinos se posicionam contra fala de Javier Milei sobre modelo de privatiza\u00e7\u00e3o SAF - Brasil not\u00edcias","isPartOf":{"@id":"https:\/\/brasilnoticias.org\/site\/#website"},"primaryImageOfPage":{"@id":"https:\/\/brasilnoticias.org\/site\/clubes-argentinos-se-posicionam-contra-fala-de-javier-milei-sobre-modelo-de-privatizacao-saf\/#primaryimage"},"image":{"@id":"https:\/\/brasilnoticias.org\/site\/clubes-argentinos-se-posicionam-contra-fala-de-javier-milei-sobre-modelo-de-privatizacao-saf\/#primaryimage"},"thumbnailUrl":"https:\/\/brasilnoticias.org\/site\/wp-content\/uploads\/2023\/11\/143041clubes-argentinos-se-posicionam-contra-fala-de-javier-milei-sobre-modelo-de-privatizacao-saf-3.jpg","datePublished":"2023-11-12T11:00:21+00:00","breadcrumb":{"@id":"https:\/\/brasilnoticias.org\/site\/clubes-argentinos-se-posicionam-contra-fala-de-javier-milei-sobre-modelo-de-privatizacao-saf\/#breadcrumb"},"inLanguage":"pt-PT","potentialAction":[{"@type":"ReadAction","target":["https:\/\/brasilnoticias.org\/site\/clubes-argentinos-se-posicionam-contra-fala-de-javier-milei-sobre-modelo-de-privatizacao-saf\/"]}]},{"@type":"ImageObject","inLanguage":"pt-PT","@id":"https:\/\/brasilnoticias.org\/site\/clubes-argentinos-se-posicionam-contra-fala-de-javier-milei-sobre-modelo-de-privatizacao-saf\/#primaryimage","url":"https:\/\/brasilnoticias.org\/site\/wp-content\/uploads\/2023\/11\/143041clubes-argentinos-se-posicionam-contra-fala-de-javier-milei-sobre-modelo-de-privatizacao-saf-3.jpg","contentUrl":"https:\/\/brasilnoticias.org\/site\/wp-content\/uploads\/2023\/11\/143041clubes-argentinos-se-posicionam-contra-fala-de-javier-milei-sobre-modelo-de-privatizacao-saf-3.jpg","width":1600,"height":752},{"@type":"BreadcrumbList","@id":"https:\/\/brasilnoticias.org\/site\/clubes-argentinos-se-posicionam-contra-fala-de-javier-milei-sobre-modelo-de-privatizacao-saf\/#breadcrumb","itemListElement":[{"@type":"ListItem","position":1,"name":"In\u00edcio","item":"https:\/\/brasilnoticias.org\/site\/"},{"@type":"ListItem","position":2,"name":"Clubes argentinos se posicionam contra fala de Javier Milei sobre modelo de privatiza\u00e7\u00e3o SAF"}]},{"@type":"WebSite","@id":"https:\/\/brasilnoticias.org\/site\/#website","url":"https:\/\/brasilnoticias.org\/site\/","name":"Brasil not\u00edcias","description":"Brasil not\u00edcias","publisher":{"@id":"https:\/\/brasilnoticias.org\/site\/#organization"},"potentialAction":[{"@type":"SearchAction","target":{"@type":"EntryPoint","urlTemplate":"https:\/\/brasilnoticias.org\/site\/?s={search_term_string}"},"query-input":{"@type":"PropertyValueSpecification","valueRequired":true,"valueName":"search_term_string"}}],"inLanguage":"pt-PT"},{"@type":"Organization","@id":"https:\/\/brasilnoticias.org\/site\/#organization","name":"Brasil not\u00edcias","url":"https:\/\/brasilnoticias.org\/site\/","logo":{"@type":"ImageObject","inLanguage":"pt-PT","@id":"https:\/\/brasilnoticias.org\/site\/#\/schema\/logo\/image\/","url":"https:\/\/brasilnoticias.org\/site\/wp-content\/uploads\/2022\/05\/cropped-brasilnoticias-mini.jpg","contentUrl":"https:\/\/brasilnoticias.org\/site\/wp-content\/uploads\/2022\/05\/cropped-brasilnoticias-mini.jpg","width":314,"height":86,"caption":"Brasil not\u00edcias"},"image":{"@id":"https:\/\/brasilnoticias.org\/site\/#\/schema\/logo\/image\/"}},{"@type":"Person","@id":"https:\/\/brasilnoticias.org\/site\/#\/schema\/person\/03bbbfe6c7634ad18c26444ea39049fa","name":"Reda\u00e7\u00e3o","image":{"@type":"ImageObject","inLanguage":"pt-PT","@id":"https:\/\/brasilnoticias.org\/site\/#\/schema\/person\/image\/","url":"https:\/\/secure.gravatar.com\/avatar\/9ecaf7327a696cb23ad926fedded5f1f04d7049de9e445375d55b48c001a6e42?s=96&d=mm&r=g","contentUrl":"https:\/\/secure.gravatar.com\/avatar\/9ecaf7327a696cb23ad926fedded5f1f04d7049de9e445375d55b48c001a6e42?s=96&d=mm&r=g","caption":"Reda\u00e7\u00e3o"},"url":"https:\/\/brasilnoticias.org\/site\/author\/henrique\/"}]}},"_links":{"self":[{"href":"https:\/\/brasilnoticias.org\/site\/wp-json\/wp\/v2\/posts\/10872","targetHints":{"allow":["GET"]}}],"collection":[{"href":"https:\/\/brasilnoticias.org\/site\/wp-json\/wp\/v2\/posts"}],"about":[{"href":"https:\/\/brasilnoticias.org\/site\/wp-json\/wp\/v2\/types\/post"}],"author":[{"embeddable":true,"href":"https:\/\/brasilnoticias.org\/site\/wp-json\/wp\/v2\/users\/4"}],"replies":[{"embeddable":true,"href":"https:\/\/brasilnoticias.org\/site\/wp-json\/wp\/v2\/comments?post=10872"}],"version-history":[{"count":1,"href":"https:\/\/brasilnoticias.org\/site\/wp-json\/wp\/v2\/posts\/10872\/revisions"}],"predecessor-version":[{"id":10874,"href":"https:\/\/brasilnoticias.org\/site\/wp-json\/wp\/v2\/posts\/10872\/revisions\/10874"}],"wp:featuredmedia":[{"embeddable":true,"href":"https:\/\/brasilnoticias.org\/site\/wp-json\/wp\/v2\/media\/10873"}],"wp:attachment":[{"href":"https:\/\/brasilnoticias.org\/site\/wp-json\/wp\/v2\/media?parent=10872"}],"wp:term":[{"taxonomy":"category","embeddable":true,"href":"https:\/\/brasilnoticias.org\/site\/wp-json\/wp\/v2\/categories?post=10872"},{"taxonomy":"post_tag","embeddable":true,"href":"https:\/\/brasilnoticias.org\/site\/wp-json\/wp\/v2\/tags?post=10872"}],"curies":[{"name":"wp","href":"https:\/\/api.w.org\/{rel}","templated":true}]}}