{"id":10875,"date":"2023-11-12T09:21:55","date_gmt":"2023-11-12T12:21:55","guid":{"rendered":"https:\/\/brasilnoticias.org\/site\/?p=10875"},"modified":"2023-11-11T18:23:15","modified_gmt":"2023-11-11T21:23:15","slug":"presidente-do-ira-declara-que-cupula-na-arabia-saudita-e-para-salvar-os-palestinos","status":"publish","type":"post","link":"https:\/\/brasilnoticias.org\/site\/presidente-do-ira-declara-que-cupula-na-arabia-saudita-e-para-salvar-os-palestinos\/","title":{"rendered":"Presidente do Ir\u00e3 declara que c\u00fapula na Ar\u00e1bia Saudita \u00e9 para \u201csalvar os palestinos\u201d"},"content":{"rendered":"<p>Depois do Estado judeu, a Ar\u00e1bia Saudita \u00e9 um dos maiores aliados dos Estados Unidos na regi\u00e3o<\/p>\n<p>A Ar\u00e1bia Saudita e outros pa\u00edses mu\u00e7ulmanos pediram um fim imediato \u00e0s opera\u00e7\u00f5es militares israelenses em Gaza, argumentando que Tel Aviv cometeu crimes contra os palestinos. Durante o encontro, o presidente do Ir\u00e3 disse que os participantes da C\u00fapula Extraordin\u00e1ria Conjunta \u00c1rabe-Isl\u00e2mica se reuniram neste s\u00e1bado (11) em nome do mundo isl\u00e2mico para &#8220;salvar os palestinos&#8221;.<\/p>\n<p>\u201cNos reunimos aqui hoje para discutir o foco do mundo isl\u00e2mico, que \u00e9 a causa palestina, onde testemunhamos os piores crimes da hist\u00f3ria. Hoje \u00e9 um dia hist\u00f3rico na heroica defesa e apoio \u00e0 Mesquita de Al-Aqsa,\u201d afirmou Raisi em Riad, capital da Ar\u00e1bia Saudita, onde o encontro foi realizado.<\/p>\n<p>A presen\u00e7a de Raisi na c\u00fapula \u00e9 significativa, j\u00e1 que \u00e9 a primeira vez que um l\u00edder iraniano visita \u00e0 Ar\u00e1bia Saudita em mais de uma d\u00e9cada. O pa\u00eds tamb\u00e9m tem la\u00e7os estreitos com o Hamas e o grupo radical liban\u00eas Hezbollah, que tamb\u00e9m est\u00e1 em conflito com Israel.<\/p>\n<p>O pr\u00edncipe herdeiro saudita, Mohammed bin Salman, que governa o pa\u00eds do Golfo, disse que essa \u00e9 uma cat\u00e1strofe humanit\u00e1ria que prova o fracasso do Conselho de Seguran\u00e7a e da comunidade internacional em colocar fim \u00e0s viola\u00e7\u00f5es israelenses \u00e0s leis internacionais.<\/p>\n<p>Participaram da reuni\u00e3o neste s\u00e1bado (11) nomes como o presidente iraniano Ebrahim Raisi; o presidente turco Recep Tayyip Erdogan; o emir do Qatar, Tamim bin Hamad al-Thani; e o ditador s\u00edrio Bashar al-Assad.<\/p>\n<p>Foto: Reprodu\u00e7\u00e3o\/Redes sociais<br \/>\nPor: Metro1 <\/p>\n","protected":false},"excerpt":{"rendered":"<p>Depois do Estado judeu, a Ar\u00e1bia Saudita \u00e9 um dos maiores aliados dos Estados Unidos na regi\u00e3o A Ar\u00e1bia Saudita<\/p>\n","protected":false},"author":4,"featured_media":10876,"comment_status":"open","ping_status":"open","sticky":false,"template":"","format":"standard","meta":{"colormag_page_container_layout":"default_layout","colormag_page_sidebar_layout":"default_layout","_FSMCFIC_featured_image_caption":"","_FSMCFIC_featured_image_nocaption":"","_FSMCFIC_featured_image_hide":"","footnotes":""},"categories":[6,1],"tags":[],"class_list":["post-10875","post","type-post","status-publish","format-standard","has-post-thumbnail","hentry","category-mundo","category-ultimas"],"yoast_head":"<!-- This site is optimized with the Yoast SEO plugin v27.1.1 - https:\/\/yoast.com\/product\/yoast-seo-wordpress\/ -->\n<title>Presidente do Ir\u00e3 declara que c\u00fapula na Ar\u00e1bia Saudita \u00e9 para \u201csalvar os palestinos\u201d - Brasil not\u00edcias<\/title>\n<meta name=\"robots\" content=\"index, follow, max-snippet:-1, max-image-preview:large, max-video-preview:-1\" \/>\n<link rel=\"canonical\" href=\"https:\/\/brasilnoticias.org\/site\/presidente-do-ira-declara-que-cupula-na-arabia-saudita-e-para-salvar-os-palestinos\/\" \/>\n<meta property=\"og:locale\" content=\"pt_PT\" \/>\n<meta property=\"og:type\" content=\"article\" \/>\n<meta property=\"og:title\" content=\"Presidente do Ir\u00e3 declara que c\u00fapula na Ar\u00e1bia Saudita \u00e9 para \u201csalvar os palestinos\u201d - Brasil not\u00edcias\" \/>\n<meta property=\"og:description\" content=\"Depois do Estado judeu, a Ar\u00e1bia Saudita \u00e9 um dos maiores aliados dos Estados Unidos na regi\u00e3o A Ar\u00e1bia Saudita\" \/>\n<meta property=\"og:url\" content=\"https:\/\/brasilnoticias.org\/site\/presidente-do-ira-declara-que-cupula-na-arabia-saudita-e-para-salvar-os-palestinos\/\" \/>\n<meta property=\"og:site_name\" content=\"Brasil not\u00edcias\" \/>\n<meta property=\"article:published_time\" content=\"2023-11-12T12:21:55+00:00\" \/>\n<meta property=\"og:image\" content=\"https:\/\/brasilnoticias.org\/site\/wp-content\/uploads\/2023\/11\/143037presidente-do-ira-declara-que-cupula-na-arabia-saudita-e-para-salvar-os-palestinos-3.jpg\" \/>\n\t<meta property=\"og:image:width\" content=\"1600\" \/>\n\t<meta property=\"og:image:height\" content=\"752\" \/>\n\t<meta property=\"og:image:type\" content=\"image\/jpeg\" \/>\n<meta name=\"author\" content=\"Reda\u00e7\u00e3o\" \/>\n<meta name=\"twitter:card\" content=\"summary_large_image\" \/>\n<meta name=\"twitter:label1\" content=\"Escrito por\" \/>\n\t<meta name=\"twitter:data1\" content=\"Reda\u00e7\u00e3o\" \/>\n<script type=\"application\/ld+json\" class=\"yoast-schema-graph\">{\"@context\":\"https:\/\/schema.org\",\"@graph\":[{\"@type\":\"Article\",\"@id\":\"https:\/\/brasilnoticias.org\/site\/presidente-do-ira-declara-que-cupula-na-arabia-saudita-e-para-salvar-os-palestinos\/#article\",\"isPartOf\":{\"@id\":\"https:\/\/brasilnoticias.org\/site\/presidente-do-ira-declara-que-cupula-na-arabia-saudita-e-para-salvar-os-palestinos\/\"},\"author\":{\"name\":\"Reda\u00e7\u00e3o\",\"@id\":\"https:\/\/brasilnoticias.org\/site\/#\/schema\/person\/03bbbfe6c7634ad18c26444ea39049fa\"},\"headline\":\"Presidente do Ir\u00e3 declara que c\u00fapula na Ar\u00e1bia Saudita \u00e9 para \u201csalvar os palestinos\u201d\",\"datePublished\":\"2023-11-12T12:21:55+00:00\",\"mainEntityOfPage\":{\"@id\":\"https:\/\/brasilnoticias.org\/site\/presidente-do-ira-declara-que-cupula-na-arabia-saudita-e-para-salvar-os-palestinos\/\"},\"wordCount\":292,\"commentCount\":0,\"publisher\":{\"@id\":\"https:\/\/brasilnoticias.org\/site\/#organization\"},\"image\":{\"@id\":\"https:\/\/brasilnoticias.org\/site\/presidente-do-ira-declara-que-cupula-na-arabia-saudita-e-para-salvar-os-palestinos\/#primaryimage\"},\"thumbnailUrl\":\"https:\/\/brasilnoticias.org\/site\/wp-content\/uploads\/2023\/11\/143037presidente-do-ira-declara-que-cupula-na-arabia-saudita-e-para-salvar-os-palestinos-3.jpg\",\"articleSection\":[\"Mundo\",\"\u00daltimas\"],\"inLanguage\":\"pt-PT\",\"potentialAction\":[{\"@type\":\"CommentAction\",\"name\":\"Comment\",\"target\":[\"https:\/\/brasilnoticias.org\/site\/presidente-do-ira-declara-que-cupula-na-arabia-saudita-e-para-salvar-os-palestinos\/#respond\"]}]},{\"@type\":\"WebPage\",\"@id\":\"https:\/\/brasilnoticias.org\/site\/presidente-do-ira-declara-que-cupula-na-arabia-saudita-e-para-salvar-os-palestinos\/\",\"url\":\"https:\/\/brasilnoticias.org\/site\/presidente-do-ira-declara-que-cupula-na-arabia-saudita-e-para-salvar-os-palestinos\/\",\"name\":\"Presidente do Ir\u00e3 declara que c\u00fapula na Ar\u00e1bia Saudita \u00e9 para \u201csalvar os palestinos\u201d - Brasil not\u00edcias\",\"isPartOf\":{\"@id\":\"https:\/\/brasilnoticias.org\/site\/#website\"},\"primaryImageOfPage\":{\"@id\":\"https:\/\/brasilnoticias.org\/site\/presidente-do-ira-declara-que-cupula-na-arabia-saudita-e-para-salvar-os-palestinos\/#primaryimage\"},\"image\":{\"@id\":\"https:\/\/brasilnoticias.org\/site\/presidente-do-ira-declara-que-cupula-na-arabia-saudita-e-para-salvar-os-palestinos\/#primaryimage\"},\"thumbnailUrl\":\"https:\/\/brasilnoticias.org\/site\/wp-content\/uploads\/2023\/11\/143037presidente-do-ira-declara-que-cupula-na-arabia-saudita-e-para-salvar-os-palestinos-3.jpg\",\"datePublished\":\"2023-11-12T12:21:55+00:00\",\"breadcrumb\":{\"@id\":\"https:\/\/brasilnoticias.org\/site\/presidente-do-ira-declara-que-cupula-na-arabia-saudita-e-para-salvar-os-palestinos\/#breadcrumb\"},\"inLanguage\":\"pt-PT\",\"potentialAction\":[{\"@type\":\"ReadAction\",\"target\":[\"https:\/\/brasilnoticias.org\/site\/presidente-do-ira-declara-que-cupula-na-arabia-saudita-e-para-salvar-os-palestinos\/\"]}]},{\"@type\":\"ImageObject\",\"inLanguage\":\"pt-PT\",\"@id\":\"https:\/\/brasilnoticias.org\/site\/presidente-do-ira-declara-que-cupula-na-arabia-saudita-e-para-salvar-os-palestinos\/#primaryimage\",\"url\":\"https:\/\/brasilnoticias.org\/site\/wp-content\/uploads\/2023\/11\/143037presidente-do-ira-declara-que-cupula-na-arabia-saudita-e-para-salvar-os-palestinos-3.jpg\",\"contentUrl\":\"https:\/\/brasilnoticias.org\/site\/wp-content\/uploads\/2023\/11\/143037presidente-do-ira-declara-que-cupula-na-arabia-saudita-e-para-salvar-os-palestinos-3.jpg\",\"width\":1600,\"height\":752},{\"@type\":\"BreadcrumbList\",\"@id\":\"https:\/\/brasilnoticias.org\/site\/presidente-do-ira-declara-que-cupula-na-arabia-saudita-e-para-salvar-os-palestinos\/#breadcrumb\",\"itemListElement\":[{\"@type\":\"ListItem\",\"position\":1,\"name\":\"In\u00edcio\",\"item\":\"https:\/\/brasilnoticias.org\/site\/\"},{\"@type\":\"ListItem\",\"position\":2,\"name\":\"Presidente do Ir\u00e3 declara que c\u00fapula na Ar\u00e1bia Saudita \u00e9 para \u201csalvar os palestinos\u201d\"}]},{\"@type\":\"WebSite\",\"@id\":\"https:\/\/brasilnoticias.org\/site\/#website\",\"url\":\"https:\/\/brasilnoticias.org\/site\/\",\"name\":\"Brasil not\u00edcias\",\"description\":\"Brasil not\u00edcias\",\"publisher\":{\"@id\":\"https:\/\/brasilnoticias.org\/site\/#organization\"},\"potentialAction\":[{\"@type\":\"SearchAction\",\"target\":{\"@type\":\"EntryPoint\",\"urlTemplate\":\"https:\/\/brasilnoticias.org\/site\/?s={search_term_string}\"},\"query-input\":{\"@type\":\"PropertyValueSpecification\",\"valueRequired\":true,\"valueName\":\"search_term_string\"}}],\"inLanguage\":\"pt-PT\"},{\"@type\":\"Organization\",\"@id\":\"https:\/\/brasilnoticias.org\/site\/#organization\",\"name\":\"Brasil not\u00edcias\",\"url\":\"https:\/\/brasilnoticias.org\/site\/\",\"logo\":{\"@type\":\"ImageObject\",\"inLanguage\":\"pt-PT\",\"@id\":\"https:\/\/brasilnoticias.org\/site\/#\/schema\/logo\/image\/\",\"url\":\"https:\/\/brasilnoticias.org\/site\/wp-content\/uploads\/2022\/05\/cropped-brasilnoticias-mini.jpg\",\"contentUrl\":\"https:\/\/brasilnoticias.org\/site\/wp-content\/uploads\/2022\/05\/cropped-brasilnoticias-mini.jpg\",\"width\":314,\"height\":86,\"caption\":\"Brasil not\u00edcias\"},\"image\":{\"@id\":\"https:\/\/brasilnoticias.org\/site\/#\/schema\/logo\/image\/\"}},{\"@type\":\"Person\",\"@id\":\"https:\/\/brasilnoticias.org\/site\/#\/schema\/person\/03bbbfe6c7634ad18c26444ea39049fa\",\"name\":\"Reda\u00e7\u00e3o\",\"image\":{\"@type\":\"ImageObject\",\"inLanguage\":\"pt-PT\",\"@id\":\"https:\/\/brasilnoticias.org\/site\/#\/schema\/person\/image\/\",\"url\":\"https:\/\/secure.gravatar.com\/avatar\/9ecaf7327a696cb23ad926fedded5f1f04d7049de9e445375d55b48c001a6e42?s=96&d=mm&r=g\",\"contentUrl\":\"https:\/\/secure.gravatar.com\/avatar\/9ecaf7327a696cb23ad926fedded5f1f04d7049de9e445375d55b48c001a6e42?s=96&d=mm&r=g\",\"caption\":\"Reda\u00e7\u00e3o\"},\"url\":\"https:\/\/brasilnoticias.org\/site\/author\/henrique\/\"}]}<\/script>\n<!-- \/ Yoast SEO plugin. -->","yoast_head_json":{"title":"Presidente do Ir\u00e3 declara que c\u00fapula na Ar\u00e1bia Saudita \u00e9 para \u201csalvar os palestinos\u201d - Brasil not\u00edcias","robots":{"index":"index","follow":"follow","max-snippet":"max-snippet:-1","max-image-preview":"max-image-preview:large","max-video-preview":"max-video-preview:-1"},"canonical":"https:\/\/brasilnoticias.org\/site\/presidente-do-ira-declara-que-cupula-na-arabia-saudita-e-para-salvar-os-palestinos\/","og_locale":"pt_PT","og_type":"article","og_title":"Presidente do Ir\u00e3 declara que c\u00fapula na Ar\u00e1bia Saudita \u00e9 para \u201csalvar os palestinos\u201d - Brasil not\u00edcias","og_description":"Depois do Estado judeu, a Ar\u00e1bia Saudita \u00e9 um dos maiores aliados dos Estados Unidos na regi\u00e3o A Ar\u00e1bia Saudita","og_url":"https:\/\/brasilnoticias.org\/site\/presidente-do-ira-declara-que-cupula-na-arabia-saudita-e-para-salvar-os-palestinos\/","og_site_name":"Brasil not\u00edcias","article_published_time":"2023-11-12T12:21:55+00:00","og_image":[{"width":1600,"height":752,"url":"https:\/\/brasilnoticias.org\/site\/wp-content\/uploads\/2023\/11\/143037presidente-do-ira-declara-que-cupula-na-arabia-saudita-e-para-salvar-os-palestinos-3.jpg","type":"image\/jpeg"}],"author":"Reda\u00e7\u00e3o","twitter_card":"summary_large_image","twitter_misc":{"Escrito por":"Reda\u00e7\u00e3o"},"schema":{"@context":"https:\/\/schema.org","@graph":[{"@type":"Article","@id":"https:\/\/brasilnoticias.org\/site\/presidente-do-ira-declara-que-cupula-na-arabia-saudita-e-para-salvar-os-palestinos\/#article","isPartOf":{"@id":"https:\/\/brasilnoticias.org\/site\/presidente-do-ira-declara-que-cupula-na-arabia-saudita-e-para-salvar-os-palestinos\/"},"author":{"name":"Reda\u00e7\u00e3o","@id":"https:\/\/brasilnoticias.org\/site\/#\/schema\/person\/03bbbfe6c7634ad18c26444ea39049fa"},"headline":"Presidente do Ir\u00e3 declara que c\u00fapula na Ar\u00e1bia Saudita \u00e9 para \u201csalvar os palestinos\u201d","datePublished":"2023-11-12T12:21:55+00:00","mainEntityOfPage":{"@id":"https:\/\/brasilnoticias.org\/site\/presidente-do-ira-declara-que-cupula-na-arabia-saudita-e-para-salvar-os-palestinos\/"},"wordCount":292,"commentCount":0,"publisher":{"@id":"https:\/\/brasilnoticias.org\/site\/#organization"},"image":{"@id":"https:\/\/brasilnoticias.org\/site\/presidente-do-ira-declara-que-cupula-na-arabia-saudita-e-para-salvar-os-palestinos\/#primaryimage"},"thumbnailUrl":"https:\/\/brasilnoticias.org\/site\/wp-content\/uploads\/2023\/11\/143037presidente-do-ira-declara-que-cupula-na-arabia-saudita-e-para-salvar-os-palestinos-3.jpg","articleSection":["Mundo","\u00daltimas"],"inLanguage":"pt-PT","potentialAction":[{"@type":"CommentAction","name":"Comment","target":["https:\/\/brasilnoticias.org\/site\/presidente-do-ira-declara-que-cupula-na-arabia-saudita-e-para-salvar-os-palestinos\/#respond"]}]},{"@type":"WebPage","@id":"https:\/\/brasilnoticias.org\/site\/presidente-do-ira-declara-que-cupula-na-arabia-saudita-e-para-salvar-os-palestinos\/","url":"https:\/\/brasilnoticias.org\/site\/presidente-do-ira-declara-que-cupula-na-arabia-saudita-e-para-salvar-os-palestinos\/","name":"Presidente do Ir\u00e3 declara que c\u00fapula na Ar\u00e1bia Saudita \u00e9 para \u201csalvar os palestinos\u201d - Brasil not\u00edcias","isPartOf":{"@id":"https:\/\/brasilnoticias.org\/site\/#website"},"primaryImageOfPage":{"@id":"https:\/\/brasilnoticias.org\/site\/presidente-do-ira-declara-que-cupula-na-arabia-saudita-e-para-salvar-os-palestinos\/#primaryimage"},"image":{"@id":"https:\/\/brasilnoticias.org\/site\/presidente-do-ira-declara-que-cupula-na-arabia-saudita-e-para-salvar-os-palestinos\/#primaryimage"},"thumbnailUrl":"https:\/\/brasilnoticias.org\/site\/wp-content\/uploads\/2023\/11\/143037presidente-do-ira-declara-que-cupula-na-arabia-saudita-e-para-salvar-os-palestinos-3.jpg","datePublished":"2023-11-12T12:21:55+00:00","breadcrumb":{"@id":"https:\/\/brasilnoticias.org\/site\/presidente-do-ira-declara-que-cupula-na-arabia-saudita-e-para-salvar-os-palestinos\/#breadcrumb"},"inLanguage":"pt-PT","potentialAction":[{"@type":"ReadAction","target":["https:\/\/brasilnoticias.org\/site\/presidente-do-ira-declara-que-cupula-na-arabia-saudita-e-para-salvar-os-palestinos\/"]}]},{"@type":"ImageObject","inLanguage":"pt-PT","@id":"https:\/\/brasilnoticias.org\/site\/presidente-do-ira-declara-que-cupula-na-arabia-saudita-e-para-salvar-os-palestinos\/#primaryimage","url":"https:\/\/brasilnoticias.org\/site\/wp-content\/uploads\/2023\/11\/143037presidente-do-ira-declara-que-cupula-na-arabia-saudita-e-para-salvar-os-palestinos-3.jpg","contentUrl":"https:\/\/brasilnoticias.org\/site\/wp-content\/uploads\/2023\/11\/143037presidente-do-ira-declara-que-cupula-na-arabia-saudita-e-para-salvar-os-palestinos-3.jpg","width":1600,"height":752},{"@type":"BreadcrumbList","@id":"https:\/\/brasilnoticias.org\/site\/presidente-do-ira-declara-que-cupula-na-arabia-saudita-e-para-salvar-os-palestinos\/#breadcrumb","itemListElement":[{"@type":"ListItem","position":1,"name":"In\u00edcio","item":"https:\/\/brasilnoticias.org\/site\/"},{"@type":"ListItem","position":2,"name":"Presidente do Ir\u00e3 declara que c\u00fapula na Ar\u00e1bia Saudita \u00e9 para \u201csalvar os palestinos\u201d"}]},{"@type":"WebSite","@id":"https:\/\/brasilnoticias.org\/site\/#website","url":"https:\/\/brasilnoticias.org\/site\/","name":"Brasil not\u00edcias","description":"Brasil not\u00edcias","publisher":{"@id":"https:\/\/brasilnoticias.org\/site\/#organization"},"potentialAction":[{"@type":"SearchAction","target":{"@type":"EntryPoint","urlTemplate":"https:\/\/brasilnoticias.org\/site\/?s={search_term_string}"},"query-input":{"@type":"PropertyValueSpecification","valueRequired":true,"valueName":"search_term_string"}}],"inLanguage":"pt-PT"},{"@type":"Organization","@id":"https:\/\/brasilnoticias.org\/site\/#organization","name":"Brasil not\u00edcias","url":"https:\/\/brasilnoticias.org\/site\/","logo":{"@type":"ImageObject","inLanguage":"pt-PT","@id":"https:\/\/brasilnoticias.org\/site\/#\/schema\/logo\/image\/","url":"https:\/\/brasilnoticias.org\/site\/wp-content\/uploads\/2022\/05\/cropped-brasilnoticias-mini.jpg","contentUrl":"https:\/\/brasilnoticias.org\/site\/wp-content\/uploads\/2022\/05\/cropped-brasilnoticias-mini.jpg","width":314,"height":86,"caption":"Brasil not\u00edcias"},"image":{"@id":"https:\/\/brasilnoticias.org\/site\/#\/schema\/logo\/image\/"}},{"@type":"Person","@id":"https:\/\/brasilnoticias.org\/site\/#\/schema\/person\/03bbbfe6c7634ad18c26444ea39049fa","name":"Reda\u00e7\u00e3o","image":{"@type":"ImageObject","inLanguage":"pt-PT","@id":"https:\/\/brasilnoticias.org\/site\/#\/schema\/person\/image\/","url":"https:\/\/secure.gravatar.com\/avatar\/9ecaf7327a696cb23ad926fedded5f1f04d7049de9e445375d55b48c001a6e42?s=96&d=mm&r=g","contentUrl":"https:\/\/secure.gravatar.com\/avatar\/9ecaf7327a696cb23ad926fedded5f1f04d7049de9e445375d55b48c001a6e42?s=96&d=mm&r=g","caption":"Reda\u00e7\u00e3o"},"url":"https:\/\/brasilnoticias.org\/site\/author\/henrique\/"}]}},"_links":{"self":[{"href":"https:\/\/brasilnoticias.org\/site\/wp-json\/wp\/v2\/posts\/10875","targetHints":{"allow":["GET"]}}],"collection":[{"href":"https:\/\/brasilnoticias.org\/site\/wp-json\/wp\/v2\/posts"}],"about":[{"href":"https:\/\/brasilnoticias.org\/site\/wp-json\/wp\/v2\/types\/post"}],"author":[{"embeddable":true,"href":"https:\/\/brasilnoticias.org\/site\/wp-json\/wp\/v2\/users\/4"}],"replies":[{"embeddable":true,"href":"https:\/\/brasilnoticias.org\/site\/wp-json\/wp\/v2\/comments?post=10875"}],"version-history":[{"count":1,"href":"https:\/\/brasilnoticias.org\/site\/wp-json\/wp\/v2\/posts\/10875\/revisions"}],"predecessor-version":[{"id":10877,"href":"https:\/\/brasilnoticias.org\/site\/wp-json\/wp\/v2\/posts\/10875\/revisions\/10877"}],"wp:featuredmedia":[{"embeddable":true,"href":"https:\/\/brasilnoticias.org\/site\/wp-json\/wp\/v2\/media\/10876"}],"wp:attachment":[{"href":"https:\/\/brasilnoticias.org\/site\/wp-json\/wp\/v2\/media?parent=10875"}],"wp:term":[{"taxonomy":"category","embeddable":true,"href":"https:\/\/brasilnoticias.org\/site\/wp-json\/wp\/v2\/categories?post=10875"},{"taxonomy":"post_tag","embeddable":true,"href":"https:\/\/brasilnoticias.org\/site\/wp-json\/wp\/v2\/tags?post=10875"}],"curies":[{"name":"wp","href":"https:\/\/api.w.org\/{rel}","templated":true}]}}