{"id":10878,"date":"2023-11-12T20:32:22","date_gmt":"2023-11-12T23:32:22","guid":{"rendered":"https:\/\/brasilnoticias.org\/site\/?p=10878"},"modified":"2023-11-12T20:32:22","modified_gmt":"2023-11-12T23:32:22","slug":"subiu-apos-5-anos-vitoria-esta-de-volta-a-serie-a-de-forma-antecipada","status":"publish","type":"post","link":"https:\/\/brasilnoticias.org\/site\/subiu-apos-5-anos-vitoria-esta-de-volta-a-serie-a-de-forma-antecipada\/","title":{"rendered":"Subiu! Ap\u00f3s 5 anos, Vit\u00f3ria est\u00e1 de volta \u00e0 S\u00e9rie A de forma antecipada"},"content":{"rendered":"<p>O Vit\u00f3ria est\u00e1 de volta \u00e0 Primeira Divis\u00e3o do Brasileir\u00e3o ap\u00f3s cinco anos afastado. O Le\u00e3o da Barra conseguiu, de forma antecipada, retornar \u00e0 S\u00e9rie A, ao vencer o Novorizontino, em S\u00e3o Paulo, por 2 a 1.<\/p>\n<p>Agora, o rubro-negro tamb\u00e9m fica muito pr\u00f3ximo do t\u00edtulo in\u00e9dito da S\u00e9rie B. Resta apenas o Crici\u00fama deixar de vencer uma das tr\u00eas partidas que restam.<\/p>\n<p>Na pr\u00f3xima ter\u00e7a-feira (14\/11), o time de Santa Catarina enfrentar\u00e1 o Guarani, em S\u00e3o Paulo. Basta um empate para o Vit\u00f3ria garantia o primeiro treofeu da competi\u00e7\u00e3o.<\/p>\n<p>Foto: Divulga\u00e7\u00e3o\/EC Vit\u00f3ria<br \/>\nAratu On<\/p>\n","protected":false},"excerpt":{"rendered":"<p>O Vit\u00f3ria est\u00e1 de volta \u00e0 Primeira Divis\u00e3o do Brasileir\u00e3o ap\u00f3s cinco anos afastado. O Le\u00e3o da Barra conseguiu, de<\/p>\n","protected":false},"author":4,"featured_media":10879,"comment_status":"open","ping_status":"open","sticky":false,"template":"","format":"standard","meta":{"colormag_page_container_layout":"default_layout","colormag_page_sidebar_layout":"default_layout","_FSMCFIC_featured_image_caption":"","_FSMCFIC_featured_image_nocaption":"","_FSMCFIC_featured_image_hide":"","footnotes":""},"categories":[4,1],"tags":[],"class_list":["post-10878","post","type-post","status-publish","format-standard","has-post-thumbnail","hentry","category-esporte","category-ultimas"],"yoast_head":"<!-- This site is optimized with the Yoast SEO plugin v27.1.1 - https:\/\/yoast.com\/product\/yoast-seo-wordpress\/ -->\n<title>Subiu! Ap\u00f3s 5 anos, Vit\u00f3ria est\u00e1 de volta \u00e0 S\u00e9rie A de forma antecipada - Brasil not\u00edcias<\/title>\n<meta name=\"robots\" content=\"index, follow, max-snippet:-1, max-image-preview:large, max-video-preview:-1\" \/>\n<link rel=\"canonical\" href=\"https:\/\/brasilnoticias.org\/site\/subiu-apos-5-anos-vitoria-esta-de-volta-a-serie-a-de-forma-antecipada\/\" \/>\n<meta property=\"og:locale\" content=\"pt_PT\" \/>\n<meta property=\"og:type\" content=\"article\" \/>\n<meta property=\"og:title\" content=\"Subiu! Ap\u00f3s 5 anos, Vit\u00f3ria est\u00e1 de volta \u00e0 S\u00e9rie A de forma antecipada - Brasil not\u00edcias\" \/>\n<meta property=\"og:description\" content=\"O Vit\u00f3ria est\u00e1 de volta \u00e0 Primeira Divis\u00e3o do Brasileir\u00e3o ap\u00f3s cinco anos afastado. O Le\u00e3o da Barra conseguiu, de\" \/>\n<meta property=\"og:url\" content=\"https:\/\/brasilnoticias.org\/site\/subiu-apos-5-anos-vitoria-esta-de-volta-a-serie-a-de-forma-antecipada\/\" \/>\n<meta property=\"og:site_name\" content=\"Brasil not\u00edcias\" \/>\n<meta property=\"article:published_time\" content=\"2023-11-12T23:32:22+00:00\" \/>\n<meta property=\"og:image\" content=\"https:\/\/brasilnoticias.org\/site\/wp-content\/uploads\/2023\/11\/VIC_1584-740x470-1.jpg\" \/>\n\t<meta property=\"og:image:width\" content=\"740\" \/>\n\t<meta property=\"og:image:height\" content=\"470\" \/>\n\t<meta property=\"og:image:type\" content=\"image\/jpeg\" \/>\n<meta name=\"author\" content=\"Reda\u00e7\u00e3o\" \/>\n<meta name=\"twitter:card\" content=\"summary_large_image\" \/>\n<meta name=\"twitter:label1\" content=\"Escrito por\" \/>\n\t<meta name=\"twitter:data1\" content=\"Reda\u00e7\u00e3o\" \/>\n<script type=\"application\/ld+json\" class=\"yoast-schema-graph\">{\"@context\":\"https:\/\/schema.org\",\"@graph\":[{\"@type\":\"Article\",\"@id\":\"https:\/\/brasilnoticias.org\/site\/subiu-apos-5-anos-vitoria-esta-de-volta-a-serie-a-de-forma-antecipada\/#article\",\"isPartOf\":{\"@id\":\"https:\/\/brasilnoticias.org\/site\/subiu-apos-5-anos-vitoria-esta-de-volta-a-serie-a-de-forma-antecipada\/\"},\"author\":{\"name\":\"Reda\u00e7\u00e3o\",\"@id\":\"https:\/\/brasilnoticias.org\/site\/#\/schema\/person\/03bbbfe6c7634ad18c26444ea39049fa\"},\"headline\":\"Subiu! Ap\u00f3s 5 anos, Vit\u00f3ria est\u00e1 de volta \u00e0 S\u00e9rie A de forma antecipada\",\"datePublished\":\"2023-11-12T23:32:22+00:00\",\"mainEntityOfPage\":{\"@id\":\"https:\/\/brasilnoticias.org\/site\/subiu-apos-5-anos-vitoria-esta-de-volta-a-serie-a-de-forma-antecipada\/\"},\"wordCount\":127,\"commentCount\":0,\"publisher\":{\"@id\":\"https:\/\/brasilnoticias.org\/site\/#organization\"},\"image\":{\"@id\":\"https:\/\/brasilnoticias.org\/site\/subiu-apos-5-anos-vitoria-esta-de-volta-a-serie-a-de-forma-antecipada\/#primaryimage\"},\"thumbnailUrl\":\"https:\/\/brasilnoticias.org\/site\/wp-content\/uploads\/2023\/11\/VIC_1584-740x470-1.jpg\",\"articleSection\":[\"Esporte\",\"\u00daltimas\"],\"inLanguage\":\"pt-PT\",\"potentialAction\":[{\"@type\":\"CommentAction\",\"name\":\"Comment\",\"target\":[\"https:\/\/brasilnoticias.org\/site\/subiu-apos-5-anos-vitoria-esta-de-volta-a-serie-a-de-forma-antecipada\/#respond\"]}]},{\"@type\":\"WebPage\",\"@id\":\"https:\/\/brasilnoticias.org\/site\/subiu-apos-5-anos-vitoria-esta-de-volta-a-serie-a-de-forma-antecipada\/\",\"url\":\"https:\/\/brasilnoticias.org\/site\/subiu-apos-5-anos-vitoria-esta-de-volta-a-serie-a-de-forma-antecipada\/\",\"name\":\"Subiu! Ap\u00f3s 5 anos, Vit\u00f3ria est\u00e1 de volta \u00e0 S\u00e9rie A de forma antecipada - Brasil not\u00edcias\",\"isPartOf\":{\"@id\":\"https:\/\/brasilnoticias.org\/site\/#website\"},\"primaryImageOfPage\":{\"@id\":\"https:\/\/brasilnoticias.org\/site\/subiu-apos-5-anos-vitoria-esta-de-volta-a-serie-a-de-forma-antecipada\/#primaryimage\"},\"image\":{\"@id\":\"https:\/\/brasilnoticias.org\/site\/subiu-apos-5-anos-vitoria-esta-de-volta-a-serie-a-de-forma-antecipada\/#primaryimage\"},\"thumbnailUrl\":\"https:\/\/brasilnoticias.org\/site\/wp-content\/uploads\/2023\/11\/VIC_1584-740x470-1.jpg\",\"datePublished\":\"2023-11-12T23:32:22+00:00\",\"breadcrumb\":{\"@id\":\"https:\/\/brasilnoticias.org\/site\/subiu-apos-5-anos-vitoria-esta-de-volta-a-serie-a-de-forma-antecipada\/#breadcrumb\"},\"inLanguage\":\"pt-PT\",\"potentialAction\":[{\"@type\":\"ReadAction\",\"target\":[\"https:\/\/brasilnoticias.org\/site\/subiu-apos-5-anos-vitoria-esta-de-volta-a-serie-a-de-forma-antecipada\/\"]}]},{\"@type\":\"ImageObject\",\"inLanguage\":\"pt-PT\",\"@id\":\"https:\/\/brasilnoticias.org\/site\/subiu-apos-5-anos-vitoria-esta-de-volta-a-serie-a-de-forma-antecipada\/#primaryimage\",\"url\":\"https:\/\/brasilnoticias.org\/site\/wp-content\/uploads\/2023\/11\/VIC_1584-740x470-1.jpg\",\"contentUrl\":\"https:\/\/brasilnoticias.org\/site\/wp-content\/uploads\/2023\/11\/VIC_1584-740x470-1.jpg\",\"width\":740,\"height\":470},{\"@type\":\"BreadcrumbList\",\"@id\":\"https:\/\/brasilnoticias.org\/site\/subiu-apos-5-anos-vitoria-esta-de-volta-a-serie-a-de-forma-antecipada\/#breadcrumb\",\"itemListElement\":[{\"@type\":\"ListItem\",\"position\":1,\"name\":\"In\u00edcio\",\"item\":\"https:\/\/brasilnoticias.org\/site\/\"},{\"@type\":\"ListItem\",\"position\":2,\"name\":\"Subiu! Ap\u00f3s 5 anos, Vit\u00f3ria est\u00e1 de volta \u00e0 S\u00e9rie A de forma antecipada\"}]},{\"@type\":\"WebSite\",\"@id\":\"https:\/\/brasilnoticias.org\/site\/#website\",\"url\":\"https:\/\/brasilnoticias.org\/site\/\",\"name\":\"Brasil not\u00edcias\",\"description\":\"Brasil not\u00edcias\",\"publisher\":{\"@id\":\"https:\/\/brasilnoticias.org\/site\/#organization\"},\"potentialAction\":[{\"@type\":\"SearchAction\",\"target\":{\"@type\":\"EntryPoint\",\"urlTemplate\":\"https:\/\/brasilnoticias.org\/site\/?s={search_term_string}\"},\"query-input\":{\"@type\":\"PropertyValueSpecification\",\"valueRequired\":true,\"valueName\":\"search_term_string\"}}],\"inLanguage\":\"pt-PT\"},{\"@type\":\"Organization\",\"@id\":\"https:\/\/brasilnoticias.org\/site\/#organization\",\"name\":\"Brasil not\u00edcias\",\"url\":\"https:\/\/brasilnoticias.org\/site\/\",\"logo\":{\"@type\":\"ImageObject\",\"inLanguage\":\"pt-PT\",\"@id\":\"https:\/\/brasilnoticias.org\/site\/#\/schema\/logo\/image\/\",\"url\":\"https:\/\/brasilnoticias.org\/site\/wp-content\/uploads\/2022\/05\/cropped-brasilnoticias-mini.jpg\",\"contentUrl\":\"https:\/\/brasilnoticias.org\/site\/wp-content\/uploads\/2022\/05\/cropped-brasilnoticias-mini.jpg\",\"width\":314,\"height\":86,\"caption\":\"Brasil not\u00edcias\"},\"image\":{\"@id\":\"https:\/\/brasilnoticias.org\/site\/#\/schema\/logo\/image\/\"}},{\"@type\":\"Person\",\"@id\":\"https:\/\/brasilnoticias.org\/site\/#\/schema\/person\/03bbbfe6c7634ad18c26444ea39049fa\",\"name\":\"Reda\u00e7\u00e3o\",\"image\":{\"@type\":\"ImageObject\",\"inLanguage\":\"pt-PT\",\"@id\":\"https:\/\/brasilnoticias.org\/site\/#\/schema\/person\/image\/\",\"url\":\"https:\/\/secure.gravatar.com\/avatar\/9ecaf7327a696cb23ad926fedded5f1f04d7049de9e445375d55b48c001a6e42?s=96&d=mm&r=g\",\"contentUrl\":\"https:\/\/secure.gravatar.com\/avatar\/9ecaf7327a696cb23ad926fedded5f1f04d7049de9e445375d55b48c001a6e42?s=96&d=mm&r=g\",\"caption\":\"Reda\u00e7\u00e3o\"},\"url\":\"https:\/\/brasilnoticias.org\/site\/author\/henrique\/\"}]}<\/script>\n<!-- \/ Yoast SEO plugin. -->","yoast_head_json":{"title":"Subiu! Ap\u00f3s 5 anos, Vit\u00f3ria est\u00e1 de volta \u00e0 S\u00e9rie A de forma antecipada - Brasil not\u00edcias","robots":{"index":"index","follow":"follow","max-snippet":"max-snippet:-1","max-image-preview":"max-image-preview:large","max-video-preview":"max-video-preview:-1"},"canonical":"https:\/\/brasilnoticias.org\/site\/subiu-apos-5-anos-vitoria-esta-de-volta-a-serie-a-de-forma-antecipada\/","og_locale":"pt_PT","og_type":"article","og_title":"Subiu! Ap\u00f3s 5 anos, Vit\u00f3ria est\u00e1 de volta \u00e0 S\u00e9rie A de forma antecipada - Brasil not\u00edcias","og_description":"O Vit\u00f3ria est\u00e1 de volta \u00e0 Primeira Divis\u00e3o do Brasileir\u00e3o ap\u00f3s cinco anos afastado. O Le\u00e3o da Barra conseguiu, de","og_url":"https:\/\/brasilnoticias.org\/site\/subiu-apos-5-anos-vitoria-esta-de-volta-a-serie-a-de-forma-antecipada\/","og_site_name":"Brasil not\u00edcias","article_published_time":"2023-11-12T23:32:22+00:00","og_image":[{"width":740,"height":470,"url":"https:\/\/brasilnoticias.org\/site\/wp-content\/uploads\/2023\/11\/VIC_1584-740x470-1.jpg","type":"image\/jpeg"}],"author":"Reda\u00e7\u00e3o","twitter_card":"summary_large_image","twitter_misc":{"Escrito por":"Reda\u00e7\u00e3o"},"schema":{"@context":"https:\/\/schema.org","@graph":[{"@type":"Article","@id":"https:\/\/brasilnoticias.org\/site\/subiu-apos-5-anos-vitoria-esta-de-volta-a-serie-a-de-forma-antecipada\/#article","isPartOf":{"@id":"https:\/\/brasilnoticias.org\/site\/subiu-apos-5-anos-vitoria-esta-de-volta-a-serie-a-de-forma-antecipada\/"},"author":{"name":"Reda\u00e7\u00e3o","@id":"https:\/\/brasilnoticias.org\/site\/#\/schema\/person\/03bbbfe6c7634ad18c26444ea39049fa"},"headline":"Subiu! Ap\u00f3s 5 anos, Vit\u00f3ria est\u00e1 de volta \u00e0 S\u00e9rie A de forma antecipada","datePublished":"2023-11-12T23:32:22+00:00","mainEntityOfPage":{"@id":"https:\/\/brasilnoticias.org\/site\/subiu-apos-5-anos-vitoria-esta-de-volta-a-serie-a-de-forma-antecipada\/"},"wordCount":127,"commentCount":0,"publisher":{"@id":"https:\/\/brasilnoticias.org\/site\/#organization"},"image":{"@id":"https:\/\/brasilnoticias.org\/site\/subiu-apos-5-anos-vitoria-esta-de-volta-a-serie-a-de-forma-antecipada\/#primaryimage"},"thumbnailUrl":"https:\/\/brasilnoticias.org\/site\/wp-content\/uploads\/2023\/11\/VIC_1584-740x470-1.jpg","articleSection":["Esporte","\u00daltimas"],"inLanguage":"pt-PT","potentialAction":[{"@type":"CommentAction","name":"Comment","target":["https:\/\/brasilnoticias.org\/site\/subiu-apos-5-anos-vitoria-esta-de-volta-a-serie-a-de-forma-antecipada\/#respond"]}]},{"@type":"WebPage","@id":"https:\/\/brasilnoticias.org\/site\/subiu-apos-5-anos-vitoria-esta-de-volta-a-serie-a-de-forma-antecipada\/","url":"https:\/\/brasilnoticias.org\/site\/subiu-apos-5-anos-vitoria-esta-de-volta-a-serie-a-de-forma-antecipada\/","name":"Subiu! Ap\u00f3s 5 anos, Vit\u00f3ria est\u00e1 de volta \u00e0 S\u00e9rie A de forma antecipada - Brasil not\u00edcias","isPartOf":{"@id":"https:\/\/brasilnoticias.org\/site\/#website"},"primaryImageOfPage":{"@id":"https:\/\/brasilnoticias.org\/site\/subiu-apos-5-anos-vitoria-esta-de-volta-a-serie-a-de-forma-antecipada\/#primaryimage"},"image":{"@id":"https:\/\/brasilnoticias.org\/site\/subiu-apos-5-anos-vitoria-esta-de-volta-a-serie-a-de-forma-antecipada\/#primaryimage"},"thumbnailUrl":"https:\/\/brasilnoticias.org\/site\/wp-content\/uploads\/2023\/11\/VIC_1584-740x470-1.jpg","datePublished":"2023-11-12T23:32:22+00:00","breadcrumb":{"@id":"https:\/\/brasilnoticias.org\/site\/subiu-apos-5-anos-vitoria-esta-de-volta-a-serie-a-de-forma-antecipada\/#breadcrumb"},"inLanguage":"pt-PT","potentialAction":[{"@type":"ReadAction","target":["https:\/\/brasilnoticias.org\/site\/subiu-apos-5-anos-vitoria-esta-de-volta-a-serie-a-de-forma-antecipada\/"]}]},{"@type":"ImageObject","inLanguage":"pt-PT","@id":"https:\/\/brasilnoticias.org\/site\/subiu-apos-5-anos-vitoria-esta-de-volta-a-serie-a-de-forma-antecipada\/#primaryimage","url":"https:\/\/brasilnoticias.org\/site\/wp-content\/uploads\/2023\/11\/VIC_1584-740x470-1.jpg","contentUrl":"https:\/\/brasilnoticias.org\/site\/wp-content\/uploads\/2023\/11\/VIC_1584-740x470-1.jpg","width":740,"height":470},{"@type":"BreadcrumbList","@id":"https:\/\/brasilnoticias.org\/site\/subiu-apos-5-anos-vitoria-esta-de-volta-a-serie-a-de-forma-antecipada\/#breadcrumb","itemListElement":[{"@type":"ListItem","position":1,"name":"In\u00edcio","item":"https:\/\/brasilnoticias.org\/site\/"},{"@type":"ListItem","position":2,"name":"Subiu! Ap\u00f3s 5 anos, Vit\u00f3ria est\u00e1 de volta \u00e0 S\u00e9rie A de forma antecipada"}]},{"@type":"WebSite","@id":"https:\/\/brasilnoticias.org\/site\/#website","url":"https:\/\/brasilnoticias.org\/site\/","name":"Brasil not\u00edcias","description":"Brasil not\u00edcias","publisher":{"@id":"https:\/\/brasilnoticias.org\/site\/#organization"},"potentialAction":[{"@type":"SearchAction","target":{"@type":"EntryPoint","urlTemplate":"https:\/\/brasilnoticias.org\/site\/?s={search_term_string}"},"query-input":{"@type":"PropertyValueSpecification","valueRequired":true,"valueName":"search_term_string"}}],"inLanguage":"pt-PT"},{"@type":"Organization","@id":"https:\/\/brasilnoticias.org\/site\/#organization","name":"Brasil not\u00edcias","url":"https:\/\/brasilnoticias.org\/site\/","logo":{"@type":"ImageObject","inLanguage":"pt-PT","@id":"https:\/\/brasilnoticias.org\/site\/#\/schema\/logo\/image\/","url":"https:\/\/brasilnoticias.org\/site\/wp-content\/uploads\/2022\/05\/cropped-brasilnoticias-mini.jpg","contentUrl":"https:\/\/brasilnoticias.org\/site\/wp-content\/uploads\/2022\/05\/cropped-brasilnoticias-mini.jpg","width":314,"height":86,"caption":"Brasil not\u00edcias"},"image":{"@id":"https:\/\/brasilnoticias.org\/site\/#\/schema\/logo\/image\/"}},{"@type":"Person","@id":"https:\/\/brasilnoticias.org\/site\/#\/schema\/person\/03bbbfe6c7634ad18c26444ea39049fa","name":"Reda\u00e7\u00e3o","image":{"@type":"ImageObject","inLanguage":"pt-PT","@id":"https:\/\/brasilnoticias.org\/site\/#\/schema\/person\/image\/","url":"https:\/\/secure.gravatar.com\/avatar\/9ecaf7327a696cb23ad926fedded5f1f04d7049de9e445375d55b48c001a6e42?s=96&d=mm&r=g","contentUrl":"https:\/\/secure.gravatar.com\/avatar\/9ecaf7327a696cb23ad926fedded5f1f04d7049de9e445375d55b48c001a6e42?s=96&d=mm&r=g","caption":"Reda\u00e7\u00e3o"},"url":"https:\/\/brasilnoticias.org\/site\/author\/henrique\/"}]}},"_links":{"self":[{"href":"https:\/\/brasilnoticias.org\/site\/wp-json\/wp\/v2\/posts\/10878","targetHints":{"allow":["GET"]}}],"collection":[{"href":"https:\/\/brasilnoticias.org\/site\/wp-json\/wp\/v2\/posts"}],"about":[{"href":"https:\/\/brasilnoticias.org\/site\/wp-json\/wp\/v2\/types\/post"}],"author":[{"embeddable":true,"href":"https:\/\/brasilnoticias.org\/site\/wp-json\/wp\/v2\/users\/4"}],"replies":[{"embeddable":true,"href":"https:\/\/brasilnoticias.org\/site\/wp-json\/wp\/v2\/comments?post=10878"}],"version-history":[{"count":1,"href":"https:\/\/brasilnoticias.org\/site\/wp-json\/wp\/v2\/posts\/10878\/revisions"}],"predecessor-version":[{"id":10880,"href":"https:\/\/brasilnoticias.org\/site\/wp-json\/wp\/v2\/posts\/10878\/revisions\/10880"}],"wp:featuredmedia":[{"embeddable":true,"href":"https:\/\/brasilnoticias.org\/site\/wp-json\/wp\/v2\/media\/10879"}],"wp:attachment":[{"href":"https:\/\/brasilnoticias.org\/site\/wp-json\/wp\/v2\/media?parent=10878"}],"wp:term":[{"taxonomy":"category","embeddable":true,"href":"https:\/\/brasilnoticias.org\/site\/wp-json\/wp\/v2\/categories?post=10878"},{"taxonomy":"post_tag","embeddable":true,"href":"https:\/\/brasilnoticias.org\/site\/wp-json\/wp\/v2\/tags?post=10878"}],"curies":[{"name":"wp","href":"https:\/\/api.w.org\/{rel}","templated":true}]}}