{"id":10881,"date":"2023-11-12T20:34:57","date_gmt":"2023-11-12T23:34:57","guid":{"rendered":"https:\/\/brasilnoticias.org\/site\/?p=10881"},"modified":"2023-11-12T20:34:57","modified_gmt":"2023-11-12T23:34:57","slug":"atuante-na-bahia-lider-de-faccao-que-se-escondia-na-bolivia-e-preso-ao-voltar-para-o-brasil","status":"publish","type":"post","link":"https:\/\/brasilnoticias.org\/site\/atuante-na-bahia-lider-de-faccao-que-se-escondia-na-bolivia-e-preso-ao-voltar-para-o-brasil\/","title":{"rendered":"Atuante na Bahia, l\u00edder de fac\u00e7\u00e3o que se escondia na Bol\u00edvia \u00e9 preso ao voltar para o Brasil"},"content":{"rendered":"<p>Ele mantinha atua\u00e7\u00e3o mais intensa no Complexo do Nordeste de Amaralina, em Salvador<\/p>\n<p>O l\u00edder de uma fac\u00e7\u00e3o com atua\u00e7\u00e3o na Bahia, que se escondia na Bol\u00edvia e mantinha conex\u00f5es com traficantes do Rio de Janeiro, foi capturado no s\u00e1bado (11\/11), a cerca de 20 km de Recife, capital de Pernambuco. Ele foi preso em a\u00e7\u00e3o conjunta do Departamento de Homic\u00eddios e Prote\u00e7\u00e3o \u00e0 Pessoa (DHPP) da Pol\u00edcia Civil da Bahia e das For\u00e7as Integradas de Combate ao Crime Organizado (FICCOs) da Bahia e de Pernambuco.<\/p>\n<p>O criminoso costumava retornar ao Brasil para coordenar distribui\u00e7\u00e3o de drogas e armas, al\u00e9m de determinar ataques contra fac\u00e7\u00f5es rivais. Em Pernambuco, ele tentava manter uma rotina sem ostentar armas ou agir de alguma forma que chamasse aten\u00e7\u00e3o.<\/p>\n<p>Segundo informa\u00e7\u00f5es da Secretaria de Seguran\u00e7a P\u00fablica, a\u00e7\u00f5es de intelig\u00eancia levaram as equipes at\u00e9 o endere\u00e7o usado pelo traficante. Ele mantinha atua\u00e7\u00e3o mais intensa no Complexo do Nordeste de Amaralina, em Salvador.<\/p>\n<p>O l\u00edder da fac\u00e7\u00e3o tinha mandado de pris\u00e3o por tr\u00e1fico de drogas e associa\u00e7\u00e3o crimonosa expedido pelo Tribunal de Justi\u00e7ada Bahia, ap\u00f3s solicita\u00e7\u00e3o do DHPP, na Opera\u00e7\u00e3o Murus. Ele foi apresentado na FICCO PE e passar\u00e1 por audi\u00eancia de cust\u00f3dia.<\/p>\n<p>A opera\u00e7\u00e3o tamb\u00e9m teve apoio do Grupo de Atua\u00e7\u00e3o Especial de Combate \u00e0s Organiza\u00e7\u00f5es Criminosas e Investiga\u00e7\u00f5es Criminais (Gaeco), vinculado ao Minist\u00e9rio P\u00fablico da Bahia (MP-BA).<\/p>\n<p>Foto: Ilustrativa\/Alberto Maraux\/SSP-BA<br \/>\nAratu On<\/p>\n","protected":false},"excerpt":{"rendered":"<p>Ele mantinha atua\u00e7\u00e3o mais intensa no Complexo do Nordeste de Amaralina, em Salvador O l\u00edder de uma fac\u00e7\u00e3o com atua\u00e7\u00e3o<\/p>\n","protected":false},"author":4,"featured_media":10882,"comment_status":"open","ping_status":"open","sticky":false,"template":"","format":"standard","meta":{"colormag_page_container_layout":"default_layout","colormag_page_sidebar_layout":"default_layout","_FSMCFIC_featured_image_caption":"","_FSMCFIC_featured_image_nocaption":"","_FSMCFIC_featured_image_hide":"","footnotes":""},"categories":[2,1],"tags":[],"class_list":["post-10881","post","type-post","status-publish","format-standard","has-post-thumbnail","hentry","category-noticias","category-ultimas"],"yoast_head":"<!-- This site is optimized with the Yoast SEO plugin v27.1.1 - https:\/\/yoast.com\/product\/yoast-seo-wordpress\/ -->\n<title>Atuante na Bahia, l\u00edder de fac\u00e7\u00e3o que se escondia na Bol\u00edvia \u00e9 preso ao voltar para o Brasil - Brasil not\u00edcias<\/title>\n<meta name=\"robots\" content=\"index, follow, max-snippet:-1, max-image-preview:large, max-video-preview:-1\" \/>\n<link rel=\"canonical\" href=\"https:\/\/brasilnoticias.org\/site\/atuante-na-bahia-lider-de-faccao-que-se-escondia-na-bolivia-e-preso-ao-voltar-para-o-brasil\/\" \/>\n<meta property=\"og:locale\" content=\"pt_PT\" \/>\n<meta property=\"og:type\" content=\"article\" \/>\n<meta property=\"og:title\" content=\"Atuante na Bahia, l\u00edder de fac\u00e7\u00e3o que se escondia na Bol\u00edvia \u00e9 preso ao voltar para o Brasil - Brasil not\u00edcias\" \/>\n<meta property=\"og:description\" content=\"Ele mantinha atua\u00e7\u00e3o mais intensa no Complexo do Nordeste de Amaralina, em Salvador O l\u00edder de uma fac\u00e7\u00e3o com atua\u00e7\u00e3o\" \/>\n<meta property=\"og:url\" content=\"https:\/\/brasilnoticias.org\/site\/atuante-na-bahia-lider-de-faccao-que-se-escondia-na-bolivia-e-preso-ao-voltar-para-o-brasil\/\" \/>\n<meta property=\"og:site_name\" content=\"Brasil not\u00edcias\" \/>\n<meta property=\"article:published_time\" content=\"2023-11-12T23:34:57+00:00\" \/>\n<meta property=\"og:image\" content=\"https:\/\/brasilnoticias.org\/site\/wp-content\/uploads\/2023\/11\/policia-civil-740x470-1.jpeg\" \/>\n\t<meta property=\"og:image:width\" content=\"740\" \/>\n\t<meta property=\"og:image:height\" content=\"470\" \/>\n\t<meta property=\"og:image:type\" content=\"image\/jpeg\" \/>\n<meta name=\"author\" content=\"Reda\u00e7\u00e3o\" \/>\n<meta name=\"twitter:card\" content=\"summary_large_image\" \/>\n<meta name=\"twitter:label1\" content=\"Escrito por\" \/>\n\t<meta name=\"twitter:data1\" content=\"Reda\u00e7\u00e3o\" \/>\n<script type=\"application\/ld+json\" class=\"yoast-schema-graph\">{\"@context\":\"https:\/\/schema.org\",\"@graph\":[{\"@type\":\"Article\",\"@id\":\"https:\/\/brasilnoticias.org\/site\/atuante-na-bahia-lider-de-faccao-que-se-escondia-na-bolivia-e-preso-ao-voltar-para-o-brasil\/#article\",\"isPartOf\":{\"@id\":\"https:\/\/brasilnoticias.org\/site\/atuante-na-bahia-lider-de-faccao-que-se-escondia-na-bolivia-e-preso-ao-voltar-para-o-brasil\/\"},\"author\":{\"name\":\"Reda\u00e7\u00e3o\",\"@id\":\"https:\/\/brasilnoticias.org\/site\/#\/schema\/person\/03bbbfe6c7634ad18c26444ea39049fa\"},\"headline\":\"Atuante na Bahia, l\u00edder de fac\u00e7\u00e3o que se escondia na Bol\u00edvia \u00e9 preso ao voltar para o Brasil\",\"datePublished\":\"2023-11-12T23:34:57+00:00\",\"mainEntityOfPage\":{\"@id\":\"https:\/\/brasilnoticias.org\/site\/atuante-na-bahia-lider-de-faccao-que-se-escondia-na-bolivia-e-preso-ao-voltar-para-o-brasil\/\"},\"wordCount\":287,\"commentCount\":0,\"publisher\":{\"@id\":\"https:\/\/brasilnoticias.org\/site\/#organization\"},\"image\":{\"@id\":\"https:\/\/brasilnoticias.org\/site\/atuante-na-bahia-lider-de-faccao-que-se-escondia-na-bolivia-e-preso-ao-voltar-para-o-brasil\/#primaryimage\"},\"thumbnailUrl\":\"https:\/\/brasilnoticias.org\/site\/wp-content\/uploads\/2023\/11\/policia-civil-740x470-1.jpeg\",\"articleSection\":[\"Not\u00edcias\",\"\u00daltimas\"],\"inLanguage\":\"pt-PT\",\"potentialAction\":[{\"@type\":\"CommentAction\",\"name\":\"Comment\",\"target\":[\"https:\/\/brasilnoticias.org\/site\/atuante-na-bahia-lider-de-faccao-que-se-escondia-na-bolivia-e-preso-ao-voltar-para-o-brasil\/#respond\"]}]},{\"@type\":\"WebPage\",\"@id\":\"https:\/\/brasilnoticias.org\/site\/atuante-na-bahia-lider-de-faccao-que-se-escondia-na-bolivia-e-preso-ao-voltar-para-o-brasil\/\",\"url\":\"https:\/\/brasilnoticias.org\/site\/atuante-na-bahia-lider-de-faccao-que-se-escondia-na-bolivia-e-preso-ao-voltar-para-o-brasil\/\",\"name\":\"Atuante na Bahia, l\u00edder de fac\u00e7\u00e3o que se escondia na Bol\u00edvia \u00e9 preso ao voltar para o Brasil - Brasil not\u00edcias\",\"isPartOf\":{\"@id\":\"https:\/\/brasilnoticias.org\/site\/#website\"},\"primaryImageOfPage\":{\"@id\":\"https:\/\/brasilnoticias.org\/site\/atuante-na-bahia-lider-de-faccao-que-se-escondia-na-bolivia-e-preso-ao-voltar-para-o-brasil\/#primaryimage\"},\"image\":{\"@id\":\"https:\/\/brasilnoticias.org\/site\/atuante-na-bahia-lider-de-faccao-que-se-escondia-na-bolivia-e-preso-ao-voltar-para-o-brasil\/#primaryimage\"},\"thumbnailUrl\":\"https:\/\/brasilnoticias.org\/site\/wp-content\/uploads\/2023\/11\/policia-civil-740x470-1.jpeg\",\"datePublished\":\"2023-11-12T23:34:57+00:00\",\"breadcrumb\":{\"@id\":\"https:\/\/brasilnoticias.org\/site\/atuante-na-bahia-lider-de-faccao-que-se-escondia-na-bolivia-e-preso-ao-voltar-para-o-brasil\/#breadcrumb\"},\"inLanguage\":\"pt-PT\",\"potentialAction\":[{\"@type\":\"ReadAction\",\"target\":[\"https:\/\/brasilnoticias.org\/site\/atuante-na-bahia-lider-de-faccao-que-se-escondia-na-bolivia-e-preso-ao-voltar-para-o-brasil\/\"]}]},{\"@type\":\"ImageObject\",\"inLanguage\":\"pt-PT\",\"@id\":\"https:\/\/brasilnoticias.org\/site\/atuante-na-bahia-lider-de-faccao-que-se-escondia-na-bolivia-e-preso-ao-voltar-para-o-brasil\/#primaryimage\",\"url\":\"https:\/\/brasilnoticias.org\/site\/wp-content\/uploads\/2023\/11\/policia-civil-740x470-1.jpeg\",\"contentUrl\":\"https:\/\/brasilnoticias.org\/site\/wp-content\/uploads\/2023\/11\/policia-civil-740x470-1.jpeg\",\"width\":740,\"height\":470},{\"@type\":\"BreadcrumbList\",\"@id\":\"https:\/\/brasilnoticias.org\/site\/atuante-na-bahia-lider-de-faccao-que-se-escondia-na-bolivia-e-preso-ao-voltar-para-o-brasil\/#breadcrumb\",\"itemListElement\":[{\"@type\":\"ListItem\",\"position\":1,\"name\":\"In\u00edcio\",\"item\":\"https:\/\/brasilnoticias.org\/site\/\"},{\"@type\":\"ListItem\",\"position\":2,\"name\":\"Atuante na Bahia, l\u00edder de fac\u00e7\u00e3o que se escondia na Bol\u00edvia \u00e9 preso ao voltar para o Brasil\"}]},{\"@type\":\"WebSite\",\"@id\":\"https:\/\/brasilnoticias.org\/site\/#website\",\"url\":\"https:\/\/brasilnoticias.org\/site\/\",\"name\":\"Brasil not\u00edcias\",\"description\":\"Brasil not\u00edcias\",\"publisher\":{\"@id\":\"https:\/\/brasilnoticias.org\/site\/#organization\"},\"potentialAction\":[{\"@type\":\"SearchAction\",\"target\":{\"@type\":\"EntryPoint\",\"urlTemplate\":\"https:\/\/brasilnoticias.org\/site\/?s={search_term_string}\"},\"query-input\":{\"@type\":\"PropertyValueSpecification\",\"valueRequired\":true,\"valueName\":\"search_term_string\"}}],\"inLanguage\":\"pt-PT\"},{\"@type\":\"Organization\",\"@id\":\"https:\/\/brasilnoticias.org\/site\/#organization\",\"name\":\"Brasil not\u00edcias\",\"url\":\"https:\/\/brasilnoticias.org\/site\/\",\"logo\":{\"@type\":\"ImageObject\",\"inLanguage\":\"pt-PT\",\"@id\":\"https:\/\/brasilnoticias.org\/site\/#\/schema\/logo\/image\/\",\"url\":\"https:\/\/brasilnoticias.org\/site\/wp-content\/uploads\/2022\/05\/cropped-brasilnoticias-mini.jpg\",\"contentUrl\":\"https:\/\/brasilnoticias.org\/site\/wp-content\/uploads\/2022\/05\/cropped-brasilnoticias-mini.jpg\",\"width\":314,\"height\":86,\"caption\":\"Brasil not\u00edcias\"},\"image\":{\"@id\":\"https:\/\/brasilnoticias.org\/site\/#\/schema\/logo\/image\/\"}},{\"@type\":\"Person\",\"@id\":\"https:\/\/brasilnoticias.org\/site\/#\/schema\/person\/03bbbfe6c7634ad18c26444ea39049fa\",\"name\":\"Reda\u00e7\u00e3o\",\"image\":{\"@type\":\"ImageObject\",\"inLanguage\":\"pt-PT\",\"@id\":\"https:\/\/brasilnoticias.org\/site\/#\/schema\/person\/image\/\",\"url\":\"https:\/\/secure.gravatar.com\/avatar\/9ecaf7327a696cb23ad926fedded5f1f04d7049de9e445375d55b48c001a6e42?s=96&d=mm&r=g\",\"contentUrl\":\"https:\/\/secure.gravatar.com\/avatar\/9ecaf7327a696cb23ad926fedded5f1f04d7049de9e445375d55b48c001a6e42?s=96&d=mm&r=g\",\"caption\":\"Reda\u00e7\u00e3o\"},\"url\":\"https:\/\/brasilnoticias.org\/site\/author\/henrique\/\"}]}<\/script>\n<!-- \/ Yoast SEO plugin. -->","yoast_head_json":{"title":"Atuante na Bahia, l\u00edder de fac\u00e7\u00e3o que se escondia na Bol\u00edvia \u00e9 preso ao voltar para o Brasil - Brasil not\u00edcias","robots":{"index":"index","follow":"follow","max-snippet":"max-snippet:-1","max-image-preview":"max-image-preview:large","max-video-preview":"max-video-preview:-1"},"canonical":"https:\/\/brasilnoticias.org\/site\/atuante-na-bahia-lider-de-faccao-que-se-escondia-na-bolivia-e-preso-ao-voltar-para-o-brasil\/","og_locale":"pt_PT","og_type":"article","og_title":"Atuante na Bahia, l\u00edder de fac\u00e7\u00e3o que se escondia na Bol\u00edvia \u00e9 preso ao voltar para o Brasil - Brasil not\u00edcias","og_description":"Ele mantinha atua\u00e7\u00e3o mais intensa no Complexo do Nordeste de Amaralina, em Salvador O l\u00edder de uma fac\u00e7\u00e3o com atua\u00e7\u00e3o","og_url":"https:\/\/brasilnoticias.org\/site\/atuante-na-bahia-lider-de-faccao-que-se-escondia-na-bolivia-e-preso-ao-voltar-para-o-brasil\/","og_site_name":"Brasil not\u00edcias","article_published_time":"2023-11-12T23:34:57+00:00","og_image":[{"width":740,"height":470,"url":"https:\/\/brasilnoticias.org\/site\/wp-content\/uploads\/2023\/11\/policia-civil-740x470-1.jpeg","type":"image\/jpeg"}],"author":"Reda\u00e7\u00e3o","twitter_card":"summary_large_image","twitter_misc":{"Escrito por":"Reda\u00e7\u00e3o"},"schema":{"@context":"https:\/\/schema.org","@graph":[{"@type":"Article","@id":"https:\/\/brasilnoticias.org\/site\/atuante-na-bahia-lider-de-faccao-que-se-escondia-na-bolivia-e-preso-ao-voltar-para-o-brasil\/#article","isPartOf":{"@id":"https:\/\/brasilnoticias.org\/site\/atuante-na-bahia-lider-de-faccao-que-se-escondia-na-bolivia-e-preso-ao-voltar-para-o-brasil\/"},"author":{"name":"Reda\u00e7\u00e3o","@id":"https:\/\/brasilnoticias.org\/site\/#\/schema\/person\/03bbbfe6c7634ad18c26444ea39049fa"},"headline":"Atuante na Bahia, l\u00edder de fac\u00e7\u00e3o que se escondia na Bol\u00edvia \u00e9 preso ao voltar para o Brasil","datePublished":"2023-11-12T23:34:57+00:00","mainEntityOfPage":{"@id":"https:\/\/brasilnoticias.org\/site\/atuante-na-bahia-lider-de-faccao-que-se-escondia-na-bolivia-e-preso-ao-voltar-para-o-brasil\/"},"wordCount":287,"commentCount":0,"publisher":{"@id":"https:\/\/brasilnoticias.org\/site\/#organization"},"image":{"@id":"https:\/\/brasilnoticias.org\/site\/atuante-na-bahia-lider-de-faccao-que-se-escondia-na-bolivia-e-preso-ao-voltar-para-o-brasil\/#primaryimage"},"thumbnailUrl":"https:\/\/brasilnoticias.org\/site\/wp-content\/uploads\/2023\/11\/policia-civil-740x470-1.jpeg","articleSection":["Not\u00edcias","\u00daltimas"],"inLanguage":"pt-PT","potentialAction":[{"@type":"CommentAction","name":"Comment","target":["https:\/\/brasilnoticias.org\/site\/atuante-na-bahia-lider-de-faccao-que-se-escondia-na-bolivia-e-preso-ao-voltar-para-o-brasil\/#respond"]}]},{"@type":"WebPage","@id":"https:\/\/brasilnoticias.org\/site\/atuante-na-bahia-lider-de-faccao-que-se-escondia-na-bolivia-e-preso-ao-voltar-para-o-brasil\/","url":"https:\/\/brasilnoticias.org\/site\/atuante-na-bahia-lider-de-faccao-que-se-escondia-na-bolivia-e-preso-ao-voltar-para-o-brasil\/","name":"Atuante na Bahia, l\u00edder de fac\u00e7\u00e3o que se escondia na Bol\u00edvia \u00e9 preso ao voltar para o Brasil - Brasil not\u00edcias","isPartOf":{"@id":"https:\/\/brasilnoticias.org\/site\/#website"},"primaryImageOfPage":{"@id":"https:\/\/brasilnoticias.org\/site\/atuante-na-bahia-lider-de-faccao-que-se-escondia-na-bolivia-e-preso-ao-voltar-para-o-brasil\/#primaryimage"},"image":{"@id":"https:\/\/brasilnoticias.org\/site\/atuante-na-bahia-lider-de-faccao-que-se-escondia-na-bolivia-e-preso-ao-voltar-para-o-brasil\/#primaryimage"},"thumbnailUrl":"https:\/\/brasilnoticias.org\/site\/wp-content\/uploads\/2023\/11\/policia-civil-740x470-1.jpeg","datePublished":"2023-11-12T23:34:57+00:00","breadcrumb":{"@id":"https:\/\/brasilnoticias.org\/site\/atuante-na-bahia-lider-de-faccao-que-se-escondia-na-bolivia-e-preso-ao-voltar-para-o-brasil\/#breadcrumb"},"inLanguage":"pt-PT","potentialAction":[{"@type":"ReadAction","target":["https:\/\/brasilnoticias.org\/site\/atuante-na-bahia-lider-de-faccao-que-se-escondia-na-bolivia-e-preso-ao-voltar-para-o-brasil\/"]}]},{"@type":"ImageObject","inLanguage":"pt-PT","@id":"https:\/\/brasilnoticias.org\/site\/atuante-na-bahia-lider-de-faccao-que-se-escondia-na-bolivia-e-preso-ao-voltar-para-o-brasil\/#primaryimage","url":"https:\/\/brasilnoticias.org\/site\/wp-content\/uploads\/2023\/11\/policia-civil-740x470-1.jpeg","contentUrl":"https:\/\/brasilnoticias.org\/site\/wp-content\/uploads\/2023\/11\/policia-civil-740x470-1.jpeg","width":740,"height":470},{"@type":"BreadcrumbList","@id":"https:\/\/brasilnoticias.org\/site\/atuante-na-bahia-lider-de-faccao-que-se-escondia-na-bolivia-e-preso-ao-voltar-para-o-brasil\/#breadcrumb","itemListElement":[{"@type":"ListItem","position":1,"name":"In\u00edcio","item":"https:\/\/brasilnoticias.org\/site\/"},{"@type":"ListItem","position":2,"name":"Atuante na Bahia, l\u00edder de fac\u00e7\u00e3o que se escondia na Bol\u00edvia \u00e9 preso ao voltar para o Brasil"}]},{"@type":"WebSite","@id":"https:\/\/brasilnoticias.org\/site\/#website","url":"https:\/\/brasilnoticias.org\/site\/","name":"Brasil not\u00edcias","description":"Brasil not\u00edcias","publisher":{"@id":"https:\/\/brasilnoticias.org\/site\/#organization"},"potentialAction":[{"@type":"SearchAction","target":{"@type":"EntryPoint","urlTemplate":"https:\/\/brasilnoticias.org\/site\/?s={search_term_string}"},"query-input":{"@type":"PropertyValueSpecification","valueRequired":true,"valueName":"search_term_string"}}],"inLanguage":"pt-PT"},{"@type":"Organization","@id":"https:\/\/brasilnoticias.org\/site\/#organization","name":"Brasil not\u00edcias","url":"https:\/\/brasilnoticias.org\/site\/","logo":{"@type":"ImageObject","inLanguage":"pt-PT","@id":"https:\/\/brasilnoticias.org\/site\/#\/schema\/logo\/image\/","url":"https:\/\/brasilnoticias.org\/site\/wp-content\/uploads\/2022\/05\/cropped-brasilnoticias-mini.jpg","contentUrl":"https:\/\/brasilnoticias.org\/site\/wp-content\/uploads\/2022\/05\/cropped-brasilnoticias-mini.jpg","width":314,"height":86,"caption":"Brasil not\u00edcias"},"image":{"@id":"https:\/\/brasilnoticias.org\/site\/#\/schema\/logo\/image\/"}},{"@type":"Person","@id":"https:\/\/brasilnoticias.org\/site\/#\/schema\/person\/03bbbfe6c7634ad18c26444ea39049fa","name":"Reda\u00e7\u00e3o","image":{"@type":"ImageObject","inLanguage":"pt-PT","@id":"https:\/\/brasilnoticias.org\/site\/#\/schema\/person\/image\/","url":"https:\/\/secure.gravatar.com\/avatar\/9ecaf7327a696cb23ad926fedded5f1f04d7049de9e445375d55b48c001a6e42?s=96&d=mm&r=g","contentUrl":"https:\/\/secure.gravatar.com\/avatar\/9ecaf7327a696cb23ad926fedded5f1f04d7049de9e445375d55b48c001a6e42?s=96&d=mm&r=g","caption":"Reda\u00e7\u00e3o"},"url":"https:\/\/brasilnoticias.org\/site\/author\/henrique\/"}]}},"_links":{"self":[{"href":"https:\/\/brasilnoticias.org\/site\/wp-json\/wp\/v2\/posts\/10881","targetHints":{"allow":["GET"]}}],"collection":[{"href":"https:\/\/brasilnoticias.org\/site\/wp-json\/wp\/v2\/posts"}],"about":[{"href":"https:\/\/brasilnoticias.org\/site\/wp-json\/wp\/v2\/types\/post"}],"author":[{"embeddable":true,"href":"https:\/\/brasilnoticias.org\/site\/wp-json\/wp\/v2\/users\/4"}],"replies":[{"embeddable":true,"href":"https:\/\/brasilnoticias.org\/site\/wp-json\/wp\/v2\/comments?post=10881"}],"version-history":[{"count":1,"href":"https:\/\/brasilnoticias.org\/site\/wp-json\/wp\/v2\/posts\/10881\/revisions"}],"predecessor-version":[{"id":10883,"href":"https:\/\/brasilnoticias.org\/site\/wp-json\/wp\/v2\/posts\/10881\/revisions\/10883"}],"wp:featuredmedia":[{"embeddable":true,"href":"https:\/\/brasilnoticias.org\/site\/wp-json\/wp\/v2\/media\/10882"}],"wp:attachment":[{"href":"https:\/\/brasilnoticias.org\/site\/wp-json\/wp\/v2\/media?parent=10881"}],"wp:term":[{"taxonomy":"category","embeddable":true,"href":"https:\/\/brasilnoticias.org\/site\/wp-json\/wp\/v2\/categories?post=10881"},{"taxonomy":"post_tag","embeddable":true,"href":"https:\/\/brasilnoticias.org\/site\/wp-json\/wp\/v2\/tags?post=10881"}],"curies":[{"name":"wp","href":"https:\/\/api.w.org\/{rel}","templated":true}]}}