{"id":1089,"date":"2022-08-07T08:58:27","date_gmt":"2022-08-07T11:58:27","guid":{"rendered":"https:\/\/brasilnoticias.org\/site\/?p=1089"},"modified":"2022-08-07T08:58:27","modified_gmt":"2022-08-07T11:58:27","slug":"agosto-branco-reacende-o-alerta-quem-fuma-tem-cerca-de-30-vezes-mais-risco-de-desenvolver-o-cancer-de-pulmao","status":"publish","type":"post","link":"https:\/\/brasilnoticias.org\/site\/agosto-branco-reacende-o-alerta-quem-fuma-tem-cerca-de-30-vezes-mais-risco-de-desenvolver-o-cancer-de-pulmao\/","title":{"rendered":"AGOSTO BRANCO REACENDE O ALERTA: QUEM FUMA TEM CERCA DE 30 VEZES MAIS RISCO DE DESENVOLVER O C\u00c2NCER DE PULM\u00c3O"},"content":{"rendered":"<p>Os tumores pulmonares ainda lideram o ranking das doen\u00e7as oncol\u00f3gicas que mais matam todos os anos, de acordo com a Organiza\u00e7\u00e3o Mundial da Sa\u00fade (OMS)<\/p>\n<p><img loading=\"lazy\" decoding=\"async\" class=\"alignnone size-medium wp-image-1091\" src=\"https:\/\/brasilnoticias.org\/site\/wp-content\/uploads\/2022\/08\/IMG-20220801-WA0023-200x300.jpg\" alt=\"\" width=\"200\" height=\"300\" srcset=\"https:\/\/brasilnoticias.org\/site\/wp-content\/uploads\/2022\/08\/IMG-20220801-WA0023-200x300.jpg 200w, https:\/\/brasilnoticias.org\/site\/wp-content\/uploads\/2022\/08\/IMG-20220801-WA0023-682x1024.jpg 682w, https:\/\/brasilnoticias.org\/site\/wp-content\/uploads\/2022\/08\/IMG-20220801-WA0023-768x1154.jpg 768w, https:\/\/brasilnoticias.org\/site\/wp-content\/uploads\/2022\/08\/IMG-20220801-WA0023.jpg 852w\" sizes=\"auto, (max-width: 200px) 100vw, 200px\" \/><\/p>\n<p>O tabagismo \u00e9 o principal fator de risco para o c\u00e2ncer de pulm\u00e3o, sendo respons\u00e1vel por cerca de 85% de todos os casos. Quem fuma tem aumentada cerca de 30 vezes mais a chance de desenvolver a doen\u00e7a. Esse risco diminui nas pessoas que param de fumar, mas ex-fumantes sempre estar\u00e3o em maior probabilidade de ter c\u00e2ncer de pulm\u00e3o do que pessoas que nunca fumaram.<\/p>\n<p>Foi o que aconteceu com Renato Dias Filho, de 70 anos. O mestre de cabotagem fumou por 35 anos, e mesmo tendo parado de fumar h\u00e1 23, teve o diagn\u00f3stico de c\u00e2ncer de pulm\u00e3o confirmado este ano. \u201cEu n\u00e3o sentia nada. Tinha ido \u00e0 endocrinologista para fazer o controle da diabetes e ela desconfiou por causa dos exames de sangue. Confirmei o diagn\u00f3stico com o especialista e fui operado no m\u00eas de maio. Depois da retirada do tumor, tenho me sentido bem, gra\u00e7as a Deus\u201d. Mesmo com a grande incid\u00eancia da doen\u00e7a na fam\u00edlia, Renato n\u00e3o se deixou abater. \u201cEu tenho uma cabe\u00e7a muito boa para lidar com essa doen\u00e7a, mesmo com minha fam\u00edlia muito preocupada comigo. As pessoas que me conhecem chegam a n\u00e3o acreditar que passei por essa situa\u00e7\u00e3o, mas para mim foi tranquilo. Deu tudo certo!\u201d, conta aliviado.<\/p>\n<p>Dados \u2013 No mundo, o c\u00e2ncer de pulm\u00e3o configura-se entre as neoplasias mais comuns. Com uma estimativa de 2,2 milh\u00f5es de novos casos de c\u00e2ncer e 1,8 milh\u00e3o de mortes, o c\u00e2ncer de pulm\u00e3o \u00e9 o segundo mais diagnosticado e a principal causa de morte pela doen\u00e7a em 2020, representando aproximadamente um em cada 10 (11,4%) c\u00e2nceres diagnosticados e um em cada 5 (18,0%) mortes.<\/p>\n<p>No Brasil, segundo o Instituto Nacional do C\u00e2ncer (INCA), \u00e9 estimado que durante o tri\u00eanio 2020-2022 cerca de 30.200 casos da doen\u00e7a sejam diagnosticados a cada ano, sendo 17.760 casos novos em homens e 12.440 em mulheres. A alta letalidade da doen\u00e7a refor\u00e7a sua import\u00e2ncia. O c\u00e2ncer de pulm\u00e3o \u00e9 o segundo tipo de c\u00e2ncer de maior incid\u00eancia em homens e o quarto tipo de c\u00e2ncer de maior incid\u00eancia em mulheres. \u00c9 a principal causa de morte por c\u00e2ncer em homens e a segunda causa em mulheres.<\/p>\n<p>De acordo com o cirurgi\u00e3o tor\u00e1cico, Pedro Leite, \u201co c\u00e2ncer de pulm\u00e3o \u00e9 resultado de muta\u00e7\u00f5es gen\u00e9ticas em c\u00e9lulas dos alv\u00e9olos pulmonares ou dos br\u00f4nquios. Dessa forma, estas c\u00e9lulas desenvolvem propriedades diferentes, que possibilitam a prolifera\u00e7\u00e3o desordenada, invas\u00e3o de estruturas adjacentes e criar col\u00f4nias em outros \u00f3rg\u00e3os, quando ocorre as met\u00e1stases\u201d. O diagn\u00f3stico \u00e9 feito atrav\u00e9s de exames de imagem como a tomografia de t\u00f3rax. No entanto para o diagn\u00f3stico definitivo \u00e9 necess\u00e1ria a realiza\u00e7\u00e3o de uma bi\u00f3psia do tumor que pode ser feita atrav\u00e9s de pun\u00e7\u00e3o guiada por tomografia, broncoscopia ou at\u00e9 mesmo por cirurgia, a depender do caso.<\/p>\n<p>Tratamento \u2013 O tratamento para o c\u00e2ncer de pulm\u00e3o depende da fase em que se encontra o tumor, como explica o cirurgi\u00e3o. \u201cInicialmente, o estadiamento \u00e9 feito atrav\u00e9s do exame de imagem PET-Scan (para detectar met\u00e1stases em outros \u00f3rg\u00e3os) e resson\u00e2ncia magn\u00e9tica do cr\u00e2nio. A depender do resultado, em alguns casos pode ser necess\u00e1ria prosseguir a investiga\u00e7\u00e3o com outros exames. Nas fases iniciais, o tratamento \u00e9 a cirurgia, sendo em alguns casos necess\u00e1ria a complementa\u00e7\u00e3o com quimioterapia. A extens\u00e3o da cirurgia depende principalmente da localiza\u00e7\u00e3o, tamanho da les\u00e3o e condi\u00e7\u00f5es cl\u00ednicas do paciente\u201d, salienta o diretor do N\u00facleo de Cirurgia Tor\u00e1cica do Instituto Baiano de Cirurgia Tor\u00e1cica (IBCR).<\/p>\n<p>Tradicionalmente, a cirurgia era realizada atrav\u00e9s de uma toracotomia, ou seja, uma incis\u00e3o na parede lateral do t\u00f3rax de cerca de 12-15cm, seguida de afastamento das costelas. Atualmente, devido a avan\u00e7os tecnol\u00f3gicos, \u00e9 poss\u00edvel realizar a ressec\u00e7\u00e3o do tumor de forma minimamente invasiva como atrav\u00e9s da cirurgia por v\u00eddeo ou da cirurgia rob\u00f3tica, que \u00e9 uma modalidade cir\u00fargica minimamente invasiva mais avan\u00e7ada.<\/p>\n<p>A t\u00e9cnica \u00e9 realizada atrav\u00e9s de pequenos orif\u00edcios na parede tor\u00e1cica, utilizando instrumentos finos, delicados e com aux\u00edlio de uma c\u00e2mera de v\u00eddeo. \u201cA plataforma rob\u00f3tica proporciona ao cirurgi\u00e3o uma vis\u00e3o mais ampliada e em 3D, superior at\u00e9 a imagem da videocirurgia. Al\u00e9m disso, os movimentos das pin\u00e7as s\u00e3o mais amplos e precisos. Esses diferenciais tornam a cirurgia mais segura e eficiente, melhorando consideravelmente os resultados cir\u00fargicos, com uma recupera\u00e7\u00e3o p\u00f3s-operat\u00f3ria mais r\u00e1pida, per\u00edodo de interna\u00e7\u00e3o hospitalar mais curto, com menos dor, e retorno precoce as atividades di\u00e1rias normais. Os estudos atuais sugerem que a cirurgia rob\u00f3tica consegue realizar uma melhor retirada dos linfonodos intrator\u00e1cicos em rela\u00e7\u00e3o a cirurgia por v\u00eddeo. Os linfonodos s\u00e3o g\u00e2nglios linf\u00e1ticos que funcionam como um filtro de c\u00e9lulas do tumor que podem se espalhar pelo corpo. A sua retirada \u00e9 fundamental para definir o grau de extens\u00e3o da doen\u00e7a, interferindo diretamente no tratamento e na chance de cura do paciente\u201d, explica Pedro Leite.<\/p>\n<p>O uso da cirurgia rob\u00f3tica est\u00e1 cada vez mais frequente e j\u00e1 \u00e9 uma realidade em todo o mundo. \u201cAtualmente existem dezenas de rob\u00f4s no Brasil, sendo que em Salvador temos quatro sistemas rob\u00f3ticos, sendo que ainda n\u00e3o h\u00e1 nenhum no interior do estado. No hospital em que trabalho em menos de tr\u00eas anos da implanta\u00e7\u00e3o do rob\u00f4 j\u00e1 foram realizados quase 1.000 procedimentos rob\u00f3ticos. O not\u00f3rio benef\u00edcio da tecnologia ao paciente associada a divulga\u00e7\u00e3o e conhecimento da popula\u00e7\u00e3o sobre a cirurgia rob\u00f3tica s\u00e3o uns dos grandes respons\u00e1veis por esse movimento\u201d, explica o cirurgi\u00e3o.<\/p>\n<p>Desafios no diagn\u00f3stico \u2013 Infelizmente, apesar dos grandes avan\u00e7os do tratamento do c\u00e2ncer de pulm\u00e3o, apenas uma pequena parcela dos pacientes pode ser submetida a terapia com intuito curativo. No Brasil, o c\u00e2ncer de pulm\u00e3o \u00e9 geralmente diagnosticado em est\u00e1gios avan\u00e7ados e apresenta baixas taxas de sobrevida. No geral, aproximadamente 70% dos pacientes apresentam doen\u00e7a localmente avan\u00e7ada ou metast\u00e1tica no momento do diagn\u00f3stico. A maior preval\u00eancia do diagn\u00f3stico tardio pode ser explicada por diversos fatores, explica Pedro Leite. \u201cComumente o c\u00e2ncer de pulm\u00e3o n\u00e3o causa sintomas em suas fases mais iniciais, tornando dif\u00edcil o diagn\u00f3stico precoce. Na grande maioria dos casos, o diagn\u00f3stico precoce \u00e9 feito de forma incidental, quando o paciente faz algum exame de imagem, seja radiografia ou tomografia de t\u00f3rax, por motivo n\u00e3o relacionado ao c\u00e2ncer e \u00e9 encontrado um n\u00f3dulo pulmonar. Contudo, quando o tumor cresce e come\u00e7a a invadir estruturas adjacentes, podem aparecer sintomas como tosse, escarro com sangue, dor tor\u00e1cica, falta de ar, rouquid\u00e3o e perda de peso\u201d.<\/p>\n<p>Outro fator relevante \u00e9 a falta ou dificuldade de acesso de grande parte da popula\u00e7\u00e3o ao servi\u00e7o de sa\u00fade, principalmente no contexto da sa\u00fade p\u00fablica. Al\u00e9m disso, apesar de estudos demonstrarem benef\u00edcio, no Brasil ainda n\u00e3o temos um programa de rastreamento de c\u00e2ncer de pulm\u00e3o estabelecido.<\/p>\n<p>Preven\u00e7\u00e3o \u2013 A preven\u00e7\u00e3o \u00e9 a estrat\u00e9gia mais eficaz para reduzir a mortalidade por c\u00e2ncer de pulm\u00e3o a longo prazo. A legisla\u00e7\u00e3o antitabagismo e as campanhas educativas devem ser intensificadas, principalmente com foco na popula\u00e7\u00e3o mais jovem. Programas para aumentar a conscientiza\u00e7\u00e3o do p\u00fablico em rela\u00e7\u00e3o ao c\u00e2ncer de pulm\u00e3o, diminuir o tempo de diagn\u00f3stico e melhorar o acesso a servi\u00e7os de sa\u00fade especializados s\u00e3o algumas das necessidades mais importantes no combate ao c\u00e2ncer de pulm\u00e3o e na melhoraria dos resultados terap\u00eauticos. Outros fatores de risco s\u00e3o a polui\u00e7\u00e3o do ar, exposi\u00e7\u00e3o \u00e0 fuma\u00e7a de tabaco (tabagismo passivo), hist\u00f3ria familiar de c\u00e2ncer de pulm\u00e3o, al\u00e9m de exposi\u00e7\u00e3o a carcin\u00f3genos, como amianto, radia\u00e7\u00e3o, rad\u00f4nio, uso exclusivo de fogueiras para cozinhar e aquecer.<\/p>\n<p>Ascom:Cinthya Brand\u00e3o<\/p>\n","protected":false},"excerpt":{"rendered":"<p>Os tumores pulmonares ainda lideram o ranking das doen\u00e7as oncol\u00f3gicas que mais matam todos os anos, de acordo com a<\/p>\n","protected":false},"author":2,"featured_media":1090,"comment_status":"open","ping_status":"open","sticky":false,"template":"","format":"standard","meta":{"colormag_page_container_layout":"default_layout","colormag_page_sidebar_layout":"default_layout","_FSMCFIC_featured_image_caption":"","_FSMCFIC_featured_image_nocaption":"","_FSMCFIC_featured_image_hide":"","footnotes":""},"categories":[2,1],"tags":[],"class_list":["post-1089","post","type-post","status-publish","format-standard","has-post-thumbnail","hentry","category-noticias","category-ultimas"],"yoast_head":"<!-- This site is optimized with the Yoast SEO plugin v27.1.1 - https:\/\/yoast.com\/product\/yoast-seo-wordpress\/ -->\n<title>AGOSTO BRANCO REACENDE O ALERTA: QUEM FUMA TEM CERCA DE 30 VEZES MAIS RISCO DE DESENVOLVER O C\u00c2NCER DE PULM\u00c3O - Brasil not\u00edcias<\/title>\n<meta name=\"robots\" content=\"index, follow, max-snippet:-1, max-image-preview:large, max-video-preview:-1\" \/>\n<link rel=\"canonical\" href=\"https:\/\/brasilnoticias.org\/site\/agosto-branco-reacende-o-alerta-quem-fuma-tem-cerca-de-30-vezes-mais-risco-de-desenvolver-o-cancer-de-pulmao\/\" \/>\n<meta property=\"og:locale\" content=\"pt_PT\" \/>\n<meta property=\"og:type\" content=\"article\" \/>\n<meta property=\"og:title\" content=\"AGOSTO BRANCO REACENDE O ALERTA: QUEM FUMA TEM CERCA DE 30 VEZES MAIS RISCO DE DESENVOLVER O C\u00c2NCER DE PULM\u00c3O - Brasil not\u00edcias\" \/>\n<meta property=\"og:description\" content=\"Os tumores pulmonares ainda lideram o ranking das doen\u00e7as oncol\u00f3gicas que mais matam todos os anos, de acordo com a\" \/>\n<meta property=\"og:url\" content=\"https:\/\/brasilnoticias.org\/site\/agosto-branco-reacende-o-alerta-quem-fuma-tem-cerca-de-30-vezes-mais-risco-de-desenvolver-o-cancer-de-pulmao\/\" \/>\n<meta property=\"og:site_name\" content=\"Brasil not\u00edcias\" \/>\n<meta property=\"article:published_time\" content=\"2022-08-07T11:58:27+00:00\" \/>\n<meta property=\"og:image\" content=\"https:\/\/brasilnoticias.org\/site\/wp-content\/uploads\/2022\/08\/IMG-20220801-WA0024.jpg\" \/>\n\t<meta property=\"og:image:width\" content=\"678\" \/>\n\t<meta property=\"og:image:height\" content=\"452\" \/>\n\t<meta property=\"og:image:type\" content=\"image\/jpeg\" \/>\n<meta name=\"author\" content=\"Reda\u00e7\u00e3o\" \/>\n<meta name=\"twitter:card\" content=\"summary_large_image\" \/>\n<meta name=\"twitter:label1\" content=\"Escrito por\" \/>\n\t<meta name=\"twitter:data1\" content=\"Reda\u00e7\u00e3o\" \/>\n\t<meta name=\"twitter:label2\" content=\"Tempo estimado de leitura\" \/>\n\t<meta name=\"twitter:data2\" content=\"7 minutos\" \/>\n<script type=\"application\/ld+json\" class=\"yoast-schema-graph\">{\"@context\":\"https:\/\/schema.org\",\"@graph\":[{\"@type\":\"Article\",\"@id\":\"https:\/\/brasilnoticias.org\/site\/agosto-branco-reacende-o-alerta-quem-fuma-tem-cerca-de-30-vezes-mais-risco-de-desenvolver-o-cancer-de-pulmao\/#article\",\"isPartOf\":{\"@id\":\"https:\/\/brasilnoticias.org\/site\/agosto-branco-reacende-o-alerta-quem-fuma-tem-cerca-de-30-vezes-mais-risco-de-desenvolver-o-cancer-de-pulmao\/\"},\"author\":{\"name\":\"Reda\u00e7\u00e3o\",\"@id\":\"https:\/\/brasilnoticias.org\/site\/#\/schema\/person\/f609fa847b5314f1c8b983342f34c798\"},\"headline\":\"AGOSTO BRANCO REACENDE O ALERTA: QUEM FUMA TEM CERCA DE 30 VEZES MAIS RISCO DE DESENVOLVER O C\u00c2NCER DE PULM\u00c3O\",\"datePublished\":\"2022-08-07T11:58:27+00:00\",\"mainEntityOfPage\":{\"@id\":\"https:\/\/brasilnoticias.org\/site\/agosto-branco-reacende-o-alerta-quem-fuma-tem-cerca-de-30-vezes-mais-risco-de-desenvolver-o-cancer-de-pulmao\/\"},\"wordCount\":1439,\"commentCount\":0,\"publisher\":{\"@id\":\"https:\/\/brasilnoticias.org\/site\/#organization\"},\"image\":{\"@id\":\"https:\/\/brasilnoticias.org\/site\/agosto-branco-reacende-o-alerta-quem-fuma-tem-cerca-de-30-vezes-mais-risco-de-desenvolver-o-cancer-de-pulmao\/#primaryimage\"},\"thumbnailUrl\":\"https:\/\/brasilnoticias.org\/site\/wp-content\/uploads\/2022\/08\/IMG-20220801-WA0024.jpg\",\"articleSection\":[\"Not\u00edcias\",\"\u00daltimas\"],\"inLanguage\":\"pt-PT\",\"potentialAction\":[{\"@type\":\"CommentAction\",\"name\":\"Comment\",\"target\":[\"https:\/\/brasilnoticias.org\/site\/agosto-branco-reacende-o-alerta-quem-fuma-tem-cerca-de-30-vezes-mais-risco-de-desenvolver-o-cancer-de-pulmao\/#respond\"]}]},{\"@type\":\"WebPage\",\"@id\":\"https:\/\/brasilnoticias.org\/site\/agosto-branco-reacende-o-alerta-quem-fuma-tem-cerca-de-30-vezes-mais-risco-de-desenvolver-o-cancer-de-pulmao\/\",\"url\":\"https:\/\/brasilnoticias.org\/site\/agosto-branco-reacende-o-alerta-quem-fuma-tem-cerca-de-30-vezes-mais-risco-de-desenvolver-o-cancer-de-pulmao\/\",\"name\":\"AGOSTO BRANCO REACENDE O ALERTA: QUEM FUMA TEM CERCA DE 30 VEZES MAIS RISCO DE DESENVOLVER O C\u00c2NCER DE PULM\u00c3O - Brasil not\u00edcias\",\"isPartOf\":{\"@id\":\"https:\/\/brasilnoticias.org\/site\/#website\"},\"primaryImageOfPage\":{\"@id\":\"https:\/\/brasilnoticias.org\/site\/agosto-branco-reacende-o-alerta-quem-fuma-tem-cerca-de-30-vezes-mais-risco-de-desenvolver-o-cancer-de-pulmao\/#primaryimage\"},\"image\":{\"@id\":\"https:\/\/brasilnoticias.org\/site\/agosto-branco-reacende-o-alerta-quem-fuma-tem-cerca-de-30-vezes-mais-risco-de-desenvolver-o-cancer-de-pulmao\/#primaryimage\"},\"thumbnailUrl\":\"https:\/\/brasilnoticias.org\/site\/wp-content\/uploads\/2022\/08\/IMG-20220801-WA0024.jpg\",\"datePublished\":\"2022-08-07T11:58:27+00:00\",\"breadcrumb\":{\"@id\":\"https:\/\/brasilnoticias.org\/site\/agosto-branco-reacende-o-alerta-quem-fuma-tem-cerca-de-30-vezes-mais-risco-de-desenvolver-o-cancer-de-pulmao\/#breadcrumb\"},\"inLanguage\":\"pt-PT\",\"potentialAction\":[{\"@type\":\"ReadAction\",\"target\":[\"https:\/\/brasilnoticias.org\/site\/agosto-branco-reacende-o-alerta-quem-fuma-tem-cerca-de-30-vezes-mais-risco-de-desenvolver-o-cancer-de-pulmao\/\"]}]},{\"@type\":\"ImageObject\",\"inLanguage\":\"pt-PT\",\"@id\":\"https:\/\/brasilnoticias.org\/site\/agosto-branco-reacende-o-alerta-quem-fuma-tem-cerca-de-30-vezes-mais-risco-de-desenvolver-o-cancer-de-pulmao\/#primaryimage\",\"url\":\"https:\/\/brasilnoticias.org\/site\/wp-content\/uploads\/2022\/08\/IMG-20220801-WA0024.jpg\",\"contentUrl\":\"https:\/\/brasilnoticias.org\/site\/wp-content\/uploads\/2022\/08\/IMG-20220801-WA0024.jpg\",\"width\":678,\"height\":452},{\"@type\":\"BreadcrumbList\",\"@id\":\"https:\/\/brasilnoticias.org\/site\/agosto-branco-reacende-o-alerta-quem-fuma-tem-cerca-de-30-vezes-mais-risco-de-desenvolver-o-cancer-de-pulmao\/#breadcrumb\",\"itemListElement\":[{\"@type\":\"ListItem\",\"position\":1,\"name\":\"In\u00edcio\",\"item\":\"https:\/\/brasilnoticias.org\/site\/\"},{\"@type\":\"ListItem\",\"position\":2,\"name\":\"AGOSTO BRANCO REACENDE O ALERTA: QUEM FUMA TEM CERCA DE 30 VEZES MAIS RISCO DE DESENVOLVER O C\u00c2NCER DE PULM\u00c3O\"}]},{\"@type\":\"WebSite\",\"@id\":\"https:\/\/brasilnoticias.org\/site\/#website\",\"url\":\"https:\/\/brasilnoticias.org\/site\/\",\"name\":\"Brasil not\u00edcias\",\"description\":\"Brasil not\u00edcias\",\"publisher\":{\"@id\":\"https:\/\/brasilnoticias.org\/site\/#organization\"},\"potentialAction\":[{\"@type\":\"SearchAction\",\"target\":{\"@type\":\"EntryPoint\",\"urlTemplate\":\"https:\/\/brasilnoticias.org\/site\/?s={search_term_string}\"},\"query-input\":{\"@type\":\"PropertyValueSpecification\",\"valueRequired\":true,\"valueName\":\"search_term_string\"}}],\"inLanguage\":\"pt-PT\"},{\"@type\":\"Organization\",\"@id\":\"https:\/\/brasilnoticias.org\/site\/#organization\",\"name\":\"Brasil not\u00edcias\",\"url\":\"https:\/\/brasilnoticias.org\/site\/\",\"logo\":{\"@type\":\"ImageObject\",\"inLanguage\":\"pt-PT\",\"@id\":\"https:\/\/brasilnoticias.org\/site\/#\/schema\/logo\/image\/\",\"url\":\"https:\/\/brasilnoticias.org\/site\/wp-content\/uploads\/2022\/05\/cropped-brasilnoticias-mini.jpg\",\"contentUrl\":\"https:\/\/brasilnoticias.org\/site\/wp-content\/uploads\/2022\/05\/cropped-brasilnoticias-mini.jpg\",\"width\":314,\"height\":86,\"caption\":\"Brasil not\u00edcias\"},\"image\":{\"@id\":\"https:\/\/brasilnoticias.org\/site\/#\/schema\/logo\/image\/\"}},{\"@type\":\"Person\",\"@id\":\"https:\/\/brasilnoticias.org\/site\/#\/schema\/person\/f609fa847b5314f1c8b983342f34c798\",\"name\":\"Reda\u00e7\u00e3o\",\"image\":{\"@type\":\"ImageObject\",\"inLanguage\":\"pt-PT\",\"@id\":\"https:\/\/brasilnoticias.org\/site\/#\/schema\/person\/image\/\",\"url\":\"https:\/\/secure.gravatar.com\/avatar\/447284c06c1ad8b46465a36de9cd0d8326b73387a22799b8b1ffb1fbcff2ed0c?s=96&d=mm&r=g\",\"contentUrl\":\"https:\/\/secure.gravatar.com\/avatar\/447284c06c1ad8b46465a36de9cd0d8326b73387a22799b8b1ffb1fbcff2ed0c?s=96&d=mm&r=g\",\"caption\":\"Reda\u00e7\u00e3o\"},\"url\":\"https:\/\/brasilnoticias.org\/site\/author\/redacao\/\"}]}<\/script>\n<!-- \/ Yoast SEO plugin. -->","yoast_head_json":{"title":"AGOSTO BRANCO REACENDE O ALERTA: QUEM FUMA TEM CERCA DE 30 VEZES MAIS RISCO DE DESENVOLVER O C\u00c2NCER DE PULM\u00c3O - Brasil not\u00edcias","robots":{"index":"index","follow":"follow","max-snippet":"max-snippet:-1","max-image-preview":"max-image-preview:large","max-video-preview":"max-video-preview:-1"},"canonical":"https:\/\/brasilnoticias.org\/site\/agosto-branco-reacende-o-alerta-quem-fuma-tem-cerca-de-30-vezes-mais-risco-de-desenvolver-o-cancer-de-pulmao\/","og_locale":"pt_PT","og_type":"article","og_title":"AGOSTO BRANCO REACENDE O ALERTA: QUEM FUMA TEM CERCA DE 30 VEZES MAIS RISCO DE DESENVOLVER O C\u00c2NCER DE PULM\u00c3O - Brasil not\u00edcias","og_description":"Os tumores pulmonares ainda lideram o ranking das doen\u00e7as oncol\u00f3gicas que mais matam todos os anos, de acordo com a","og_url":"https:\/\/brasilnoticias.org\/site\/agosto-branco-reacende-o-alerta-quem-fuma-tem-cerca-de-30-vezes-mais-risco-de-desenvolver-o-cancer-de-pulmao\/","og_site_name":"Brasil not\u00edcias","article_published_time":"2022-08-07T11:58:27+00:00","og_image":[{"width":678,"height":452,"url":"https:\/\/brasilnoticias.org\/site\/wp-content\/uploads\/2022\/08\/IMG-20220801-WA0024.jpg","type":"image\/jpeg"}],"author":"Reda\u00e7\u00e3o","twitter_card":"summary_large_image","twitter_misc":{"Escrito por":"Reda\u00e7\u00e3o","Tempo estimado de leitura":"7 minutos"},"schema":{"@context":"https:\/\/schema.org","@graph":[{"@type":"Article","@id":"https:\/\/brasilnoticias.org\/site\/agosto-branco-reacende-o-alerta-quem-fuma-tem-cerca-de-30-vezes-mais-risco-de-desenvolver-o-cancer-de-pulmao\/#article","isPartOf":{"@id":"https:\/\/brasilnoticias.org\/site\/agosto-branco-reacende-o-alerta-quem-fuma-tem-cerca-de-30-vezes-mais-risco-de-desenvolver-o-cancer-de-pulmao\/"},"author":{"name":"Reda\u00e7\u00e3o","@id":"https:\/\/brasilnoticias.org\/site\/#\/schema\/person\/f609fa847b5314f1c8b983342f34c798"},"headline":"AGOSTO BRANCO REACENDE O ALERTA: QUEM FUMA TEM CERCA DE 30 VEZES MAIS RISCO DE DESENVOLVER O C\u00c2NCER DE PULM\u00c3O","datePublished":"2022-08-07T11:58:27+00:00","mainEntityOfPage":{"@id":"https:\/\/brasilnoticias.org\/site\/agosto-branco-reacende-o-alerta-quem-fuma-tem-cerca-de-30-vezes-mais-risco-de-desenvolver-o-cancer-de-pulmao\/"},"wordCount":1439,"commentCount":0,"publisher":{"@id":"https:\/\/brasilnoticias.org\/site\/#organization"},"image":{"@id":"https:\/\/brasilnoticias.org\/site\/agosto-branco-reacende-o-alerta-quem-fuma-tem-cerca-de-30-vezes-mais-risco-de-desenvolver-o-cancer-de-pulmao\/#primaryimage"},"thumbnailUrl":"https:\/\/brasilnoticias.org\/site\/wp-content\/uploads\/2022\/08\/IMG-20220801-WA0024.jpg","articleSection":["Not\u00edcias","\u00daltimas"],"inLanguage":"pt-PT","potentialAction":[{"@type":"CommentAction","name":"Comment","target":["https:\/\/brasilnoticias.org\/site\/agosto-branco-reacende-o-alerta-quem-fuma-tem-cerca-de-30-vezes-mais-risco-de-desenvolver-o-cancer-de-pulmao\/#respond"]}]},{"@type":"WebPage","@id":"https:\/\/brasilnoticias.org\/site\/agosto-branco-reacende-o-alerta-quem-fuma-tem-cerca-de-30-vezes-mais-risco-de-desenvolver-o-cancer-de-pulmao\/","url":"https:\/\/brasilnoticias.org\/site\/agosto-branco-reacende-o-alerta-quem-fuma-tem-cerca-de-30-vezes-mais-risco-de-desenvolver-o-cancer-de-pulmao\/","name":"AGOSTO BRANCO REACENDE O ALERTA: QUEM FUMA TEM CERCA DE 30 VEZES MAIS RISCO DE DESENVOLVER O C\u00c2NCER DE PULM\u00c3O - Brasil not\u00edcias","isPartOf":{"@id":"https:\/\/brasilnoticias.org\/site\/#website"},"primaryImageOfPage":{"@id":"https:\/\/brasilnoticias.org\/site\/agosto-branco-reacende-o-alerta-quem-fuma-tem-cerca-de-30-vezes-mais-risco-de-desenvolver-o-cancer-de-pulmao\/#primaryimage"},"image":{"@id":"https:\/\/brasilnoticias.org\/site\/agosto-branco-reacende-o-alerta-quem-fuma-tem-cerca-de-30-vezes-mais-risco-de-desenvolver-o-cancer-de-pulmao\/#primaryimage"},"thumbnailUrl":"https:\/\/brasilnoticias.org\/site\/wp-content\/uploads\/2022\/08\/IMG-20220801-WA0024.jpg","datePublished":"2022-08-07T11:58:27+00:00","breadcrumb":{"@id":"https:\/\/brasilnoticias.org\/site\/agosto-branco-reacende-o-alerta-quem-fuma-tem-cerca-de-30-vezes-mais-risco-de-desenvolver-o-cancer-de-pulmao\/#breadcrumb"},"inLanguage":"pt-PT","potentialAction":[{"@type":"ReadAction","target":["https:\/\/brasilnoticias.org\/site\/agosto-branco-reacende-o-alerta-quem-fuma-tem-cerca-de-30-vezes-mais-risco-de-desenvolver-o-cancer-de-pulmao\/"]}]},{"@type":"ImageObject","inLanguage":"pt-PT","@id":"https:\/\/brasilnoticias.org\/site\/agosto-branco-reacende-o-alerta-quem-fuma-tem-cerca-de-30-vezes-mais-risco-de-desenvolver-o-cancer-de-pulmao\/#primaryimage","url":"https:\/\/brasilnoticias.org\/site\/wp-content\/uploads\/2022\/08\/IMG-20220801-WA0024.jpg","contentUrl":"https:\/\/brasilnoticias.org\/site\/wp-content\/uploads\/2022\/08\/IMG-20220801-WA0024.jpg","width":678,"height":452},{"@type":"BreadcrumbList","@id":"https:\/\/brasilnoticias.org\/site\/agosto-branco-reacende-o-alerta-quem-fuma-tem-cerca-de-30-vezes-mais-risco-de-desenvolver-o-cancer-de-pulmao\/#breadcrumb","itemListElement":[{"@type":"ListItem","position":1,"name":"In\u00edcio","item":"https:\/\/brasilnoticias.org\/site\/"},{"@type":"ListItem","position":2,"name":"AGOSTO BRANCO REACENDE O ALERTA: QUEM FUMA TEM CERCA DE 30 VEZES MAIS RISCO DE DESENVOLVER O C\u00c2NCER DE PULM\u00c3O"}]},{"@type":"WebSite","@id":"https:\/\/brasilnoticias.org\/site\/#website","url":"https:\/\/brasilnoticias.org\/site\/","name":"Brasil not\u00edcias","description":"Brasil not\u00edcias","publisher":{"@id":"https:\/\/brasilnoticias.org\/site\/#organization"},"potentialAction":[{"@type":"SearchAction","target":{"@type":"EntryPoint","urlTemplate":"https:\/\/brasilnoticias.org\/site\/?s={search_term_string}"},"query-input":{"@type":"PropertyValueSpecification","valueRequired":true,"valueName":"search_term_string"}}],"inLanguage":"pt-PT"},{"@type":"Organization","@id":"https:\/\/brasilnoticias.org\/site\/#organization","name":"Brasil not\u00edcias","url":"https:\/\/brasilnoticias.org\/site\/","logo":{"@type":"ImageObject","inLanguage":"pt-PT","@id":"https:\/\/brasilnoticias.org\/site\/#\/schema\/logo\/image\/","url":"https:\/\/brasilnoticias.org\/site\/wp-content\/uploads\/2022\/05\/cropped-brasilnoticias-mini.jpg","contentUrl":"https:\/\/brasilnoticias.org\/site\/wp-content\/uploads\/2022\/05\/cropped-brasilnoticias-mini.jpg","width":314,"height":86,"caption":"Brasil not\u00edcias"},"image":{"@id":"https:\/\/brasilnoticias.org\/site\/#\/schema\/logo\/image\/"}},{"@type":"Person","@id":"https:\/\/brasilnoticias.org\/site\/#\/schema\/person\/f609fa847b5314f1c8b983342f34c798","name":"Reda\u00e7\u00e3o","image":{"@type":"ImageObject","inLanguage":"pt-PT","@id":"https:\/\/brasilnoticias.org\/site\/#\/schema\/person\/image\/","url":"https:\/\/secure.gravatar.com\/avatar\/447284c06c1ad8b46465a36de9cd0d8326b73387a22799b8b1ffb1fbcff2ed0c?s=96&d=mm&r=g","contentUrl":"https:\/\/secure.gravatar.com\/avatar\/447284c06c1ad8b46465a36de9cd0d8326b73387a22799b8b1ffb1fbcff2ed0c?s=96&d=mm&r=g","caption":"Reda\u00e7\u00e3o"},"url":"https:\/\/brasilnoticias.org\/site\/author\/redacao\/"}]}},"_links":{"self":[{"href":"https:\/\/brasilnoticias.org\/site\/wp-json\/wp\/v2\/posts\/1089","targetHints":{"allow":["GET"]}}],"collection":[{"href":"https:\/\/brasilnoticias.org\/site\/wp-json\/wp\/v2\/posts"}],"about":[{"href":"https:\/\/brasilnoticias.org\/site\/wp-json\/wp\/v2\/types\/post"}],"author":[{"embeddable":true,"href":"https:\/\/brasilnoticias.org\/site\/wp-json\/wp\/v2\/users\/2"}],"replies":[{"embeddable":true,"href":"https:\/\/brasilnoticias.org\/site\/wp-json\/wp\/v2\/comments?post=1089"}],"version-history":[{"count":1,"href":"https:\/\/brasilnoticias.org\/site\/wp-json\/wp\/v2\/posts\/1089\/revisions"}],"predecessor-version":[{"id":1092,"href":"https:\/\/brasilnoticias.org\/site\/wp-json\/wp\/v2\/posts\/1089\/revisions\/1092"}],"wp:featuredmedia":[{"embeddable":true,"href":"https:\/\/brasilnoticias.org\/site\/wp-json\/wp\/v2\/media\/1090"}],"wp:attachment":[{"href":"https:\/\/brasilnoticias.org\/site\/wp-json\/wp\/v2\/media?parent=1089"}],"wp:term":[{"taxonomy":"category","embeddable":true,"href":"https:\/\/brasilnoticias.org\/site\/wp-json\/wp\/v2\/categories?post=1089"},{"taxonomy":"post_tag","embeddable":true,"href":"https:\/\/brasilnoticias.org\/site\/wp-json\/wp\/v2\/tags?post=1089"}],"curies":[{"name":"wp","href":"https:\/\/api.w.org\/{rel}","templated":true}]}}