{"id":10894,"date":"2023-11-13T05:00:35","date_gmt":"2023-11-13T08:00:35","guid":{"rendered":"https:\/\/brasilnoticias.org\/site\/?p=10894"},"modified":"2023-11-12T20:40:43","modified_gmt":"2023-11-12T23:40:43","slug":"netanyahu-diz-que-israel-esta-fazendo-tudo-que-pode-para-resgatar-refens-do-hamas","status":"publish","type":"post","link":"https:\/\/brasilnoticias.org\/site\/netanyahu-diz-que-israel-esta-fazendo-tudo-que-pode-para-resgatar-refens-do-hamas\/","title":{"rendered":"Netanyahu diz que Israel est\u00e1 &#8220;fazendo tudo que pode&#8221; para resgatar ref\u00e9ns do Hamas"},"content":{"rendered":"<p>A declara\u00e7\u00e3o foi feita pelo primeiro-ministro israelense neste domingo (12)<\/p>\n<p>O primeiro-ministro de Israel, Benjamin Netanyahu, assegurou que o governo israelense est\u00e1 &#8220;fazendo tudo o que pode&#8221; para resgatar cerca de 200 pessoas mantidas ref\u00e9ns pelo grupo Hamas.<\/p>\n<p>&#8220;Este \u00e9 um dos nossos dois objetivos na guerra. Um \u00e9 destruir o Hamas e o outro \u00e9 trazer de volta os nossos ref\u00e9ns\u201d, afirmou Netanyahu, em entrevista \u00e0 CNN, neste domingo (12).<\/p>\n<p>Ao ser questionado sobre a frustra\u00e7\u00e3o dos ref\u00e9ns israelenses devido ao ambiente em que est\u00e3o inseridos e a demora para serem resgatados, o primeiro-ministro disse que compreende a ang\u00fastia deles, refor\u00e7ou que Israel est\u00e1 &#8220;fazendo tudo o que podemos, 24 horas por dia&#8221;, mas declarou que n\u00e3o podia entrar em detalhes.<\/p>\n<p>Foto: Alan Santos\/PR<br \/>\nPor: Metro1 <\/p>\n","protected":false},"excerpt":{"rendered":"<p>A declara\u00e7\u00e3o foi feita pelo primeiro-ministro israelense neste domingo (12) O primeiro-ministro de Israel, Benjamin Netanyahu, assegurou que o governo<\/p>\n","protected":false},"author":4,"featured_media":10895,"comment_status":"open","ping_status":"open","sticky":false,"template":"","format":"standard","meta":{"colormag_page_container_layout":"default_layout","colormag_page_sidebar_layout":"default_layout","_FSMCFIC_featured_image_caption":"","_FSMCFIC_featured_image_nocaption":"","_FSMCFIC_featured_image_hide":"","footnotes":""},"categories":[6,1],"tags":[],"class_list":["post-10894","post","type-post","status-publish","format-standard","has-post-thumbnail","hentry","category-mundo","category-ultimas"],"yoast_head":"<!-- This site is optimized with the Yoast SEO plugin v27.1.1 - https:\/\/yoast.com\/product\/yoast-seo-wordpress\/ -->\n<title>Netanyahu diz que Israel est\u00e1 &quot;fazendo tudo que pode&quot; para resgatar ref\u00e9ns do Hamas - Brasil not\u00edcias<\/title>\n<meta name=\"robots\" content=\"index, follow, max-snippet:-1, max-image-preview:large, max-video-preview:-1\" \/>\n<link rel=\"canonical\" href=\"https:\/\/brasilnoticias.org\/site\/netanyahu-diz-que-israel-esta-fazendo-tudo-que-pode-para-resgatar-refens-do-hamas\/\" \/>\n<meta property=\"og:locale\" content=\"pt_PT\" \/>\n<meta property=\"og:type\" content=\"article\" \/>\n<meta property=\"og:title\" content=\"Netanyahu diz que Israel est\u00e1 &quot;fazendo tudo que pode&quot; para resgatar ref\u00e9ns do Hamas - Brasil not\u00edcias\" \/>\n<meta property=\"og:description\" content=\"A declara\u00e7\u00e3o foi feita pelo primeiro-ministro israelense neste domingo (12) O primeiro-ministro de Israel, Benjamin Netanyahu, assegurou que o governo\" \/>\n<meta property=\"og:url\" content=\"https:\/\/brasilnoticias.org\/site\/netanyahu-diz-que-israel-esta-fazendo-tudo-que-pode-para-resgatar-refens-do-hamas\/\" \/>\n<meta property=\"og:site_name\" content=\"Brasil not\u00edcias\" \/>\n<meta property=\"article:published_time\" content=\"2023-11-13T08:00:35+00:00\" \/>\n<meta property=\"og:image\" content=\"https:\/\/brasilnoticias.org\/site\/wp-content\/uploads\/2023\/11\/143059netanyahu-diz-que-israel-esta-fazendo-tudo-que-pode-para-resgatar-refens-do-hamas-3.jpg\" \/>\n\t<meta property=\"og:image:width\" content=\"1600\" \/>\n\t<meta property=\"og:image:height\" content=\"752\" \/>\n\t<meta property=\"og:image:type\" content=\"image\/jpeg\" \/>\n<meta name=\"author\" content=\"Reda\u00e7\u00e3o\" \/>\n<meta name=\"twitter:card\" content=\"summary_large_image\" \/>\n<meta name=\"twitter:label1\" content=\"Escrito por\" \/>\n\t<meta name=\"twitter:data1\" content=\"Reda\u00e7\u00e3o\" \/>\n<script type=\"application\/ld+json\" class=\"yoast-schema-graph\">{\"@context\":\"https:\/\/schema.org\",\"@graph\":[{\"@type\":\"Article\",\"@id\":\"https:\/\/brasilnoticias.org\/site\/netanyahu-diz-que-israel-esta-fazendo-tudo-que-pode-para-resgatar-refens-do-hamas\/#article\",\"isPartOf\":{\"@id\":\"https:\/\/brasilnoticias.org\/site\/netanyahu-diz-que-israel-esta-fazendo-tudo-que-pode-para-resgatar-refens-do-hamas\/\"},\"author\":{\"name\":\"Reda\u00e7\u00e3o\",\"@id\":\"https:\/\/brasilnoticias.org\/site\/#\/schema\/person\/03bbbfe6c7634ad18c26444ea39049fa\"},\"headline\":\"Netanyahu diz que Israel est\u00e1 &#8220;fazendo tudo que pode&#8221; para resgatar ref\u00e9ns do Hamas\",\"datePublished\":\"2023-11-13T08:00:35+00:00\",\"mainEntityOfPage\":{\"@id\":\"https:\/\/brasilnoticias.org\/site\/netanyahu-diz-que-israel-esta-fazendo-tudo-que-pode-para-resgatar-refens-do-hamas\/\"},\"wordCount\":144,\"commentCount\":0,\"publisher\":{\"@id\":\"https:\/\/brasilnoticias.org\/site\/#organization\"},\"image\":{\"@id\":\"https:\/\/brasilnoticias.org\/site\/netanyahu-diz-que-israel-esta-fazendo-tudo-que-pode-para-resgatar-refens-do-hamas\/#primaryimage\"},\"thumbnailUrl\":\"https:\/\/brasilnoticias.org\/site\/wp-content\/uploads\/2023\/11\/143059netanyahu-diz-que-israel-esta-fazendo-tudo-que-pode-para-resgatar-refens-do-hamas-3.jpg\",\"articleSection\":[\"Mundo\",\"\u00daltimas\"],\"inLanguage\":\"pt-PT\",\"potentialAction\":[{\"@type\":\"CommentAction\",\"name\":\"Comment\",\"target\":[\"https:\/\/brasilnoticias.org\/site\/netanyahu-diz-que-israel-esta-fazendo-tudo-que-pode-para-resgatar-refens-do-hamas\/#respond\"]}]},{\"@type\":\"WebPage\",\"@id\":\"https:\/\/brasilnoticias.org\/site\/netanyahu-diz-que-israel-esta-fazendo-tudo-que-pode-para-resgatar-refens-do-hamas\/\",\"url\":\"https:\/\/brasilnoticias.org\/site\/netanyahu-diz-que-israel-esta-fazendo-tudo-que-pode-para-resgatar-refens-do-hamas\/\",\"name\":\"Netanyahu diz que Israel est\u00e1 \\\"fazendo tudo que pode\\\" para resgatar ref\u00e9ns do Hamas - Brasil not\u00edcias\",\"isPartOf\":{\"@id\":\"https:\/\/brasilnoticias.org\/site\/#website\"},\"primaryImageOfPage\":{\"@id\":\"https:\/\/brasilnoticias.org\/site\/netanyahu-diz-que-israel-esta-fazendo-tudo-que-pode-para-resgatar-refens-do-hamas\/#primaryimage\"},\"image\":{\"@id\":\"https:\/\/brasilnoticias.org\/site\/netanyahu-diz-que-israel-esta-fazendo-tudo-que-pode-para-resgatar-refens-do-hamas\/#primaryimage\"},\"thumbnailUrl\":\"https:\/\/brasilnoticias.org\/site\/wp-content\/uploads\/2023\/11\/143059netanyahu-diz-que-israel-esta-fazendo-tudo-que-pode-para-resgatar-refens-do-hamas-3.jpg\",\"datePublished\":\"2023-11-13T08:00:35+00:00\",\"breadcrumb\":{\"@id\":\"https:\/\/brasilnoticias.org\/site\/netanyahu-diz-que-israel-esta-fazendo-tudo-que-pode-para-resgatar-refens-do-hamas\/#breadcrumb\"},\"inLanguage\":\"pt-PT\",\"potentialAction\":[{\"@type\":\"ReadAction\",\"target\":[\"https:\/\/brasilnoticias.org\/site\/netanyahu-diz-que-israel-esta-fazendo-tudo-que-pode-para-resgatar-refens-do-hamas\/\"]}]},{\"@type\":\"ImageObject\",\"inLanguage\":\"pt-PT\",\"@id\":\"https:\/\/brasilnoticias.org\/site\/netanyahu-diz-que-israel-esta-fazendo-tudo-que-pode-para-resgatar-refens-do-hamas\/#primaryimage\",\"url\":\"https:\/\/brasilnoticias.org\/site\/wp-content\/uploads\/2023\/11\/143059netanyahu-diz-que-israel-esta-fazendo-tudo-que-pode-para-resgatar-refens-do-hamas-3.jpg\",\"contentUrl\":\"https:\/\/brasilnoticias.org\/site\/wp-content\/uploads\/2023\/11\/143059netanyahu-diz-que-israel-esta-fazendo-tudo-que-pode-para-resgatar-refens-do-hamas-3.jpg\",\"width\":1600,\"height\":752},{\"@type\":\"BreadcrumbList\",\"@id\":\"https:\/\/brasilnoticias.org\/site\/netanyahu-diz-que-israel-esta-fazendo-tudo-que-pode-para-resgatar-refens-do-hamas\/#breadcrumb\",\"itemListElement\":[{\"@type\":\"ListItem\",\"position\":1,\"name\":\"In\u00edcio\",\"item\":\"https:\/\/brasilnoticias.org\/site\/\"},{\"@type\":\"ListItem\",\"position\":2,\"name\":\"Netanyahu diz que Israel est\u00e1 &#8220;fazendo tudo que pode&#8221; para resgatar ref\u00e9ns do Hamas\"}]},{\"@type\":\"WebSite\",\"@id\":\"https:\/\/brasilnoticias.org\/site\/#website\",\"url\":\"https:\/\/brasilnoticias.org\/site\/\",\"name\":\"Brasil not\u00edcias\",\"description\":\"Brasil not\u00edcias\",\"publisher\":{\"@id\":\"https:\/\/brasilnoticias.org\/site\/#organization\"},\"potentialAction\":[{\"@type\":\"SearchAction\",\"target\":{\"@type\":\"EntryPoint\",\"urlTemplate\":\"https:\/\/brasilnoticias.org\/site\/?s={search_term_string}\"},\"query-input\":{\"@type\":\"PropertyValueSpecification\",\"valueRequired\":true,\"valueName\":\"search_term_string\"}}],\"inLanguage\":\"pt-PT\"},{\"@type\":\"Organization\",\"@id\":\"https:\/\/brasilnoticias.org\/site\/#organization\",\"name\":\"Brasil not\u00edcias\",\"url\":\"https:\/\/brasilnoticias.org\/site\/\",\"logo\":{\"@type\":\"ImageObject\",\"inLanguage\":\"pt-PT\",\"@id\":\"https:\/\/brasilnoticias.org\/site\/#\/schema\/logo\/image\/\",\"url\":\"https:\/\/brasilnoticias.org\/site\/wp-content\/uploads\/2022\/05\/cropped-brasilnoticias-mini.jpg\",\"contentUrl\":\"https:\/\/brasilnoticias.org\/site\/wp-content\/uploads\/2022\/05\/cropped-brasilnoticias-mini.jpg\",\"width\":314,\"height\":86,\"caption\":\"Brasil not\u00edcias\"},\"image\":{\"@id\":\"https:\/\/brasilnoticias.org\/site\/#\/schema\/logo\/image\/\"}},{\"@type\":\"Person\",\"@id\":\"https:\/\/brasilnoticias.org\/site\/#\/schema\/person\/03bbbfe6c7634ad18c26444ea39049fa\",\"name\":\"Reda\u00e7\u00e3o\",\"image\":{\"@type\":\"ImageObject\",\"inLanguage\":\"pt-PT\",\"@id\":\"https:\/\/brasilnoticias.org\/site\/#\/schema\/person\/image\/\",\"url\":\"https:\/\/secure.gravatar.com\/avatar\/9ecaf7327a696cb23ad926fedded5f1f04d7049de9e445375d55b48c001a6e42?s=96&d=mm&r=g\",\"contentUrl\":\"https:\/\/secure.gravatar.com\/avatar\/9ecaf7327a696cb23ad926fedded5f1f04d7049de9e445375d55b48c001a6e42?s=96&d=mm&r=g\",\"caption\":\"Reda\u00e7\u00e3o\"},\"url\":\"https:\/\/brasilnoticias.org\/site\/author\/henrique\/\"}]}<\/script>\n<!-- \/ Yoast SEO plugin. -->","yoast_head_json":{"title":"Netanyahu diz que Israel est\u00e1 \"fazendo tudo que pode\" para resgatar ref\u00e9ns do Hamas - Brasil not\u00edcias","robots":{"index":"index","follow":"follow","max-snippet":"max-snippet:-1","max-image-preview":"max-image-preview:large","max-video-preview":"max-video-preview:-1"},"canonical":"https:\/\/brasilnoticias.org\/site\/netanyahu-diz-que-israel-esta-fazendo-tudo-que-pode-para-resgatar-refens-do-hamas\/","og_locale":"pt_PT","og_type":"article","og_title":"Netanyahu diz que Israel est\u00e1 \"fazendo tudo que pode\" para resgatar ref\u00e9ns do Hamas - Brasil not\u00edcias","og_description":"A declara\u00e7\u00e3o foi feita pelo primeiro-ministro israelense neste domingo (12) O primeiro-ministro de Israel, Benjamin Netanyahu, assegurou que o governo","og_url":"https:\/\/brasilnoticias.org\/site\/netanyahu-diz-que-israel-esta-fazendo-tudo-que-pode-para-resgatar-refens-do-hamas\/","og_site_name":"Brasil not\u00edcias","article_published_time":"2023-11-13T08:00:35+00:00","og_image":[{"width":1600,"height":752,"url":"https:\/\/brasilnoticias.org\/site\/wp-content\/uploads\/2023\/11\/143059netanyahu-diz-que-israel-esta-fazendo-tudo-que-pode-para-resgatar-refens-do-hamas-3.jpg","type":"image\/jpeg"}],"author":"Reda\u00e7\u00e3o","twitter_card":"summary_large_image","twitter_misc":{"Escrito por":"Reda\u00e7\u00e3o"},"schema":{"@context":"https:\/\/schema.org","@graph":[{"@type":"Article","@id":"https:\/\/brasilnoticias.org\/site\/netanyahu-diz-que-israel-esta-fazendo-tudo-que-pode-para-resgatar-refens-do-hamas\/#article","isPartOf":{"@id":"https:\/\/brasilnoticias.org\/site\/netanyahu-diz-que-israel-esta-fazendo-tudo-que-pode-para-resgatar-refens-do-hamas\/"},"author":{"name":"Reda\u00e7\u00e3o","@id":"https:\/\/brasilnoticias.org\/site\/#\/schema\/person\/03bbbfe6c7634ad18c26444ea39049fa"},"headline":"Netanyahu diz que Israel est\u00e1 &#8220;fazendo tudo que pode&#8221; para resgatar ref\u00e9ns do Hamas","datePublished":"2023-11-13T08:00:35+00:00","mainEntityOfPage":{"@id":"https:\/\/brasilnoticias.org\/site\/netanyahu-diz-que-israel-esta-fazendo-tudo-que-pode-para-resgatar-refens-do-hamas\/"},"wordCount":144,"commentCount":0,"publisher":{"@id":"https:\/\/brasilnoticias.org\/site\/#organization"},"image":{"@id":"https:\/\/brasilnoticias.org\/site\/netanyahu-diz-que-israel-esta-fazendo-tudo-que-pode-para-resgatar-refens-do-hamas\/#primaryimage"},"thumbnailUrl":"https:\/\/brasilnoticias.org\/site\/wp-content\/uploads\/2023\/11\/143059netanyahu-diz-que-israel-esta-fazendo-tudo-que-pode-para-resgatar-refens-do-hamas-3.jpg","articleSection":["Mundo","\u00daltimas"],"inLanguage":"pt-PT","potentialAction":[{"@type":"CommentAction","name":"Comment","target":["https:\/\/brasilnoticias.org\/site\/netanyahu-diz-que-israel-esta-fazendo-tudo-que-pode-para-resgatar-refens-do-hamas\/#respond"]}]},{"@type":"WebPage","@id":"https:\/\/brasilnoticias.org\/site\/netanyahu-diz-que-israel-esta-fazendo-tudo-que-pode-para-resgatar-refens-do-hamas\/","url":"https:\/\/brasilnoticias.org\/site\/netanyahu-diz-que-israel-esta-fazendo-tudo-que-pode-para-resgatar-refens-do-hamas\/","name":"Netanyahu diz que Israel est\u00e1 \"fazendo tudo que pode\" para resgatar ref\u00e9ns do Hamas - Brasil not\u00edcias","isPartOf":{"@id":"https:\/\/brasilnoticias.org\/site\/#website"},"primaryImageOfPage":{"@id":"https:\/\/brasilnoticias.org\/site\/netanyahu-diz-que-israel-esta-fazendo-tudo-que-pode-para-resgatar-refens-do-hamas\/#primaryimage"},"image":{"@id":"https:\/\/brasilnoticias.org\/site\/netanyahu-diz-que-israel-esta-fazendo-tudo-que-pode-para-resgatar-refens-do-hamas\/#primaryimage"},"thumbnailUrl":"https:\/\/brasilnoticias.org\/site\/wp-content\/uploads\/2023\/11\/143059netanyahu-diz-que-israel-esta-fazendo-tudo-que-pode-para-resgatar-refens-do-hamas-3.jpg","datePublished":"2023-11-13T08:00:35+00:00","breadcrumb":{"@id":"https:\/\/brasilnoticias.org\/site\/netanyahu-diz-que-israel-esta-fazendo-tudo-que-pode-para-resgatar-refens-do-hamas\/#breadcrumb"},"inLanguage":"pt-PT","potentialAction":[{"@type":"ReadAction","target":["https:\/\/brasilnoticias.org\/site\/netanyahu-diz-que-israel-esta-fazendo-tudo-que-pode-para-resgatar-refens-do-hamas\/"]}]},{"@type":"ImageObject","inLanguage":"pt-PT","@id":"https:\/\/brasilnoticias.org\/site\/netanyahu-diz-que-israel-esta-fazendo-tudo-que-pode-para-resgatar-refens-do-hamas\/#primaryimage","url":"https:\/\/brasilnoticias.org\/site\/wp-content\/uploads\/2023\/11\/143059netanyahu-diz-que-israel-esta-fazendo-tudo-que-pode-para-resgatar-refens-do-hamas-3.jpg","contentUrl":"https:\/\/brasilnoticias.org\/site\/wp-content\/uploads\/2023\/11\/143059netanyahu-diz-que-israel-esta-fazendo-tudo-que-pode-para-resgatar-refens-do-hamas-3.jpg","width":1600,"height":752},{"@type":"BreadcrumbList","@id":"https:\/\/brasilnoticias.org\/site\/netanyahu-diz-que-israel-esta-fazendo-tudo-que-pode-para-resgatar-refens-do-hamas\/#breadcrumb","itemListElement":[{"@type":"ListItem","position":1,"name":"In\u00edcio","item":"https:\/\/brasilnoticias.org\/site\/"},{"@type":"ListItem","position":2,"name":"Netanyahu diz que Israel est\u00e1 &#8220;fazendo tudo que pode&#8221; para resgatar ref\u00e9ns do Hamas"}]},{"@type":"WebSite","@id":"https:\/\/brasilnoticias.org\/site\/#website","url":"https:\/\/brasilnoticias.org\/site\/","name":"Brasil not\u00edcias","description":"Brasil not\u00edcias","publisher":{"@id":"https:\/\/brasilnoticias.org\/site\/#organization"},"potentialAction":[{"@type":"SearchAction","target":{"@type":"EntryPoint","urlTemplate":"https:\/\/brasilnoticias.org\/site\/?s={search_term_string}"},"query-input":{"@type":"PropertyValueSpecification","valueRequired":true,"valueName":"search_term_string"}}],"inLanguage":"pt-PT"},{"@type":"Organization","@id":"https:\/\/brasilnoticias.org\/site\/#organization","name":"Brasil not\u00edcias","url":"https:\/\/brasilnoticias.org\/site\/","logo":{"@type":"ImageObject","inLanguage":"pt-PT","@id":"https:\/\/brasilnoticias.org\/site\/#\/schema\/logo\/image\/","url":"https:\/\/brasilnoticias.org\/site\/wp-content\/uploads\/2022\/05\/cropped-brasilnoticias-mini.jpg","contentUrl":"https:\/\/brasilnoticias.org\/site\/wp-content\/uploads\/2022\/05\/cropped-brasilnoticias-mini.jpg","width":314,"height":86,"caption":"Brasil not\u00edcias"},"image":{"@id":"https:\/\/brasilnoticias.org\/site\/#\/schema\/logo\/image\/"}},{"@type":"Person","@id":"https:\/\/brasilnoticias.org\/site\/#\/schema\/person\/03bbbfe6c7634ad18c26444ea39049fa","name":"Reda\u00e7\u00e3o","image":{"@type":"ImageObject","inLanguage":"pt-PT","@id":"https:\/\/brasilnoticias.org\/site\/#\/schema\/person\/image\/","url":"https:\/\/secure.gravatar.com\/avatar\/9ecaf7327a696cb23ad926fedded5f1f04d7049de9e445375d55b48c001a6e42?s=96&d=mm&r=g","contentUrl":"https:\/\/secure.gravatar.com\/avatar\/9ecaf7327a696cb23ad926fedded5f1f04d7049de9e445375d55b48c001a6e42?s=96&d=mm&r=g","caption":"Reda\u00e7\u00e3o"},"url":"https:\/\/brasilnoticias.org\/site\/author\/henrique\/"}]}},"_links":{"self":[{"href":"https:\/\/brasilnoticias.org\/site\/wp-json\/wp\/v2\/posts\/10894","targetHints":{"allow":["GET"]}}],"collection":[{"href":"https:\/\/brasilnoticias.org\/site\/wp-json\/wp\/v2\/posts"}],"about":[{"href":"https:\/\/brasilnoticias.org\/site\/wp-json\/wp\/v2\/types\/post"}],"author":[{"embeddable":true,"href":"https:\/\/brasilnoticias.org\/site\/wp-json\/wp\/v2\/users\/4"}],"replies":[{"embeddable":true,"href":"https:\/\/brasilnoticias.org\/site\/wp-json\/wp\/v2\/comments?post=10894"}],"version-history":[{"count":2,"href":"https:\/\/brasilnoticias.org\/site\/wp-json\/wp\/v2\/posts\/10894\/revisions"}],"predecessor-version":[{"id":10897,"href":"https:\/\/brasilnoticias.org\/site\/wp-json\/wp\/v2\/posts\/10894\/revisions\/10897"}],"wp:featuredmedia":[{"embeddable":true,"href":"https:\/\/brasilnoticias.org\/site\/wp-json\/wp\/v2\/media\/10895"}],"wp:attachment":[{"href":"https:\/\/brasilnoticias.org\/site\/wp-json\/wp\/v2\/media?parent=10894"}],"wp:term":[{"taxonomy":"category","embeddable":true,"href":"https:\/\/brasilnoticias.org\/site\/wp-json\/wp\/v2\/categories?post=10894"},{"taxonomy":"post_tag","embeddable":true,"href":"https:\/\/brasilnoticias.org\/site\/wp-json\/wp\/v2\/tags?post=10894"}],"curies":[{"name":"wp","href":"https:\/\/api.w.org\/{rel}","templated":true}]}}