{"id":10898,"date":"2023-11-13T08:00:48","date_gmt":"2023-11-13T11:00:48","guid":{"rendered":"https:\/\/brasilnoticias.org\/site\/?p=10898"},"modified":"2023-11-12T20:41:36","modified_gmt":"2023-11-12T23:41:36","slug":"ponte-salvador-itaparica-deve-ser-concluida-em-2029-afirma-presidente-de-concessionaria","status":"publish","type":"post","link":"https:\/\/brasilnoticias.org\/site\/ponte-salvador-itaparica-deve-ser-concluida-em-2029-afirma-presidente-de-concessionaria\/","title":{"rendered":"Ponte Salvador-Itaparica deve ser conclu\u00edda em 2029, afirma presidente de concession\u00e1ria"},"content":{"rendered":"<p>De acordo com o cronograma do projeto, a emiss\u00e3o da licen\u00e7a deve ocorrer at\u00e9 o 2\u00b0 semestre de 2024<\/p>\n<p>O projeto da Ponte Salvador-Itaparica est\u00e1 previsto para ser conclu\u00eddo em 2029, de acordo com o presidente da concession\u00e1ria respons\u00e1vel pelo projeto, Cl\u00e1udio Vilas Boas. A declara\u00e7\u00e3o foi feita em entrevista ao portal Poder360, publicada neste domingo (12).<\/p>\n<p>Villas Boas explicou que apesar de originalmente o prazo final para a entrega do projeto ser em 2025, devido a pandemia da Covid-19 o planejamento foi prejudicado, o que resultou no adiamento do prazo.<\/p>\n<p>&#8220;Quando o contrato foi assinado em novembro de 2020 e que a gente podia iniciar uma mobiliza\u00e7\u00e3o contratual, pegamos exatamente esse momento de caos\u201d, disse o presidente da concession\u00e1ria. Ele tamb\u00e9m afirmou que as sondagens do solo para a constru\u00e7\u00e3o da ponte devem ser iniciadas em dezembro deste ano.<\/p>\n<p>Al\u00e9m disso, o cronograma da Ponte Salvador-Itaparica estipula que a emiss\u00e3o da licen\u00e7a de instala\u00e7\u00e3o deve ocorrer no 2\u00ba semestre de 2024, com o in\u00edcio das obras previsto para acontecer no final deste mesmo ano.<\/p>\n<p>Foto: Concession\u00e1ria Ponte Salvador-Itaparica<br \/>\nPor: Metro1<\/p>\n","protected":false},"excerpt":{"rendered":"<p>De acordo com o cronograma do projeto, a emiss\u00e3o da licen\u00e7a deve ocorrer at\u00e9 o 2\u00b0 semestre de 2024 O<\/p>\n","protected":false},"author":4,"featured_media":10899,"comment_status":"open","ping_status":"open","sticky":false,"template":"","format":"standard","meta":{"colormag_page_container_layout":"default_layout","colormag_page_sidebar_layout":"default_layout","_FSMCFIC_featured_image_caption":"","_FSMCFIC_featured_image_nocaption":"","_FSMCFIC_featured_image_hide":"","footnotes":""},"categories":[2,1],"tags":[],"class_list":["post-10898","post","type-post","status-publish","format-standard","has-post-thumbnail","hentry","category-noticias","category-ultimas"],"yoast_head":"<!-- This site is optimized with the Yoast SEO plugin v27.1.1 - https:\/\/yoast.com\/product\/yoast-seo-wordpress\/ -->\n<title>Ponte Salvador-Itaparica deve ser conclu\u00edda em 2029, afirma presidente de concession\u00e1ria - Brasil not\u00edcias<\/title>\n<meta name=\"robots\" content=\"index, follow, max-snippet:-1, max-image-preview:large, max-video-preview:-1\" \/>\n<link rel=\"canonical\" href=\"https:\/\/brasilnoticias.org\/site\/ponte-salvador-itaparica-deve-ser-concluida-em-2029-afirma-presidente-de-concessionaria\/\" \/>\n<meta property=\"og:locale\" content=\"pt_PT\" \/>\n<meta property=\"og:type\" content=\"article\" \/>\n<meta property=\"og:title\" content=\"Ponte Salvador-Itaparica deve ser conclu\u00edda em 2029, afirma presidente de concession\u00e1ria - Brasil not\u00edcias\" \/>\n<meta property=\"og:description\" content=\"De acordo com o cronograma do projeto, a emiss\u00e3o da licen\u00e7a deve ocorrer at\u00e9 o 2\u00b0 semestre de 2024 O\" \/>\n<meta property=\"og:url\" content=\"https:\/\/brasilnoticias.org\/site\/ponte-salvador-itaparica-deve-ser-concluida-em-2029-afirma-presidente-de-concessionaria\/\" \/>\n<meta property=\"og:site_name\" content=\"Brasil not\u00edcias\" \/>\n<meta property=\"article:published_time\" content=\"2023-11-13T11:00:48+00:00\" \/>\n<meta property=\"og:image\" content=\"https:\/\/brasilnoticias.org\/site\/wp-content\/uploads\/2023\/11\/143064ponte-salvador-itaparica-deve-ser-concluida-em-2029-afirma-presidente-de-concessionaria-3.jpg\" \/>\n\t<meta property=\"og:image:width\" content=\"1600\" \/>\n\t<meta property=\"og:image:height\" content=\"752\" \/>\n\t<meta property=\"og:image:type\" content=\"image\/jpeg\" \/>\n<meta name=\"author\" content=\"Reda\u00e7\u00e3o\" \/>\n<meta name=\"twitter:card\" content=\"summary_large_image\" \/>\n<meta name=\"twitter:label1\" content=\"Escrito por\" \/>\n\t<meta name=\"twitter:data1\" content=\"Reda\u00e7\u00e3o\" \/>\n<script type=\"application\/ld+json\" class=\"yoast-schema-graph\">{\"@context\":\"https:\/\/schema.org\",\"@graph\":[{\"@type\":\"Article\",\"@id\":\"https:\/\/brasilnoticias.org\/site\/ponte-salvador-itaparica-deve-ser-concluida-em-2029-afirma-presidente-de-concessionaria\/#article\",\"isPartOf\":{\"@id\":\"https:\/\/brasilnoticias.org\/site\/ponte-salvador-itaparica-deve-ser-concluida-em-2029-afirma-presidente-de-concessionaria\/\"},\"author\":{\"name\":\"Reda\u00e7\u00e3o\",\"@id\":\"https:\/\/brasilnoticias.org\/site\/#\/schema\/person\/03bbbfe6c7634ad18c26444ea39049fa\"},\"headline\":\"Ponte Salvador-Itaparica deve ser conclu\u00edda em 2029, afirma presidente de concession\u00e1ria\",\"datePublished\":\"2023-11-13T11:00:48+00:00\",\"mainEntityOfPage\":{\"@id\":\"https:\/\/brasilnoticias.org\/site\/ponte-salvador-itaparica-deve-ser-concluida-em-2029-afirma-presidente-de-concessionaria\/\"},\"wordCount\":202,\"commentCount\":0,\"publisher\":{\"@id\":\"https:\/\/brasilnoticias.org\/site\/#organization\"},\"image\":{\"@id\":\"https:\/\/brasilnoticias.org\/site\/ponte-salvador-itaparica-deve-ser-concluida-em-2029-afirma-presidente-de-concessionaria\/#primaryimage\"},\"thumbnailUrl\":\"https:\/\/brasilnoticias.org\/site\/wp-content\/uploads\/2023\/11\/143064ponte-salvador-itaparica-deve-ser-concluida-em-2029-afirma-presidente-de-concessionaria-3.jpg\",\"articleSection\":[\"Not\u00edcias\",\"\u00daltimas\"],\"inLanguage\":\"pt-PT\",\"potentialAction\":[{\"@type\":\"CommentAction\",\"name\":\"Comment\",\"target\":[\"https:\/\/brasilnoticias.org\/site\/ponte-salvador-itaparica-deve-ser-concluida-em-2029-afirma-presidente-de-concessionaria\/#respond\"]}]},{\"@type\":\"WebPage\",\"@id\":\"https:\/\/brasilnoticias.org\/site\/ponte-salvador-itaparica-deve-ser-concluida-em-2029-afirma-presidente-de-concessionaria\/\",\"url\":\"https:\/\/brasilnoticias.org\/site\/ponte-salvador-itaparica-deve-ser-concluida-em-2029-afirma-presidente-de-concessionaria\/\",\"name\":\"Ponte Salvador-Itaparica deve ser conclu\u00edda em 2029, afirma presidente de concession\u00e1ria - Brasil not\u00edcias\",\"isPartOf\":{\"@id\":\"https:\/\/brasilnoticias.org\/site\/#website\"},\"primaryImageOfPage\":{\"@id\":\"https:\/\/brasilnoticias.org\/site\/ponte-salvador-itaparica-deve-ser-concluida-em-2029-afirma-presidente-de-concessionaria\/#primaryimage\"},\"image\":{\"@id\":\"https:\/\/brasilnoticias.org\/site\/ponte-salvador-itaparica-deve-ser-concluida-em-2029-afirma-presidente-de-concessionaria\/#primaryimage\"},\"thumbnailUrl\":\"https:\/\/brasilnoticias.org\/site\/wp-content\/uploads\/2023\/11\/143064ponte-salvador-itaparica-deve-ser-concluida-em-2029-afirma-presidente-de-concessionaria-3.jpg\",\"datePublished\":\"2023-11-13T11:00:48+00:00\",\"breadcrumb\":{\"@id\":\"https:\/\/brasilnoticias.org\/site\/ponte-salvador-itaparica-deve-ser-concluida-em-2029-afirma-presidente-de-concessionaria\/#breadcrumb\"},\"inLanguage\":\"pt-PT\",\"potentialAction\":[{\"@type\":\"ReadAction\",\"target\":[\"https:\/\/brasilnoticias.org\/site\/ponte-salvador-itaparica-deve-ser-concluida-em-2029-afirma-presidente-de-concessionaria\/\"]}]},{\"@type\":\"ImageObject\",\"inLanguage\":\"pt-PT\",\"@id\":\"https:\/\/brasilnoticias.org\/site\/ponte-salvador-itaparica-deve-ser-concluida-em-2029-afirma-presidente-de-concessionaria\/#primaryimage\",\"url\":\"https:\/\/brasilnoticias.org\/site\/wp-content\/uploads\/2023\/11\/143064ponte-salvador-itaparica-deve-ser-concluida-em-2029-afirma-presidente-de-concessionaria-3.jpg\",\"contentUrl\":\"https:\/\/brasilnoticias.org\/site\/wp-content\/uploads\/2023\/11\/143064ponte-salvador-itaparica-deve-ser-concluida-em-2029-afirma-presidente-de-concessionaria-3.jpg\",\"width\":1600,\"height\":752},{\"@type\":\"BreadcrumbList\",\"@id\":\"https:\/\/brasilnoticias.org\/site\/ponte-salvador-itaparica-deve-ser-concluida-em-2029-afirma-presidente-de-concessionaria\/#breadcrumb\",\"itemListElement\":[{\"@type\":\"ListItem\",\"position\":1,\"name\":\"In\u00edcio\",\"item\":\"https:\/\/brasilnoticias.org\/site\/\"},{\"@type\":\"ListItem\",\"position\":2,\"name\":\"Ponte Salvador-Itaparica deve ser conclu\u00edda em 2029, afirma presidente de concession\u00e1ria\"}]},{\"@type\":\"WebSite\",\"@id\":\"https:\/\/brasilnoticias.org\/site\/#website\",\"url\":\"https:\/\/brasilnoticias.org\/site\/\",\"name\":\"Brasil not\u00edcias\",\"description\":\"Brasil not\u00edcias\",\"publisher\":{\"@id\":\"https:\/\/brasilnoticias.org\/site\/#organization\"},\"potentialAction\":[{\"@type\":\"SearchAction\",\"target\":{\"@type\":\"EntryPoint\",\"urlTemplate\":\"https:\/\/brasilnoticias.org\/site\/?s={search_term_string}\"},\"query-input\":{\"@type\":\"PropertyValueSpecification\",\"valueRequired\":true,\"valueName\":\"search_term_string\"}}],\"inLanguage\":\"pt-PT\"},{\"@type\":\"Organization\",\"@id\":\"https:\/\/brasilnoticias.org\/site\/#organization\",\"name\":\"Brasil not\u00edcias\",\"url\":\"https:\/\/brasilnoticias.org\/site\/\",\"logo\":{\"@type\":\"ImageObject\",\"inLanguage\":\"pt-PT\",\"@id\":\"https:\/\/brasilnoticias.org\/site\/#\/schema\/logo\/image\/\",\"url\":\"https:\/\/brasilnoticias.org\/site\/wp-content\/uploads\/2022\/05\/cropped-brasilnoticias-mini.jpg\",\"contentUrl\":\"https:\/\/brasilnoticias.org\/site\/wp-content\/uploads\/2022\/05\/cropped-brasilnoticias-mini.jpg\",\"width\":314,\"height\":86,\"caption\":\"Brasil not\u00edcias\"},\"image\":{\"@id\":\"https:\/\/brasilnoticias.org\/site\/#\/schema\/logo\/image\/\"}},{\"@type\":\"Person\",\"@id\":\"https:\/\/brasilnoticias.org\/site\/#\/schema\/person\/03bbbfe6c7634ad18c26444ea39049fa\",\"name\":\"Reda\u00e7\u00e3o\",\"image\":{\"@type\":\"ImageObject\",\"inLanguage\":\"pt-PT\",\"@id\":\"https:\/\/brasilnoticias.org\/site\/#\/schema\/person\/image\/\",\"url\":\"https:\/\/secure.gravatar.com\/avatar\/9ecaf7327a696cb23ad926fedded5f1f04d7049de9e445375d55b48c001a6e42?s=96&d=mm&r=g\",\"contentUrl\":\"https:\/\/secure.gravatar.com\/avatar\/9ecaf7327a696cb23ad926fedded5f1f04d7049de9e445375d55b48c001a6e42?s=96&d=mm&r=g\",\"caption\":\"Reda\u00e7\u00e3o\"},\"url\":\"https:\/\/brasilnoticias.org\/site\/author\/henrique\/\"}]}<\/script>\n<!-- \/ Yoast SEO plugin. -->","yoast_head_json":{"title":"Ponte Salvador-Itaparica deve ser conclu\u00edda em 2029, afirma presidente de concession\u00e1ria - Brasil not\u00edcias","robots":{"index":"index","follow":"follow","max-snippet":"max-snippet:-1","max-image-preview":"max-image-preview:large","max-video-preview":"max-video-preview:-1"},"canonical":"https:\/\/brasilnoticias.org\/site\/ponte-salvador-itaparica-deve-ser-concluida-em-2029-afirma-presidente-de-concessionaria\/","og_locale":"pt_PT","og_type":"article","og_title":"Ponte Salvador-Itaparica deve ser conclu\u00edda em 2029, afirma presidente de concession\u00e1ria - Brasil not\u00edcias","og_description":"De acordo com o cronograma do projeto, a emiss\u00e3o da licen\u00e7a deve ocorrer at\u00e9 o 2\u00b0 semestre de 2024 O","og_url":"https:\/\/brasilnoticias.org\/site\/ponte-salvador-itaparica-deve-ser-concluida-em-2029-afirma-presidente-de-concessionaria\/","og_site_name":"Brasil not\u00edcias","article_published_time":"2023-11-13T11:00:48+00:00","og_image":[{"width":1600,"height":752,"url":"https:\/\/brasilnoticias.org\/site\/wp-content\/uploads\/2023\/11\/143064ponte-salvador-itaparica-deve-ser-concluida-em-2029-afirma-presidente-de-concessionaria-3.jpg","type":"image\/jpeg"}],"author":"Reda\u00e7\u00e3o","twitter_card":"summary_large_image","twitter_misc":{"Escrito por":"Reda\u00e7\u00e3o"},"schema":{"@context":"https:\/\/schema.org","@graph":[{"@type":"Article","@id":"https:\/\/brasilnoticias.org\/site\/ponte-salvador-itaparica-deve-ser-concluida-em-2029-afirma-presidente-de-concessionaria\/#article","isPartOf":{"@id":"https:\/\/brasilnoticias.org\/site\/ponte-salvador-itaparica-deve-ser-concluida-em-2029-afirma-presidente-de-concessionaria\/"},"author":{"name":"Reda\u00e7\u00e3o","@id":"https:\/\/brasilnoticias.org\/site\/#\/schema\/person\/03bbbfe6c7634ad18c26444ea39049fa"},"headline":"Ponte Salvador-Itaparica deve ser conclu\u00edda em 2029, afirma presidente de concession\u00e1ria","datePublished":"2023-11-13T11:00:48+00:00","mainEntityOfPage":{"@id":"https:\/\/brasilnoticias.org\/site\/ponte-salvador-itaparica-deve-ser-concluida-em-2029-afirma-presidente-de-concessionaria\/"},"wordCount":202,"commentCount":0,"publisher":{"@id":"https:\/\/brasilnoticias.org\/site\/#organization"},"image":{"@id":"https:\/\/brasilnoticias.org\/site\/ponte-salvador-itaparica-deve-ser-concluida-em-2029-afirma-presidente-de-concessionaria\/#primaryimage"},"thumbnailUrl":"https:\/\/brasilnoticias.org\/site\/wp-content\/uploads\/2023\/11\/143064ponte-salvador-itaparica-deve-ser-concluida-em-2029-afirma-presidente-de-concessionaria-3.jpg","articleSection":["Not\u00edcias","\u00daltimas"],"inLanguage":"pt-PT","potentialAction":[{"@type":"CommentAction","name":"Comment","target":["https:\/\/brasilnoticias.org\/site\/ponte-salvador-itaparica-deve-ser-concluida-em-2029-afirma-presidente-de-concessionaria\/#respond"]}]},{"@type":"WebPage","@id":"https:\/\/brasilnoticias.org\/site\/ponte-salvador-itaparica-deve-ser-concluida-em-2029-afirma-presidente-de-concessionaria\/","url":"https:\/\/brasilnoticias.org\/site\/ponte-salvador-itaparica-deve-ser-concluida-em-2029-afirma-presidente-de-concessionaria\/","name":"Ponte Salvador-Itaparica deve ser conclu\u00edda em 2029, afirma presidente de concession\u00e1ria - Brasil not\u00edcias","isPartOf":{"@id":"https:\/\/brasilnoticias.org\/site\/#website"},"primaryImageOfPage":{"@id":"https:\/\/brasilnoticias.org\/site\/ponte-salvador-itaparica-deve-ser-concluida-em-2029-afirma-presidente-de-concessionaria\/#primaryimage"},"image":{"@id":"https:\/\/brasilnoticias.org\/site\/ponte-salvador-itaparica-deve-ser-concluida-em-2029-afirma-presidente-de-concessionaria\/#primaryimage"},"thumbnailUrl":"https:\/\/brasilnoticias.org\/site\/wp-content\/uploads\/2023\/11\/143064ponte-salvador-itaparica-deve-ser-concluida-em-2029-afirma-presidente-de-concessionaria-3.jpg","datePublished":"2023-11-13T11:00:48+00:00","breadcrumb":{"@id":"https:\/\/brasilnoticias.org\/site\/ponte-salvador-itaparica-deve-ser-concluida-em-2029-afirma-presidente-de-concessionaria\/#breadcrumb"},"inLanguage":"pt-PT","potentialAction":[{"@type":"ReadAction","target":["https:\/\/brasilnoticias.org\/site\/ponte-salvador-itaparica-deve-ser-concluida-em-2029-afirma-presidente-de-concessionaria\/"]}]},{"@type":"ImageObject","inLanguage":"pt-PT","@id":"https:\/\/brasilnoticias.org\/site\/ponte-salvador-itaparica-deve-ser-concluida-em-2029-afirma-presidente-de-concessionaria\/#primaryimage","url":"https:\/\/brasilnoticias.org\/site\/wp-content\/uploads\/2023\/11\/143064ponte-salvador-itaparica-deve-ser-concluida-em-2029-afirma-presidente-de-concessionaria-3.jpg","contentUrl":"https:\/\/brasilnoticias.org\/site\/wp-content\/uploads\/2023\/11\/143064ponte-salvador-itaparica-deve-ser-concluida-em-2029-afirma-presidente-de-concessionaria-3.jpg","width":1600,"height":752},{"@type":"BreadcrumbList","@id":"https:\/\/brasilnoticias.org\/site\/ponte-salvador-itaparica-deve-ser-concluida-em-2029-afirma-presidente-de-concessionaria\/#breadcrumb","itemListElement":[{"@type":"ListItem","position":1,"name":"In\u00edcio","item":"https:\/\/brasilnoticias.org\/site\/"},{"@type":"ListItem","position":2,"name":"Ponte Salvador-Itaparica deve ser conclu\u00edda em 2029, afirma presidente de concession\u00e1ria"}]},{"@type":"WebSite","@id":"https:\/\/brasilnoticias.org\/site\/#website","url":"https:\/\/brasilnoticias.org\/site\/","name":"Brasil not\u00edcias","description":"Brasil not\u00edcias","publisher":{"@id":"https:\/\/brasilnoticias.org\/site\/#organization"},"potentialAction":[{"@type":"SearchAction","target":{"@type":"EntryPoint","urlTemplate":"https:\/\/brasilnoticias.org\/site\/?s={search_term_string}"},"query-input":{"@type":"PropertyValueSpecification","valueRequired":true,"valueName":"search_term_string"}}],"inLanguage":"pt-PT"},{"@type":"Organization","@id":"https:\/\/brasilnoticias.org\/site\/#organization","name":"Brasil not\u00edcias","url":"https:\/\/brasilnoticias.org\/site\/","logo":{"@type":"ImageObject","inLanguage":"pt-PT","@id":"https:\/\/brasilnoticias.org\/site\/#\/schema\/logo\/image\/","url":"https:\/\/brasilnoticias.org\/site\/wp-content\/uploads\/2022\/05\/cropped-brasilnoticias-mini.jpg","contentUrl":"https:\/\/brasilnoticias.org\/site\/wp-content\/uploads\/2022\/05\/cropped-brasilnoticias-mini.jpg","width":314,"height":86,"caption":"Brasil not\u00edcias"},"image":{"@id":"https:\/\/brasilnoticias.org\/site\/#\/schema\/logo\/image\/"}},{"@type":"Person","@id":"https:\/\/brasilnoticias.org\/site\/#\/schema\/person\/03bbbfe6c7634ad18c26444ea39049fa","name":"Reda\u00e7\u00e3o","image":{"@type":"ImageObject","inLanguage":"pt-PT","@id":"https:\/\/brasilnoticias.org\/site\/#\/schema\/person\/image\/","url":"https:\/\/secure.gravatar.com\/avatar\/9ecaf7327a696cb23ad926fedded5f1f04d7049de9e445375d55b48c001a6e42?s=96&d=mm&r=g","contentUrl":"https:\/\/secure.gravatar.com\/avatar\/9ecaf7327a696cb23ad926fedded5f1f04d7049de9e445375d55b48c001a6e42?s=96&d=mm&r=g","caption":"Reda\u00e7\u00e3o"},"url":"https:\/\/brasilnoticias.org\/site\/author\/henrique\/"}]}},"_links":{"self":[{"href":"https:\/\/brasilnoticias.org\/site\/wp-json\/wp\/v2\/posts\/10898","targetHints":{"allow":["GET"]}}],"collection":[{"href":"https:\/\/brasilnoticias.org\/site\/wp-json\/wp\/v2\/posts"}],"about":[{"href":"https:\/\/brasilnoticias.org\/site\/wp-json\/wp\/v2\/types\/post"}],"author":[{"embeddable":true,"href":"https:\/\/brasilnoticias.org\/site\/wp-json\/wp\/v2\/users\/4"}],"replies":[{"embeddable":true,"href":"https:\/\/brasilnoticias.org\/site\/wp-json\/wp\/v2\/comments?post=10898"}],"version-history":[{"count":1,"href":"https:\/\/brasilnoticias.org\/site\/wp-json\/wp\/v2\/posts\/10898\/revisions"}],"predecessor-version":[{"id":10900,"href":"https:\/\/brasilnoticias.org\/site\/wp-json\/wp\/v2\/posts\/10898\/revisions\/10900"}],"wp:featuredmedia":[{"embeddable":true,"href":"https:\/\/brasilnoticias.org\/site\/wp-json\/wp\/v2\/media\/10899"}],"wp:attachment":[{"href":"https:\/\/brasilnoticias.org\/site\/wp-json\/wp\/v2\/media?parent=10898"}],"wp:term":[{"taxonomy":"category","embeddable":true,"href":"https:\/\/brasilnoticias.org\/site\/wp-json\/wp\/v2\/categories?post=10898"},{"taxonomy":"post_tag","embeddable":true,"href":"https:\/\/brasilnoticias.org\/site\/wp-json\/wp\/v2\/tags?post=10898"}],"curies":[{"name":"wp","href":"https:\/\/api.w.org\/{rel}","templated":true}]}}