{"id":10939,"date":"2023-11-14T19:37:01","date_gmt":"2023-11-14T22:37:01","guid":{"rendered":"https:\/\/brasilnoticias.org\/site\/?p=10939"},"modified":"2023-11-14T19:37:01","modified_gmt":"2023-11-14T22:37:01","slug":"gratuidade-de-passagens-aereas-para-pcds-e-aprovada-por-comissao-do-senado","status":"publish","type":"post","link":"https:\/\/brasilnoticias.org\/site\/gratuidade-de-passagens-aereas-para-pcds-e-aprovada-por-comissao-do-senado\/","title":{"rendered":"Gratuidade de passagens a\u00e9reas para PCDs \u00e9 aprovada por comiss\u00e3o do Senado"},"content":{"rendered":"<p>Direito a passagens gratuitas j\u00e1 \u00e9 assegurado em \u00f4nibus interestaduais pela Lei do Passe Livre<\/p>\n<p>Uma proposta que prev\u00ea reserva e gratuidade de passagens no transporte a\u00e9reo para pessoas com defici\u00eancia (PCDs), que possuem baixa renda, foi aprovada pela Comiss\u00e3o de Assuntos Econ\u00f4micos (CAE) do Senado Federal. A mat\u00e9ria \u00e9 de autoria da senadora Mara Gabrilli (PSD-SP) e recebeu substitutivo do senador Rom\u00e1rio (PL-RJ). <\/p>\n<p>Com o novo projeto de lei, al\u00e9m das passagens, tamb\u00e9m ser\u00e3o garantidas vagas em voos e em \u00f4nibus leitos e semi-leitos, caso seja aprovado. O texto prev\u00ea que, se em 90 dias n\u00e3o houver regulamenta\u00e7\u00e3o da lei, as empresas devem ofertar compulsoriamente dois assentos por ve\u00edculo em todas as categorias de transporte coletivo (rodovi\u00e1rio, ferrovi\u00e1rio, aquavi\u00e1rio e a\u00e9reo).<\/p>\n<p>Al\u00e9m disso, quando n\u00e3o houver mais vagas dispon\u00edveis para PCDs, a empresa dever\u00e1 emitir um documento reconhecendo que n\u00e3o havia assentos dispon\u00edveis e apresentar os pr\u00f3ximos hor\u00e1rios e datas dispon\u00edveis para a viagem. As vagas n\u00e3o solicitadas em at\u00e9 48 horas antes da partida do ve\u00edculo poder\u00e3o ser vendidas aos demais passageiros.<\/p>\n<p>Foto: Marcelo Camargo\/Ag\u00eancia Brasil<br \/>\nPor: Metro1<\/p>\n","protected":false},"excerpt":{"rendered":"<p>Direito a passagens gratuitas j\u00e1 \u00e9 assegurado em \u00f4nibus interestaduais pela Lei do Passe Livre Uma proposta que prev\u00ea reserva<\/p>\n","protected":false},"author":4,"featured_media":10940,"comment_status":"open","ping_status":"open","sticky":false,"template":"","format":"standard","meta":{"colormag_page_container_layout":"default_layout","colormag_page_sidebar_layout":"default_layout","_FSMCFIC_featured_image_caption":"","_FSMCFIC_featured_image_nocaption":"","_FSMCFIC_featured_image_hide":"","footnotes":""},"categories":[2,1],"tags":[],"class_list":["post-10939","post","type-post","status-publish","format-standard","has-post-thumbnail","hentry","category-noticias","category-ultimas"],"yoast_head":"<!-- This site is optimized with the Yoast SEO plugin v27.1.1 - https:\/\/yoast.com\/product\/yoast-seo-wordpress\/ -->\n<title>Gratuidade de passagens a\u00e9reas para PCDs \u00e9 aprovada por comiss\u00e3o do Senado - Brasil not\u00edcias<\/title>\n<meta name=\"robots\" content=\"index, follow, max-snippet:-1, max-image-preview:large, max-video-preview:-1\" \/>\n<link rel=\"canonical\" href=\"https:\/\/brasilnoticias.org\/site\/gratuidade-de-passagens-aereas-para-pcds-e-aprovada-por-comissao-do-senado\/\" \/>\n<meta property=\"og:locale\" content=\"pt_PT\" \/>\n<meta property=\"og:type\" content=\"article\" \/>\n<meta property=\"og:title\" content=\"Gratuidade de passagens a\u00e9reas para PCDs \u00e9 aprovada por comiss\u00e3o do Senado - Brasil not\u00edcias\" \/>\n<meta property=\"og:description\" content=\"Direito a passagens gratuitas j\u00e1 \u00e9 assegurado em \u00f4nibus interestaduais pela Lei do Passe Livre Uma proposta que prev\u00ea reserva\" \/>\n<meta property=\"og:url\" content=\"https:\/\/brasilnoticias.org\/site\/gratuidade-de-passagens-aereas-para-pcds-e-aprovada-por-comissao-do-senado\/\" \/>\n<meta property=\"og:site_name\" content=\"Brasil not\u00edcias\" \/>\n<meta property=\"article:published_time\" content=\"2023-11-14T22:37:01+00:00\" \/>\n<meta property=\"og:image\" content=\"https:\/\/brasilnoticias.org\/site\/wp-content\/uploads\/2023\/11\/143155gratuidade-de-passagens-aereas-para-pcds-e-aprovada-por-comissao-do-senado-3.jpg\" \/>\n\t<meta property=\"og:image:width\" content=\"1600\" \/>\n\t<meta property=\"og:image:height\" content=\"752\" \/>\n\t<meta property=\"og:image:type\" content=\"image\/jpeg\" \/>\n<meta name=\"author\" content=\"Reda\u00e7\u00e3o\" \/>\n<meta name=\"twitter:card\" content=\"summary_large_image\" \/>\n<meta name=\"twitter:label1\" content=\"Escrito por\" \/>\n\t<meta name=\"twitter:data1\" content=\"Reda\u00e7\u00e3o\" \/>\n<script type=\"application\/ld+json\" class=\"yoast-schema-graph\">{\"@context\":\"https:\/\/schema.org\",\"@graph\":[{\"@type\":\"Article\",\"@id\":\"https:\/\/brasilnoticias.org\/site\/gratuidade-de-passagens-aereas-para-pcds-e-aprovada-por-comissao-do-senado\/#article\",\"isPartOf\":{\"@id\":\"https:\/\/brasilnoticias.org\/site\/gratuidade-de-passagens-aereas-para-pcds-e-aprovada-por-comissao-do-senado\/\"},\"author\":{\"name\":\"Reda\u00e7\u00e3o\",\"@id\":\"https:\/\/brasilnoticias.org\/site\/#\/schema\/person\/03bbbfe6c7634ad18c26444ea39049fa\"},\"headline\":\"Gratuidade de passagens a\u00e9reas para PCDs \u00e9 aprovada por comiss\u00e3o do Senado\",\"datePublished\":\"2023-11-14T22:37:01+00:00\",\"mainEntityOfPage\":{\"@id\":\"https:\/\/brasilnoticias.org\/site\/gratuidade-de-passagens-aereas-para-pcds-e-aprovada-por-comissao-do-senado\/\"},\"wordCount\":218,\"commentCount\":0,\"publisher\":{\"@id\":\"https:\/\/brasilnoticias.org\/site\/#organization\"},\"image\":{\"@id\":\"https:\/\/brasilnoticias.org\/site\/gratuidade-de-passagens-aereas-para-pcds-e-aprovada-por-comissao-do-senado\/#primaryimage\"},\"thumbnailUrl\":\"https:\/\/brasilnoticias.org\/site\/wp-content\/uploads\/2023\/11\/143155gratuidade-de-passagens-aereas-para-pcds-e-aprovada-por-comissao-do-senado-3.jpg\",\"articleSection\":[\"Not\u00edcias\",\"\u00daltimas\"],\"inLanguage\":\"pt-PT\",\"potentialAction\":[{\"@type\":\"CommentAction\",\"name\":\"Comment\",\"target\":[\"https:\/\/brasilnoticias.org\/site\/gratuidade-de-passagens-aereas-para-pcds-e-aprovada-por-comissao-do-senado\/#respond\"]}]},{\"@type\":\"WebPage\",\"@id\":\"https:\/\/brasilnoticias.org\/site\/gratuidade-de-passagens-aereas-para-pcds-e-aprovada-por-comissao-do-senado\/\",\"url\":\"https:\/\/brasilnoticias.org\/site\/gratuidade-de-passagens-aereas-para-pcds-e-aprovada-por-comissao-do-senado\/\",\"name\":\"Gratuidade de passagens a\u00e9reas para PCDs \u00e9 aprovada por comiss\u00e3o do Senado - Brasil not\u00edcias\",\"isPartOf\":{\"@id\":\"https:\/\/brasilnoticias.org\/site\/#website\"},\"primaryImageOfPage\":{\"@id\":\"https:\/\/brasilnoticias.org\/site\/gratuidade-de-passagens-aereas-para-pcds-e-aprovada-por-comissao-do-senado\/#primaryimage\"},\"image\":{\"@id\":\"https:\/\/brasilnoticias.org\/site\/gratuidade-de-passagens-aereas-para-pcds-e-aprovada-por-comissao-do-senado\/#primaryimage\"},\"thumbnailUrl\":\"https:\/\/brasilnoticias.org\/site\/wp-content\/uploads\/2023\/11\/143155gratuidade-de-passagens-aereas-para-pcds-e-aprovada-por-comissao-do-senado-3.jpg\",\"datePublished\":\"2023-11-14T22:37:01+00:00\",\"breadcrumb\":{\"@id\":\"https:\/\/brasilnoticias.org\/site\/gratuidade-de-passagens-aereas-para-pcds-e-aprovada-por-comissao-do-senado\/#breadcrumb\"},\"inLanguage\":\"pt-PT\",\"potentialAction\":[{\"@type\":\"ReadAction\",\"target\":[\"https:\/\/brasilnoticias.org\/site\/gratuidade-de-passagens-aereas-para-pcds-e-aprovada-por-comissao-do-senado\/\"]}]},{\"@type\":\"ImageObject\",\"inLanguage\":\"pt-PT\",\"@id\":\"https:\/\/brasilnoticias.org\/site\/gratuidade-de-passagens-aereas-para-pcds-e-aprovada-por-comissao-do-senado\/#primaryimage\",\"url\":\"https:\/\/brasilnoticias.org\/site\/wp-content\/uploads\/2023\/11\/143155gratuidade-de-passagens-aereas-para-pcds-e-aprovada-por-comissao-do-senado-3.jpg\",\"contentUrl\":\"https:\/\/brasilnoticias.org\/site\/wp-content\/uploads\/2023\/11\/143155gratuidade-de-passagens-aereas-para-pcds-e-aprovada-por-comissao-do-senado-3.jpg\",\"width\":1600,\"height\":752},{\"@type\":\"BreadcrumbList\",\"@id\":\"https:\/\/brasilnoticias.org\/site\/gratuidade-de-passagens-aereas-para-pcds-e-aprovada-por-comissao-do-senado\/#breadcrumb\",\"itemListElement\":[{\"@type\":\"ListItem\",\"position\":1,\"name\":\"In\u00edcio\",\"item\":\"https:\/\/brasilnoticias.org\/site\/\"},{\"@type\":\"ListItem\",\"position\":2,\"name\":\"Gratuidade de passagens a\u00e9reas para PCDs \u00e9 aprovada por comiss\u00e3o do Senado\"}]},{\"@type\":\"WebSite\",\"@id\":\"https:\/\/brasilnoticias.org\/site\/#website\",\"url\":\"https:\/\/brasilnoticias.org\/site\/\",\"name\":\"Brasil not\u00edcias\",\"description\":\"Brasil not\u00edcias\",\"publisher\":{\"@id\":\"https:\/\/brasilnoticias.org\/site\/#organization\"},\"potentialAction\":[{\"@type\":\"SearchAction\",\"target\":{\"@type\":\"EntryPoint\",\"urlTemplate\":\"https:\/\/brasilnoticias.org\/site\/?s={search_term_string}\"},\"query-input\":{\"@type\":\"PropertyValueSpecification\",\"valueRequired\":true,\"valueName\":\"search_term_string\"}}],\"inLanguage\":\"pt-PT\"},{\"@type\":\"Organization\",\"@id\":\"https:\/\/brasilnoticias.org\/site\/#organization\",\"name\":\"Brasil not\u00edcias\",\"url\":\"https:\/\/brasilnoticias.org\/site\/\",\"logo\":{\"@type\":\"ImageObject\",\"inLanguage\":\"pt-PT\",\"@id\":\"https:\/\/brasilnoticias.org\/site\/#\/schema\/logo\/image\/\",\"url\":\"https:\/\/brasilnoticias.org\/site\/wp-content\/uploads\/2022\/05\/cropped-brasilnoticias-mini.jpg\",\"contentUrl\":\"https:\/\/brasilnoticias.org\/site\/wp-content\/uploads\/2022\/05\/cropped-brasilnoticias-mini.jpg\",\"width\":314,\"height\":86,\"caption\":\"Brasil not\u00edcias\"},\"image\":{\"@id\":\"https:\/\/brasilnoticias.org\/site\/#\/schema\/logo\/image\/\"}},{\"@type\":\"Person\",\"@id\":\"https:\/\/brasilnoticias.org\/site\/#\/schema\/person\/03bbbfe6c7634ad18c26444ea39049fa\",\"name\":\"Reda\u00e7\u00e3o\",\"image\":{\"@type\":\"ImageObject\",\"inLanguage\":\"pt-PT\",\"@id\":\"https:\/\/brasilnoticias.org\/site\/#\/schema\/person\/image\/\",\"url\":\"https:\/\/secure.gravatar.com\/avatar\/9ecaf7327a696cb23ad926fedded5f1f04d7049de9e445375d55b48c001a6e42?s=96&d=mm&r=g\",\"contentUrl\":\"https:\/\/secure.gravatar.com\/avatar\/9ecaf7327a696cb23ad926fedded5f1f04d7049de9e445375d55b48c001a6e42?s=96&d=mm&r=g\",\"caption\":\"Reda\u00e7\u00e3o\"},\"url\":\"https:\/\/brasilnoticias.org\/site\/author\/henrique\/\"}]}<\/script>\n<!-- \/ Yoast SEO plugin. -->","yoast_head_json":{"title":"Gratuidade de passagens a\u00e9reas para PCDs \u00e9 aprovada por comiss\u00e3o do Senado - Brasil not\u00edcias","robots":{"index":"index","follow":"follow","max-snippet":"max-snippet:-1","max-image-preview":"max-image-preview:large","max-video-preview":"max-video-preview:-1"},"canonical":"https:\/\/brasilnoticias.org\/site\/gratuidade-de-passagens-aereas-para-pcds-e-aprovada-por-comissao-do-senado\/","og_locale":"pt_PT","og_type":"article","og_title":"Gratuidade de passagens a\u00e9reas para PCDs \u00e9 aprovada por comiss\u00e3o do Senado - Brasil not\u00edcias","og_description":"Direito a passagens gratuitas j\u00e1 \u00e9 assegurado em \u00f4nibus interestaduais pela Lei do Passe Livre Uma proposta que prev\u00ea reserva","og_url":"https:\/\/brasilnoticias.org\/site\/gratuidade-de-passagens-aereas-para-pcds-e-aprovada-por-comissao-do-senado\/","og_site_name":"Brasil not\u00edcias","article_published_time":"2023-11-14T22:37:01+00:00","og_image":[{"width":1600,"height":752,"url":"https:\/\/brasilnoticias.org\/site\/wp-content\/uploads\/2023\/11\/143155gratuidade-de-passagens-aereas-para-pcds-e-aprovada-por-comissao-do-senado-3.jpg","type":"image\/jpeg"}],"author":"Reda\u00e7\u00e3o","twitter_card":"summary_large_image","twitter_misc":{"Escrito por":"Reda\u00e7\u00e3o"},"schema":{"@context":"https:\/\/schema.org","@graph":[{"@type":"Article","@id":"https:\/\/brasilnoticias.org\/site\/gratuidade-de-passagens-aereas-para-pcds-e-aprovada-por-comissao-do-senado\/#article","isPartOf":{"@id":"https:\/\/brasilnoticias.org\/site\/gratuidade-de-passagens-aereas-para-pcds-e-aprovada-por-comissao-do-senado\/"},"author":{"name":"Reda\u00e7\u00e3o","@id":"https:\/\/brasilnoticias.org\/site\/#\/schema\/person\/03bbbfe6c7634ad18c26444ea39049fa"},"headline":"Gratuidade de passagens a\u00e9reas para PCDs \u00e9 aprovada por comiss\u00e3o do Senado","datePublished":"2023-11-14T22:37:01+00:00","mainEntityOfPage":{"@id":"https:\/\/brasilnoticias.org\/site\/gratuidade-de-passagens-aereas-para-pcds-e-aprovada-por-comissao-do-senado\/"},"wordCount":218,"commentCount":0,"publisher":{"@id":"https:\/\/brasilnoticias.org\/site\/#organization"},"image":{"@id":"https:\/\/brasilnoticias.org\/site\/gratuidade-de-passagens-aereas-para-pcds-e-aprovada-por-comissao-do-senado\/#primaryimage"},"thumbnailUrl":"https:\/\/brasilnoticias.org\/site\/wp-content\/uploads\/2023\/11\/143155gratuidade-de-passagens-aereas-para-pcds-e-aprovada-por-comissao-do-senado-3.jpg","articleSection":["Not\u00edcias","\u00daltimas"],"inLanguage":"pt-PT","potentialAction":[{"@type":"CommentAction","name":"Comment","target":["https:\/\/brasilnoticias.org\/site\/gratuidade-de-passagens-aereas-para-pcds-e-aprovada-por-comissao-do-senado\/#respond"]}]},{"@type":"WebPage","@id":"https:\/\/brasilnoticias.org\/site\/gratuidade-de-passagens-aereas-para-pcds-e-aprovada-por-comissao-do-senado\/","url":"https:\/\/brasilnoticias.org\/site\/gratuidade-de-passagens-aereas-para-pcds-e-aprovada-por-comissao-do-senado\/","name":"Gratuidade de passagens a\u00e9reas para PCDs \u00e9 aprovada por comiss\u00e3o do Senado - Brasil not\u00edcias","isPartOf":{"@id":"https:\/\/brasilnoticias.org\/site\/#website"},"primaryImageOfPage":{"@id":"https:\/\/brasilnoticias.org\/site\/gratuidade-de-passagens-aereas-para-pcds-e-aprovada-por-comissao-do-senado\/#primaryimage"},"image":{"@id":"https:\/\/brasilnoticias.org\/site\/gratuidade-de-passagens-aereas-para-pcds-e-aprovada-por-comissao-do-senado\/#primaryimage"},"thumbnailUrl":"https:\/\/brasilnoticias.org\/site\/wp-content\/uploads\/2023\/11\/143155gratuidade-de-passagens-aereas-para-pcds-e-aprovada-por-comissao-do-senado-3.jpg","datePublished":"2023-11-14T22:37:01+00:00","breadcrumb":{"@id":"https:\/\/brasilnoticias.org\/site\/gratuidade-de-passagens-aereas-para-pcds-e-aprovada-por-comissao-do-senado\/#breadcrumb"},"inLanguage":"pt-PT","potentialAction":[{"@type":"ReadAction","target":["https:\/\/brasilnoticias.org\/site\/gratuidade-de-passagens-aereas-para-pcds-e-aprovada-por-comissao-do-senado\/"]}]},{"@type":"ImageObject","inLanguage":"pt-PT","@id":"https:\/\/brasilnoticias.org\/site\/gratuidade-de-passagens-aereas-para-pcds-e-aprovada-por-comissao-do-senado\/#primaryimage","url":"https:\/\/brasilnoticias.org\/site\/wp-content\/uploads\/2023\/11\/143155gratuidade-de-passagens-aereas-para-pcds-e-aprovada-por-comissao-do-senado-3.jpg","contentUrl":"https:\/\/brasilnoticias.org\/site\/wp-content\/uploads\/2023\/11\/143155gratuidade-de-passagens-aereas-para-pcds-e-aprovada-por-comissao-do-senado-3.jpg","width":1600,"height":752},{"@type":"BreadcrumbList","@id":"https:\/\/brasilnoticias.org\/site\/gratuidade-de-passagens-aereas-para-pcds-e-aprovada-por-comissao-do-senado\/#breadcrumb","itemListElement":[{"@type":"ListItem","position":1,"name":"In\u00edcio","item":"https:\/\/brasilnoticias.org\/site\/"},{"@type":"ListItem","position":2,"name":"Gratuidade de passagens a\u00e9reas para PCDs \u00e9 aprovada por comiss\u00e3o do Senado"}]},{"@type":"WebSite","@id":"https:\/\/brasilnoticias.org\/site\/#website","url":"https:\/\/brasilnoticias.org\/site\/","name":"Brasil not\u00edcias","description":"Brasil not\u00edcias","publisher":{"@id":"https:\/\/brasilnoticias.org\/site\/#organization"},"potentialAction":[{"@type":"SearchAction","target":{"@type":"EntryPoint","urlTemplate":"https:\/\/brasilnoticias.org\/site\/?s={search_term_string}"},"query-input":{"@type":"PropertyValueSpecification","valueRequired":true,"valueName":"search_term_string"}}],"inLanguage":"pt-PT"},{"@type":"Organization","@id":"https:\/\/brasilnoticias.org\/site\/#organization","name":"Brasil not\u00edcias","url":"https:\/\/brasilnoticias.org\/site\/","logo":{"@type":"ImageObject","inLanguage":"pt-PT","@id":"https:\/\/brasilnoticias.org\/site\/#\/schema\/logo\/image\/","url":"https:\/\/brasilnoticias.org\/site\/wp-content\/uploads\/2022\/05\/cropped-brasilnoticias-mini.jpg","contentUrl":"https:\/\/brasilnoticias.org\/site\/wp-content\/uploads\/2022\/05\/cropped-brasilnoticias-mini.jpg","width":314,"height":86,"caption":"Brasil not\u00edcias"},"image":{"@id":"https:\/\/brasilnoticias.org\/site\/#\/schema\/logo\/image\/"}},{"@type":"Person","@id":"https:\/\/brasilnoticias.org\/site\/#\/schema\/person\/03bbbfe6c7634ad18c26444ea39049fa","name":"Reda\u00e7\u00e3o","image":{"@type":"ImageObject","inLanguage":"pt-PT","@id":"https:\/\/brasilnoticias.org\/site\/#\/schema\/person\/image\/","url":"https:\/\/secure.gravatar.com\/avatar\/9ecaf7327a696cb23ad926fedded5f1f04d7049de9e445375d55b48c001a6e42?s=96&d=mm&r=g","contentUrl":"https:\/\/secure.gravatar.com\/avatar\/9ecaf7327a696cb23ad926fedded5f1f04d7049de9e445375d55b48c001a6e42?s=96&d=mm&r=g","caption":"Reda\u00e7\u00e3o"},"url":"https:\/\/brasilnoticias.org\/site\/author\/henrique\/"}]}},"_links":{"self":[{"href":"https:\/\/brasilnoticias.org\/site\/wp-json\/wp\/v2\/posts\/10939","targetHints":{"allow":["GET"]}}],"collection":[{"href":"https:\/\/brasilnoticias.org\/site\/wp-json\/wp\/v2\/posts"}],"about":[{"href":"https:\/\/brasilnoticias.org\/site\/wp-json\/wp\/v2\/types\/post"}],"author":[{"embeddable":true,"href":"https:\/\/brasilnoticias.org\/site\/wp-json\/wp\/v2\/users\/4"}],"replies":[{"embeddable":true,"href":"https:\/\/brasilnoticias.org\/site\/wp-json\/wp\/v2\/comments?post=10939"}],"version-history":[{"count":1,"href":"https:\/\/brasilnoticias.org\/site\/wp-json\/wp\/v2\/posts\/10939\/revisions"}],"predecessor-version":[{"id":10941,"href":"https:\/\/brasilnoticias.org\/site\/wp-json\/wp\/v2\/posts\/10939\/revisions\/10941"}],"wp:featuredmedia":[{"embeddable":true,"href":"https:\/\/brasilnoticias.org\/site\/wp-json\/wp\/v2\/media\/10940"}],"wp:attachment":[{"href":"https:\/\/brasilnoticias.org\/site\/wp-json\/wp\/v2\/media?parent=10939"}],"wp:term":[{"taxonomy":"category","embeddable":true,"href":"https:\/\/brasilnoticias.org\/site\/wp-json\/wp\/v2\/categories?post=10939"},{"taxonomy":"post_tag","embeddable":true,"href":"https:\/\/brasilnoticias.org\/site\/wp-json\/wp\/v2\/tags?post=10939"}],"curies":[{"name":"wp","href":"https:\/\/api.w.org\/{rel}","templated":true}]}}