{"id":10945,"date":"2023-11-14T19:39:44","date_gmt":"2023-11-14T22:39:44","guid":{"rendered":"https:\/\/brasilnoticias.org\/site\/?p=10945"},"modified":"2023-11-14T19:39:44","modified_gmt":"2023-11-14T22:39:44","slug":"papai-noel-faz-desfile-nas-ruas-antes-de-inaugurar-decoracao-do-shopping-vitoria-boulevard-nesta-quarta-15","status":"publish","type":"post","link":"https:\/\/brasilnoticias.org\/site\/papai-noel-faz-desfile-nas-ruas-antes-de-inaugurar-decoracao-do-shopping-vitoria-boulevard-nesta-quarta-15\/","title":{"rendered":"Papai Noel faz desfile nas ruas antes de inaugurar decora\u00e7\u00e3o do Shopping Vit\u00f3ria Boulevard nesta quarta (15)"},"content":{"rendered":"<p>Um lugar especial foi montado no Piso L2 para receber o Papai Noel e proporcionar um encontro emocionante com a crian\u00e7ada<\/p>\n<p>Durante o feriado da Proclama\u00e7\u00e3o da Rep\u00fablica, nesta quarta-feira (15\/11), o Papai Noel estar\u00e1 no Shopping Vit\u00f3ria Boulevard para inaugurar a decora\u00e7\u00e3o natalina do espa\u00e7o, a partir das 17h. Antes disso, o Bom Velhinho e sua turma ir\u00e3o desfilar pelas ruas do Corredor da Vit\u00f3ria.<\/p>\n<p>Este ano, o shopping preparou outras surpresas para as crian\u00e7as e toda a fam\u00edlia, com Oficinas de Cartas, caf\u00e9s da Manh\u00e3 com o Bom Velhinho e ainda apresenta\u00e7\u00f5es musicais. Um lugar especial foi montado no Piso L2 para receber o Papai Noel e proporcionar um encontro emocionante com a crian\u00e7ada. As \u201cVisitas do Noel\u201d ser\u00e3o realizadas nos dias 18, 19, 25 e 26 de novembro, sempre a partir das 16 horas.<\/p>\n<p>Crian\u00e7as de todas as idades podem participar da \u201cOficina de cartas para o Papai Noel\u201d de 15 de novembro a 15 de dezembro. Meninos e meninas poder\u00e3o, com o aux\u00edlio de monitoras ou dos respons\u00e1veis, escrever ou desenhar os seus t\u00e3o sonhados desejos para o Bom Velhinho. O espa\u00e7o, tamb\u00e9m no Piso L2, possu\u00ed entrada gratuita. A grande novidade \u00e9 que o shopping ir\u00e1 escolher tr\u00eas cartinhas para receberem os presentes solicitados pelos seus remetentes.<\/p>\n<p>Al\u00e9m disso, Boulevard vai proporcionar \u201cCaf\u00e9s da Manh\u00e3 com o Papai Noel\u201d, em dois domingos do m\u00eas de dezembro, em um espa\u00e7o montado na Pra\u00e7a de Alimenta\u00e7\u00e3o. Tamb\u00e9m est\u00e3o programadas para dezembro as apresenta\u00e7\u00f5es musicais com o Coral Vozes da Vida, nos dias 2 e 16, e o Coral Di Maria, no dia 20.<\/p>\n<p>Servi\u00e7o<\/p>\n<p>Chegada de Papai Noel no Vit\u00f3ria Boulevard<br \/>\nQuando: 15 de novembro, a partir das 17h<br \/>\nOnde: Vit\u00f3ria Boulevard<br \/>\nAberto ao P\u00fablico<\/p>\n<p>Foto: Ilustrativa\/Pexels<br \/>\nAratu On<\/p>\n","protected":false},"excerpt":{"rendered":"<p>Um lugar especial foi montado no Piso L2 para receber o Papai Noel e proporcionar um encontro emocionante com a<\/p>\n","protected":false},"author":4,"featured_media":10946,"comment_status":"open","ping_status":"open","sticky":false,"template":"","format":"standard","meta":{"colormag_page_container_layout":"default_layout","colormag_page_sidebar_layout":"default_layout","_FSMCFIC_featured_image_caption":"","_FSMCFIC_featured_image_nocaption":"","_FSMCFIC_featured_image_hide":"","footnotes":""},"categories":[8,1],"tags":[],"class_list":["post-10945","post","type-post","status-publish","format-standard","has-post-thumbnail","hentry","category-entretenimento","category-ultimas"],"yoast_head":"<!-- This site is optimized with the Yoast SEO plugin v27.1.1 - https:\/\/yoast.com\/product\/yoast-seo-wordpress\/ -->\n<title>Papai Noel faz desfile nas ruas antes de inaugurar decora\u00e7\u00e3o do Shopping Vit\u00f3ria Boulevard nesta quarta (15) - Brasil not\u00edcias<\/title>\n<meta name=\"robots\" content=\"index, follow, max-snippet:-1, max-image-preview:large, max-video-preview:-1\" \/>\n<link rel=\"canonical\" href=\"https:\/\/brasilnoticias.org\/site\/papai-noel-faz-desfile-nas-ruas-antes-de-inaugurar-decoracao-do-shopping-vitoria-boulevard-nesta-quarta-15\/\" \/>\n<meta property=\"og:locale\" content=\"pt_PT\" \/>\n<meta property=\"og:type\" content=\"article\" \/>\n<meta property=\"og:title\" content=\"Papai Noel faz desfile nas ruas antes de inaugurar decora\u00e7\u00e3o do Shopping Vit\u00f3ria Boulevard nesta quarta (15) - Brasil not\u00edcias\" \/>\n<meta property=\"og:description\" content=\"Um lugar especial foi montado no Piso L2 para receber o Papai Noel e proporcionar um encontro emocionante com a\" \/>\n<meta property=\"og:url\" content=\"https:\/\/brasilnoticias.org\/site\/papai-noel-faz-desfile-nas-ruas-antes-de-inaugurar-decoracao-do-shopping-vitoria-boulevard-nesta-quarta-15\/\" \/>\n<meta property=\"og:site_name\" content=\"Brasil not\u00edcias\" \/>\n<meta property=\"article:published_time\" content=\"2023-11-14T22:39:44+00:00\" \/>\n<meta property=\"og:image\" content=\"https:\/\/brasilnoticias.org\/site\/wp-content\/uploads\/2023\/11\/page-15.jpg\" \/>\n\t<meta property=\"og:image:width\" content=\"740\" \/>\n\t<meta property=\"og:image:height\" content=\"470\" \/>\n\t<meta property=\"og:image:type\" content=\"image\/jpeg\" \/>\n<meta name=\"author\" content=\"Reda\u00e7\u00e3o\" \/>\n<meta name=\"twitter:card\" content=\"summary_large_image\" \/>\n<meta name=\"twitter:label1\" content=\"Escrito por\" \/>\n\t<meta name=\"twitter:data1\" content=\"Reda\u00e7\u00e3o\" \/>\n<script type=\"application\/ld+json\" class=\"yoast-schema-graph\">{\"@context\":\"https:\/\/schema.org\",\"@graph\":[{\"@type\":\"Article\",\"@id\":\"https:\/\/brasilnoticias.org\/site\/papai-noel-faz-desfile-nas-ruas-antes-de-inaugurar-decoracao-do-shopping-vitoria-boulevard-nesta-quarta-15\/#article\",\"isPartOf\":{\"@id\":\"https:\/\/brasilnoticias.org\/site\/papai-noel-faz-desfile-nas-ruas-antes-de-inaugurar-decoracao-do-shopping-vitoria-boulevard-nesta-quarta-15\/\"},\"author\":{\"name\":\"Reda\u00e7\u00e3o\",\"@id\":\"https:\/\/brasilnoticias.org\/site\/#\/schema\/person\/03bbbfe6c7634ad18c26444ea39049fa\"},\"headline\":\"Papai Noel faz desfile nas ruas antes de inaugurar decora\u00e7\u00e3o do Shopping Vit\u00f3ria Boulevard nesta quarta (15)\",\"datePublished\":\"2023-11-14T22:39:44+00:00\",\"mainEntityOfPage\":{\"@id\":\"https:\/\/brasilnoticias.org\/site\/papai-noel-faz-desfile-nas-ruas-antes-de-inaugurar-decoracao-do-shopping-vitoria-boulevard-nesta-quarta-15\/\"},\"wordCount\":333,\"commentCount\":0,\"publisher\":{\"@id\":\"https:\/\/brasilnoticias.org\/site\/#organization\"},\"image\":{\"@id\":\"https:\/\/brasilnoticias.org\/site\/papai-noel-faz-desfile-nas-ruas-antes-de-inaugurar-decoracao-do-shopping-vitoria-boulevard-nesta-quarta-15\/#primaryimage\"},\"thumbnailUrl\":\"https:\/\/brasilnoticias.org\/site\/wp-content\/uploads\/2023\/11\/page-15.jpg\",\"articleSection\":[\"Entretenimento\",\"\u00daltimas\"],\"inLanguage\":\"pt-PT\",\"potentialAction\":[{\"@type\":\"CommentAction\",\"name\":\"Comment\",\"target\":[\"https:\/\/brasilnoticias.org\/site\/papai-noel-faz-desfile-nas-ruas-antes-de-inaugurar-decoracao-do-shopping-vitoria-boulevard-nesta-quarta-15\/#respond\"]}]},{\"@type\":\"WebPage\",\"@id\":\"https:\/\/brasilnoticias.org\/site\/papai-noel-faz-desfile-nas-ruas-antes-de-inaugurar-decoracao-do-shopping-vitoria-boulevard-nesta-quarta-15\/\",\"url\":\"https:\/\/brasilnoticias.org\/site\/papai-noel-faz-desfile-nas-ruas-antes-de-inaugurar-decoracao-do-shopping-vitoria-boulevard-nesta-quarta-15\/\",\"name\":\"Papai Noel faz desfile nas ruas antes de inaugurar decora\u00e7\u00e3o do Shopping Vit\u00f3ria Boulevard nesta quarta (15) - Brasil not\u00edcias\",\"isPartOf\":{\"@id\":\"https:\/\/brasilnoticias.org\/site\/#website\"},\"primaryImageOfPage\":{\"@id\":\"https:\/\/brasilnoticias.org\/site\/papai-noel-faz-desfile-nas-ruas-antes-de-inaugurar-decoracao-do-shopping-vitoria-boulevard-nesta-quarta-15\/#primaryimage\"},\"image\":{\"@id\":\"https:\/\/brasilnoticias.org\/site\/papai-noel-faz-desfile-nas-ruas-antes-de-inaugurar-decoracao-do-shopping-vitoria-boulevard-nesta-quarta-15\/#primaryimage\"},\"thumbnailUrl\":\"https:\/\/brasilnoticias.org\/site\/wp-content\/uploads\/2023\/11\/page-15.jpg\",\"datePublished\":\"2023-11-14T22:39:44+00:00\",\"breadcrumb\":{\"@id\":\"https:\/\/brasilnoticias.org\/site\/papai-noel-faz-desfile-nas-ruas-antes-de-inaugurar-decoracao-do-shopping-vitoria-boulevard-nesta-quarta-15\/#breadcrumb\"},\"inLanguage\":\"pt-PT\",\"potentialAction\":[{\"@type\":\"ReadAction\",\"target\":[\"https:\/\/brasilnoticias.org\/site\/papai-noel-faz-desfile-nas-ruas-antes-de-inaugurar-decoracao-do-shopping-vitoria-boulevard-nesta-quarta-15\/\"]}]},{\"@type\":\"ImageObject\",\"inLanguage\":\"pt-PT\",\"@id\":\"https:\/\/brasilnoticias.org\/site\/papai-noel-faz-desfile-nas-ruas-antes-de-inaugurar-decoracao-do-shopping-vitoria-boulevard-nesta-quarta-15\/#primaryimage\",\"url\":\"https:\/\/brasilnoticias.org\/site\/wp-content\/uploads\/2023\/11\/page-15.jpg\",\"contentUrl\":\"https:\/\/brasilnoticias.org\/site\/wp-content\/uploads\/2023\/11\/page-15.jpg\",\"width\":740,\"height\":470},{\"@type\":\"BreadcrumbList\",\"@id\":\"https:\/\/brasilnoticias.org\/site\/papai-noel-faz-desfile-nas-ruas-antes-de-inaugurar-decoracao-do-shopping-vitoria-boulevard-nesta-quarta-15\/#breadcrumb\",\"itemListElement\":[{\"@type\":\"ListItem\",\"position\":1,\"name\":\"In\u00edcio\",\"item\":\"https:\/\/brasilnoticias.org\/site\/\"},{\"@type\":\"ListItem\",\"position\":2,\"name\":\"Papai Noel faz desfile nas ruas antes de inaugurar decora\u00e7\u00e3o do Shopping Vit\u00f3ria Boulevard nesta quarta (15)\"}]},{\"@type\":\"WebSite\",\"@id\":\"https:\/\/brasilnoticias.org\/site\/#website\",\"url\":\"https:\/\/brasilnoticias.org\/site\/\",\"name\":\"Brasil not\u00edcias\",\"description\":\"Brasil not\u00edcias\",\"publisher\":{\"@id\":\"https:\/\/brasilnoticias.org\/site\/#organization\"},\"potentialAction\":[{\"@type\":\"SearchAction\",\"target\":{\"@type\":\"EntryPoint\",\"urlTemplate\":\"https:\/\/brasilnoticias.org\/site\/?s={search_term_string}\"},\"query-input\":{\"@type\":\"PropertyValueSpecification\",\"valueRequired\":true,\"valueName\":\"search_term_string\"}}],\"inLanguage\":\"pt-PT\"},{\"@type\":\"Organization\",\"@id\":\"https:\/\/brasilnoticias.org\/site\/#organization\",\"name\":\"Brasil not\u00edcias\",\"url\":\"https:\/\/brasilnoticias.org\/site\/\",\"logo\":{\"@type\":\"ImageObject\",\"inLanguage\":\"pt-PT\",\"@id\":\"https:\/\/brasilnoticias.org\/site\/#\/schema\/logo\/image\/\",\"url\":\"https:\/\/brasilnoticias.org\/site\/wp-content\/uploads\/2022\/05\/cropped-brasilnoticias-mini.jpg\",\"contentUrl\":\"https:\/\/brasilnoticias.org\/site\/wp-content\/uploads\/2022\/05\/cropped-brasilnoticias-mini.jpg\",\"width\":314,\"height\":86,\"caption\":\"Brasil not\u00edcias\"},\"image\":{\"@id\":\"https:\/\/brasilnoticias.org\/site\/#\/schema\/logo\/image\/\"}},{\"@type\":\"Person\",\"@id\":\"https:\/\/brasilnoticias.org\/site\/#\/schema\/person\/03bbbfe6c7634ad18c26444ea39049fa\",\"name\":\"Reda\u00e7\u00e3o\",\"image\":{\"@type\":\"ImageObject\",\"inLanguage\":\"pt-PT\",\"@id\":\"https:\/\/brasilnoticias.org\/site\/#\/schema\/person\/image\/\",\"url\":\"https:\/\/secure.gravatar.com\/avatar\/9ecaf7327a696cb23ad926fedded5f1f04d7049de9e445375d55b48c001a6e42?s=96&d=mm&r=g\",\"contentUrl\":\"https:\/\/secure.gravatar.com\/avatar\/9ecaf7327a696cb23ad926fedded5f1f04d7049de9e445375d55b48c001a6e42?s=96&d=mm&r=g\",\"caption\":\"Reda\u00e7\u00e3o\"},\"url\":\"https:\/\/brasilnoticias.org\/site\/author\/henrique\/\"}]}<\/script>\n<!-- \/ Yoast SEO plugin. -->","yoast_head_json":{"title":"Papai Noel faz desfile nas ruas antes de inaugurar decora\u00e7\u00e3o do Shopping Vit\u00f3ria Boulevard nesta quarta (15) - Brasil not\u00edcias","robots":{"index":"index","follow":"follow","max-snippet":"max-snippet:-1","max-image-preview":"max-image-preview:large","max-video-preview":"max-video-preview:-1"},"canonical":"https:\/\/brasilnoticias.org\/site\/papai-noel-faz-desfile-nas-ruas-antes-de-inaugurar-decoracao-do-shopping-vitoria-boulevard-nesta-quarta-15\/","og_locale":"pt_PT","og_type":"article","og_title":"Papai Noel faz desfile nas ruas antes de inaugurar decora\u00e7\u00e3o do Shopping Vit\u00f3ria Boulevard nesta quarta (15) - Brasil not\u00edcias","og_description":"Um lugar especial foi montado no Piso L2 para receber o Papai Noel e proporcionar um encontro emocionante com a","og_url":"https:\/\/brasilnoticias.org\/site\/papai-noel-faz-desfile-nas-ruas-antes-de-inaugurar-decoracao-do-shopping-vitoria-boulevard-nesta-quarta-15\/","og_site_name":"Brasil not\u00edcias","article_published_time":"2023-11-14T22:39:44+00:00","og_image":[{"width":740,"height":470,"url":"https:\/\/brasilnoticias.org\/site\/wp-content\/uploads\/2023\/11\/page-15.jpg","type":"image\/jpeg"}],"author":"Reda\u00e7\u00e3o","twitter_card":"summary_large_image","twitter_misc":{"Escrito por":"Reda\u00e7\u00e3o"},"schema":{"@context":"https:\/\/schema.org","@graph":[{"@type":"Article","@id":"https:\/\/brasilnoticias.org\/site\/papai-noel-faz-desfile-nas-ruas-antes-de-inaugurar-decoracao-do-shopping-vitoria-boulevard-nesta-quarta-15\/#article","isPartOf":{"@id":"https:\/\/brasilnoticias.org\/site\/papai-noel-faz-desfile-nas-ruas-antes-de-inaugurar-decoracao-do-shopping-vitoria-boulevard-nesta-quarta-15\/"},"author":{"name":"Reda\u00e7\u00e3o","@id":"https:\/\/brasilnoticias.org\/site\/#\/schema\/person\/03bbbfe6c7634ad18c26444ea39049fa"},"headline":"Papai Noel faz desfile nas ruas antes de inaugurar decora\u00e7\u00e3o do Shopping Vit\u00f3ria Boulevard nesta quarta (15)","datePublished":"2023-11-14T22:39:44+00:00","mainEntityOfPage":{"@id":"https:\/\/brasilnoticias.org\/site\/papai-noel-faz-desfile-nas-ruas-antes-de-inaugurar-decoracao-do-shopping-vitoria-boulevard-nesta-quarta-15\/"},"wordCount":333,"commentCount":0,"publisher":{"@id":"https:\/\/brasilnoticias.org\/site\/#organization"},"image":{"@id":"https:\/\/brasilnoticias.org\/site\/papai-noel-faz-desfile-nas-ruas-antes-de-inaugurar-decoracao-do-shopping-vitoria-boulevard-nesta-quarta-15\/#primaryimage"},"thumbnailUrl":"https:\/\/brasilnoticias.org\/site\/wp-content\/uploads\/2023\/11\/page-15.jpg","articleSection":["Entretenimento","\u00daltimas"],"inLanguage":"pt-PT","potentialAction":[{"@type":"CommentAction","name":"Comment","target":["https:\/\/brasilnoticias.org\/site\/papai-noel-faz-desfile-nas-ruas-antes-de-inaugurar-decoracao-do-shopping-vitoria-boulevard-nesta-quarta-15\/#respond"]}]},{"@type":"WebPage","@id":"https:\/\/brasilnoticias.org\/site\/papai-noel-faz-desfile-nas-ruas-antes-de-inaugurar-decoracao-do-shopping-vitoria-boulevard-nesta-quarta-15\/","url":"https:\/\/brasilnoticias.org\/site\/papai-noel-faz-desfile-nas-ruas-antes-de-inaugurar-decoracao-do-shopping-vitoria-boulevard-nesta-quarta-15\/","name":"Papai Noel faz desfile nas ruas antes de inaugurar decora\u00e7\u00e3o do Shopping Vit\u00f3ria Boulevard nesta quarta (15) - Brasil not\u00edcias","isPartOf":{"@id":"https:\/\/brasilnoticias.org\/site\/#website"},"primaryImageOfPage":{"@id":"https:\/\/brasilnoticias.org\/site\/papai-noel-faz-desfile-nas-ruas-antes-de-inaugurar-decoracao-do-shopping-vitoria-boulevard-nesta-quarta-15\/#primaryimage"},"image":{"@id":"https:\/\/brasilnoticias.org\/site\/papai-noel-faz-desfile-nas-ruas-antes-de-inaugurar-decoracao-do-shopping-vitoria-boulevard-nesta-quarta-15\/#primaryimage"},"thumbnailUrl":"https:\/\/brasilnoticias.org\/site\/wp-content\/uploads\/2023\/11\/page-15.jpg","datePublished":"2023-11-14T22:39:44+00:00","breadcrumb":{"@id":"https:\/\/brasilnoticias.org\/site\/papai-noel-faz-desfile-nas-ruas-antes-de-inaugurar-decoracao-do-shopping-vitoria-boulevard-nesta-quarta-15\/#breadcrumb"},"inLanguage":"pt-PT","potentialAction":[{"@type":"ReadAction","target":["https:\/\/brasilnoticias.org\/site\/papai-noel-faz-desfile-nas-ruas-antes-de-inaugurar-decoracao-do-shopping-vitoria-boulevard-nesta-quarta-15\/"]}]},{"@type":"ImageObject","inLanguage":"pt-PT","@id":"https:\/\/brasilnoticias.org\/site\/papai-noel-faz-desfile-nas-ruas-antes-de-inaugurar-decoracao-do-shopping-vitoria-boulevard-nesta-quarta-15\/#primaryimage","url":"https:\/\/brasilnoticias.org\/site\/wp-content\/uploads\/2023\/11\/page-15.jpg","contentUrl":"https:\/\/brasilnoticias.org\/site\/wp-content\/uploads\/2023\/11\/page-15.jpg","width":740,"height":470},{"@type":"BreadcrumbList","@id":"https:\/\/brasilnoticias.org\/site\/papai-noel-faz-desfile-nas-ruas-antes-de-inaugurar-decoracao-do-shopping-vitoria-boulevard-nesta-quarta-15\/#breadcrumb","itemListElement":[{"@type":"ListItem","position":1,"name":"In\u00edcio","item":"https:\/\/brasilnoticias.org\/site\/"},{"@type":"ListItem","position":2,"name":"Papai Noel faz desfile nas ruas antes de inaugurar decora\u00e7\u00e3o do Shopping Vit\u00f3ria Boulevard nesta quarta (15)"}]},{"@type":"WebSite","@id":"https:\/\/brasilnoticias.org\/site\/#website","url":"https:\/\/brasilnoticias.org\/site\/","name":"Brasil not\u00edcias","description":"Brasil not\u00edcias","publisher":{"@id":"https:\/\/brasilnoticias.org\/site\/#organization"},"potentialAction":[{"@type":"SearchAction","target":{"@type":"EntryPoint","urlTemplate":"https:\/\/brasilnoticias.org\/site\/?s={search_term_string}"},"query-input":{"@type":"PropertyValueSpecification","valueRequired":true,"valueName":"search_term_string"}}],"inLanguage":"pt-PT"},{"@type":"Organization","@id":"https:\/\/brasilnoticias.org\/site\/#organization","name":"Brasil not\u00edcias","url":"https:\/\/brasilnoticias.org\/site\/","logo":{"@type":"ImageObject","inLanguage":"pt-PT","@id":"https:\/\/brasilnoticias.org\/site\/#\/schema\/logo\/image\/","url":"https:\/\/brasilnoticias.org\/site\/wp-content\/uploads\/2022\/05\/cropped-brasilnoticias-mini.jpg","contentUrl":"https:\/\/brasilnoticias.org\/site\/wp-content\/uploads\/2022\/05\/cropped-brasilnoticias-mini.jpg","width":314,"height":86,"caption":"Brasil not\u00edcias"},"image":{"@id":"https:\/\/brasilnoticias.org\/site\/#\/schema\/logo\/image\/"}},{"@type":"Person","@id":"https:\/\/brasilnoticias.org\/site\/#\/schema\/person\/03bbbfe6c7634ad18c26444ea39049fa","name":"Reda\u00e7\u00e3o","image":{"@type":"ImageObject","inLanguage":"pt-PT","@id":"https:\/\/brasilnoticias.org\/site\/#\/schema\/person\/image\/","url":"https:\/\/secure.gravatar.com\/avatar\/9ecaf7327a696cb23ad926fedded5f1f04d7049de9e445375d55b48c001a6e42?s=96&d=mm&r=g","contentUrl":"https:\/\/secure.gravatar.com\/avatar\/9ecaf7327a696cb23ad926fedded5f1f04d7049de9e445375d55b48c001a6e42?s=96&d=mm&r=g","caption":"Reda\u00e7\u00e3o"},"url":"https:\/\/brasilnoticias.org\/site\/author\/henrique\/"}]}},"_links":{"self":[{"href":"https:\/\/brasilnoticias.org\/site\/wp-json\/wp\/v2\/posts\/10945","targetHints":{"allow":["GET"]}}],"collection":[{"href":"https:\/\/brasilnoticias.org\/site\/wp-json\/wp\/v2\/posts"}],"about":[{"href":"https:\/\/brasilnoticias.org\/site\/wp-json\/wp\/v2\/types\/post"}],"author":[{"embeddable":true,"href":"https:\/\/brasilnoticias.org\/site\/wp-json\/wp\/v2\/users\/4"}],"replies":[{"embeddable":true,"href":"https:\/\/brasilnoticias.org\/site\/wp-json\/wp\/v2\/comments?post=10945"}],"version-history":[{"count":1,"href":"https:\/\/brasilnoticias.org\/site\/wp-json\/wp\/v2\/posts\/10945\/revisions"}],"predecessor-version":[{"id":10947,"href":"https:\/\/brasilnoticias.org\/site\/wp-json\/wp\/v2\/posts\/10945\/revisions\/10947"}],"wp:featuredmedia":[{"embeddable":true,"href":"https:\/\/brasilnoticias.org\/site\/wp-json\/wp\/v2\/media\/10946"}],"wp:attachment":[{"href":"https:\/\/brasilnoticias.org\/site\/wp-json\/wp\/v2\/media?parent=10945"}],"wp:term":[{"taxonomy":"category","embeddable":true,"href":"https:\/\/brasilnoticias.org\/site\/wp-json\/wp\/v2\/categories?post=10945"},{"taxonomy":"post_tag","embeddable":true,"href":"https:\/\/brasilnoticias.org\/site\/wp-json\/wp\/v2\/tags?post=10945"}],"curies":[{"name":"wp","href":"https:\/\/api.w.org\/{rel}","templated":true}]}}