{"id":1096,"date":"2022-08-07T09:02:22","date_gmt":"2022-08-07T12:02:22","guid":{"rendered":"https:\/\/brasilnoticias.org\/site\/?p=1096"},"modified":"2022-08-07T09:02:22","modified_gmt":"2022-08-07T12:02:22","slug":"idosa-e-achada-morta-em-fossa-no-interior-da-bahia","status":"publish","type":"post","link":"https:\/\/brasilnoticias.org\/site\/idosa-e-achada-morta-em-fossa-no-interior-da-bahia\/","title":{"rendered":"Idosa \u00e9 achada morta em fossa no interior da Bahia"},"content":{"rendered":"<p><a href=\"https:\/\/www.bnews.com.br\/noticias\/nordeste\/idoso-cai-de-uma-altura-de-5-metros-e-fica-preso-entre-paredes-de-duas-residencias.html\" target=\"_blank\" rel=\"noopener\">Uma idosa de 75 anos foi achada morta dentro de uma fossa na sexta-feira (5)<\/a>, no bairro F\u00e9nix, em\u00a0Itapebi, no sul da Bahia. De acordo com a Pol\u00edcia Civil, a suspeita \u00e9 de que Lindaura Pereira Castro, caiu no local e n\u00e3o resistiu aos ferimentos.<\/p>\n<p data-track-category=\"Link no Texto\" data-track-links=\"\">A ocorr\u00eancia foi registrada na\u00a0<a href=\"https:\/\/www.bnews.com.br\/tags\/14a-delegacia-territorial\" target=\"_blank\" rel=\"noopener\">Delegacia Territorial (DT) de Eun\u00e1polis.<\/a>\u00a0De acordo com a filha da idosa, Lindaura havia dito que iria para casa tomar um banho para ir \u00e0 igreja. Ao perceber a demora da m\u00e3e, a mulher foi at\u00e9 a resid\u00eancia de Lindaura e n\u00e3o a encontrou.<\/p>\n<p data-track-category=\"Link no Texto\" data-track-links=\"\">Ao deixar a casa para ir \u00e0 procura da m\u00e3e, a mulher viu que a fossa da casa estava com a tampa quebrada e que a m\u00e3e tinha ca\u00eddo. Um caminh\u00e3o limpa fossa foi acionado pela fam\u00edlia, bem como os Bombeiros e o Servi\u00e7o de Atentimento M\u00f3vel de Urg\u00eancia (Samu), que constatou o \u00f3bito de Lindaura.<\/p>\n<p data-track-category=\"Link no Texto\" data-track-links=\"\">As guias periciais foram expedidas e o corpo removido para o IML.<\/p>\n<p data-track-category=\"Link no Texto\" data-track-links=\"\">\n<p data-track-category=\"Link no Texto\" data-track-links=\"\">\n<p data-track-category=\"Link no Texto\" data-track-links=\"\">\n<p data-track-category=\"Link no Texto\" data-track-links=\"\">Bnews<\/p>\n","protected":false},"excerpt":{"rendered":"<p>Uma idosa de 75 anos foi achada morta dentro de uma fossa na sexta-feira (5), no bairro F\u00e9nix, em\u00a0Itapebi, no<\/p>\n","protected":false},"author":2,"featured_media":1097,"comment_status":"open","ping_status":"open","sticky":false,"template":"","format":"standard","meta":{"colormag_page_container_layout":"default_layout","colormag_page_sidebar_layout":"default_layout","_FSMCFIC_featured_image_caption":"","_FSMCFIC_featured_image_nocaption":"","_FSMCFIC_featured_image_hide":"","footnotes":""},"categories":[3,1],"tags":[],"class_list":["post-1096","post","type-post","status-publish","format-standard","has-post-thumbnail","hentry","category-policia","category-ultimas"],"yoast_head":"<!-- This site is optimized with the Yoast SEO plugin v27.1.1 - https:\/\/yoast.com\/product\/yoast-seo-wordpress\/ -->\n<title>Idosa \u00e9 achada morta em fossa no interior da Bahia - Brasil not\u00edcias<\/title>\n<meta name=\"robots\" content=\"index, follow, max-snippet:-1, max-image-preview:large, max-video-preview:-1\" \/>\n<link rel=\"canonical\" href=\"https:\/\/brasilnoticias.org\/site\/idosa-e-achada-morta-em-fossa-no-interior-da-bahia\/\" \/>\n<meta property=\"og:locale\" content=\"pt_PT\" \/>\n<meta property=\"og:type\" content=\"article\" \/>\n<meta property=\"og:title\" content=\"Idosa \u00e9 achada morta em fossa no interior da Bahia - Brasil not\u00edcias\" \/>\n<meta property=\"og:description\" content=\"Uma idosa de 75 anos foi achada morta dentro de uma fossa na sexta-feira (5), no bairro F\u00e9nix, em\u00a0Itapebi, no\" \/>\n<meta property=\"og:url\" content=\"https:\/\/brasilnoticias.org\/site\/idosa-e-achada-morta-em-fossa-no-interior-da-bahia\/\" \/>\n<meta property=\"og:site_name\" content=\"Brasil not\u00edcias\" \/>\n<meta property=\"article:published_time\" content=\"2022-08-07T12:02:22+00:00\" \/>\n<meta property=\"og:image\" content=\"https:\/\/brasilnoticias.org\/site\/wp-content\/uploads\/2022\/08\/pc_widelg.jpg\" \/>\n\t<meta property=\"og:image:width\" content=\"800\" \/>\n\t<meta property=\"og:image:height\" content=\"450\" \/>\n\t<meta property=\"og:image:type\" content=\"image\/jpeg\" \/>\n<meta name=\"author\" content=\"Reda\u00e7\u00e3o\" \/>\n<meta name=\"twitter:card\" content=\"summary_large_image\" \/>\n<meta name=\"twitter:label1\" content=\"Escrito por\" \/>\n\t<meta name=\"twitter:data1\" content=\"Reda\u00e7\u00e3o\" \/>\n\t<meta name=\"twitter:label2\" content=\"Tempo estimado de leitura\" \/>\n\t<meta name=\"twitter:data2\" content=\"1 minuto\" \/>\n<script type=\"application\/ld+json\" class=\"yoast-schema-graph\">{\"@context\":\"https:\/\/schema.org\",\"@graph\":[{\"@type\":\"Article\",\"@id\":\"https:\/\/brasilnoticias.org\/site\/idosa-e-achada-morta-em-fossa-no-interior-da-bahia\/#article\",\"isPartOf\":{\"@id\":\"https:\/\/brasilnoticias.org\/site\/idosa-e-achada-morta-em-fossa-no-interior-da-bahia\/\"},\"author\":{\"name\":\"Reda\u00e7\u00e3o\",\"@id\":\"https:\/\/brasilnoticias.org\/site\/#\/schema\/person\/f609fa847b5314f1c8b983342f34c798\"},\"headline\":\"Idosa \u00e9 achada morta em fossa no interior da Bahia\",\"datePublished\":\"2022-08-07T12:02:22+00:00\",\"mainEntityOfPage\":{\"@id\":\"https:\/\/brasilnoticias.org\/site\/idosa-e-achada-morta-em-fossa-no-interior-da-bahia\/\"},\"wordCount\":184,\"commentCount\":0,\"publisher\":{\"@id\":\"https:\/\/brasilnoticias.org\/site\/#organization\"},\"image\":{\"@id\":\"https:\/\/brasilnoticias.org\/site\/idosa-e-achada-morta-em-fossa-no-interior-da-bahia\/#primaryimage\"},\"thumbnailUrl\":\"https:\/\/brasilnoticias.org\/site\/wp-content\/uploads\/2022\/08\/pc_widelg.jpg\",\"articleSection\":[\"Pol\u00edcia\",\"\u00daltimas\"],\"inLanguage\":\"pt-PT\",\"potentialAction\":[{\"@type\":\"CommentAction\",\"name\":\"Comment\",\"target\":[\"https:\/\/brasilnoticias.org\/site\/idosa-e-achada-morta-em-fossa-no-interior-da-bahia\/#respond\"]}]},{\"@type\":\"WebPage\",\"@id\":\"https:\/\/brasilnoticias.org\/site\/idosa-e-achada-morta-em-fossa-no-interior-da-bahia\/\",\"url\":\"https:\/\/brasilnoticias.org\/site\/idosa-e-achada-morta-em-fossa-no-interior-da-bahia\/\",\"name\":\"Idosa \u00e9 achada morta em fossa no interior da Bahia - Brasil not\u00edcias\",\"isPartOf\":{\"@id\":\"https:\/\/brasilnoticias.org\/site\/#website\"},\"primaryImageOfPage\":{\"@id\":\"https:\/\/brasilnoticias.org\/site\/idosa-e-achada-morta-em-fossa-no-interior-da-bahia\/#primaryimage\"},\"image\":{\"@id\":\"https:\/\/brasilnoticias.org\/site\/idosa-e-achada-morta-em-fossa-no-interior-da-bahia\/#primaryimage\"},\"thumbnailUrl\":\"https:\/\/brasilnoticias.org\/site\/wp-content\/uploads\/2022\/08\/pc_widelg.jpg\",\"datePublished\":\"2022-08-07T12:02:22+00:00\",\"breadcrumb\":{\"@id\":\"https:\/\/brasilnoticias.org\/site\/idosa-e-achada-morta-em-fossa-no-interior-da-bahia\/#breadcrumb\"},\"inLanguage\":\"pt-PT\",\"potentialAction\":[{\"@type\":\"ReadAction\",\"target\":[\"https:\/\/brasilnoticias.org\/site\/idosa-e-achada-morta-em-fossa-no-interior-da-bahia\/\"]}]},{\"@type\":\"ImageObject\",\"inLanguage\":\"pt-PT\",\"@id\":\"https:\/\/brasilnoticias.org\/site\/idosa-e-achada-morta-em-fossa-no-interior-da-bahia\/#primaryimage\",\"url\":\"https:\/\/brasilnoticias.org\/site\/wp-content\/uploads\/2022\/08\/pc_widelg.jpg\",\"contentUrl\":\"https:\/\/brasilnoticias.org\/site\/wp-content\/uploads\/2022\/08\/pc_widelg.jpg\",\"width\":800,\"height\":450},{\"@type\":\"BreadcrumbList\",\"@id\":\"https:\/\/brasilnoticias.org\/site\/idosa-e-achada-morta-em-fossa-no-interior-da-bahia\/#breadcrumb\",\"itemListElement\":[{\"@type\":\"ListItem\",\"position\":1,\"name\":\"In\u00edcio\",\"item\":\"https:\/\/brasilnoticias.org\/site\/\"},{\"@type\":\"ListItem\",\"position\":2,\"name\":\"Idosa \u00e9 achada morta em fossa no interior da Bahia\"}]},{\"@type\":\"WebSite\",\"@id\":\"https:\/\/brasilnoticias.org\/site\/#website\",\"url\":\"https:\/\/brasilnoticias.org\/site\/\",\"name\":\"Brasil not\u00edcias\",\"description\":\"Brasil not\u00edcias\",\"publisher\":{\"@id\":\"https:\/\/brasilnoticias.org\/site\/#organization\"},\"potentialAction\":[{\"@type\":\"SearchAction\",\"target\":{\"@type\":\"EntryPoint\",\"urlTemplate\":\"https:\/\/brasilnoticias.org\/site\/?s={search_term_string}\"},\"query-input\":{\"@type\":\"PropertyValueSpecification\",\"valueRequired\":true,\"valueName\":\"search_term_string\"}}],\"inLanguage\":\"pt-PT\"},{\"@type\":\"Organization\",\"@id\":\"https:\/\/brasilnoticias.org\/site\/#organization\",\"name\":\"Brasil not\u00edcias\",\"url\":\"https:\/\/brasilnoticias.org\/site\/\",\"logo\":{\"@type\":\"ImageObject\",\"inLanguage\":\"pt-PT\",\"@id\":\"https:\/\/brasilnoticias.org\/site\/#\/schema\/logo\/image\/\",\"url\":\"https:\/\/brasilnoticias.org\/site\/wp-content\/uploads\/2022\/05\/cropped-brasilnoticias-mini.jpg\",\"contentUrl\":\"https:\/\/brasilnoticias.org\/site\/wp-content\/uploads\/2022\/05\/cropped-brasilnoticias-mini.jpg\",\"width\":314,\"height\":86,\"caption\":\"Brasil not\u00edcias\"},\"image\":{\"@id\":\"https:\/\/brasilnoticias.org\/site\/#\/schema\/logo\/image\/\"}},{\"@type\":\"Person\",\"@id\":\"https:\/\/brasilnoticias.org\/site\/#\/schema\/person\/f609fa847b5314f1c8b983342f34c798\",\"name\":\"Reda\u00e7\u00e3o\",\"image\":{\"@type\":\"ImageObject\",\"inLanguage\":\"pt-PT\",\"@id\":\"https:\/\/brasilnoticias.org\/site\/#\/schema\/person\/image\/\",\"url\":\"https:\/\/secure.gravatar.com\/avatar\/447284c06c1ad8b46465a36de9cd0d8326b73387a22799b8b1ffb1fbcff2ed0c?s=96&d=mm&r=g\",\"contentUrl\":\"https:\/\/secure.gravatar.com\/avatar\/447284c06c1ad8b46465a36de9cd0d8326b73387a22799b8b1ffb1fbcff2ed0c?s=96&d=mm&r=g\",\"caption\":\"Reda\u00e7\u00e3o\"},\"url\":\"https:\/\/brasilnoticias.org\/site\/author\/redacao\/\"}]}<\/script>\n<!-- \/ Yoast SEO plugin. -->","yoast_head_json":{"title":"Idosa \u00e9 achada morta em fossa no interior da Bahia - Brasil not\u00edcias","robots":{"index":"index","follow":"follow","max-snippet":"max-snippet:-1","max-image-preview":"max-image-preview:large","max-video-preview":"max-video-preview:-1"},"canonical":"https:\/\/brasilnoticias.org\/site\/idosa-e-achada-morta-em-fossa-no-interior-da-bahia\/","og_locale":"pt_PT","og_type":"article","og_title":"Idosa \u00e9 achada morta em fossa no interior da Bahia - Brasil not\u00edcias","og_description":"Uma idosa de 75 anos foi achada morta dentro de uma fossa na sexta-feira (5), no bairro F\u00e9nix, em\u00a0Itapebi, no","og_url":"https:\/\/brasilnoticias.org\/site\/idosa-e-achada-morta-em-fossa-no-interior-da-bahia\/","og_site_name":"Brasil not\u00edcias","article_published_time":"2022-08-07T12:02:22+00:00","og_image":[{"width":800,"height":450,"url":"https:\/\/brasilnoticias.org\/site\/wp-content\/uploads\/2022\/08\/pc_widelg.jpg","type":"image\/jpeg"}],"author":"Reda\u00e7\u00e3o","twitter_card":"summary_large_image","twitter_misc":{"Escrito por":"Reda\u00e7\u00e3o","Tempo estimado de leitura":"1 minuto"},"schema":{"@context":"https:\/\/schema.org","@graph":[{"@type":"Article","@id":"https:\/\/brasilnoticias.org\/site\/idosa-e-achada-morta-em-fossa-no-interior-da-bahia\/#article","isPartOf":{"@id":"https:\/\/brasilnoticias.org\/site\/idosa-e-achada-morta-em-fossa-no-interior-da-bahia\/"},"author":{"name":"Reda\u00e7\u00e3o","@id":"https:\/\/brasilnoticias.org\/site\/#\/schema\/person\/f609fa847b5314f1c8b983342f34c798"},"headline":"Idosa \u00e9 achada morta em fossa no interior da Bahia","datePublished":"2022-08-07T12:02:22+00:00","mainEntityOfPage":{"@id":"https:\/\/brasilnoticias.org\/site\/idosa-e-achada-morta-em-fossa-no-interior-da-bahia\/"},"wordCount":184,"commentCount":0,"publisher":{"@id":"https:\/\/brasilnoticias.org\/site\/#organization"},"image":{"@id":"https:\/\/brasilnoticias.org\/site\/idosa-e-achada-morta-em-fossa-no-interior-da-bahia\/#primaryimage"},"thumbnailUrl":"https:\/\/brasilnoticias.org\/site\/wp-content\/uploads\/2022\/08\/pc_widelg.jpg","articleSection":["Pol\u00edcia","\u00daltimas"],"inLanguage":"pt-PT","potentialAction":[{"@type":"CommentAction","name":"Comment","target":["https:\/\/brasilnoticias.org\/site\/idosa-e-achada-morta-em-fossa-no-interior-da-bahia\/#respond"]}]},{"@type":"WebPage","@id":"https:\/\/brasilnoticias.org\/site\/idosa-e-achada-morta-em-fossa-no-interior-da-bahia\/","url":"https:\/\/brasilnoticias.org\/site\/idosa-e-achada-morta-em-fossa-no-interior-da-bahia\/","name":"Idosa \u00e9 achada morta em fossa no interior da Bahia - Brasil not\u00edcias","isPartOf":{"@id":"https:\/\/brasilnoticias.org\/site\/#website"},"primaryImageOfPage":{"@id":"https:\/\/brasilnoticias.org\/site\/idosa-e-achada-morta-em-fossa-no-interior-da-bahia\/#primaryimage"},"image":{"@id":"https:\/\/brasilnoticias.org\/site\/idosa-e-achada-morta-em-fossa-no-interior-da-bahia\/#primaryimage"},"thumbnailUrl":"https:\/\/brasilnoticias.org\/site\/wp-content\/uploads\/2022\/08\/pc_widelg.jpg","datePublished":"2022-08-07T12:02:22+00:00","breadcrumb":{"@id":"https:\/\/brasilnoticias.org\/site\/idosa-e-achada-morta-em-fossa-no-interior-da-bahia\/#breadcrumb"},"inLanguage":"pt-PT","potentialAction":[{"@type":"ReadAction","target":["https:\/\/brasilnoticias.org\/site\/idosa-e-achada-morta-em-fossa-no-interior-da-bahia\/"]}]},{"@type":"ImageObject","inLanguage":"pt-PT","@id":"https:\/\/brasilnoticias.org\/site\/idosa-e-achada-morta-em-fossa-no-interior-da-bahia\/#primaryimage","url":"https:\/\/brasilnoticias.org\/site\/wp-content\/uploads\/2022\/08\/pc_widelg.jpg","contentUrl":"https:\/\/brasilnoticias.org\/site\/wp-content\/uploads\/2022\/08\/pc_widelg.jpg","width":800,"height":450},{"@type":"BreadcrumbList","@id":"https:\/\/brasilnoticias.org\/site\/idosa-e-achada-morta-em-fossa-no-interior-da-bahia\/#breadcrumb","itemListElement":[{"@type":"ListItem","position":1,"name":"In\u00edcio","item":"https:\/\/brasilnoticias.org\/site\/"},{"@type":"ListItem","position":2,"name":"Idosa \u00e9 achada morta em fossa no interior da Bahia"}]},{"@type":"WebSite","@id":"https:\/\/brasilnoticias.org\/site\/#website","url":"https:\/\/brasilnoticias.org\/site\/","name":"Brasil not\u00edcias","description":"Brasil not\u00edcias","publisher":{"@id":"https:\/\/brasilnoticias.org\/site\/#organization"},"potentialAction":[{"@type":"SearchAction","target":{"@type":"EntryPoint","urlTemplate":"https:\/\/brasilnoticias.org\/site\/?s={search_term_string}"},"query-input":{"@type":"PropertyValueSpecification","valueRequired":true,"valueName":"search_term_string"}}],"inLanguage":"pt-PT"},{"@type":"Organization","@id":"https:\/\/brasilnoticias.org\/site\/#organization","name":"Brasil not\u00edcias","url":"https:\/\/brasilnoticias.org\/site\/","logo":{"@type":"ImageObject","inLanguage":"pt-PT","@id":"https:\/\/brasilnoticias.org\/site\/#\/schema\/logo\/image\/","url":"https:\/\/brasilnoticias.org\/site\/wp-content\/uploads\/2022\/05\/cropped-brasilnoticias-mini.jpg","contentUrl":"https:\/\/brasilnoticias.org\/site\/wp-content\/uploads\/2022\/05\/cropped-brasilnoticias-mini.jpg","width":314,"height":86,"caption":"Brasil not\u00edcias"},"image":{"@id":"https:\/\/brasilnoticias.org\/site\/#\/schema\/logo\/image\/"}},{"@type":"Person","@id":"https:\/\/brasilnoticias.org\/site\/#\/schema\/person\/f609fa847b5314f1c8b983342f34c798","name":"Reda\u00e7\u00e3o","image":{"@type":"ImageObject","inLanguage":"pt-PT","@id":"https:\/\/brasilnoticias.org\/site\/#\/schema\/person\/image\/","url":"https:\/\/secure.gravatar.com\/avatar\/447284c06c1ad8b46465a36de9cd0d8326b73387a22799b8b1ffb1fbcff2ed0c?s=96&d=mm&r=g","contentUrl":"https:\/\/secure.gravatar.com\/avatar\/447284c06c1ad8b46465a36de9cd0d8326b73387a22799b8b1ffb1fbcff2ed0c?s=96&d=mm&r=g","caption":"Reda\u00e7\u00e3o"},"url":"https:\/\/brasilnoticias.org\/site\/author\/redacao\/"}]}},"_links":{"self":[{"href":"https:\/\/brasilnoticias.org\/site\/wp-json\/wp\/v2\/posts\/1096","targetHints":{"allow":["GET"]}}],"collection":[{"href":"https:\/\/brasilnoticias.org\/site\/wp-json\/wp\/v2\/posts"}],"about":[{"href":"https:\/\/brasilnoticias.org\/site\/wp-json\/wp\/v2\/types\/post"}],"author":[{"embeddable":true,"href":"https:\/\/brasilnoticias.org\/site\/wp-json\/wp\/v2\/users\/2"}],"replies":[{"embeddable":true,"href":"https:\/\/brasilnoticias.org\/site\/wp-json\/wp\/v2\/comments?post=1096"}],"version-history":[{"count":1,"href":"https:\/\/brasilnoticias.org\/site\/wp-json\/wp\/v2\/posts\/1096\/revisions"}],"predecessor-version":[{"id":1098,"href":"https:\/\/brasilnoticias.org\/site\/wp-json\/wp\/v2\/posts\/1096\/revisions\/1098"}],"wp:featuredmedia":[{"embeddable":true,"href":"https:\/\/brasilnoticias.org\/site\/wp-json\/wp\/v2\/media\/1097"}],"wp:attachment":[{"href":"https:\/\/brasilnoticias.org\/site\/wp-json\/wp\/v2\/media?parent=1096"}],"wp:term":[{"taxonomy":"category","embeddable":true,"href":"https:\/\/brasilnoticias.org\/site\/wp-json\/wp\/v2\/categories?post=1096"},{"taxonomy":"post_tag","embeddable":true,"href":"https:\/\/brasilnoticias.org\/site\/wp-json\/wp\/v2\/tags?post=1096"}],"curies":[{"name":"wp","href":"https:\/\/api.w.org\/{rel}","templated":true}]}}