{"id":10960,"date":"2023-11-15T07:22:30","date_gmt":"2023-11-15T10:22:30","guid":{"rendered":"https:\/\/brasilnoticias.org\/site\/?p=10960"},"modified":"2023-11-14T19:48:18","modified_gmt":"2023-11-14T22:48:18","slug":"thiago-servo-pede-indenizacao-por-pagar-r-1-milhao-de-pensao-para-crianca-que-nao-e-sua-filha","status":"publish","type":"post","link":"https:\/\/brasilnoticias.org\/site\/thiago-servo-pede-indenizacao-por-pagar-r-1-milhao-de-pensao-para-crianca-que-nao-e-sua-filha\/","title":{"rendered":"Thiago Servo pede indeniza\u00e7\u00e3o por pagar R$ 1 milh\u00e3o de pens\u00e3o para crian\u00e7a que n\u00e3o \u00e9 sua filha"},"content":{"rendered":"<p>&#8220;N\u00e3o s\u00f3 o que ele pagou de pens\u00e3o, mas tamb\u00e9m dano moral, dano material&#8230;&#8221;, disse o advogado do cantor<\/p>\n<p>Thiago Servo entrou na Justi\u00e7a com pedido de indeniza\u00e7\u00e3o para reaver mais de R$ 1 milh\u00e3o que foram pagos como pens\u00e3o aliment\u00edcia para uma crian\u00e7a que n\u00e3o \u00e9 sua filha. O cantor, ex-integrante da dupla Thaeme e Thiago, chegou a ser preso em 2016, por atraso no pagamento dessa mesma pens\u00e3o.<\/p>\n<p>A a\u00e7\u00e3o vem depois de uma batalha de sete anos na Justi\u00e7a. Agora ficou determinado que a crian\u00e7a n\u00e3o \u00e9 filha do sertanejo, o que viabilizou o pedido de indeniza\u00e7\u00e3o. O advogado de Thiago, Ot\u00e1vio Gomes Figueir\u00f3, afirmou em suas redes sociais que a a\u00e7\u00e3o visa restituir o cantor de tudo &#8220;o que lhe foi tirado&#8221;.<\/p>\n<p>&#8220;N\u00e3o s\u00f3 o que ele pagou de pens\u00e3o, mas tamb\u00e9m dano moral, dano material. Thiago ficou sete anos com um mandado de pris\u00e3o atr\u00e1s do outro, sem conseguir trabalhar, sem conseguir fazer show&#8221;, destacou o advogado.<\/p>\n<p>Foto: Divulga\u00e7\u00e3o<br \/>\nMetro1<\/p>\n","protected":false},"excerpt":{"rendered":"<p>&#8220;N\u00e3o s\u00f3 o que ele pagou de pens\u00e3o, mas tamb\u00e9m dano moral, dano material&#8230;&#8221;, disse o advogado do cantor Thiago<\/p>\n","protected":false},"author":4,"featured_media":10961,"comment_status":"open","ping_status":"open","sticky":false,"template":"","format":"standard","meta":{"colormag_page_container_layout":"default_layout","colormag_page_sidebar_layout":"default_layout","_FSMCFIC_featured_image_caption":"","_FSMCFIC_featured_image_nocaption":"","_FSMCFIC_featured_image_hide":"","footnotes":""},"categories":[8,1],"tags":[],"class_list":["post-10960","post","type-post","status-publish","format-standard","has-post-thumbnail","hentry","category-entretenimento","category-ultimas"],"yoast_head":"<!-- This site is optimized with the Yoast SEO plugin v27.1.1 - https:\/\/yoast.com\/product\/yoast-seo-wordpress\/ -->\n<title>Thiago Servo pede indeniza\u00e7\u00e3o por pagar R$ 1 milh\u00e3o de pens\u00e3o para crian\u00e7a que n\u00e3o \u00e9 sua filha - Brasil not\u00edcias<\/title>\n<meta name=\"robots\" content=\"index, follow, max-snippet:-1, max-image-preview:large, max-video-preview:-1\" \/>\n<link rel=\"canonical\" href=\"https:\/\/brasilnoticias.org\/site\/thiago-servo-pede-indenizacao-por-pagar-r-1-milhao-de-pensao-para-crianca-que-nao-e-sua-filha\/\" \/>\n<meta property=\"og:locale\" content=\"pt_PT\" \/>\n<meta property=\"og:type\" content=\"article\" \/>\n<meta property=\"og:title\" content=\"Thiago Servo pede indeniza\u00e7\u00e3o por pagar R$ 1 milh\u00e3o de pens\u00e3o para crian\u00e7a que n\u00e3o \u00e9 sua filha - Brasil not\u00edcias\" \/>\n<meta property=\"og:description\" content=\"&#8220;N\u00e3o s\u00f3 o que ele pagou de pens\u00e3o, mas tamb\u00e9m dano moral, dano material&#8230;&#8221;, disse o advogado do cantor Thiago\" \/>\n<meta property=\"og:url\" content=\"https:\/\/brasilnoticias.org\/site\/thiago-servo-pede-indenizacao-por-pagar-r-1-milhao-de-pensao-para-crianca-que-nao-e-sua-filha\/\" \/>\n<meta property=\"og:site_name\" content=\"Brasil not\u00edcias\" \/>\n<meta property=\"article:published_time\" content=\"2023-11-15T10:22:30+00:00\" \/>\n<meta property=\"og:image\" content=\"https:\/\/brasilnoticias.org\/site\/wp-content\/uploads\/2023\/11\/143140thiago-servo-pede-indenizacao-por-pagar-r-1-milhao-de-pensao-para-crianca-que-nao-e-sua-filha-3.jpg\" \/>\n\t<meta property=\"og:image:width\" content=\"1600\" \/>\n\t<meta property=\"og:image:height\" content=\"752\" \/>\n\t<meta property=\"og:image:type\" content=\"image\/jpeg\" \/>\n<meta name=\"author\" content=\"Reda\u00e7\u00e3o\" \/>\n<meta name=\"twitter:card\" content=\"summary_large_image\" \/>\n<meta name=\"twitter:label1\" content=\"Escrito por\" \/>\n\t<meta name=\"twitter:data1\" content=\"Reda\u00e7\u00e3o\" \/>\n<script type=\"application\/ld+json\" class=\"yoast-schema-graph\">{\"@context\":\"https:\/\/schema.org\",\"@graph\":[{\"@type\":\"Article\",\"@id\":\"https:\/\/brasilnoticias.org\/site\/thiago-servo-pede-indenizacao-por-pagar-r-1-milhao-de-pensao-para-crianca-que-nao-e-sua-filha\/#article\",\"isPartOf\":{\"@id\":\"https:\/\/brasilnoticias.org\/site\/thiago-servo-pede-indenizacao-por-pagar-r-1-milhao-de-pensao-para-crianca-que-nao-e-sua-filha\/\"},\"author\":{\"name\":\"Reda\u00e7\u00e3o\",\"@id\":\"https:\/\/brasilnoticias.org\/site\/#\/schema\/person\/03bbbfe6c7634ad18c26444ea39049fa\"},\"headline\":\"Thiago Servo pede indeniza\u00e7\u00e3o por pagar R$ 1 milh\u00e3o de pens\u00e3o para crian\u00e7a que n\u00e3o \u00e9 sua filha\",\"datePublished\":\"2023-11-15T10:22:30+00:00\",\"mainEntityOfPage\":{\"@id\":\"https:\/\/brasilnoticias.org\/site\/thiago-servo-pede-indenizacao-por-pagar-r-1-milhao-de-pensao-para-crianca-que-nao-e-sua-filha\/\"},\"wordCount\":206,\"commentCount\":0,\"publisher\":{\"@id\":\"https:\/\/brasilnoticias.org\/site\/#organization\"},\"image\":{\"@id\":\"https:\/\/brasilnoticias.org\/site\/thiago-servo-pede-indenizacao-por-pagar-r-1-milhao-de-pensao-para-crianca-que-nao-e-sua-filha\/#primaryimage\"},\"thumbnailUrl\":\"https:\/\/brasilnoticias.org\/site\/wp-content\/uploads\/2023\/11\/143140thiago-servo-pede-indenizacao-por-pagar-r-1-milhao-de-pensao-para-crianca-que-nao-e-sua-filha-3.jpg\",\"articleSection\":[\"Entretenimento\",\"\u00daltimas\"],\"inLanguage\":\"pt-PT\",\"potentialAction\":[{\"@type\":\"CommentAction\",\"name\":\"Comment\",\"target\":[\"https:\/\/brasilnoticias.org\/site\/thiago-servo-pede-indenizacao-por-pagar-r-1-milhao-de-pensao-para-crianca-que-nao-e-sua-filha\/#respond\"]}]},{\"@type\":\"WebPage\",\"@id\":\"https:\/\/brasilnoticias.org\/site\/thiago-servo-pede-indenizacao-por-pagar-r-1-milhao-de-pensao-para-crianca-que-nao-e-sua-filha\/\",\"url\":\"https:\/\/brasilnoticias.org\/site\/thiago-servo-pede-indenizacao-por-pagar-r-1-milhao-de-pensao-para-crianca-que-nao-e-sua-filha\/\",\"name\":\"Thiago Servo pede indeniza\u00e7\u00e3o por pagar R$ 1 milh\u00e3o de pens\u00e3o para crian\u00e7a que n\u00e3o \u00e9 sua filha - Brasil not\u00edcias\",\"isPartOf\":{\"@id\":\"https:\/\/brasilnoticias.org\/site\/#website\"},\"primaryImageOfPage\":{\"@id\":\"https:\/\/brasilnoticias.org\/site\/thiago-servo-pede-indenizacao-por-pagar-r-1-milhao-de-pensao-para-crianca-que-nao-e-sua-filha\/#primaryimage\"},\"image\":{\"@id\":\"https:\/\/brasilnoticias.org\/site\/thiago-servo-pede-indenizacao-por-pagar-r-1-milhao-de-pensao-para-crianca-que-nao-e-sua-filha\/#primaryimage\"},\"thumbnailUrl\":\"https:\/\/brasilnoticias.org\/site\/wp-content\/uploads\/2023\/11\/143140thiago-servo-pede-indenizacao-por-pagar-r-1-milhao-de-pensao-para-crianca-que-nao-e-sua-filha-3.jpg\",\"datePublished\":\"2023-11-15T10:22:30+00:00\",\"breadcrumb\":{\"@id\":\"https:\/\/brasilnoticias.org\/site\/thiago-servo-pede-indenizacao-por-pagar-r-1-milhao-de-pensao-para-crianca-que-nao-e-sua-filha\/#breadcrumb\"},\"inLanguage\":\"pt-PT\",\"potentialAction\":[{\"@type\":\"ReadAction\",\"target\":[\"https:\/\/brasilnoticias.org\/site\/thiago-servo-pede-indenizacao-por-pagar-r-1-milhao-de-pensao-para-crianca-que-nao-e-sua-filha\/\"]}]},{\"@type\":\"ImageObject\",\"inLanguage\":\"pt-PT\",\"@id\":\"https:\/\/brasilnoticias.org\/site\/thiago-servo-pede-indenizacao-por-pagar-r-1-milhao-de-pensao-para-crianca-que-nao-e-sua-filha\/#primaryimage\",\"url\":\"https:\/\/brasilnoticias.org\/site\/wp-content\/uploads\/2023\/11\/143140thiago-servo-pede-indenizacao-por-pagar-r-1-milhao-de-pensao-para-crianca-que-nao-e-sua-filha-3.jpg\",\"contentUrl\":\"https:\/\/brasilnoticias.org\/site\/wp-content\/uploads\/2023\/11\/143140thiago-servo-pede-indenizacao-por-pagar-r-1-milhao-de-pensao-para-crianca-que-nao-e-sua-filha-3.jpg\",\"width\":1600,\"height\":752},{\"@type\":\"BreadcrumbList\",\"@id\":\"https:\/\/brasilnoticias.org\/site\/thiago-servo-pede-indenizacao-por-pagar-r-1-milhao-de-pensao-para-crianca-que-nao-e-sua-filha\/#breadcrumb\",\"itemListElement\":[{\"@type\":\"ListItem\",\"position\":1,\"name\":\"In\u00edcio\",\"item\":\"https:\/\/brasilnoticias.org\/site\/\"},{\"@type\":\"ListItem\",\"position\":2,\"name\":\"Thiago Servo pede indeniza\u00e7\u00e3o por pagar R$ 1 milh\u00e3o de pens\u00e3o para crian\u00e7a que n\u00e3o \u00e9 sua filha\"}]},{\"@type\":\"WebSite\",\"@id\":\"https:\/\/brasilnoticias.org\/site\/#website\",\"url\":\"https:\/\/brasilnoticias.org\/site\/\",\"name\":\"Brasil not\u00edcias\",\"description\":\"Brasil not\u00edcias\",\"publisher\":{\"@id\":\"https:\/\/brasilnoticias.org\/site\/#organization\"},\"potentialAction\":[{\"@type\":\"SearchAction\",\"target\":{\"@type\":\"EntryPoint\",\"urlTemplate\":\"https:\/\/brasilnoticias.org\/site\/?s={search_term_string}\"},\"query-input\":{\"@type\":\"PropertyValueSpecification\",\"valueRequired\":true,\"valueName\":\"search_term_string\"}}],\"inLanguage\":\"pt-PT\"},{\"@type\":\"Organization\",\"@id\":\"https:\/\/brasilnoticias.org\/site\/#organization\",\"name\":\"Brasil not\u00edcias\",\"url\":\"https:\/\/brasilnoticias.org\/site\/\",\"logo\":{\"@type\":\"ImageObject\",\"inLanguage\":\"pt-PT\",\"@id\":\"https:\/\/brasilnoticias.org\/site\/#\/schema\/logo\/image\/\",\"url\":\"https:\/\/brasilnoticias.org\/site\/wp-content\/uploads\/2022\/05\/cropped-brasilnoticias-mini.jpg\",\"contentUrl\":\"https:\/\/brasilnoticias.org\/site\/wp-content\/uploads\/2022\/05\/cropped-brasilnoticias-mini.jpg\",\"width\":314,\"height\":86,\"caption\":\"Brasil not\u00edcias\"},\"image\":{\"@id\":\"https:\/\/brasilnoticias.org\/site\/#\/schema\/logo\/image\/\"}},{\"@type\":\"Person\",\"@id\":\"https:\/\/brasilnoticias.org\/site\/#\/schema\/person\/03bbbfe6c7634ad18c26444ea39049fa\",\"name\":\"Reda\u00e7\u00e3o\",\"image\":{\"@type\":\"ImageObject\",\"inLanguage\":\"pt-PT\",\"@id\":\"https:\/\/brasilnoticias.org\/site\/#\/schema\/person\/image\/\",\"url\":\"https:\/\/secure.gravatar.com\/avatar\/9ecaf7327a696cb23ad926fedded5f1f04d7049de9e445375d55b48c001a6e42?s=96&d=mm&r=g\",\"contentUrl\":\"https:\/\/secure.gravatar.com\/avatar\/9ecaf7327a696cb23ad926fedded5f1f04d7049de9e445375d55b48c001a6e42?s=96&d=mm&r=g\",\"caption\":\"Reda\u00e7\u00e3o\"},\"url\":\"https:\/\/brasilnoticias.org\/site\/author\/henrique\/\"}]}<\/script>\n<!-- \/ Yoast SEO plugin. -->","yoast_head_json":{"title":"Thiago Servo pede indeniza\u00e7\u00e3o por pagar R$ 1 milh\u00e3o de pens\u00e3o para crian\u00e7a que n\u00e3o \u00e9 sua filha - Brasil not\u00edcias","robots":{"index":"index","follow":"follow","max-snippet":"max-snippet:-1","max-image-preview":"max-image-preview:large","max-video-preview":"max-video-preview:-1"},"canonical":"https:\/\/brasilnoticias.org\/site\/thiago-servo-pede-indenizacao-por-pagar-r-1-milhao-de-pensao-para-crianca-que-nao-e-sua-filha\/","og_locale":"pt_PT","og_type":"article","og_title":"Thiago Servo pede indeniza\u00e7\u00e3o por pagar R$ 1 milh\u00e3o de pens\u00e3o para crian\u00e7a que n\u00e3o \u00e9 sua filha - Brasil not\u00edcias","og_description":"&#8220;N\u00e3o s\u00f3 o que ele pagou de pens\u00e3o, mas tamb\u00e9m dano moral, dano material&#8230;&#8221;, disse o advogado do cantor Thiago","og_url":"https:\/\/brasilnoticias.org\/site\/thiago-servo-pede-indenizacao-por-pagar-r-1-milhao-de-pensao-para-crianca-que-nao-e-sua-filha\/","og_site_name":"Brasil not\u00edcias","article_published_time":"2023-11-15T10:22:30+00:00","og_image":[{"width":1600,"height":752,"url":"https:\/\/brasilnoticias.org\/site\/wp-content\/uploads\/2023\/11\/143140thiago-servo-pede-indenizacao-por-pagar-r-1-milhao-de-pensao-para-crianca-que-nao-e-sua-filha-3.jpg","type":"image\/jpeg"}],"author":"Reda\u00e7\u00e3o","twitter_card":"summary_large_image","twitter_misc":{"Escrito por":"Reda\u00e7\u00e3o"},"schema":{"@context":"https:\/\/schema.org","@graph":[{"@type":"Article","@id":"https:\/\/brasilnoticias.org\/site\/thiago-servo-pede-indenizacao-por-pagar-r-1-milhao-de-pensao-para-crianca-que-nao-e-sua-filha\/#article","isPartOf":{"@id":"https:\/\/brasilnoticias.org\/site\/thiago-servo-pede-indenizacao-por-pagar-r-1-milhao-de-pensao-para-crianca-que-nao-e-sua-filha\/"},"author":{"name":"Reda\u00e7\u00e3o","@id":"https:\/\/brasilnoticias.org\/site\/#\/schema\/person\/03bbbfe6c7634ad18c26444ea39049fa"},"headline":"Thiago Servo pede indeniza\u00e7\u00e3o por pagar R$ 1 milh\u00e3o de pens\u00e3o para crian\u00e7a que n\u00e3o \u00e9 sua filha","datePublished":"2023-11-15T10:22:30+00:00","mainEntityOfPage":{"@id":"https:\/\/brasilnoticias.org\/site\/thiago-servo-pede-indenizacao-por-pagar-r-1-milhao-de-pensao-para-crianca-que-nao-e-sua-filha\/"},"wordCount":206,"commentCount":0,"publisher":{"@id":"https:\/\/brasilnoticias.org\/site\/#organization"},"image":{"@id":"https:\/\/brasilnoticias.org\/site\/thiago-servo-pede-indenizacao-por-pagar-r-1-milhao-de-pensao-para-crianca-que-nao-e-sua-filha\/#primaryimage"},"thumbnailUrl":"https:\/\/brasilnoticias.org\/site\/wp-content\/uploads\/2023\/11\/143140thiago-servo-pede-indenizacao-por-pagar-r-1-milhao-de-pensao-para-crianca-que-nao-e-sua-filha-3.jpg","articleSection":["Entretenimento","\u00daltimas"],"inLanguage":"pt-PT","potentialAction":[{"@type":"CommentAction","name":"Comment","target":["https:\/\/brasilnoticias.org\/site\/thiago-servo-pede-indenizacao-por-pagar-r-1-milhao-de-pensao-para-crianca-que-nao-e-sua-filha\/#respond"]}]},{"@type":"WebPage","@id":"https:\/\/brasilnoticias.org\/site\/thiago-servo-pede-indenizacao-por-pagar-r-1-milhao-de-pensao-para-crianca-que-nao-e-sua-filha\/","url":"https:\/\/brasilnoticias.org\/site\/thiago-servo-pede-indenizacao-por-pagar-r-1-milhao-de-pensao-para-crianca-que-nao-e-sua-filha\/","name":"Thiago Servo pede indeniza\u00e7\u00e3o por pagar R$ 1 milh\u00e3o de pens\u00e3o para crian\u00e7a que n\u00e3o \u00e9 sua filha - Brasil not\u00edcias","isPartOf":{"@id":"https:\/\/brasilnoticias.org\/site\/#website"},"primaryImageOfPage":{"@id":"https:\/\/brasilnoticias.org\/site\/thiago-servo-pede-indenizacao-por-pagar-r-1-milhao-de-pensao-para-crianca-que-nao-e-sua-filha\/#primaryimage"},"image":{"@id":"https:\/\/brasilnoticias.org\/site\/thiago-servo-pede-indenizacao-por-pagar-r-1-milhao-de-pensao-para-crianca-que-nao-e-sua-filha\/#primaryimage"},"thumbnailUrl":"https:\/\/brasilnoticias.org\/site\/wp-content\/uploads\/2023\/11\/143140thiago-servo-pede-indenizacao-por-pagar-r-1-milhao-de-pensao-para-crianca-que-nao-e-sua-filha-3.jpg","datePublished":"2023-11-15T10:22:30+00:00","breadcrumb":{"@id":"https:\/\/brasilnoticias.org\/site\/thiago-servo-pede-indenizacao-por-pagar-r-1-milhao-de-pensao-para-crianca-que-nao-e-sua-filha\/#breadcrumb"},"inLanguage":"pt-PT","potentialAction":[{"@type":"ReadAction","target":["https:\/\/brasilnoticias.org\/site\/thiago-servo-pede-indenizacao-por-pagar-r-1-milhao-de-pensao-para-crianca-que-nao-e-sua-filha\/"]}]},{"@type":"ImageObject","inLanguage":"pt-PT","@id":"https:\/\/brasilnoticias.org\/site\/thiago-servo-pede-indenizacao-por-pagar-r-1-milhao-de-pensao-para-crianca-que-nao-e-sua-filha\/#primaryimage","url":"https:\/\/brasilnoticias.org\/site\/wp-content\/uploads\/2023\/11\/143140thiago-servo-pede-indenizacao-por-pagar-r-1-milhao-de-pensao-para-crianca-que-nao-e-sua-filha-3.jpg","contentUrl":"https:\/\/brasilnoticias.org\/site\/wp-content\/uploads\/2023\/11\/143140thiago-servo-pede-indenizacao-por-pagar-r-1-milhao-de-pensao-para-crianca-que-nao-e-sua-filha-3.jpg","width":1600,"height":752},{"@type":"BreadcrumbList","@id":"https:\/\/brasilnoticias.org\/site\/thiago-servo-pede-indenizacao-por-pagar-r-1-milhao-de-pensao-para-crianca-que-nao-e-sua-filha\/#breadcrumb","itemListElement":[{"@type":"ListItem","position":1,"name":"In\u00edcio","item":"https:\/\/brasilnoticias.org\/site\/"},{"@type":"ListItem","position":2,"name":"Thiago Servo pede indeniza\u00e7\u00e3o por pagar R$ 1 milh\u00e3o de pens\u00e3o para crian\u00e7a que n\u00e3o \u00e9 sua filha"}]},{"@type":"WebSite","@id":"https:\/\/brasilnoticias.org\/site\/#website","url":"https:\/\/brasilnoticias.org\/site\/","name":"Brasil not\u00edcias","description":"Brasil not\u00edcias","publisher":{"@id":"https:\/\/brasilnoticias.org\/site\/#organization"},"potentialAction":[{"@type":"SearchAction","target":{"@type":"EntryPoint","urlTemplate":"https:\/\/brasilnoticias.org\/site\/?s={search_term_string}"},"query-input":{"@type":"PropertyValueSpecification","valueRequired":true,"valueName":"search_term_string"}}],"inLanguage":"pt-PT"},{"@type":"Organization","@id":"https:\/\/brasilnoticias.org\/site\/#organization","name":"Brasil not\u00edcias","url":"https:\/\/brasilnoticias.org\/site\/","logo":{"@type":"ImageObject","inLanguage":"pt-PT","@id":"https:\/\/brasilnoticias.org\/site\/#\/schema\/logo\/image\/","url":"https:\/\/brasilnoticias.org\/site\/wp-content\/uploads\/2022\/05\/cropped-brasilnoticias-mini.jpg","contentUrl":"https:\/\/brasilnoticias.org\/site\/wp-content\/uploads\/2022\/05\/cropped-brasilnoticias-mini.jpg","width":314,"height":86,"caption":"Brasil not\u00edcias"},"image":{"@id":"https:\/\/brasilnoticias.org\/site\/#\/schema\/logo\/image\/"}},{"@type":"Person","@id":"https:\/\/brasilnoticias.org\/site\/#\/schema\/person\/03bbbfe6c7634ad18c26444ea39049fa","name":"Reda\u00e7\u00e3o","image":{"@type":"ImageObject","inLanguage":"pt-PT","@id":"https:\/\/brasilnoticias.org\/site\/#\/schema\/person\/image\/","url":"https:\/\/secure.gravatar.com\/avatar\/9ecaf7327a696cb23ad926fedded5f1f04d7049de9e445375d55b48c001a6e42?s=96&d=mm&r=g","contentUrl":"https:\/\/secure.gravatar.com\/avatar\/9ecaf7327a696cb23ad926fedded5f1f04d7049de9e445375d55b48c001a6e42?s=96&d=mm&r=g","caption":"Reda\u00e7\u00e3o"},"url":"https:\/\/brasilnoticias.org\/site\/author\/henrique\/"}]}},"_links":{"self":[{"href":"https:\/\/brasilnoticias.org\/site\/wp-json\/wp\/v2\/posts\/10960","targetHints":{"allow":["GET"]}}],"collection":[{"href":"https:\/\/brasilnoticias.org\/site\/wp-json\/wp\/v2\/posts"}],"about":[{"href":"https:\/\/brasilnoticias.org\/site\/wp-json\/wp\/v2\/types\/post"}],"author":[{"embeddable":true,"href":"https:\/\/brasilnoticias.org\/site\/wp-json\/wp\/v2\/users\/4"}],"replies":[{"embeddable":true,"href":"https:\/\/brasilnoticias.org\/site\/wp-json\/wp\/v2\/comments?post=10960"}],"version-history":[{"count":1,"href":"https:\/\/brasilnoticias.org\/site\/wp-json\/wp\/v2\/posts\/10960\/revisions"}],"predecessor-version":[{"id":10962,"href":"https:\/\/brasilnoticias.org\/site\/wp-json\/wp\/v2\/posts\/10960\/revisions\/10962"}],"wp:featuredmedia":[{"embeddable":true,"href":"https:\/\/brasilnoticias.org\/site\/wp-json\/wp\/v2\/media\/10961"}],"wp:attachment":[{"href":"https:\/\/brasilnoticias.org\/site\/wp-json\/wp\/v2\/media?parent=10960"}],"wp:term":[{"taxonomy":"category","embeddable":true,"href":"https:\/\/brasilnoticias.org\/site\/wp-json\/wp\/v2\/categories?post=10960"},{"taxonomy":"post_tag","embeddable":true,"href":"https:\/\/brasilnoticias.org\/site\/wp-json\/wp\/v2\/tags?post=10960"}],"curies":[{"name":"wp","href":"https:\/\/api.w.org\/{rel}","templated":true}]}}