{"id":10963,"date":"2023-11-15T23:17:20","date_gmt":"2023-11-16T02:17:20","guid":{"rendered":"https:\/\/brasilnoticias.org\/site\/?p=10963"},"modified":"2023-11-15T23:17:20","modified_gmt":"2023-11-16T02:17:20","slug":"mater-dei-apresenta-anuario-de-excelencia-clinica-2023-com-destaque-para-taxas-de-aleitamento-materno-e-partos-naturais","status":"publish","type":"post","link":"https:\/\/brasilnoticias.org\/site\/mater-dei-apresenta-anuario-de-excelencia-clinica-2023-com-destaque-para-taxas-de-aleitamento-materno-e-partos-naturais\/","title":{"rendered":"Mater Dei apresenta Anu\u00e1rio de Excel\u00eancia Cl\u00ednica 2023 com destaque para taxas de aleitamento materno e partos naturais"},"content":{"rendered":"<p>A Taxa de aleitamento materno na primeira hora de vida do beb\u00ea foi quase 40% superior \u00e0 refer\u00eancia nacional<\/p>\n<p>A Rede Mater Dei apresentou o Anu\u00e1rio de Excel\u00eancia Cl\u00ednica de 2023, que traz os \u00edndices de performance assistencial da empresa ao longo do \u00faltimo ano. Entre eles, a alta taxa de aleitamento materno na primeira hora de vida do beb\u00ea, com 85,5% das crian\u00e7as nascidas. O \u00edndice \u00e9 muito maior do que a refer\u00eancia nacional, que \u00e9 de 62,4% segundo o ENANI 2019 (Estudo Nacional de Alimenta\u00e7\u00e3o e Nutri\u00e7\u00e3o Infantil). Quando as crian\u00e7as retornam para a consulta do 5\u00ba dia de vida, 99,5% est\u00e3o com ganho de peso adequado.<\/p>\n<p>Al\u00e9m disso, a obstetr\u00edcia do Mater Dei respeita o desejo da mulher em rela\u00e7\u00e3o ao tipo de parto que quer ter, com o compromisso de evitar ces\u00e1reas desnecess\u00e1rias e minimizar interven\u00e7\u00f5es. Inclusive, no anu\u00e1rio, a taxa de episiotomia em toda a rede foi de 21%, bem pr\u00f3xima do que preconiza a Organiza\u00e7\u00e3o Mundial da Sa\u00fade (OMS), que \u00e9 de 20%. A quantidade de partos vaginais tamb\u00e9m foi destaque, com 33,1%, acima da m\u00e9dia da ANAHP (Associa\u00e7\u00e3o Nacional de Hospitais Privados), que foi de 22,9%. A taxa sobe para 55,5% entre os casos que n\u00e3o apresentam indica\u00e7\u00e3o formal para ces\u00e1rea.<\/p>\n<p>\u201cA nossa taxa de partos vaginais tem se tornado uma refer\u00eancia nacional. Quando a gente compara com a ANAHP (Associa\u00e7\u00e3o Nacional de Hospitais Privados), que re\u00fane os melhores indicadores do Brasil, a gente se destaca com resultados excelentes, demonstrando o cuidado empregado na nossa linha materno-infantil. A taxa de aleitamento materno na primeira hora de vida do beb\u00ea tamb\u00e9m \u00e9 destaque, com quase 90%\u201d, diz M\u00e1rcia Salvador Geo, vice-presidente do Conselho de Administra\u00e7\u00e3o da Rede.<\/p>\n<p>As maternidades da rede priorizam a Golden Hour, que \u00e9 a amamenta\u00e7\u00e3o na primeira hora ap\u00f3s o nascimento do beb\u00ea, oferecendo alojamento conjunto e servi\u00e7os de monitoramento e de fisioterapia, bem como uma abordagem hol\u00edstica nos cuidados p\u00f3s-parto. A equipe est\u00e1 preparada para seguir as diretrizes de seguran\u00e7a da OMS, com protocolos de preven\u00e7\u00e3o de tromboembolismo venoso (TEV); de hemorragia p\u00f3s-parto; de doen\u00e7as hipertensivas na gesta\u00e7\u00e3o e HELLP s\u00edndrome (forma grave de pr\u00e9-ecl\u00e2mpsia), dentre outros.<\/p>\n<p>Em casos emergenciais, que coloquem em risco a sa\u00fade da gestante e\/ ou do feto, a rede disp\u00f5e do protocolo de socorro r\u00e1pido C\u00f3digo Rosa, em que uma equipe de especialistas, como obstetras, pediatras e anestesistas, \u00e9 acionada. O parto nestes casos, como mostra o anu\u00e1rio, ocorre numa m\u00e9dia de 11 minutos ap\u00f3s o acionamento do protocolo, superando a meta interna, que \u00e9 de 15 minutos. Em 96,7% dos casos do C\u00f3digo Rosa, as crian\u00e7as nascem saud\u00e1veis e sem complica\u00e7\u00f5es. Essa equipe \u00e9 constantemente capacitada e monitorada para garantir a qualidade e seguran\u00e7a do cuidado materno-infantil.<\/p>\n<p>A Mater Dei tem nove hospitais em quatro estados do Brasil: Bahia, Minas Gerais, Par\u00e1 e Goi\u00e1s, todos com maternidades. A estrutura de obstetr\u00edcia da rede tem 25 salas de parto e 20 de PPP (pr\u00e9-parto, parto e p\u00f3s-parto).<\/p>\n<p>EXCEL\u00caNCIA<\/p>\n<p>Os dados do Anu\u00e1rio de Excel\u00eancia Cl\u00ednica foram auditados pela Funda\u00e7\u00e3o Educacional Lucas Machado (Feluma), institui\u00e7\u00e3o filantr\u00f3pica que oferece atividades educacionais e assist\u00eancia \u00e0 sa\u00fade da popula\u00e7\u00e3o. \u201cEsses indicadores de performance assistencial e cl\u00ednica, pela primeira vez num anu\u00e1rio desse tipo, foram certificados por um ente externo. Esse \u00e9 um grande ganho para a gente\u201d, destaca Felipe Salvador Lig\u00f3rio, vice-presidente Assistencial da Rede Mater Dei.<\/p>\n<p>\u201cEsse \u00e9 um anu\u00e1rio inovador, e tem chance de mudar o nosso sistema de sa\u00fade. A gente est\u00e1 dando transpar\u00eancia ao mercado, mostrando dados de frentes que s\u00e3o relevantes nas nossas atua\u00e7\u00f5es assistencial e cl\u00ednica. Com isso, tanto o paciente como qualquer outro stakeholder conseguem entender com clareza como \u00e9 que a gente est\u00e1 performando em itens importantes da qualidade assistencial e do produto que a gente entrega\u201d, completa.<\/p>\n<p>Al\u00e9m dos \u00edndices, o anu\u00e1rio conta a hist\u00f3ria de excel\u00eancia cl\u00ednica da empresa e o quanto ela conseguiu evoluir. O Programa de Governan\u00e7a Cl\u00ednica da Rede Mater Dei de Sa\u00fade \u00e9 pioneiro no Brasil, e \u00e9 eficiente porque trouxe, pela primeira vez, a figura do m\u00e9dico para a gest\u00e3o. Implantado em 2003, o modelo conquistou no ano seguinte a primeira acredita\u00e7\u00e3o hospitalar ONA3, j\u00e1 com n\u00edvel de excel\u00eancia.<\/p>\n<p>Segundo Felipe Salvador Lig\u00f3rio, esse programa visa nada mais do que garantir o que os pacientes esperam da Mater Dei: \u201cMais importante do que ter uma hotelaria bonita, do que hospitais bem constru\u00eddos, \u00e9 ter garantia de que a gente est\u00e1 entregando a melhor sa\u00fade para quem nos procura. Ou seja, de que a gente utiliza os melhores processos para atender bem, de que a gente est\u00e1 alinhado com os m\u00e9dicos que atuam no hospital em termos de protocolos, em termos de medicina baseada em evid\u00eancia, entre outros\u201d, explica.<\/p>\n<p>\u201cEnt\u00e3o, excel\u00eancia cl\u00ednica, na verdade, \u00e9 concatenar as diversas pontas relacionadas ao atendimento m\u00e9dico, entregar o melhor cuidado aos nossos pacientes e conseguir medir os indicadores de performance \u2013 auditados -, que nos mostram se o caminho est\u00e1 adequado ou n\u00e3o. Esses indicadores, que s\u00e3o no final do dia o resultado da excel\u00eancia cl\u00ednica, precisam estar em conson\u00e2ncia com indicadores reconhecidos no mundo. E, no anu\u00e1rio, a gente compara com os melhores centros\u201d, complementa.<\/p>\n<p>Foto: Divulga\u00e7\u00e3o<br \/>\nAratu On<\/p>\n","protected":false},"excerpt":{"rendered":"<p>A Taxa de aleitamento materno na primeira hora de vida do beb\u00ea foi quase 40% superior \u00e0 refer\u00eancia nacional A<\/p>\n","protected":false},"author":4,"featured_media":10964,"comment_status":"open","ping_status":"open","sticky":false,"template":"","format":"standard","meta":{"colormag_page_container_layout":"default_layout","colormag_page_sidebar_layout":"default_layout","_FSMCFIC_featured_image_caption":"","_FSMCFIC_featured_image_nocaption":"","_FSMCFIC_featured_image_hide":"","footnotes":""},"categories":[2,1],"tags":[],"class_list":["post-10963","post","type-post","status-publish","format-standard","has-post-thumbnail","hentry","category-noticias","category-ultimas"],"yoast_head":"<!-- This site is optimized with the Yoast SEO plugin v27.1.1 - https:\/\/yoast.com\/product\/yoast-seo-wordpress\/ -->\n<title>Mater Dei apresenta Anu\u00e1rio de Excel\u00eancia Cl\u00ednica 2023 com destaque para taxas de aleitamento materno e partos naturais - Brasil not\u00edcias<\/title>\n<meta name=\"robots\" content=\"index, follow, max-snippet:-1, max-image-preview:large, max-video-preview:-1\" \/>\n<link rel=\"canonical\" href=\"https:\/\/brasilnoticias.org\/site\/mater-dei-apresenta-anuario-de-excelencia-clinica-2023-com-destaque-para-taxas-de-aleitamento-materno-e-partos-naturais\/\" \/>\n<meta property=\"og:locale\" content=\"pt_PT\" \/>\n<meta property=\"og:type\" content=\"article\" \/>\n<meta property=\"og:title\" content=\"Mater Dei apresenta Anu\u00e1rio de Excel\u00eancia Cl\u00ednica 2023 com destaque para taxas de aleitamento materno e partos naturais - Brasil not\u00edcias\" \/>\n<meta property=\"og:description\" content=\"A Taxa de aleitamento materno na primeira hora de vida do beb\u00ea foi quase 40% superior \u00e0 refer\u00eancia nacional A\" \/>\n<meta property=\"og:url\" content=\"https:\/\/brasilnoticias.org\/site\/mater-dei-apresenta-anuario-de-excelencia-clinica-2023-com-destaque-para-taxas-de-aleitamento-materno-e-partos-naturais\/\" \/>\n<meta property=\"og:site_name\" content=\"Brasil not\u00edcias\" \/>\n<meta property=\"article:published_time\" content=\"2023-11-16T02:17:20+00:00\" \/>\n<meta property=\"og:image\" content=\"https:\/\/brasilnoticias.org\/site\/wp-content\/uploads\/2023\/11\/WhatsApp-Image-2023-11-15-at-17.13.52-740x470-1.jpeg\" \/>\n\t<meta property=\"og:image:width\" content=\"740\" \/>\n\t<meta property=\"og:image:height\" content=\"470\" \/>\n\t<meta property=\"og:image:type\" content=\"image\/jpeg\" \/>\n<meta name=\"author\" content=\"Reda\u00e7\u00e3o\" \/>\n<meta name=\"twitter:card\" content=\"summary_large_image\" \/>\n<meta name=\"twitter:label1\" content=\"Escrito por\" \/>\n\t<meta name=\"twitter:data1\" content=\"Reda\u00e7\u00e3o\" \/>\n<script type=\"application\/ld+json\" class=\"yoast-schema-graph\">{\"@context\":\"https:\/\/schema.org\",\"@graph\":[{\"@type\":\"Article\",\"@id\":\"https:\/\/brasilnoticias.org\/site\/mater-dei-apresenta-anuario-de-excelencia-clinica-2023-com-destaque-para-taxas-de-aleitamento-materno-e-partos-naturais\/#article\",\"isPartOf\":{\"@id\":\"https:\/\/brasilnoticias.org\/site\/mater-dei-apresenta-anuario-de-excelencia-clinica-2023-com-destaque-para-taxas-de-aleitamento-materno-e-partos-naturais\/\"},\"author\":{\"name\":\"Reda\u00e7\u00e3o\",\"@id\":\"https:\/\/brasilnoticias.org\/site\/#\/schema\/person\/03bbbfe6c7634ad18c26444ea39049fa\"},\"headline\":\"Mater Dei apresenta Anu\u00e1rio de Excel\u00eancia Cl\u00ednica 2023 com destaque para taxas de aleitamento materno e partos naturais\",\"datePublished\":\"2023-11-16T02:17:20+00:00\",\"mainEntityOfPage\":{\"@id\":\"https:\/\/brasilnoticias.org\/site\/mater-dei-apresenta-anuario-de-excelencia-clinica-2023-com-destaque-para-taxas-de-aleitamento-materno-e-partos-naturais\/\"},\"wordCount\":955,\"commentCount\":0,\"publisher\":{\"@id\":\"https:\/\/brasilnoticias.org\/site\/#organization\"},\"image\":{\"@id\":\"https:\/\/brasilnoticias.org\/site\/mater-dei-apresenta-anuario-de-excelencia-clinica-2023-com-destaque-para-taxas-de-aleitamento-materno-e-partos-naturais\/#primaryimage\"},\"thumbnailUrl\":\"https:\/\/brasilnoticias.org\/site\/wp-content\/uploads\/2023\/11\/WhatsApp-Image-2023-11-15-at-17.13.52-740x470-1.jpeg\",\"articleSection\":[\"Not\u00edcias\",\"\u00daltimas\"],\"inLanguage\":\"pt-PT\",\"potentialAction\":[{\"@type\":\"CommentAction\",\"name\":\"Comment\",\"target\":[\"https:\/\/brasilnoticias.org\/site\/mater-dei-apresenta-anuario-de-excelencia-clinica-2023-com-destaque-para-taxas-de-aleitamento-materno-e-partos-naturais\/#respond\"]}]},{\"@type\":\"WebPage\",\"@id\":\"https:\/\/brasilnoticias.org\/site\/mater-dei-apresenta-anuario-de-excelencia-clinica-2023-com-destaque-para-taxas-de-aleitamento-materno-e-partos-naturais\/\",\"url\":\"https:\/\/brasilnoticias.org\/site\/mater-dei-apresenta-anuario-de-excelencia-clinica-2023-com-destaque-para-taxas-de-aleitamento-materno-e-partos-naturais\/\",\"name\":\"Mater Dei apresenta Anu\u00e1rio de Excel\u00eancia Cl\u00ednica 2023 com destaque para taxas de aleitamento materno e partos naturais - Brasil not\u00edcias\",\"isPartOf\":{\"@id\":\"https:\/\/brasilnoticias.org\/site\/#website\"},\"primaryImageOfPage\":{\"@id\":\"https:\/\/brasilnoticias.org\/site\/mater-dei-apresenta-anuario-de-excelencia-clinica-2023-com-destaque-para-taxas-de-aleitamento-materno-e-partos-naturais\/#primaryimage\"},\"image\":{\"@id\":\"https:\/\/brasilnoticias.org\/site\/mater-dei-apresenta-anuario-de-excelencia-clinica-2023-com-destaque-para-taxas-de-aleitamento-materno-e-partos-naturais\/#primaryimage\"},\"thumbnailUrl\":\"https:\/\/brasilnoticias.org\/site\/wp-content\/uploads\/2023\/11\/WhatsApp-Image-2023-11-15-at-17.13.52-740x470-1.jpeg\",\"datePublished\":\"2023-11-16T02:17:20+00:00\",\"breadcrumb\":{\"@id\":\"https:\/\/brasilnoticias.org\/site\/mater-dei-apresenta-anuario-de-excelencia-clinica-2023-com-destaque-para-taxas-de-aleitamento-materno-e-partos-naturais\/#breadcrumb\"},\"inLanguage\":\"pt-PT\",\"potentialAction\":[{\"@type\":\"ReadAction\",\"target\":[\"https:\/\/brasilnoticias.org\/site\/mater-dei-apresenta-anuario-de-excelencia-clinica-2023-com-destaque-para-taxas-de-aleitamento-materno-e-partos-naturais\/\"]}]},{\"@type\":\"ImageObject\",\"inLanguage\":\"pt-PT\",\"@id\":\"https:\/\/brasilnoticias.org\/site\/mater-dei-apresenta-anuario-de-excelencia-clinica-2023-com-destaque-para-taxas-de-aleitamento-materno-e-partos-naturais\/#primaryimage\",\"url\":\"https:\/\/brasilnoticias.org\/site\/wp-content\/uploads\/2023\/11\/WhatsApp-Image-2023-11-15-at-17.13.52-740x470-1.jpeg\",\"contentUrl\":\"https:\/\/brasilnoticias.org\/site\/wp-content\/uploads\/2023\/11\/WhatsApp-Image-2023-11-15-at-17.13.52-740x470-1.jpeg\",\"width\":740,\"height\":470},{\"@type\":\"BreadcrumbList\",\"@id\":\"https:\/\/brasilnoticias.org\/site\/mater-dei-apresenta-anuario-de-excelencia-clinica-2023-com-destaque-para-taxas-de-aleitamento-materno-e-partos-naturais\/#breadcrumb\",\"itemListElement\":[{\"@type\":\"ListItem\",\"position\":1,\"name\":\"In\u00edcio\",\"item\":\"https:\/\/brasilnoticias.org\/site\/\"},{\"@type\":\"ListItem\",\"position\":2,\"name\":\"Mater Dei apresenta Anu\u00e1rio de Excel\u00eancia Cl\u00ednica 2023 com destaque para taxas de aleitamento materno e partos naturais\"}]},{\"@type\":\"WebSite\",\"@id\":\"https:\/\/brasilnoticias.org\/site\/#website\",\"url\":\"https:\/\/brasilnoticias.org\/site\/\",\"name\":\"Brasil not\u00edcias\",\"description\":\"Brasil not\u00edcias\",\"publisher\":{\"@id\":\"https:\/\/brasilnoticias.org\/site\/#organization\"},\"potentialAction\":[{\"@type\":\"SearchAction\",\"target\":{\"@type\":\"EntryPoint\",\"urlTemplate\":\"https:\/\/brasilnoticias.org\/site\/?s={search_term_string}\"},\"query-input\":{\"@type\":\"PropertyValueSpecification\",\"valueRequired\":true,\"valueName\":\"search_term_string\"}}],\"inLanguage\":\"pt-PT\"},{\"@type\":\"Organization\",\"@id\":\"https:\/\/brasilnoticias.org\/site\/#organization\",\"name\":\"Brasil not\u00edcias\",\"url\":\"https:\/\/brasilnoticias.org\/site\/\",\"logo\":{\"@type\":\"ImageObject\",\"inLanguage\":\"pt-PT\",\"@id\":\"https:\/\/brasilnoticias.org\/site\/#\/schema\/logo\/image\/\",\"url\":\"https:\/\/brasilnoticias.org\/site\/wp-content\/uploads\/2022\/05\/cropped-brasilnoticias-mini.jpg\",\"contentUrl\":\"https:\/\/brasilnoticias.org\/site\/wp-content\/uploads\/2022\/05\/cropped-brasilnoticias-mini.jpg\",\"width\":314,\"height\":86,\"caption\":\"Brasil not\u00edcias\"},\"image\":{\"@id\":\"https:\/\/brasilnoticias.org\/site\/#\/schema\/logo\/image\/\"}},{\"@type\":\"Person\",\"@id\":\"https:\/\/brasilnoticias.org\/site\/#\/schema\/person\/03bbbfe6c7634ad18c26444ea39049fa\",\"name\":\"Reda\u00e7\u00e3o\",\"image\":{\"@type\":\"ImageObject\",\"inLanguage\":\"pt-PT\",\"@id\":\"https:\/\/brasilnoticias.org\/site\/#\/schema\/person\/image\/\",\"url\":\"https:\/\/secure.gravatar.com\/avatar\/9ecaf7327a696cb23ad926fedded5f1f04d7049de9e445375d55b48c001a6e42?s=96&d=mm&r=g\",\"contentUrl\":\"https:\/\/secure.gravatar.com\/avatar\/9ecaf7327a696cb23ad926fedded5f1f04d7049de9e445375d55b48c001a6e42?s=96&d=mm&r=g\",\"caption\":\"Reda\u00e7\u00e3o\"},\"url\":\"https:\/\/brasilnoticias.org\/site\/author\/henrique\/\"}]}<\/script>\n<!-- \/ Yoast SEO plugin. -->","yoast_head_json":{"title":"Mater Dei apresenta Anu\u00e1rio de Excel\u00eancia Cl\u00ednica 2023 com destaque para taxas de aleitamento materno e partos naturais - Brasil not\u00edcias","robots":{"index":"index","follow":"follow","max-snippet":"max-snippet:-1","max-image-preview":"max-image-preview:large","max-video-preview":"max-video-preview:-1"},"canonical":"https:\/\/brasilnoticias.org\/site\/mater-dei-apresenta-anuario-de-excelencia-clinica-2023-com-destaque-para-taxas-de-aleitamento-materno-e-partos-naturais\/","og_locale":"pt_PT","og_type":"article","og_title":"Mater Dei apresenta Anu\u00e1rio de Excel\u00eancia Cl\u00ednica 2023 com destaque para taxas de aleitamento materno e partos naturais - Brasil not\u00edcias","og_description":"A Taxa de aleitamento materno na primeira hora de vida do beb\u00ea foi quase 40% superior \u00e0 refer\u00eancia nacional A","og_url":"https:\/\/brasilnoticias.org\/site\/mater-dei-apresenta-anuario-de-excelencia-clinica-2023-com-destaque-para-taxas-de-aleitamento-materno-e-partos-naturais\/","og_site_name":"Brasil not\u00edcias","article_published_time":"2023-11-16T02:17:20+00:00","og_image":[{"width":740,"height":470,"url":"https:\/\/brasilnoticias.org\/site\/wp-content\/uploads\/2023\/11\/WhatsApp-Image-2023-11-15-at-17.13.52-740x470-1.jpeg","type":"image\/jpeg"}],"author":"Reda\u00e7\u00e3o","twitter_card":"summary_large_image","twitter_misc":{"Escrito por":"Reda\u00e7\u00e3o"},"schema":{"@context":"https:\/\/schema.org","@graph":[{"@type":"Article","@id":"https:\/\/brasilnoticias.org\/site\/mater-dei-apresenta-anuario-de-excelencia-clinica-2023-com-destaque-para-taxas-de-aleitamento-materno-e-partos-naturais\/#article","isPartOf":{"@id":"https:\/\/brasilnoticias.org\/site\/mater-dei-apresenta-anuario-de-excelencia-clinica-2023-com-destaque-para-taxas-de-aleitamento-materno-e-partos-naturais\/"},"author":{"name":"Reda\u00e7\u00e3o","@id":"https:\/\/brasilnoticias.org\/site\/#\/schema\/person\/03bbbfe6c7634ad18c26444ea39049fa"},"headline":"Mater Dei apresenta Anu\u00e1rio de Excel\u00eancia Cl\u00ednica 2023 com destaque para taxas de aleitamento materno e partos naturais","datePublished":"2023-11-16T02:17:20+00:00","mainEntityOfPage":{"@id":"https:\/\/brasilnoticias.org\/site\/mater-dei-apresenta-anuario-de-excelencia-clinica-2023-com-destaque-para-taxas-de-aleitamento-materno-e-partos-naturais\/"},"wordCount":955,"commentCount":0,"publisher":{"@id":"https:\/\/brasilnoticias.org\/site\/#organization"},"image":{"@id":"https:\/\/brasilnoticias.org\/site\/mater-dei-apresenta-anuario-de-excelencia-clinica-2023-com-destaque-para-taxas-de-aleitamento-materno-e-partos-naturais\/#primaryimage"},"thumbnailUrl":"https:\/\/brasilnoticias.org\/site\/wp-content\/uploads\/2023\/11\/WhatsApp-Image-2023-11-15-at-17.13.52-740x470-1.jpeg","articleSection":["Not\u00edcias","\u00daltimas"],"inLanguage":"pt-PT","potentialAction":[{"@type":"CommentAction","name":"Comment","target":["https:\/\/brasilnoticias.org\/site\/mater-dei-apresenta-anuario-de-excelencia-clinica-2023-com-destaque-para-taxas-de-aleitamento-materno-e-partos-naturais\/#respond"]}]},{"@type":"WebPage","@id":"https:\/\/brasilnoticias.org\/site\/mater-dei-apresenta-anuario-de-excelencia-clinica-2023-com-destaque-para-taxas-de-aleitamento-materno-e-partos-naturais\/","url":"https:\/\/brasilnoticias.org\/site\/mater-dei-apresenta-anuario-de-excelencia-clinica-2023-com-destaque-para-taxas-de-aleitamento-materno-e-partos-naturais\/","name":"Mater Dei apresenta Anu\u00e1rio de Excel\u00eancia Cl\u00ednica 2023 com destaque para taxas de aleitamento materno e partos naturais - Brasil not\u00edcias","isPartOf":{"@id":"https:\/\/brasilnoticias.org\/site\/#website"},"primaryImageOfPage":{"@id":"https:\/\/brasilnoticias.org\/site\/mater-dei-apresenta-anuario-de-excelencia-clinica-2023-com-destaque-para-taxas-de-aleitamento-materno-e-partos-naturais\/#primaryimage"},"image":{"@id":"https:\/\/brasilnoticias.org\/site\/mater-dei-apresenta-anuario-de-excelencia-clinica-2023-com-destaque-para-taxas-de-aleitamento-materno-e-partos-naturais\/#primaryimage"},"thumbnailUrl":"https:\/\/brasilnoticias.org\/site\/wp-content\/uploads\/2023\/11\/WhatsApp-Image-2023-11-15-at-17.13.52-740x470-1.jpeg","datePublished":"2023-11-16T02:17:20+00:00","breadcrumb":{"@id":"https:\/\/brasilnoticias.org\/site\/mater-dei-apresenta-anuario-de-excelencia-clinica-2023-com-destaque-para-taxas-de-aleitamento-materno-e-partos-naturais\/#breadcrumb"},"inLanguage":"pt-PT","potentialAction":[{"@type":"ReadAction","target":["https:\/\/brasilnoticias.org\/site\/mater-dei-apresenta-anuario-de-excelencia-clinica-2023-com-destaque-para-taxas-de-aleitamento-materno-e-partos-naturais\/"]}]},{"@type":"ImageObject","inLanguage":"pt-PT","@id":"https:\/\/brasilnoticias.org\/site\/mater-dei-apresenta-anuario-de-excelencia-clinica-2023-com-destaque-para-taxas-de-aleitamento-materno-e-partos-naturais\/#primaryimage","url":"https:\/\/brasilnoticias.org\/site\/wp-content\/uploads\/2023\/11\/WhatsApp-Image-2023-11-15-at-17.13.52-740x470-1.jpeg","contentUrl":"https:\/\/brasilnoticias.org\/site\/wp-content\/uploads\/2023\/11\/WhatsApp-Image-2023-11-15-at-17.13.52-740x470-1.jpeg","width":740,"height":470},{"@type":"BreadcrumbList","@id":"https:\/\/brasilnoticias.org\/site\/mater-dei-apresenta-anuario-de-excelencia-clinica-2023-com-destaque-para-taxas-de-aleitamento-materno-e-partos-naturais\/#breadcrumb","itemListElement":[{"@type":"ListItem","position":1,"name":"In\u00edcio","item":"https:\/\/brasilnoticias.org\/site\/"},{"@type":"ListItem","position":2,"name":"Mater Dei apresenta Anu\u00e1rio de Excel\u00eancia Cl\u00ednica 2023 com destaque para taxas de aleitamento materno e partos naturais"}]},{"@type":"WebSite","@id":"https:\/\/brasilnoticias.org\/site\/#website","url":"https:\/\/brasilnoticias.org\/site\/","name":"Brasil not\u00edcias","description":"Brasil not\u00edcias","publisher":{"@id":"https:\/\/brasilnoticias.org\/site\/#organization"},"potentialAction":[{"@type":"SearchAction","target":{"@type":"EntryPoint","urlTemplate":"https:\/\/brasilnoticias.org\/site\/?s={search_term_string}"},"query-input":{"@type":"PropertyValueSpecification","valueRequired":true,"valueName":"search_term_string"}}],"inLanguage":"pt-PT"},{"@type":"Organization","@id":"https:\/\/brasilnoticias.org\/site\/#organization","name":"Brasil not\u00edcias","url":"https:\/\/brasilnoticias.org\/site\/","logo":{"@type":"ImageObject","inLanguage":"pt-PT","@id":"https:\/\/brasilnoticias.org\/site\/#\/schema\/logo\/image\/","url":"https:\/\/brasilnoticias.org\/site\/wp-content\/uploads\/2022\/05\/cropped-brasilnoticias-mini.jpg","contentUrl":"https:\/\/brasilnoticias.org\/site\/wp-content\/uploads\/2022\/05\/cropped-brasilnoticias-mini.jpg","width":314,"height":86,"caption":"Brasil not\u00edcias"},"image":{"@id":"https:\/\/brasilnoticias.org\/site\/#\/schema\/logo\/image\/"}},{"@type":"Person","@id":"https:\/\/brasilnoticias.org\/site\/#\/schema\/person\/03bbbfe6c7634ad18c26444ea39049fa","name":"Reda\u00e7\u00e3o","image":{"@type":"ImageObject","inLanguage":"pt-PT","@id":"https:\/\/brasilnoticias.org\/site\/#\/schema\/person\/image\/","url":"https:\/\/secure.gravatar.com\/avatar\/9ecaf7327a696cb23ad926fedded5f1f04d7049de9e445375d55b48c001a6e42?s=96&d=mm&r=g","contentUrl":"https:\/\/secure.gravatar.com\/avatar\/9ecaf7327a696cb23ad926fedded5f1f04d7049de9e445375d55b48c001a6e42?s=96&d=mm&r=g","caption":"Reda\u00e7\u00e3o"},"url":"https:\/\/brasilnoticias.org\/site\/author\/henrique\/"}]}},"_links":{"self":[{"href":"https:\/\/brasilnoticias.org\/site\/wp-json\/wp\/v2\/posts\/10963","targetHints":{"allow":["GET"]}}],"collection":[{"href":"https:\/\/brasilnoticias.org\/site\/wp-json\/wp\/v2\/posts"}],"about":[{"href":"https:\/\/brasilnoticias.org\/site\/wp-json\/wp\/v2\/types\/post"}],"author":[{"embeddable":true,"href":"https:\/\/brasilnoticias.org\/site\/wp-json\/wp\/v2\/users\/4"}],"replies":[{"embeddable":true,"href":"https:\/\/brasilnoticias.org\/site\/wp-json\/wp\/v2\/comments?post=10963"}],"version-history":[{"count":1,"href":"https:\/\/brasilnoticias.org\/site\/wp-json\/wp\/v2\/posts\/10963\/revisions"}],"predecessor-version":[{"id":10965,"href":"https:\/\/brasilnoticias.org\/site\/wp-json\/wp\/v2\/posts\/10963\/revisions\/10965"}],"wp:featuredmedia":[{"embeddable":true,"href":"https:\/\/brasilnoticias.org\/site\/wp-json\/wp\/v2\/media\/10964"}],"wp:attachment":[{"href":"https:\/\/brasilnoticias.org\/site\/wp-json\/wp\/v2\/media?parent=10963"}],"wp:term":[{"taxonomy":"category","embeddable":true,"href":"https:\/\/brasilnoticias.org\/site\/wp-json\/wp\/v2\/categories?post=10963"},{"taxonomy":"post_tag","embeddable":true,"href":"https:\/\/brasilnoticias.org\/site\/wp-json\/wp\/v2\/tags?post=10963"}],"curies":[{"name":"wp","href":"https:\/\/api.w.org\/{rel}","templated":true}]}}