{"id":10966,"date":"2023-11-15T23:18:13","date_gmt":"2023-11-16T02:18:13","guid":{"rendered":"https:\/\/brasilnoticias.org\/site\/?p=10966"},"modified":"2023-11-15T23:18:13","modified_gmt":"2023-11-16T02:18:13","slug":"projeto-de-lei-que-institui-politica-nacional-de-protecao-aos-orfaos-de-feminicidio-e-enviado-a-camara","status":"publish","type":"post","link":"https:\/\/brasilnoticias.org\/site\/projeto-de-lei-que-institui-politica-nacional-de-protecao-aos-orfaos-de-feminicidio-e-enviado-a-camara\/","title":{"rendered":"Projeto de lei que institui Pol\u00edtica Nacional de Prote\u00e7\u00e3o aos \u00d3rf\u00e3os de Feminic\u00eddio \u00e9 enviado \u00e0 C\u00e2mara"},"content":{"rendered":"<p>Proposta prev\u00ea que o Poder Judici\u00e1rio, Minist\u00e9rio P\u00fablico, Defensoria P\u00fablica, Conselhos Tutelares e outros \u00f3rg\u00e3os trabalhem em conjunto para alcan\u00e7ar os objetivos da lei<\/p>\n<p>O projeto de lei (PL) que prev\u00ea prote\u00e7\u00e3o e atendimentos multissetoriais para crian\u00e7as e adolescentes, cujas m\u00e3es ou respons\u00e1veis legais tenham sido v\u00edtimas de feminic\u00eddio, segue para tramita\u00e7\u00e3o na C\u00e2mara dos Deputados.<\/p>\n<p>O PL que cria a Pol\u00edtica Nacional de Prote\u00e7\u00e3o e Aten\u00e7\u00e3o Integral aos \u00d3rf\u00e3os e \u00d3rf\u00e3s de Feminic\u00eddio, foi aprovado na \u00faltima semana em turno suplementar pela Comiss\u00e3o de Direitos Humanos (CDH) do Senado Federal. A aprova\u00e7\u00e3o foi divulgada nesta ter\u00e7a-feira (14) pelo Senado Not\u00edcias.<\/p>\n<p>A proposta prev\u00ea que o Poder Judici\u00e1rio, Minist\u00e9rio P\u00fablico, Defensoria P\u00fablica, Conselhos Tutelares e outros \u00f3rg\u00e3os trabalhem em conjunto para alcan\u00e7ar os objetivos da lei. Um \u00f3rg\u00e3o ser\u00e1 designado para coordenar a integra\u00e7\u00e3o, al\u00e9m de monitorar e avaliar a pol\u00edtica p\u00fablica.<\/p>\n<p>Em outubro deste ano, o presidente Luiz In\u00e1cio Lula da Silva (PT) sancionou a lei que prev\u00ea pens\u00e3o para filhos de v\u00edtimas de feminic\u00eddio. O benef\u00edcio, no valor de um sal\u00e1rio m\u00ednimo, ser\u00e1 destinado a menores de 18 anos de fam\u00edlia de baixa renda. O valor ser\u00e1 distribu\u00eddo entre os filhos e dependentes da v\u00edtima.<\/p>\n<p>Foto: Depositphotos<br \/>\nPor: Metro1<\/p>\n","protected":false},"excerpt":{"rendered":"<p>Proposta prev\u00ea que o Poder Judici\u00e1rio, Minist\u00e9rio P\u00fablico, Defensoria P\u00fablica, Conselhos Tutelares e outros \u00f3rg\u00e3os trabalhem em conjunto para alcan\u00e7ar<\/p>\n","protected":false},"author":4,"featured_media":10967,"comment_status":"open","ping_status":"open","sticky":false,"template":"","format":"standard","meta":{"colormag_page_container_layout":"default_layout","colormag_page_sidebar_layout":"default_layout","_FSMCFIC_featured_image_caption":"","_FSMCFIC_featured_image_nocaption":"","_FSMCFIC_featured_image_hide":"","footnotes":""},"categories":[5,1],"tags":[],"class_list":["post-10966","post","type-post","status-publish","format-standard","has-post-thumbnail","hentry","category-politica","category-ultimas"],"yoast_head":"<!-- This site is optimized with the Yoast SEO plugin v27.1.1 - https:\/\/yoast.com\/product\/yoast-seo-wordpress\/ -->\n<title>Projeto de lei que institui Pol\u00edtica Nacional de Prote\u00e7\u00e3o aos \u00d3rf\u00e3os de Feminic\u00eddio \u00e9 enviado \u00e0 C\u00e2mara - Brasil not\u00edcias<\/title>\n<meta name=\"robots\" content=\"index, follow, max-snippet:-1, max-image-preview:large, max-video-preview:-1\" \/>\n<link rel=\"canonical\" href=\"https:\/\/brasilnoticias.org\/site\/projeto-de-lei-que-institui-politica-nacional-de-protecao-aos-orfaos-de-feminicidio-e-enviado-a-camara\/\" \/>\n<meta property=\"og:locale\" content=\"pt_PT\" \/>\n<meta property=\"og:type\" content=\"article\" \/>\n<meta property=\"og:title\" content=\"Projeto de lei que institui Pol\u00edtica Nacional de Prote\u00e7\u00e3o aos \u00d3rf\u00e3os de Feminic\u00eddio \u00e9 enviado \u00e0 C\u00e2mara - Brasil not\u00edcias\" \/>\n<meta property=\"og:description\" content=\"Proposta prev\u00ea que o Poder Judici\u00e1rio, Minist\u00e9rio P\u00fablico, Defensoria P\u00fablica, Conselhos Tutelares e outros \u00f3rg\u00e3os trabalhem em conjunto para alcan\u00e7ar\" \/>\n<meta property=\"og:url\" content=\"https:\/\/brasilnoticias.org\/site\/projeto-de-lei-que-institui-politica-nacional-de-protecao-aos-orfaos-de-feminicidio-e-enviado-a-camara\/\" \/>\n<meta property=\"og:site_name\" content=\"Brasil not\u00edcias\" \/>\n<meta property=\"article:published_time\" content=\"2023-11-16T02:18:13+00:00\" \/>\n<meta property=\"og:image\" content=\"https:\/\/brasilnoticias.org\/site\/wp-content\/uploads\/2023\/11\/143190projeto-de-lei-que-institui-politica-nacional-de-protecao-aos-orfaos-de-feminicidio-e-enviado-a-camara-3.jpg\" \/>\n\t<meta property=\"og:image:width\" content=\"1600\" \/>\n\t<meta property=\"og:image:height\" content=\"752\" \/>\n\t<meta property=\"og:image:type\" content=\"image\/jpeg\" \/>\n<meta name=\"author\" content=\"Reda\u00e7\u00e3o\" \/>\n<meta name=\"twitter:card\" content=\"summary_large_image\" \/>\n<meta name=\"twitter:label1\" content=\"Escrito por\" \/>\n\t<meta name=\"twitter:data1\" content=\"Reda\u00e7\u00e3o\" \/>\n<script type=\"application\/ld+json\" class=\"yoast-schema-graph\">{\"@context\":\"https:\/\/schema.org\",\"@graph\":[{\"@type\":\"Article\",\"@id\":\"https:\/\/brasilnoticias.org\/site\/projeto-de-lei-que-institui-politica-nacional-de-protecao-aos-orfaos-de-feminicidio-e-enviado-a-camara\/#article\",\"isPartOf\":{\"@id\":\"https:\/\/brasilnoticias.org\/site\/projeto-de-lei-que-institui-politica-nacional-de-protecao-aos-orfaos-de-feminicidio-e-enviado-a-camara\/\"},\"author\":{\"name\":\"Reda\u00e7\u00e3o\",\"@id\":\"https:\/\/brasilnoticias.org\/site\/#\/schema\/person\/03bbbfe6c7634ad18c26444ea39049fa\"},\"headline\":\"Projeto de lei que institui Pol\u00edtica Nacional de Prote\u00e7\u00e3o aos \u00d3rf\u00e3os de Feminic\u00eddio \u00e9 enviado \u00e0 C\u00e2mara\",\"datePublished\":\"2023-11-16T02:18:13+00:00\",\"mainEntityOfPage\":{\"@id\":\"https:\/\/brasilnoticias.org\/site\/projeto-de-lei-que-institui-politica-nacional-de-protecao-aos-orfaos-de-feminicidio-e-enviado-a-camara\/\"},\"wordCount\":264,\"commentCount\":0,\"publisher\":{\"@id\":\"https:\/\/brasilnoticias.org\/site\/#organization\"},\"image\":{\"@id\":\"https:\/\/brasilnoticias.org\/site\/projeto-de-lei-que-institui-politica-nacional-de-protecao-aos-orfaos-de-feminicidio-e-enviado-a-camara\/#primaryimage\"},\"thumbnailUrl\":\"https:\/\/brasilnoticias.org\/site\/wp-content\/uploads\/2023\/11\/143190projeto-de-lei-que-institui-politica-nacional-de-protecao-aos-orfaos-de-feminicidio-e-enviado-a-camara-3.jpg\",\"articleSection\":[\"Pol\u00edtica\",\"\u00daltimas\"],\"inLanguage\":\"pt-PT\",\"potentialAction\":[{\"@type\":\"CommentAction\",\"name\":\"Comment\",\"target\":[\"https:\/\/brasilnoticias.org\/site\/projeto-de-lei-que-institui-politica-nacional-de-protecao-aos-orfaos-de-feminicidio-e-enviado-a-camara\/#respond\"]}]},{\"@type\":\"WebPage\",\"@id\":\"https:\/\/brasilnoticias.org\/site\/projeto-de-lei-que-institui-politica-nacional-de-protecao-aos-orfaos-de-feminicidio-e-enviado-a-camara\/\",\"url\":\"https:\/\/brasilnoticias.org\/site\/projeto-de-lei-que-institui-politica-nacional-de-protecao-aos-orfaos-de-feminicidio-e-enviado-a-camara\/\",\"name\":\"Projeto de lei que institui Pol\u00edtica Nacional de Prote\u00e7\u00e3o aos \u00d3rf\u00e3os de Feminic\u00eddio \u00e9 enviado \u00e0 C\u00e2mara - Brasil not\u00edcias\",\"isPartOf\":{\"@id\":\"https:\/\/brasilnoticias.org\/site\/#website\"},\"primaryImageOfPage\":{\"@id\":\"https:\/\/brasilnoticias.org\/site\/projeto-de-lei-que-institui-politica-nacional-de-protecao-aos-orfaos-de-feminicidio-e-enviado-a-camara\/#primaryimage\"},\"image\":{\"@id\":\"https:\/\/brasilnoticias.org\/site\/projeto-de-lei-que-institui-politica-nacional-de-protecao-aos-orfaos-de-feminicidio-e-enviado-a-camara\/#primaryimage\"},\"thumbnailUrl\":\"https:\/\/brasilnoticias.org\/site\/wp-content\/uploads\/2023\/11\/143190projeto-de-lei-que-institui-politica-nacional-de-protecao-aos-orfaos-de-feminicidio-e-enviado-a-camara-3.jpg\",\"datePublished\":\"2023-11-16T02:18:13+00:00\",\"breadcrumb\":{\"@id\":\"https:\/\/brasilnoticias.org\/site\/projeto-de-lei-que-institui-politica-nacional-de-protecao-aos-orfaos-de-feminicidio-e-enviado-a-camara\/#breadcrumb\"},\"inLanguage\":\"pt-PT\",\"potentialAction\":[{\"@type\":\"ReadAction\",\"target\":[\"https:\/\/brasilnoticias.org\/site\/projeto-de-lei-que-institui-politica-nacional-de-protecao-aos-orfaos-de-feminicidio-e-enviado-a-camara\/\"]}]},{\"@type\":\"ImageObject\",\"inLanguage\":\"pt-PT\",\"@id\":\"https:\/\/brasilnoticias.org\/site\/projeto-de-lei-que-institui-politica-nacional-de-protecao-aos-orfaos-de-feminicidio-e-enviado-a-camara\/#primaryimage\",\"url\":\"https:\/\/brasilnoticias.org\/site\/wp-content\/uploads\/2023\/11\/143190projeto-de-lei-que-institui-politica-nacional-de-protecao-aos-orfaos-de-feminicidio-e-enviado-a-camara-3.jpg\",\"contentUrl\":\"https:\/\/brasilnoticias.org\/site\/wp-content\/uploads\/2023\/11\/143190projeto-de-lei-que-institui-politica-nacional-de-protecao-aos-orfaos-de-feminicidio-e-enviado-a-camara-3.jpg\",\"width\":1600,\"height\":752},{\"@type\":\"BreadcrumbList\",\"@id\":\"https:\/\/brasilnoticias.org\/site\/projeto-de-lei-que-institui-politica-nacional-de-protecao-aos-orfaos-de-feminicidio-e-enviado-a-camara\/#breadcrumb\",\"itemListElement\":[{\"@type\":\"ListItem\",\"position\":1,\"name\":\"In\u00edcio\",\"item\":\"https:\/\/brasilnoticias.org\/site\/\"},{\"@type\":\"ListItem\",\"position\":2,\"name\":\"Projeto de lei que institui Pol\u00edtica Nacional de Prote\u00e7\u00e3o aos \u00d3rf\u00e3os de Feminic\u00eddio \u00e9 enviado \u00e0 C\u00e2mara\"}]},{\"@type\":\"WebSite\",\"@id\":\"https:\/\/brasilnoticias.org\/site\/#website\",\"url\":\"https:\/\/brasilnoticias.org\/site\/\",\"name\":\"Brasil not\u00edcias\",\"description\":\"Brasil not\u00edcias\",\"publisher\":{\"@id\":\"https:\/\/brasilnoticias.org\/site\/#organization\"},\"potentialAction\":[{\"@type\":\"SearchAction\",\"target\":{\"@type\":\"EntryPoint\",\"urlTemplate\":\"https:\/\/brasilnoticias.org\/site\/?s={search_term_string}\"},\"query-input\":{\"@type\":\"PropertyValueSpecification\",\"valueRequired\":true,\"valueName\":\"search_term_string\"}}],\"inLanguage\":\"pt-PT\"},{\"@type\":\"Organization\",\"@id\":\"https:\/\/brasilnoticias.org\/site\/#organization\",\"name\":\"Brasil not\u00edcias\",\"url\":\"https:\/\/brasilnoticias.org\/site\/\",\"logo\":{\"@type\":\"ImageObject\",\"inLanguage\":\"pt-PT\",\"@id\":\"https:\/\/brasilnoticias.org\/site\/#\/schema\/logo\/image\/\",\"url\":\"https:\/\/brasilnoticias.org\/site\/wp-content\/uploads\/2022\/05\/cropped-brasilnoticias-mini.jpg\",\"contentUrl\":\"https:\/\/brasilnoticias.org\/site\/wp-content\/uploads\/2022\/05\/cropped-brasilnoticias-mini.jpg\",\"width\":314,\"height\":86,\"caption\":\"Brasil not\u00edcias\"},\"image\":{\"@id\":\"https:\/\/brasilnoticias.org\/site\/#\/schema\/logo\/image\/\"}},{\"@type\":\"Person\",\"@id\":\"https:\/\/brasilnoticias.org\/site\/#\/schema\/person\/03bbbfe6c7634ad18c26444ea39049fa\",\"name\":\"Reda\u00e7\u00e3o\",\"image\":{\"@type\":\"ImageObject\",\"inLanguage\":\"pt-PT\",\"@id\":\"https:\/\/brasilnoticias.org\/site\/#\/schema\/person\/image\/\",\"url\":\"https:\/\/secure.gravatar.com\/avatar\/9ecaf7327a696cb23ad926fedded5f1f04d7049de9e445375d55b48c001a6e42?s=96&d=mm&r=g\",\"contentUrl\":\"https:\/\/secure.gravatar.com\/avatar\/9ecaf7327a696cb23ad926fedded5f1f04d7049de9e445375d55b48c001a6e42?s=96&d=mm&r=g\",\"caption\":\"Reda\u00e7\u00e3o\"},\"url\":\"https:\/\/brasilnoticias.org\/site\/author\/henrique\/\"}]}<\/script>\n<!-- \/ Yoast SEO plugin. -->","yoast_head_json":{"title":"Projeto de lei que institui Pol\u00edtica Nacional de Prote\u00e7\u00e3o aos \u00d3rf\u00e3os de Feminic\u00eddio \u00e9 enviado \u00e0 C\u00e2mara - Brasil not\u00edcias","robots":{"index":"index","follow":"follow","max-snippet":"max-snippet:-1","max-image-preview":"max-image-preview:large","max-video-preview":"max-video-preview:-1"},"canonical":"https:\/\/brasilnoticias.org\/site\/projeto-de-lei-que-institui-politica-nacional-de-protecao-aos-orfaos-de-feminicidio-e-enviado-a-camara\/","og_locale":"pt_PT","og_type":"article","og_title":"Projeto de lei que institui Pol\u00edtica Nacional de Prote\u00e7\u00e3o aos \u00d3rf\u00e3os de Feminic\u00eddio \u00e9 enviado \u00e0 C\u00e2mara - Brasil not\u00edcias","og_description":"Proposta prev\u00ea que o Poder Judici\u00e1rio, Minist\u00e9rio P\u00fablico, Defensoria P\u00fablica, Conselhos Tutelares e outros \u00f3rg\u00e3os trabalhem em conjunto para alcan\u00e7ar","og_url":"https:\/\/brasilnoticias.org\/site\/projeto-de-lei-que-institui-politica-nacional-de-protecao-aos-orfaos-de-feminicidio-e-enviado-a-camara\/","og_site_name":"Brasil not\u00edcias","article_published_time":"2023-11-16T02:18:13+00:00","og_image":[{"width":1600,"height":752,"url":"https:\/\/brasilnoticias.org\/site\/wp-content\/uploads\/2023\/11\/143190projeto-de-lei-que-institui-politica-nacional-de-protecao-aos-orfaos-de-feminicidio-e-enviado-a-camara-3.jpg","type":"image\/jpeg"}],"author":"Reda\u00e7\u00e3o","twitter_card":"summary_large_image","twitter_misc":{"Escrito por":"Reda\u00e7\u00e3o"},"schema":{"@context":"https:\/\/schema.org","@graph":[{"@type":"Article","@id":"https:\/\/brasilnoticias.org\/site\/projeto-de-lei-que-institui-politica-nacional-de-protecao-aos-orfaos-de-feminicidio-e-enviado-a-camara\/#article","isPartOf":{"@id":"https:\/\/brasilnoticias.org\/site\/projeto-de-lei-que-institui-politica-nacional-de-protecao-aos-orfaos-de-feminicidio-e-enviado-a-camara\/"},"author":{"name":"Reda\u00e7\u00e3o","@id":"https:\/\/brasilnoticias.org\/site\/#\/schema\/person\/03bbbfe6c7634ad18c26444ea39049fa"},"headline":"Projeto de lei que institui Pol\u00edtica Nacional de Prote\u00e7\u00e3o aos \u00d3rf\u00e3os de Feminic\u00eddio \u00e9 enviado \u00e0 C\u00e2mara","datePublished":"2023-11-16T02:18:13+00:00","mainEntityOfPage":{"@id":"https:\/\/brasilnoticias.org\/site\/projeto-de-lei-que-institui-politica-nacional-de-protecao-aos-orfaos-de-feminicidio-e-enviado-a-camara\/"},"wordCount":264,"commentCount":0,"publisher":{"@id":"https:\/\/brasilnoticias.org\/site\/#organization"},"image":{"@id":"https:\/\/brasilnoticias.org\/site\/projeto-de-lei-que-institui-politica-nacional-de-protecao-aos-orfaos-de-feminicidio-e-enviado-a-camara\/#primaryimage"},"thumbnailUrl":"https:\/\/brasilnoticias.org\/site\/wp-content\/uploads\/2023\/11\/143190projeto-de-lei-que-institui-politica-nacional-de-protecao-aos-orfaos-de-feminicidio-e-enviado-a-camara-3.jpg","articleSection":["Pol\u00edtica","\u00daltimas"],"inLanguage":"pt-PT","potentialAction":[{"@type":"CommentAction","name":"Comment","target":["https:\/\/brasilnoticias.org\/site\/projeto-de-lei-que-institui-politica-nacional-de-protecao-aos-orfaos-de-feminicidio-e-enviado-a-camara\/#respond"]}]},{"@type":"WebPage","@id":"https:\/\/brasilnoticias.org\/site\/projeto-de-lei-que-institui-politica-nacional-de-protecao-aos-orfaos-de-feminicidio-e-enviado-a-camara\/","url":"https:\/\/brasilnoticias.org\/site\/projeto-de-lei-que-institui-politica-nacional-de-protecao-aos-orfaos-de-feminicidio-e-enviado-a-camara\/","name":"Projeto de lei que institui Pol\u00edtica Nacional de Prote\u00e7\u00e3o aos \u00d3rf\u00e3os de Feminic\u00eddio \u00e9 enviado \u00e0 C\u00e2mara - Brasil not\u00edcias","isPartOf":{"@id":"https:\/\/brasilnoticias.org\/site\/#website"},"primaryImageOfPage":{"@id":"https:\/\/brasilnoticias.org\/site\/projeto-de-lei-que-institui-politica-nacional-de-protecao-aos-orfaos-de-feminicidio-e-enviado-a-camara\/#primaryimage"},"image":{"@id":"https:\/\/brasilnoticias.org\/site\/projeto-de-lei-que-institui-politica-nacional-de-protecao-aos-orfaos-de-feminicidio-e-enviado-a-camara\/#primaryimage"},"thumbnailUrl":"https:\/\/brasilnoticias.org\/site\/wp-content\/uploads\/2023\/11\/143190projeto-de-lei-que-institui-politica-nacional-de-protecao-aos-orfaos-de-feminicidio-e-enviado-a-camara-3.jpg","datePublished":"2023-11-16T02:18:13+00:00","breadcrumb":{"@id":"https:\/\/brasilnoticias.org\/site\/projeto-de-lei-que-institui-politica-nacional-de-protecao-aos-orfaos-de-feminicidio-e-enviado-a-camara\/#breadcrumb"},"inLanguage":"pt-PT","potentialAction":[{"@type":"ReadAction","target":["https:\/\/brasilnoticias.org\/site\/projeto-de-lei-que-institui-politica-nacional-de-protecao-aos-orfaos-de-feminicidio-e-enviado-a-camara\/"]}]},{"@type":"ImageObject","inLanguage":"pt-PT","@id":"https:\/\/brasilnoticias.org\/site\/projeto-de-lei-que-institui-politica-nacional-de-protecao-aos-orfaos-de-feminicidio-e-enviado-a-camara\/#primaryimage","url":"https:\/\/brasilnoticias.org\/site\/wp-content\/uploads\/2023\/11\/143190projeto-de-lei-que-institui-politica-nacional-de-protecao-aos-orfaos-de-feminicidio-e-enviado-a-camara-3.jpg","contentUrl":"https:\/\/brasilnoticias.org\/site\/wp-content\/uploads\/2023\/11\/143190projeto-de-lei-que-institui-politica-nacional-de-protecao-aos-orfaos-de-feminicidio-e-enviado-a-camara-3.jpg","width":1600,"height":752},{"@type":"BreadcrumbList","@id":"https:\/\/brasilnoticias.org\/site\/projeto-de-lei-que-institui-politica-nacional-de-protecao-aos-orfaos-de-feminicidio-e-enviado-a-camara\/#breadcrumb","itemListElement":[{"@type":"ListItem","position":1,"name":"In\u00edcio","item":"https:\/\/brasilnoticias.org\/site\/"},{"@type":"ListItem","position":2,"name":"Projeto de lei que institui Pol\u00edtica Nacional de Prote\u00e7\u00e3o aos \u00d3rf\u00e3os de Feminic\u00eddio \u00e9 enviado \u00e0 C\u00e2mara"}]},{"@type":"WebSite","@id":"https:\/\/brasilnoticias.org\/site\/#website","url":"https:\/\/brasilnoticias.org\/site\/","name":"Brasil not\u00edcias","description":"Brasil not\u00edcias","publisher":{"@id":"https:\/\/brasilnoticias.org\/site\/#organization"},"potentialAction":[{"@type":"SearchAction","target":{"@type":"EntryPoint","urlTemplate":"https:\/\/brasilnoticias.org\/site\/?s={search_term_string}"},"query-input":{"@type":"PropertyValueSpecification","valueRequired":true,"valueName":"search_term_string"}}],"inLanguage":"pt-PT"},{"@type":"Organization","@id":"https:\/\/brasilnoticias.org\/site\/#organization","name":"Brasil not\u00edcias","url":"https:\/\/brasilnoticias.org\/site\/","logo":{"@type":"ImageObject","inLanguage":"pt-PT","@id":"https:\/\/brasilnoticias.org\/site\/#\/schema\/logo\/image\/","url":"https:\/\/brasilnoticias.org\/site\/wp-content\/uploads\/2022\/05\/cropped-brasilnoticias-mini.jpg","contentUrl":"https:\/\/brasilnoticias.org\/site\/wp-content\/uploads\/2022\/05\/cropped-brasilnoticias-mini.jpg","width":314,"height":86,"caption":"Brasil not\u00edcias"},"image":{"@id":"https:\/\/brasilnoticias.org\/site\/#\/schema\/logo\/image\/"}},{"@type":"Person","@id":"https:\/\/brasilnoticias.org\/site\/#\/schema\/person\/03bbbfe6c7634ad18c26444ea39049fa","name":"Reda\u00e7\u00e3o","image":{"@type":"ImageObject","inLanguage":"pt-PT","@id":"https:\/\/brasilnoticias.org\/site\/#\/schema\/person\/image\/","url":"https:\/\/secure.gravatar.com\/avatar\/9ecaf7327a696cb23ad926fedded5f1f04d7049de9e445375d55b48c001a6e42?s=96&d=mm&r=g","contentUrl":"https:\/\/secure.gravatar.com\/avatar\/9ecaf7327a696cb23ad926fedded5f1f04d7049de9e445375d55b48c001a6e42?s=96&d=mm&r=g","caption":"Reda\u00e7\u00e3o"},"url":"https:\/\/brasilnoticias.org\/site\/author\/henrique\/"}]}},"_links":{"self":[{"href":"https:\/\/brasilnoticias.org\/site\/wp-json\/wp\/v2\/posts\/10966","targetHints":{"allow":["GET"]}}],"collection":[{"href":"https:\/\/brasilnoticias.org\/site\/wp-json\/wp\/v2\/posts"}],"about":[{"href":"https:\/\/brasilnoticias.org\/site\/wp-json\/wp\/v2\/types\/post"}],"author":[{"embeddable":true,"href":"https:\/\/brasilnoticias.org\/site\/wp-json\/wp\/v2\/users\/4"}],"replies":[{"embeddable":true,"href":"https:\/\/brasilnoticias.org\/site\/wp-json\/wp\/v2\/comments?post=10966"}],"version-history":[{"count":1,"href":"https:\/\/brasilnoticias.org\/site\/wp-json\/wp\/v2\/posts\/10966\/revisions"}],"predecessor-version":[{"id":10968,"href":"https:\/\/brasilnoticias.org\/site\/wp-json\/wp\/v2\/posts\/10966\/revisions\/10968"}],"wp:featuredmedia":[{"embeddable":true,"href":"https:\/\/brasilnoticias.org\/site\/wp-json\/wp\/v2\/media\/10967"}],"wp:attachment":[{"href":"https:\/\/brasilnoticias.org\/site\/wp-json\/wp\/v2\/media?parent=10966"}],"wp:term":[{"taxonomy":"category","embeddable":true,"href":"https:\/\/brasilnoticias.org\/site\/wp-json\/wp\/v2\/categories?post=10966"},{"taxonomy":"post_tag","embeddable":true,"href":"https:\/\/brasilnoticias.org\/site\/wp-json\/wp\/v2\/tags?post=10966"}],"curies":[{"name":"wp","href":"https:\/\/api.w.org\/{rel}","templated":true}]}}