{"id":10969,"date":"2023-11-16T17:12:59","date_gmt":"2023-11-16T20:12:59","guid":{"rendered":"https:\/\/brasilnoticias.org\/site\/?p=10969"},"modified":"2023-11-16T17:12:59","modified_gmt":"2023-11-16T20:12:59","slug":"jovens-sao-mortos-a-tiros-na-madrugada-desta-quinta-feira-16","status":"publish","type":"post","link":"https:\/\/brasilnoticias.org\/site\/jovens-sao-mortos-a-tiros-na-madrugada-desta-quinta-feira-16\/","title":{"rendered":"Jovens s\u00e3o mortos a tiros na madrugada desta quinta-feira (16)"},"content":{"rendered":"<p>Caso aconteceu no bairro do Costa Azul e ainda n\u00e3o se sabe o motivo dos disparos<\/p>\n<p>Dois jovens foram mortos a tiros na Rua Para\u00edso Azul, no Costa Azul, na madrugada desta quinta-feira (16\/11). Agentes da 39\u00aa CIPM da Pol\u00edcia Militar foram acionados para o local, mas os jovens n\u00e3o resistiram aos ferimentos.<\/p>\n<p>O nome dos jovens e o motivo dos disparam n\u00e3o foram revelados.<\/p>\n<p>Foto: Divulga\u00e7\u00e3o\/ Policia Militar<br \/>\nAratu On<\/p>\n","protected":false},"excerpt":{"rendered":"<p>Caso aconteceu no bairro do Costa Azul e ainda n\u00e3o se sabe o motivo dos disparos Dois jovens foram mortos<\/p>\n","protected":false},"author":4,"featured_media":10970,"comment_status":"open","ping_status":"open","sticky":false,"template":"","format":"standard","meta":{"colormag_page_container_layout":"default_layout","colormag_page_sidebar_layout":"default_layout","_FSMCFIC_featured_image_caption":"","_FSMCFIC_featured_image_nocaption":"","_FSMCFIC_featured_image_hide":"","footnotes":""},"categories":[3,1],"tags":[],"class_list":["post-10969","post","type-post","status-publish","format-standard","has-post-thumbnail","hentry","category-policia","category-ultimas"],"yoast_head":"<!-- This site is optimized with the Yoast SEO plugin v27.1.1 - https:\/\/yoast.com\/product\/yoast-seo-wordpress\/ -->\n<title>Jovens s\u00e3o mortos a tiros na madrugada desta quinta-feira (16) - Brasil not\u00edcias<\/title>\n<meta name=\"robots\" content=\"index, follow, max-snippet:-1, max-image-preview:large, max-video-preview:-1\" \/>\n<link rel=\"canonical\" href=\"https:\/\/brasilnoticias.org\/site\/jovens-sao-mortos-a-tiros-na-madrugada-desta-quinta-feira-16\/\" \/>\n<meta property=\"og:locale\" content=\"pt_PT\" \/>\n<meta property=\"og:type\" content=\"article\" \/>\n<meta property=\"og:title\" content=\"Jovens s\u00e3o mortos a tiros na madrugada desta quinta-feira (16) - Brasil not\u00edcias\" \/>\n<meta property=\"og:description\" content=\"Caso aconteceu no bairro do Costa Azul e ainda n\u00e3o se sabe o motivo dos disparos Dois jovens foram mortos\" \/>\n<meta property=\"og:url\" content=\"https:\/\/brasilnoticias.org\/site\/jovens-sao-mortos-a-tiros-na-madrugada-desta-quinta-feira-16\/\" \/>\n<meta property=\"og:site_name\" content=\"Brasil not\u00edcias\" \/>\n<meta property=\"article:published_time\" content=\"2023-11-16T20:12:59+00:00\" \/>\n<meta property=\"og:image\" content=\"https:\/\/brasilnoticias.org\/site\/wp-content\/uploads\/2023\/11\/imagem-destacada-policia-militar-apreende-105-embalagens-de-maconha-crack-e-coca-740x470-1.jpg\" \/>\n\t<meta property=\"og:image:width\" content=\"740\" \/>\n\t<meta property=\"og:image:height\" content=\"470\" \/>\n\t<meta property=\"og:image:type\" content=\"image\/jpeg\" \/>\n<meta name=\"author\" content=\"Reda\u00e7\u00e3o\" \/>\n<meta name=\"twitter:card\" content=\"summary_large_image\" \/>\n<meta name=\"twitter:label1\" content=\"Escrito por\" \/>\n\t<meta name=\"twitter:data1\" content=\"Reda\u00e7\u00e3o\" \/>\n<script type=\"application\/ld+json\" class=\"yoast-schema-graph\">{\"@context\":\"https:\/\/schema.org\",\"@graph\":[{\"@type\":\"Article\",\"@id\":\"https:\/\/brasilnoticias.org\/site\/jovens-sao-mortos-a-tiros-na-madrugada-desta-quinta-feira-16\/#article\",\"isPartOf\":{\"@id\":\"https:\/\/brasilnoticias.org\/site\/jovens-sao-mortos-a-tiros-na-madrugada-desta-quinta-feira-16\/\"},\"author\":{\"name\":\"Reda\u00e7\u00e3o\",\"@id\":\"https:\/\/brasilnoticias.org\/site\/#\/schema\/person\/03bbbfe6c7634ad18c26444ea39049fa\"},\"headline\":\"Jovens s\u00e3o mortos a tiros na madrugada desta quinta-feira (16)\",\"datePublished\":\"2023-11-16T20:12:59+00:00\",\"mainEntityOfPage\":{\"@id\":\"https:\/\/brasilnoticias.org\/site\/jovens-sao-mortos-a-tiros-na-madrugada-desta-quinta-feira-16\/\"},\"wordCount\":85,\"commentCount\":0,\"publisher\":{\"@id\":\"https:\/\/brasilnoticias.org\/site\/#organization\"},\"image\":{\"@id\":\"https:\/\/brasilnoticias.org\/site\/jovens-sao-mortos-a-tiros-na-madrugada-desta-quinta-feira-16\/#primaryimage\"},\"thumbnailUrl\":\"https:\/\/brasilnoticias.org\/site\/wp-content\/uploads\/2023\/11\/imagem-destacada-policia-militar-apreende-105-embalagens-de-maconha-crack-e-coca-740x470-1.jpg\",\"articleSection\":[\"Pol\u00edcia\",\"\u00daltimas\"],\"inLanguage\":\"pt-PT\",\"potentialAction\":[{\"@type\":\"CommentAction\",\"name\":\"Comment\",\"target\":[\"https:\/\/brasilnoticias.org\/site\/jovens-sao-mortos-a-tiros-na-madrugada-desta-quinta-feira-16\/#respond\"]}]},{\"@type\":\"WebPage\",\"@id\":\"https:\/\/brasilnoticias.org\/site\/jovens-sao-mortos-a-tiros-na-madrugada-desta-quinta-feira-16\/\",\"url\":\"https:\/\/brasilnoticias.org\/site\/jovens-sao-mortos-a-tiros-na-madrugada-desta-quinta-feira-16\/\",\"name\":\"Jovens s\u00e3o mortos a tiros na madrugada desta quinta-feira (16) - Brasil not\u00edcias\",\"isPartOf\":{\"@id\":\"https:\/\/brasilnoticias.org\/site\/#website\"},\"primaryImageOfPage\":{\"@id\":\"https:\/\/brasilnoticias.org\/site\/jovens-sao-mortos-a-tiros-na-madrugada-desta-quinta-feira-16\/#primaryimage\"},\"image\":{\"@id\":\"https:\/\/brasilnoticias.org\/site\/jovens-sao-mortos-a-tiros-na-madrugada-desta-quinta-feira-16\/#primaryimage\"},\"thumbnailUrl\":\"https:\/\/brasilnoticias.org\/site\/wp-content\/uploads\/2023\/11\/imagem-destacada-policia-militar-apreende-105-embalagens-de-maconha-crack-e-coca-740x470-1.jpg\",\"datePublished\":\"2023-11-16T20:12:59+00:00\",\"breadcrumb\":{\"@id\":\"https:\/\/brasilnoticias.org\/site\/jovens-sao-mortos-a-tiros-na-madrugada-desta-quinta-feira-16\/#breadcrumb\"},\"inLanguage\":\"pt-PT\",\"potentialAction\":[{\"@type\":\"ReadAction\",\"target\":[\"https:\/\/brasilnoticias.org\/site\/jovens-sao-mortos-a-tiros-na-madrugada-desta-quinta-feira-16\/\"]}]},{\"@type\":\"ImageObject\",\"inLanguage\":\"pt-PT\",\"@id\":\"https:\/\/brasilnoticias.org\/site\/jovens-sao-mortos-a-tiros-na-madrugada-desta-quinta-feira-16\/#primaryimage\",\"url\":\"https:\/\/brasilnoticias.org\/site\/wp-content\/uploads\/2023\/11\/imagem-destacada-policia-militar-apreende-105-embalagens-de-maconha-crack-e-coca-740x470-1.jpg\",\"contentUrl\":\"https:\/\/brasilnoticias.org\/site\/wp-content\/uploads\/2023\/11\/imagem-destacada-policia-militar-apreende-105-embalagens-de-maconha-crack-e-coca-740x470-1.jpg\",\"width\":740,\"height\":470},{\"@type\":\"BreadcrumbList\",\"@id\":\"https:\/\/brasilnoticias.org\/site\/jovens-sao-mortos-a-tiros-na-madrugada-desta-quinta-feira-16\/#breadcrumb\",\"itemListElement\":[{\"@type\":\"ListItem\",\"position\":1,\"name\":\"In\u00edcio\",\"item\":\"https:\/\/brasilnoticias.org\/site\/\"},{\"@type\":\"ListItem\",\"position\":2,\"name\":\"Jovens s\u00e3o mortos a tiros na madrugada desta quinta-feira (16)\"}]},{\"@type\":\"WebSite\",\"@id\":\"https:\/\/brasilnoticias.org\/site\/#website\",\"url\":\"https:\/\/brasilnoticias.org\/site\/\",\"name\":\"Brasil not\u00edcias\",\"description\":\"Brasil not\u00edcias\",\"publisher\":{\"@id\":\"https:\/\/brasilnoticias.org\/site\/#organization\"},\"potentialAction\":[{\"@type\":\"SearchAction\",\"target\":{\"@type\":\"EntryPoint\",\"urlTemplate\":\"https:\/\/brasilnoticias.org\/site\/?s={search_term_string}\"},\"query-input\":{\"@type\":\"PropertyValueSpecification\",\"valueRequired\":true,\"valueName\":\"search_term_string\"}}],\"inLanguage\":\"pt-PT\"},{\"@type\":\"Organization\",\"@id\":\"https:\/\/brasilnoticias.org\/site\/#organization\",\"name\":\"Brasil not\u00edcias\",\"url\":\"https:\/\/brasilnoticias.org\/site\/\",\"logo\":{\"@type\":\"ImageObject\",\"inLanguage\":\"pt-PT\",\"@id\":\"https:\/\/brasilnoticias.org\/site\/#\/schema\/logo\/image\/\",\"url\":\"https:\/\/brasilnoticias.org\/site\/wp-content\/uploads\/2022\/05\/cropped-brasilnoticias-mini.jpg\",\"contentUrl\":\"https:\/\/brasilnoticias.org\/site\/wp-content\/uploads\/2022\/05\/cropped-brasilnoticias-mini.jpg\",\"width\":314,\"height\":86,\"caption\":\"Brasil not\u00edcias\"},\"image\":{\"@id\":\"https:\/\/brasilnoticias.org\/site\/#\/schema\/logo\/image\/\"}},{\"@type\":\"Person\",\"@id\":\"https:\/\/brasilnoticias.org\/site\/#\/schema\/person\/03bbbfe6c7634ad18c26444ea39049fa\",\"name\":\"Reda\u00e7\u00e3o\",\"image\":{\"@type\":\"ImageObject\",\"inLanguage\":\"pt-PT\",\"@id\":\"https:\/\/brasilnoticias.org\/site\/#\/schema\/person\/image\/\",\"url\":\"https:\/\/secure.gravatar.com\/avatar\/9ecaf7327a696cb23ad926fedded5f1f04d7049de9e445375d55b48c001a6e42?s=96&d=mm&r=g\",\"contentUrl\":\"https:\/\/secure.gravatar.com\/avatar\/9ecaf7327a696cb23ad926fedded5f1f04d7049de9e445375d55b48c001a6e42?s=96&d=mm&r=g\",\"caption\":\"Reda\u00e7\u00e3o\"},\"url\":\"https:\/\/brasilnoticias.org\/site\/author\/henrique\/\"}]}<\/script>\n<!-- \/ Yoast SEO plugin. -->","yoast_head_json":{"title":"Jovens s\u00e3o mortos a tiros na madrugada desta quinta-feira (16) - Brasil not\u00edcias","robots":{"index":"index","follow":"follow","max-snippet":"max-snippet:-1","max-image-preview":"max-image-preview:large","max-video-preview":"max-video-preview:-1"},"canonical":"https:\/\/brasilnoticias.org\/site\/jovens-sao-mortos-a-tiros-na-madrugada-desta-quinta-feira-16\/","og_locale":"pt_PT","og_type":"article","og_title":"Jovens s\u00e3o mortos a tiros na madrugada desta quinta-feira (16) - Brasil not\u00edcias","og_description":"Caso aconteceu no bairro do Costa Azul e ainda n\u00e3o se sabe o motivo dos disparos Dois jovens foram mortos","og_url":"https:\/\/brasilnoticias.org\/site\/jovens-sao-mortos-a-tiros-na-madrugada-desta-quinta-feira-16\/","og_site_name":"Brasil not\u00edcias","article_published_time":"2023-11-16T20:12:59+00:00","og_image":[{"width":740,"height":470,"url":"https:\/\/brasilnoticias.org\/site\/wp-content\/uploads\/2023\/11\/imagem-destacada-policia-militar-apreende-105-embalagens-de-maconha-crack-e-coca-740x470-1.jpg","type":"image\/jpeg"}],"author":"Reda\u00e7\u00e3o","twitter_card":"summary_large_image","twitter_misc":{"Escrito por":"Reda\u00e7\u00e3o"},"schema":{"@context":"https:\/\/schema.org","@graph":[{"@type":"Article","@id":"https:\/\/brasilnoticias.org\/site\/jovens-sao-mortos-a-tiros-na-madrugada-desta-quinta-feira-16\/#article","isPartOf":{"@id":"https:\/\/brasilnoticias.org\/site\/jovens-sao-mortos-a-tiros-na-madrugada-desta-quinta-feira-16\/"},"author":{"name":"Reda\u00e7\u00e3o","@id":"https:\/\/brasilnoticias.org\/site\/#\/schema\/person\/03bbbfe6c7634ad18c26444ea39049fa"},"headline":"Jovens s\u00e3o mortos a tiros na madrugada desta quinta-feira (16)","datePublished":"2023-11-16T20:12:59+00:00","mainEntityOfPage":{"@id":"https:\/\/brasilnoticias.org\/site\/jovens-sao-mortos-a-tiros-na-madrugada-desta-quinta-feira-16\/"},"wordCount":85,"commentCount":0,"publisher":{"@id":"https:\/\/brasilnoticias.org\/site\/#organization"},"image":{"@id":"https:\/\/brasilnoticias.org\/site\/jovens-sao-mortos-a-tiros-na-madrugada-desta-quinta-feira-16\/#primaryimage"},"thumbnailUrl":"https:\/\/brasilnoticias.org\/site\/wp-content\/uploads\/2023\/11\/imagem-destacada-policia-militar-apreende-105-embalagens-de-maconha-crack-e-coca-740x470-1.jpg","articleSection":["Pol\u00edcia","\u00daltimas"],"inLanguage":"pt-PT","potentialAction":[{"@type":"CommentAction","name":"Comment","target":["https:\/\/brasilnoticias.org\/site\/jovens-sao-mortos-a-tiros-na-madrugada-desta-quinta-feira-16\/#respond"]}]},{"@type":"WebPage","@id":"https:\/\/brasilnoticias.org\/site\/jovens-sao-mortos-a-tiros-na-madrugada-desta-quinta-feira-16\/","url":"https:\/\/brasilnoticias.org\/site\/jovens-sao-mortos-a-tiros-na-madrugada-desta-quinta-feira-16\/","name":"Jovens s\u00e3o mortos a tiros na madrugada desta quinta-feira (16) - Brasil not\u00edcias","isPartOf":{"@id":"https:\/\/brasilnoticias.org\/site\/#website"},"primaryImageOfPage":{"@id":"https:\/\/brasilnoticias.org\/site\/jovens-sao-mortos-a-tiros-na-madrugada-desta-quinta-feira-16\/#primaryimage"},"image":{"@id":"https:\/\/brasilnoticias.org\/site\/jovens-sao-mortos-a-tiros-na-madrugada-desta-quinta-feira-16\/#primaryimage"},"thumbnailUrl":"https:\/\/brasilnoticias.org\/site\/wp-content\/uploads\/2023\/11\/imagem-destacada-policia-militar-apreende-105-embalagens-de-maconha-crack-e-coca-740x470-1.jpg","datePublished":"2023-11-16T20:12:59+00:00","breadcrumb":{"@id":"https:\/\/brasilnoticias.org\/site\/jovens-sao-mortos-a-tiros-na-madrugada-desta-quinta-feira-16\/#breadcrumb"},"inLanguage":"pt-PT","potentialAction":[{"@type":"ReadAction","target":["https:\/\/brasilnoticias.org\/site\/jovens-sao-mortos-a-tiros-na-madrugada-desta-quinta-feira-16\/"]}]},{"@type":"ImageObject","inLanguage":"pt-PT","@id":"https:\/\/brasilnoticias.org\/site\/jovens-sao-mortos-a-tiros-na-madrugada-desta-quinta-feira-16\/#primaryimage","url":"https:\/\/brasilnoticias.org\/site\/wp-content\/uploads\/2023\/11\/imagem-destacada-policia-militar-apreende-105-embalagens-de-maconha-crack-e-coca-740x470-1.jpg","contentUrl":"https:\/\/brasilnoticias.org\/site\/wp-content\/uploads\/2023\/11\/imagem-destacada-policia-militar-apreende-105-embalagens-de-maconha-crack-e-coca-740x470-1.jpg","width":740,"height":470},{"@type":"BreadcrumbList","@id":"https:\/\/brasilnoticias.org\/site\/jovens-sao-mortos-a-tiros-na-madrugada-desta-quinta-feira-16\/#breadcrumb","itemListElement":[{"@type":"ListItem","position":1,"name":"In\u00edcio","item":"https:\/\/brasilnoticias.org\/site\/"},{"@type":"ListItem","position":2,"name":"Jovens s\u00e3o mortos a tiros na madrugada desta quinta-feira (16)"}]},{"@type":"WebSite","@id":"https:\/\/brasilnoticias.org\/site\/#website","url":"https:\/\/brasilnoticias.org\/site\/","name":"Brasil not\u00edcias","description":"Brasil not\u00edcias","publisher":{"@id":"https:\/\/brasilnoticias.org\/site\/#organization"},"potentialAction":[{"@type":"SearchAction","target":{"@type":"EntryPoint","urlTemplate":"https:\/\/brasilnoticias.org\/site\/?s={search_term_string}"},"query-input":{"@type":"PropertyValueSpecification","valueRequired":true,"valueName":"search_term_string"}}],"inLanguage":"pt-PT"},{"@type":"Organization","@id":"https:\/\/brasilnoticias.org\/site\/#organization","name":"Brasil not\u00edcias","url":"https:\/\/brasilnoticias.org\/site\/","logo":{"@type":"ImageObject","inLanguage":"pt-PT","@id":"https:\/\/brasilnoticias.org\/site\/#\/schema\/logo\/image\/","url":"https:\/\/brasilnoticias.org\/site\/wp-content\/uploads\/2022\/05\/cropped-brasilnoticias-mini.jpg","contentUrl":"https:\/\/brasilnoticias.org\/site\/wp-content\/uploads\/2022\/05\/cropped-brasilnoticias-mini.jpg","width":314,"height":86,"caption":"Brasil not\u00edcias"},"image":{"@id":"https:\/\/brasilnoticias.org\/site\/#\/schema\/logo\/image\/"}},{"@type":"Person","@id":"https:\/\/brasilnoticias.org\/site\/#\/schema\/person\/03bbbfe6c7634ad18c26444ea39049fa","name":"Reda\u00e7\u00e3o","image":{"@type":"ImageObject","inLanguage":"pt-PT","@id":"https:\/\/brasilnoticias.org\/site\/#\/schema\/person\/image\/","url":"https:\/\/secure.gravatar.com\/avatar\/9ecaf7327a696cb23ad926fedded5f1f04d7049de9e445375d55b48c001a6e42?s=96&d=mm&r=g","contentUrl":"https:\/\/secure.gravatar.com\/avatar\/9ecaf7327a696cb23ad926fedded5f1f04d7049de9e445375d55b48c001a6e42?s=96&d=mm&r=g","caption":"Reda\u00e7\u00e3o"},"url":"https:\/\/brasilnoticias.org\/site\/author\/henrique\/"}]}},"_links":{"self":[{"href":"https:\/\/brasilnoticias.org\/site\/wp-json\/wp\/v2\/posts\/10969","targetHints":{"allow":["GET"]}}],"collection":[{"href":"https:\/\/brasilnoticias.org\/site\/wp-json\/wp\/v2\/posts"}],"about":[{"href":"https:\/\/brasilnoticias.org\/site\/wp-json\/wp\/v2\/types\/post"}],"author":[{"embeddable":true,"href":"https:\/\/brasilnoticias.org\/site\/wp-json\/wp\/v2\/users\/4"}],"replies":[{"embeddable":true,"href":"https:\/\/brasilnoticias.org\/site\/wp-json\/wp\/v2\/comments?post=10969"}],"version-history":[{"count":1,"href":"https:\/\/brasilnoticias.org\/site\/wp-json\/wp\/v2\/posts\/10969\/revisions"}],"predecessor-version":[{"id":10971,"href":"https:\/\/brasilnoticias.org\/site\/wp-json\/wp\/v2\/posts\/10969\/revisions\/10971"}],"wp:featuredmedia":[{"embeddable":true,"href":"https:\/\/brasilnoticias.org\/site\/wp-json\/wp\/v2\/media\/10970"}],"wp:attachment":[{"href":"https:\/\/brasilnoticias.org\/site\/wp-json\/wp\/v2\/media?parent=10969"}],"wp:term":[{"taxonomy":"category","embeddable":true,"href":"https:\/\/brasilnoticias.org\/site\/wp-json\/wp\/v2\/categories?post=10969"},{"taxonomy":"post_tag","embeddable":true,"href":"https:\/\/brasilnoticias.org\/site\/wp-json\/wp\/v2\/tags?post=10969"}],"curies":[{"name":"wp","href":"https:\/\/api.w.org\/{rel}","templated":true}]}}